{"id":14760,"date":"2018-11-13T16:45:05","date_gmt":"2018-11-13T18:45:05","guid":{"rendered":"https:\/\/federasbackup.meltcomunicacao.com.br\/?p=14760"},"modified":"2018-11-13T16:45:05","modified_gmt":"2018-11-13T18:45:05","slug":"brasil-gasta-r-348-por-dia-com-a-saude-de-cada-habitante-diz-cfm","status":"publish","type":"post","link":"https:\/\/www.federassantas.org.br\/novosite\/brasil-gasta-r-348-por-dia-com-a-saude-de-cada-habitante-diz-cfm\/","title":{"rendered":"Brasil gasta R$ 3,48 por dia com a sa\u00fade de cada habitante, diz CFM"},"content":{"rendered":"<p style=\"text-align: justify;\">Levantamento do Conselho Federal de Medicina (CFM) revela que o Brasil gasta R$ 3,48 per capita por dia para cobrir as despesas com sa\u00fade de seus mais de 207 milh\u00f5es de habitantes. O valor, segundo o estudo, inclui a\u00e7\u00f5es e servi\u00e7os prestados pelo governo em seus tr\u00eas n\u00edveis de gest\u00e3o \u2013 federal, estadual e municipal \u2013 ao longo da \u00faltima d\u00e9cada.<\/p>\n<p style=\"text-align: justify;\">De acordo com o CFM, a quantia \u00e9 resultado de uma an\u00e1lise detalhada de informa\u00e7\u00f5es dispon\u00edveis e relativas \u00e0s contas p\u00fablicas do segmento em 2017. Os c\u00e1lculos, a partir de dados oficiais, apontam ainda que, nesse mesmo ano, o gasto por habitante com sa\u00fade em todo o pa\u00eds foi de R$ 1.271,65.<\/p>\n<p style=\"text-align: justify;\"><strong>Defasagem<\/strong><\/p>\n<p style=\"text-align: justify;\">O levantamento mostra que, de 2008 a 2017, os gastos p\u00fablicos per capita com a sa\u00fade no pa\u00eds n\u00e3o tiveram reajustes que superassem os valores de reposi\u00e7\u00e3o previstos no \u00cdndice de Pre\u00e7os ao Consumidor Amplo (IPCA), o principal indicador de infla\u00e7\u00e3o no Brasil e que, no per\u00edodo, subiu cerca de 80%.<\/p>\n<p style=\"text-align: justify;\">O estudo destaca que, mesmo tendo ganhos m\u00e9dios de 3% ano nesse intervalo de dez anos, resultando em um acumulado de 26%, a perda do gasto per capita comparado ao medidor inflacion\u00e1rio chega a quase 42%. Caso os valores tivessem sido corrigidos pelo IPCA a partir de 2008, o gasto anual por pessoa, que em 2017 foi de R$ 1.271,35, seria ampliado para R$ 1.800.<\/p>\n<p style=\"text-align: justify;\"><strong>Minist\u00e9rio<\/strong><\/p>\n<p style=\"text-align: justify;\">Por meio de nota, o Minist\u00e9rio da Sa\u00fade informou que desconhece o m\u00e9todo utilizado pelo CFM para o c\u00e1lculo de gastos per capita em sa\u00fade no pa\u00eds. Em 2017, segundo pasta, os gastos p\u00fablicos em a\u00e7\u00f5es e servi\u00e7os p\u00fablicos de sa\u00fade registraram uma despesa per capita de R$ 1.320,48, um aumento de 119% em rela\u00e7\u00e3o a 2008, quando foi aplicado R$ 602,10. &#8220;Ou seja, acima da infla\u00e7\u00e3o do per\u00edodo (80%)&#8221;, refor\u00e7ou o minist\u00e9rio.<\/p>\n<p style=\"text-align: justify;\">Leia a reportagem completa em:\u00a0<a href=\"https:\/\/www.hojeemdia.com.br\/horizontes\/brasil-gasta-r-3-48-por-dia-com-a-sa%C3%BAde-de-cada-habitante-diz-cfm-1.671490\">https:\/\/www.hojeemdia.com.br\/horizontes\/brasil-gasta-r-3-48-por-dia-com-a-sa%C3%BAde-de-cada-habitante-diz-cfm-1.671490<\/a><\/p>\n<p style=\"text-align: justify;\"><em>Fonte: Portal Hoje em Dia\u00a0<\/em><\/p>\n","protected":false},"excerpt":{"rendered":"<p>Levantamento do Conselho Federal de Medicina (CFM) revela que o Brasil gasta R$ 3,48 per capita por dia para cobrir as despesas com sa\u00fade de seus mais de 207 milh\u00f5es de habitantes. O valor, segundo o estudo, inclui a\u00e7\u00f5es e servi\u00e7os prestados pelo governo em seus tr\u00eas n\u00edveis de gest\u00e3o \u2013 federal, estadual e municipal [&hellip;]<\/p>\n","protected":false},"author":1,"featured_media":14761,"comment_status":"open","ping_status":"open","sticky":false,"template":"","format":"standard","meta":{"footnotes":""},"categories":[140],"tags":[],"class_list":["post-14760","post","type-post","status-publish","format-standard","has-post-thumbnail","hentry","category-noticias"],"yoast_head":"<!-- This site is optimized with the Yoast SEO plugin v26.9 - https:\/\/yoast.com\/product\/yoast-seo-wordpress\/ -->\n<title>Brasil gasta R$ 3,48 por dia com a sa\u00fade de cada habitante, diz CFM - Federassantas<\/title>\n<meta name=\"robots\" content=\"index, follow, max-snippet:-1, max-image-preview:large, max-video-preview:-1\" \/>\n<link rel=\"canonical\" href=\"https:\/\/www.federassantas.org.br\/novosite\/brasil-gasta-r-348-por-dia-com-a-saude-de-cada-habitante-diz-cfm\/\" \/>\n<meta property=\"og:locale\" content=\"pt_BR\" \/>\n<meta property=\"og:type\" content=\"article\" \/>\n<meta property=\"og:title\" content=\"Brasil gasta R$ 3,48 por dia com a sa\u00fade de cada habitante, diz CFM - Federassantas\" \/>\n<meta property=\"og:description\" content=\"Levantamento do Conselho Federal de Medicina (CFM) revela que o Brasil gasta R$ 3,48 per capita por dia para cobrir as despesas com sa\u00fade de seus mais de 207 milh\u00f5es de habitantes. O valor, segundo o estudo, inclui a\u00e7\u00f5es e servi\u00e7os prestados pelo governo em seus tr\u00eas n\u00edveis de gest\u00e3o \u2013 federal, estadual e municipal [&hellip;]\" \/>\n<meta property=\"og:url\" content=\"https:\/\/www.federassantas.org.br\/novosite\/brasil-gasta-r-348-por-dia-com-a-saude-de-cada-habitante-diz-cfm\/\" \/>\n<meta property=\"og:site_name\" content=\"Federassantas\" \/>\n<meta property=\"article:published_time\" content=\"2018-11-13T18:45:05+00:00\" \/>\n<meta name=\"author\" content=\"admin-federas\" \/>\n<meta name=\"twitter:card\" content=\"summary_large_image\" \/>\n<meta name=\"twitter:label1\" content=\"Escrito por\" \/>\n\t<meta name=\"twitter:data1\" content=\"admin-federas\" \/>\n\t<meta name=\"twitter:label2\" content=\"Est. tempo de leitura\" \/>\n\t<meta name=\"twitter:data2\" content=\"2 minutos\" \/>\n<script type=\"application\/ld+json\" class=\"yoast-schema-graph\">{\"@context\":\"https:\/\/schema.org\",\"@graph\":[{\"@type\":\"Article\",\"@id\":\"https:\/\/www.federassantas.org.br\/novosite\/brasil-gasta-r-348-por-dia-com-a-saude-de-cada-habitante-diz-cfm\/#article\",\"isPartOf\":{\"@id\":\"https:\/\/www.federassantas.org.br\/novosite\/brasil-gasta-r-348-por-dia-com-a-saude-de-cada-habitante-diz-cfm\/\"},\"author\":{\"name\":\"admin-federas\",\"@id\":\"https:\/\/www.federassantas.org.br\/novosite\/#\/schema\/person\/75fed98158349313fe56175f232f513c\"},\"headline\":\"Brasil gasta R$ 3,48 por dia com a sa\u00fade de cada habitante, diz CFM\",\"datePublished\":\"2018-11-13T18:45:05+00:00\",\"mainEntityOfPage\":{\"@id\":\"https:\/\/www.federassantas.org.br\/novosite\/brasil-gasta-r-348-por-dia-com-a-saude-de-cada-habitante-diz-cfm\/\"},\"wordCount\":358,\"commentCount\":0,\"publisher\":{\"@id\":\"https:\/\/www.federassantas.org.br\/novosite\/#organization\"},\"image\":{\"@id\":\"https:\/\/www.federassantas.org.br\/novosite\/brasil-gasta-r-348-por-dia-com-a-saude-de-cada-habitante-diz-cfm\/#primaryimage\"},\"thumbnailUrl\":\"\",\"articleSection\":[\"Not\u00edcias\"],\"inLanguage\":\"pt-BR\",\"potentialAction\":[{\"@type\":\"CommentAction\",\"name\":\"Comment\",\"target\":[\"https:\/\/www.federassantas.org.br\/novosite\/brasil-gasta-r-348-por-dia-com-a-saude-de-cada-habitante-diz-cfm\/#respond\"]}]},{\"@type\":\"WebPage\",\"@id\":\"https:\/\/www.federassantas.org.br\/novosite\/brasil-gasta-r-348-por-dia-com-a-saude-de-cada-habitante-diz-cfm\/\",\"url\":\"https:\/\/www.federassantas.org.br\/novosite\/brasil-gasta-r-348-por-dia-com-a-saude-de-cada-habitante-diz-cfm\/\",\"name\":\"Brasil gasta R$ 3,48 por dia com a sa\u00fade de cada habitante, diz CFM - Federassantas\",\"isPartOf\":{\"@id\":\"https:\/\/www.federassantas.org.br\/novosite\/#website\"},\"primaryImageOfPage\":{\"@id\":\"https:\/\/www.federassantas.org.br\/novosite\/brasil-gasta-r-348-por-dia-com-a-saude-de-cada-habitante-diz-cfm\/#primaryimage\"},\"image\":{\"@id\":\"https:\/\/www.federassantas.org.br\/novosite\/brasil-gasta-r-348-por-dia-com-a-saude-de-cada-habitante-diz-cfm\/#primaryimage\"},\"thumbnailUrl\":\"\",\"datePublished\":\"2018-11-13T18:45:05+00:00\",\"breadcrumb\":{\"@id\":\"https:\/\/www.federassantas.org.br\/novosite\/brasil-gasta-r-348-por-dia-com-a-saude-de-cada-habitante-diz-cfm\/#breadcrumb\"},\"inLanguage\":\"pt-BR\",\"potentialAction\":[{\"@type\":\"ReadAction\",\"target\":[\"https:\/\/www.federassantas.org.br\/novosite\/brasil-gasta-r-348-por-dia-com-a-saude-de-cada-habitante-diz-cfm\/\"]}]},{\"@type\":\"ImageObject\",\"inLanguage\":\"pt-BR\",\"@id\":\"https:\/\/www.federassantas.org.br\/novosite\/brasil-gasta-r-348-por-dia-com-a-saude-de-cada-habitante-diz-cfm\/#primaryimage\",\"url\":\"\",\"contentUrl\":\"\"},{\"@type\":\"BreadcrumbList\",\"@id\":\"https:\/\/www.federassantas.org.br\/novosite\/brasil-gasta-r-348-por-dia-com-a-saude-de-cada-habitante-diz-cfm\/#breadcrumb\",\"itemListElement\":[{\"@type\":\"ListItem\",\"position\":1,\"name\":\"In\u00edcio\",\"item\":\"https:\/\/www.federassantas.org.br\/novosite\/\"},{\"@type\":\"ListItem\",\"position\":2,\"name\":\"Brasil gasta R$ 3,48 por dia com a sa\u00fade de cada habitante, diz CFM\"}]},{\"@type\":\"WebSite\",\"@id\":\"https:\/\/www.federassantas.org.br\/novosite\/#website\",\"url\":\"https:\/\/www.federassantas.org.br\/novosite\/\",\"name\":\"Federassantas\",\"description\":\"Fed. das Santas Casas e Hospitais Filantr\u00f3picos de MG\",\"publisher\":{\"@id\":\"https:\/\/www.federassantas.org.br\/novosite\/#organization\"},\"potentialAction\":[{\"@type\":\"SearchAction\",\"target\":{\"@type\":\"EntryPoint\",\"urlTemplate\":\"https:\/\/www.federassantas.org.br\/novosite\/?s={search_term_string}\"},\"query-input\":{\"@type\":\"PropertyValueSpecification\",\"valueRequired\":true,\"valueName\":\"search_term_string\"}}],\"inLanguage\":\"pt-BR\"},{\"@type\":\"Organization\",\"@id\":\"https:\/\/www.federassantas.org.br\/novosite\/#organization\",\"name\":\"Federassantas\",\"url\":\"https:\/\/www.federassantas.org.br\/novosite\/\",\"logo\":{\"@type\":\"ImageObject\",\"inLanguage\":\"pt-BR\",\"@id\":\"https:\/\/www.federassantas.org.br\/novosite\/#\/schema\/logo\/image\/\",\"url\":\"https:\/\/www.federassantas.org.br\/novosite\/wp-content\/uploads\/2021\/12\/logo.png\",\"contentUrl\":\"https:\/\/www.federassantas.org.br\/novosite\/wp-content\/uploads\/2021\/12\/logo.png\",\"width\":243,\"height\":59,\"caption\":\"Federassantas\"},\"image\":{\"@id\":\"https:\/\/www.federassantas.org.br\/novosite\/#\/schema\/logo\/image\/\"}},{\"@type\":\"Person\",\"@id\":\"https:\/\/www.federassantas.org.br\/novosite\/#\/schema\/person\/75fed98158349313fe56175f232f513c\",\"name\":\"admin-federas\",\"image\":{\"@type\":\"ImageObject\",\"inLanguage\":\"pt-BR\",\"@id\":\"https:\/\/www.federassantas.org.br\/novosite\/#\/schema\/person\/image\/\",\"url\":\"https:\/\/secure.gravatar.com\/avatar\/2a02d7dda59fe8dc6b7ffd3f652e2efede5ccf0dd89dfdc8137c5517f3de8407?s=96&d=mm&r=g\",\"contentUrl\":\"https:\/\/secure.gravatar.com\/avatar\/2a02d7dda59fe8dc6b7ffd3f652e2efede5ccf0dd89dfdc8137c5517f3de8407?s=96&d=mm&r=g\",\"caption\":\"admin-federas\"},\"sameAs\":[\"https:\/\/www.federassantas.org.br\/novosite\/\"],\"url\":\"https:\/\/www.federassantas.org.br\/novosite\/author\/admin-federas\/\"}]}<\/script>\n<!-- \/ Yoast SEO plugin. -->","yoast_head_json":{"title":"Brasil gasta R$ 3,48 por dia com a sa\u00fade de cada habitante, diz CFM - Federassantas","robots":{"index":"index","follow":"follow","max-snippet":"max-snippet:-1","max-image-preview":"max-image-preview:large","max-video-preview":"max-video-preview:-1"},"canonical":"https:\/\/www.federassantas.org.br\/novosite\/brasil-gasta-r-348-por-dia-com-a-saude-de-cada-habitante-diz-cfm\/","og_locale":"pt_BR","og_type":"article","og_title":"Brasil gasta R$ 3,48 por dia com a sa\u00fade de cada habitante, diz CFM - Federassantas","og_description":"Levantamento do Conselho Federal de Medicina (CFM) revela que o Brasil gasta R$ 3,48 per capita por dia para cobrir as despesas com sa\u00fade de seus mais de 207 milh\u00f5es de habitantes. O valor, segundo o estudo, inclui a\u00e7\u00f5es e servi\u00e7os prestados pelo governo em seus tr\u00eas n\u00edveis de gest\u00e3o \u2013 federal, estadual e municipal [&hellip;]","og_url":"https:\/\/www.federassantas.org.br\/novosite\/brasil-gasta-r-348-por-dia-com-a-saude-de-cada-habitante-diz-cfm\/","og_site_name":"Federassantas","article_published_time":"2018-11-13T18:45:05+00:00","author":"admin-federas","twitter_card":"summary_large_image","twitter_misc":{"Escrito por":"admin-federas","Est. tempo de leitura":"2 minutos"},"schema":{"@context":"https:\/\/schema.org","@graph":[{"@type":"Article","@id":"https:\/\/www.federassantas.org.br\/novosite\/brasil-gasta-r-348-por-dia-com-a-saude-de-cada-habitante-diz-cfm\/#article","isPartOf":{"@id":"https:\/\/www.federassantas.org.br\/novosite\/brasil-gasta-r-348-por-dia-com-a-saude-de-cada-habitante-diz-cfm\/"},"author":{"name":"admin-federas","@id":"https:\/\/www.federassantas.org.br\/novosite\/#\/schema\/person\/75fed98158349313fe56175f232f513c"},"headline":"Brasil gasta R$ 3,48 por dia com a sa\u00fade de cada habitante, diz CFM","datePublished":"2018-11-13T18:45:05+00:00","mainEntityOfPage":{"@id":"https:\/\/www.federassantas.org.br\/novosite\/brasil-gasta-r-348-por-dia-com-a-saude-de-cada-habitante-diz-cfm\/"},"wordCount":358,"commentCount":0,"publisher":{"@id":"https:\/\/www.federassantas.org.br\/novosite\/#organization"},"image":{"@id":"https:\/\/www.federassantas.org.br\/novosite\/brasil-gasta-r-348-por-dia-com-a-saude-de-cada-habitante-diz-cfm\/#primaryimage"},"thumbnailUrl":"","articleSection":["Not\u00edcias"],"inLanguage":"pt-BR","potentialAction":[{"@type":"CommentAction","name":"Comment","target":["https:\/\/www.federassantas.org.br\/novosite\/brasil-gasta-r-348-por-dia-com-a-saude-de-cada-habitante-diz-cfm\/#respond"]}]},{"@type":"WebPage","@id":"https:\/\/www.federassantas.org.br\/novosite\/brasil-gasta-r-348-por-dia-com-a-saude-de-cada-habitante-diz-cfm\/","url":"https:\/\/www.federassantas.org.br\/novosite\/brasil-gasta-r-348-por-dia-com-a-saude-de-cada-habitante-diz-cfm\/","name":"Brasil gasta R$ 3,48 por dia com a sa\u00fade de cada habitante, diz CFM - Federassantas","isPartOf":{"@id":"https:\/\/www.federassantas.org.br\/novosite\/#website"},"primaryImageOfPage":{"@id":"https:\/\/www.federassantas.org.br\/novosite\/brasil-gasta-r-348-por-dia-com-a-saude-de-cada-habitante-diz-cfm\/#primaryimage"},"image":{"@id":"https:\/\/www.federassantas.org.br\/novosite\/brasil-gasta-r-348-por-dia-com-a-saude-de-cada-habitante-diz-cfm\/#primaryimage"},"thumbnailUrl":"","datePublished":"2018-11-13T18:45:05+00:00","breadcrumb":{"@id":"https:\/\/www.federassantas.org.br\/novosite\/brasil-gasta-r-348-por-dia-com-a-saude-de-cada-habitante-diz-cfm\/#breadcrumb"},"inLanguage":"pt-BR","potentialAction":[{"@type":"ReadAction","target":["https:\/\/www.federassantas.org.br\/novosite\/brasil-gasta-r-348-por-dia-com-a-saude-de-cada-habitante-diz-cfm\/"]}]},{"@type":"ImageObject","inLanguage":"pt-BR","@id":"https:\/\/www.federassantas.org.br\/novosite\/brasil-gasta-r-348-por-dia-com-a-saude-de-cada-habitante-diz-cfm\/#primaryimage","url":"","contentUrl":""},{"@type":"BreadcrumbList","@id":"https:\/\/www.federassantas.org.br\/novosite\/brasil-gasta-r-348-por-dia-com-a-saude-de-cada-habitante-diz-cfm\/#breadcrumb","itemListElement":[{"@type":"ListItem","position":1,"name":"In\u00edcio","item":"https:\/\/www.federassantas.org.br\/novosite\/"},{"@type":"ListItem","position":2,"name":"Brasil gasta R$ 3,48 por dia com a sa\u00fade de cada habitante, diz CFM"}]},{"@type":"WebSite","@id":"https:\/\/www.federassantas.org.br\/novosite\/#website","url":"https:\/\/www.federassantas.org.br\/novosite\/","name":"Federassantas","description":"Fed. das Santas Casas e Hospitais Filantr\u00f3picos de MG","publisher":{"@id":"https:\/\/www.federassantas.org.br\/novosite\/#organization"},"potentialAction":[{"@type":"SearchAction","target":{"@type":"EntryPoint","urlTemplate":"https:\/\/www.federassantas.org.br\/novosite\/?s={search_term_string}"},"query-input":{"@type":"PropertyValueSpecification","valueRequired":true,"valueName":"search_term_string"}}],"inLanguage":"pt-BR"},{"@type":"Organization","@id":"https:\/\/www.federassantas.org.br\/novosite\/#organization","name":"Federassantas","url":"https:\/\/www.federassantas.org.br\/novosite\/","logo":{"@type":"ImageObject","inLanguage":"pt-BR","@id":"https:\/\/www.federassantas.org.br\/novosite\/#\/schema\/logo\/image\/","url":"https:\/\/www.federassantas.org.br\/novosite\/wp-content\/uploads\/2021\/12\/logo.png","contentUrl":"https:\/\/www.federassantas.org.br\/novosite\/wp-content\/uploads\/2021\/12\/logo.png","width":243,"height":59,"caption":"Federassantas"},"image":{"@id":"https:\/\/www.federassantas.org.br\/novosite\/#\/schema\/logo\/image\/"}},{"@type":"Person","@id":"https:\/\/www.federassantas.org.br\/novosite\/#\/schema\/person\/75fed98158349313fe56175f232f513c","name":"admin-federas","image":{"@type":"ImageObject","inLanguage":"pt-BR","@id":"https:\/\/www.federassantas.org.br\/novosite\/#\/schema\/person\/image\/","url":"https:\/\/secure.gravatar.com\/avatar\/2a02d7dda59fe8dc6b7ffd3f652e2efede5ccf0dd89dfdc8137c5517f3de8407?s=96&d=mm&r=g","contentUrl":"https:\/\/secure.gravatar.com\/avatar\/2a02d7dda59fe8dc6b7ffd3f652e2efede5ccf0dd89dfdc8137c5517f3de8407?s=96&d=mm&r=g","caption":"admin-federas"},"sameAs":["https:\/\/www.federassantas.org.br\/novosite\/"],"url":"https:\/\/www.federassantas.org.br\/novosite\/author\/admin-federas\/"}]}},"_links":{"self":[{"href":"https:\/\/www.federassantas.org.br\/novosite\/wp-json\/wp\/v2\/posts\/14760","targetHints":{"allow":["GET"]}}],"collection":[{"href":"https:\/\/www.federassantas.org.br\/novosite\/wp-json\/wp\/v2\/posts"}],"about":[{"href":"https:\/\/www.federassantas.org.br\/novosite\/wp-json\/wp\/v2\/types\/post"}],"author":[{"embeddable":true,"href":"https:\/\/www.federassantas.org.br\/novosite\/wp-json\/wp\/v2\/users\/1"}],"replies":[{"embeddable":true,"href":"https:\/\/www.federassantas.org.br\/novosite\/wp-json\/wp\/v2\/comments?post=14760"}],"version-history":[{"count":0,"href":"https:\/\/www.federassantas.org.br\/novosite\/wp-json\/wp\/v2\/posts\/14760\/revisions"}],"wp:featuredmedia":[{"embeddable":true,"href":"https:\/\/www.federassantas.org.br\/novosite\/wp-json\/"}],"wp:attachment":[{"href":"https:\/\/www.federassantas.org.br\/novosite\/wp-json\/wp\/v2\/media?parent=14760"}],"wp:term":[{"taxonomy":"category","embeddable":true,"href":"https:\/\/www.federassantas.org.br\/novosite\/wp-json\/wp\/v2\/categories?post=14760"},{"taxonomy":"post_tag","embeddable":true,"href":"https:\/\/www.federassantas.org.br\/novosite\/wp-json\/wp\/v2\/tags?post=14760"}],"curies":[{"name":"wp","href":"https:\/\/api.w.org\/{rel}","templated":true}]}}