{"id":14780,"date":"2018-11-23T17:11:43","date_gmt":"2018-11-23T19:11:43","guid":{"rendered":"https:\/\/federasbackup.meltcomunicacao.com.br\/?p=14780"},"modified":"2018-11-23T17:11:43","modified_gmt":"2018-11-23T19:11:43","slug":"encontro-federassantas-reune-autoridades-e-discute-perspectivas-para-o-setor-filantropico-em-minas","status":"publish","type":"post","link":"https:\/\/www.federassantas.org.br\/novosite\/encontro-federassantas-reune-autoridades-e-discute-perspectivas-para-o-setor-filantropico-em-minas\/","title":{"rendered":"Encontro Federassantas re\u00fane autoridades e discute perspectivas para o setor filantr\u00f3pico em Minas"},"content":{"rendered":"<p style=\"text-align: justify;\">\u201cN\u00e3o temos previs\u00e3o para pagamento das d\u00edvidas anteriores\u201d, essa foi a afirma\u00e7\u00e3o do Dr. Jos\u00e9 Carlos Lassi, coordenador da Comiss\u00e3o de Transi\u00e7\u00e3o da Sa\u00fade do Governo Zema, durante o Encontro Federassantas 2018.<\/p>\n<p style=\"text-align: justify;\">Na tarde de ontem (22\/11), o representante do governador eleito declarou que a equipe de transi\u00e7\u00e3o desconhece a propor\u00e7\u00e3o e os valores exatos da d\u00edvida com o setor hospitalar filantr\u00f3pico. Segundo Lassi, a equipe est\u00e1 tendo dificuldades para ter acesso \u00e0 dados e informa\u00e7\u00f5es por parte do atual governo.<\/p>\n<p style=\"text-align: justify;\">Durante o Encontro, o coordenador da comiss\u00e3o afirmou tamb\u00e9m que a equipe de transi\u00e7\u00e3o recebeu \u00a0o documento entregue pela Federassantas, que consta, dentre outras informa\u00e7\u00f5es do setor, o valor da d\u00edvida do Governo Estadual com os hospitais filantr\u00f3picos, de aproximadamente R$ 600 milh\u00f5es.<\/p>\n<p style=\"text-align: justify;\">Lassi declarou ainda que o pr\u00f3ximo governo pretende melhorar a parceria com os hospitais filantr\u00f3picos para ajudar os servi\u00e7os e assist\u00eancia \u00e0 sa\u00fade no estado. O representante do governador Zema declarou que o novo governo pretende efetuar os pagamentos e honrar os compromissos correntes com o setor filantr\u00f3pico a partir do primeiro m\u00eas do mandato.<\/p>\n<figure id=\"attachment_14785\" aria-describedby=\"caption-attachment-14785\" style=\"width: 423px\" class=\"wp-caption alignnone\"><img fetchpriority=\"high\" decoding=\"async\" class=\"wp-image-14785 \" src=\"http:\/\/federasbackup.meltcomunicacao.com.br\/wp-content\/uploads\/2018\/11\/FEDERASSANTAS-22-8-300x200.jpg\" alt=\"\" width=\"423\" height=\"282\" \/><figcaption id=\"caption-attachment-14785\" class=\"wp-caption-text\">K\u00e1tia Rocha, presidente da Federassantas e Dr. Jos\u00e9 Carlos Lassi, representante do Governador Romeu Zema<\/figcaption><\/figure>\n<p style=\"text-align: justify;\">O Encontro Federassantas recebeu tamb\u00e9m o Senador eleito, Carlos Viana. O parlamentar refor\u00e7ou a fala de Lassi e anunciou \u201cque n\u00e3o h\u00e1 a menor possibilidade, no atual momento, de que nos pr\u00f3ximos 12 meses, n\u00f3s tenhamos a regulariza\u00e7\u00e3o dos repasses e dos pagamentos das d\u00edvidas\u201d. \u00a0Segundo ele, o governador Zema \u201cvai assumir sem perspectivas claras das d\u00edvidas e fluxo de caixa do Estado\u201d. Viana sugeriu e deixou um alerta para que os dirigentes de hospitais e prefeituras se programarem diante da falta de perspectiva para o setor em Minas Gerais.<\/p>\n<p style=\"text-align: justify;\">O senador declarou tamb\u00e9m que sua principal preocupa\u00e7\u00e3o durante o mandato no Senado ser\u00e1 ajudar e buscar solu\u00e7\u00f5es para a sa\u00fade no estado. Viana completou ainda que em encontro com o Ministro da Sa\u00fade anunciado, Luiz Henrique Mandetta, discutiu quest\u00f5es referentes \u00e0 repasses e financiamento para a sa\u00fade em Minas Gerais.<\/p>\n<figure id=\"attachment_14786\" aria-describedby=\"caption-attachment-14786\" style=\"width: 440px\" class=\"wp-caption alignnone\"><img decoding=\"async\" class=\" wp-image-14786\" src=\"http:\/\/federasbackup.meltcomunicacao.com.br\/wp-content\/uploads\/2018\/11\/WhatsApp-Image-2018-11-23-at-16.57.07-300x200.jpeg\" alt=\"\" width=\"440\" height=\"293\" \/><figcaption id=\"caption-attachment-14786\" class=\"wp-caption-text\">Senador Carlos Viana assumiu compromisso com a sa\u00fade e com o setor filantr\u00f3pico mineiro<\/figcaption><\/figure>\n<p style=\"text-align: justify;\">Outro destaque do Encontro Federassantas foi a presen\u00e7a do Superintendente Regional da Caixa Econ\u00f4mica Federal, Marcelo Bonfim. Durante o evento, o executivo prop\u00f4s uma parceria com a Federassantas, com o objetivo de criar um canal de comunica\u00e7\u00e3o entre as institui\u00e7\u00f5es filantr\u00f3picas e a CEF. Bonfim declarou que atrav\u00e9s deste projeto, os gestores dos hospitais poder\u00e3o apresentar reclama\u00e7\u00f5es, sugest\u00f5es para aprimorar os produtos da Caixa e novas ideias.<\/p>\n<p style=\"text-align: justify;\">O superintendente destacou tamb\u00e9m o tr\u00e2mite da medida provis\u00f3ria n\u00ba 848, que cria uma linha de cr\u00e9dito para os filantr\u00f3picos, utilizando recursos do FGTS. De acordo com ele, a medida foi aprovada pelo Senado e volta para a C\u00e2mara dos Deputados para nova an\u00e1lise e, caso aprovada sem modifica\u00e7\u00f5es, seguir\u00e1 direto para a san\u00e7\u00e3o do presidente da Rep\u00fablica. Bonfim afirmou ainda que a Caixa vai construir um manual normativo, junto aos \u00f3rg\u00e3os do Governo Federal, para viabilizar os empr\u00e9stimos dos recursos aos hospitais no pr\u00f3ximo ano.<\/p>\n<figure id=\"attachment_14787\" aria-describedby=\"caption-attachment-14787\" style=\"width: 498px\" class=\"wp-caption alignnone\"><img decoding=\"async\" class=\" wp-image-14787\" src=\"http:\/\/federasbackup.meltcomunicacao.com.br\/wp-content\/uploads\/2018\/11\/WhatsApp-Image-2018-11-23-at-17.06.06-300x168.jpeg\" alt=\"\" width=\"498\" height=\"279\" \/><figcaption id=\"caption-attachment-14787\" class=\"wp-caption-text\">Superintendente Regional da Caixa Econ\u00f4mica Federal, Marcelo Bonfim, prop\u00f4s parceria com a Federassantas<\/figcaption><\/figure>\n<p style=\"text-align: justify;\"><strong><br \/>\nMARCO REGULAT\u00d3RIO DOS HOSPITAIS FILANTR\u00d3PICOS<\/strong><\/p>\n<p style=\"text-align: justify;\">Durante o Encontro, a presidente da Federassantas, K\u00e1tia Rocha, apresentou aos participantes a necessidade da cria\u00e7\u00e3o de um marco regulat\u00f3rio dos hospitais filantr\u00f3picos. De acordo com a presidente, trata-se de uma legisla\u00e7\u00e3o de regras gerais para tratar especificidades dos hospitais filantr\u00f3picos como, por exemplo, contratualiza\u00e7\u00e3o, financiamento tripartite, remunera\u00e7\u00e3o, dentre outros.<\/p>\n<p style=\"text-align: justify;\">A presidente destacou que a regulamenta\u00e7\u00e3o n\u00e3o \u00e9 a solu\u00e7\u00e3o para o setor filantr\u00f3pico, mas visa a sustentabilidade das institui\u00e7\u00f5es, trazendo benef\u00edcios n\u00e3o apenas aos hospitais, mas tamb\u00e9m para a assist\u00eancia aos usu\u00e1rios.<\/p>\n<p style=\"text-align: justify;\">K\u00e1tia Rocha declarou ainda que seu intuito \u00e9 que o marco regulat\u00f3rio seja estendido para al\u00e9m das institui\u00e7\u00f5es mineiras, e que a regulamenta\u00e7\u00e3o proposta tenha validade e gere benef\u00edcios para todo o setor filantr\u00f3pico hospitalar do pa\u00eds.<\/p>\n<p style=\"text-align: justify;\">No final do evento, a presidente solicitou um pedido de apoio ao Senador Carlos Viana de levar ao Congresso a proposta do marco regulat\u00f3rio dos hospitais filantr\u00f3picos. O convite foi aceito de prontid\u00e3o pelo parlamentar, que assumiu o compromisso com a Federassantas.<\/p>\n<p style=\"text-align: justify;\">Participaram do painel de encerramento sobre o tema, Maur\u00edcio Dias (Vice-presidente da CMB); Cl\u00e1udia Navarro (presidente do CRM\/MG); Dr. Jos\u00e9 Carlos Lassi; Senador Carlos Viana; Lincoln Lopes Ferreira (presidente da AMB); Maria In\u00eas Lima (presidente da AMMG); e o Secret\u00e1rio de Sa\u00fade de Barbacena, Jos\u00e9 Orleans da Costa.<\/p>\n<figure id=\"attachment_14796\" aria-describedby=\"caption-attachment-14796\" style=\"width: 384px\" class=\"wp-caption alignnone\"><img loading=\"lazy\" decoding=\"async\" class=\" wp-image-14796\" src=\"http:\/\/federasbackup.meltcomunicacao.com.br\/wp-content\/uploads\/2018\/11\/FEDERASSANTAS-22-2-2-300x200.jpg\" alt=\"\" width=\"384\" height=\"256\" \/><figcaption id=\"caption-attachment-14796\" class=\"wp-caption-text\">Painel de encerramento discutiu marco regulat\u00f3rio para os hospitais filantr\u00f3picos<\/figcaption><\/figure>\n<p><strong><br \/>\nREFERENCIAL FEDERASSANTAS<\/strong><\/p>\n<p style=\"text-align: justify;\">A programa\u00e7\u00e3o do evento incluiu ainda a apresenta\u00e7\u00e3o do Referencial Federassantas pelo Superintendente da federa\u00e7\u00e3o, Adelziso Vidal. Segundo ele, este novo projeto \u00e9 uma plataforma desenvolvida pela equipe de T.I. da Federassantas, e que tem como objetivo reunir dados e informa\u00e7\u00f5es que poder\u00e3o ser utilizadas de forma estrat\u00e9gica pelos gestores dos hospitais.<\/p>\n<p style=\"text-align: justify;\">De acordo com o Superintendente, a plataforma permitir\u00e1 o comparativo de performance entre hospitais que possuem o mesmo perfil nas seguintes \u00e1reas: Suprimentos; Remunera\u00e7\u00e3o M\u00e9dica; Recursos Humanos; SUS; e Sa\u00fade Suplementar. Os estudos e a coleta de informa\u00e7\u00f5es para alimenta\u00e7\u00e3o da plataforma j\u00e1 est\u00e3o sendo feitos pela equipe de Assessoria T\u00e9cnica da Federassantas, atrav\u00e9s das Comiss\u00f5es T\u00e9cnicas.<\/p>\n<p style=\"text-align: justify;\">O Referencial Federassantas proporcionar\u00e1 diversos benef\u00edcios para as institui\u00e7\u00f5es, como melhoria de processos, resultados assistenciais, econ\u00f4micos, auxiliar\u00e1 na tomada de decis\u00f5es internas, dentre outros. Outra vantagem da plataforma ser\u00e1 respaldar e sustentar discuss\u00f5es de forma t\u00e9cnica junto ao poder p\u00fablico. Durante a apresenta\u00e7\u00e3o, a presidente da Federassantas destacou que \u00e9 de suma import\u00e2ncia a participa\u00e7\u00e3o e o empenho dos dirigentes hospitalares nas Comiss\u00f5es T\u00e9cnicas, para contribuir com os estudos da equipe de Assessoria T\u00e9cnica e, consequentemente, para o Referencial Federassantas.<\/p>\n<figure id=\"attachment_14781\" aria-describedby=\"caption-attachment-14781\" style=\"width: 442px\" class=\"wp-caption alignnone\"><img loading=\"lazy\" decoding=\"async\" class=\"wp-image-14781\" src=\"http:\/\/federasbackup.meltcomunicacao.com.br\/wp-content\/uploads\/2018\/11\/WhatsApp-Image-2018-11-23-at-16.57.06-300x200.jpeg\" alt=\"\" width=\"442\" height=\"294\" \/><figcaption id=\"caption-attachment-14781\" class=\"wp-caption-text\">Adelziso Vidal, Superintendente da Federassantas<\/figcaption><\/figure>\n<p style=\"text-align: left;\">\u00a0 \u00a0<img loading=\"lazy\" decoding=\"async\" class=\"alignnone wp-image-14784\" src=\"http:\/\/federasbackup.meltcomunicacao.com.br\/wp-content\/uploads\/2018\/11\/FEDERASSANTAS-22-7-300x200.jpg\" alt=\"\" width=\"336\" height=\"224\" \/>\u00a0 \u00a0<img loading=\"lazy\" decoding=\"async\" class=\"alignnone wp-image-14782\" src=\"http:\/\/federasbackup.meltcomunicacao.com.br\/wp-content\/uploads\/2018\/11\/FEDERASSANTAS-22-1-300x200.jpg\" alt=\"\" width=\"338\" height=\"225\" \/><\/p>\n<p>Na pr\u00f3xima semana voc\u00ea confere a cobertura completa de toda a programa\u00e7\u00e3o do Encontro Federassantas 2018 no site e nas redes sociais da Federassantas.<\/p>\n<p>&nbsp;<\/p>\n<p><em>Por Raquel Gontijo &#8211; Assessoria de Comunica\u00e7\u00e3o\u00a0<\/em><\/p>\n","protected":false},"excerpt":{"rendered":"<p>\u201cN\u00e3o temos previs\u00e3o para pagamento das d\u00edvidas anteriores\u201d, essa foi a afirma\u00e7\u00e3o do Dr. Jos\u00e9 Carlos Lassi, coordenador da Comiss\u00e3o de Transi\u00e7\u00e3o da Sa\u00fade do Governo Zema, durante o Encontro Federassantas 2018. Na tarde de ontem (22\/11), o representante do governador eleito declarou que a equipe de transi\u00e7\u00e3o desconhece a propor\u00e7\u00e3o e os valores exatos [&hellip;]<\/p>\n","protected":false},"author":1,"featured_media":14790,"comment_status":"open","ping_status":"open","sticky":false,"template":"","format":"standard","meta":{"footnotes":""},"categories":[140,141],"tags":[],"class_list":["post-14780","post","type-post","status-publish","format-standard","has-post-thumbnail","hentry","category-noticias","category-noticias-federassantas"],"yoast_head":"<!-- This site is optimized with the Yoast SEO plugin v26.9 - https:\/\/yoast.com\/product\/yoast-seo-wordpress\/ -->\n<title>Encontro Federassantas re\u00fane autoridades e discute perspectivas para o setor filantr\u00f3pico em Minas - Federassantas<\/title>\n<meta name=\"robots\" content=\"index, follow, max-snippet:-1, max-image-preview:large, max-video-preview:-1\" \/>\n<link rel=\"canonical\" href=\"https:\/\/www.federassantas.org.br\/novosite\/encontro-federassantas-reune-autoridades-e-discute-perspectivas-para-o-setor-filantropico-em-minas\/\" \/>\n<meta property=\"og:locale\" content=\"pt_BR\" \/>\n<meta property=\"og:type\" content=\"article\" \/>\n<meta property=\"og:title\" content=\"Encontro Federassantas re\u00fane autoridades e discute perspectivas para o setor filantr\u00f3pico em Minas - Federassantas\" \/>\n<meta property=\"og:description\" content=\"\u201cN\u00e3o temos previs\u00e3o para pagamento das d\u00edvidas anteriores\u201d, essa foi a afirma\u00e7\u00e3o do Dr. Jos\u00e9 Carlos Lassi, coordenador da Comiss\u00e3o de Transi\u00e7\u00e3o da Sa\u00fade do Governo Zema, durante o Encontro Federassantas 2018. Na tarde de ontem (22\/11), o representante do governador eleito declarou que a equipe de transi\u00e7\u00e3o desconhece a propor\u00e7\u00e3o e os valores exatos [&hellip;]\" \/>\n<meta property=\"og:url\" content=\"https:\/\/www.federassantas.org.br\/novosite\/encontro-federassantas-reune-autoridades-e-discute-perspectivas-para-o-setor-filantropico-em-minas\/\" \/>\n<meta property=\"og:site_name\" content=\"Federassantas\" \/>\n<meta property=\"article:published_time\" content=\"2018-11-23T19:11:43+00:00\" \/>\n<meta name=\"author\" content=\"admin-federas\" \/>\n<meta name=\"twitter:card\" content=\"summary_large_image\" \/>\n<meta name=\"twitter:label1\" content=\"Escrito por\" \/>\n\t<meta name=\"twitter:data1\" content=\"admin-federas\" \/>\n\t<meta name=\"twitter:label2\" content=\"Est. tempo de leitura\" \/>\n\t<meta name=\"twitter:data2\" content=\"6 minutos\" \/>\n<script type=\"application\/ld+json\" class=\"yoast-schema-graph\">{\"@context\":\"https:\/\/schema.org\",\"@graph\":[{\"@type\":\"Article\",\"@id\":\"https:\/\/www.federassantas.org.br\/novosite\/encontro-federassantas-reune-autoridades-e-discute-perspectivas-para-o-setor-filantropico-em-minas\/#article\",\"isPartOf\":{\"@id\":\"https:\/\/www.federassantas.org.br\/novosite\/encontro-federassantas-reune-autoridades-e-discute-perspectivas-para-o-setor-filantropico-em-minas\/\"},\"author\":{\"name\":\"admin-federas\",\"@id\":\"https:\/\/www.federassantas.org.br\/novosite\/#\/schema\/person\/75fed98158349313fe56175f232f513c\"},\"headline\":\"Encontro Federassantas re\u00fane autoridades e discute perspectivas para o setor filantr\u00f3pico em Minas\",\"datePublished\":\"2018-11-23T19:11:43+00:00\",\"mainEntityOfPage\":{\"@id\":\"https:\/\/www.federassantas.org.br\/novosite\/encontro-federassantas-reune-autoridades-e-discute-perspectivas-para-o-setor-filantropico-em-minas\/\"},\"wordCount\":1146,\"commentCount\":0,\"publisher\":{\"@id\":\"https:\/\/www.federassantas.org.br\/novosite\/#organization\"},\"image\":{\"@id\":\"https:\/\/www.federassantas.org.br\/novosite\/encontro-federassantas-reune-autoridades-e-discute-perspectivas-para-o-setor-filantropico-em-minas\/#primaryimage\"},\"thumbnailUrl\":\"\",\"articleSection\":[\"Not\u00edcias\",\"Not\u00edcias Federassantas\"],\"inLanguage\":\"pt-BR\",\"potentialAction\":[{\"@type\":\"CommentAction\",\"name\":\"Comment\",\"target\":[\"https:\/\/www.federassantas.org.br\/novosite\/encontro-federassantas-reune-autoridades-e-discute-perspectivas-para-o-setor-filantropico-em-minas\/#respond\"]}]},{\"@type\":\"WebPage\",\"@id\":\"https:\/\/www.federassantas.org.br\/novosite\/encontro-federassantas-reune-autoridades-e-discute-perspectivas-para-o-setor-filantropico-em-minas\/\",\"url\":\"https:\/\/www.federassantas.org.br\/novosite\/encontro-federassantas-reune-autoridades-e-discute-perspectivas-para-o-setor-filantropico-em-minas\/\",\"name\":\"Encontro Federassantas re\u00fane autoridades e discute perspectivas para o setor filantr\u00f3pico em Minas - Federassantas\",\"isPartOf\":{\"@id\":\"https:\/\/www.federassantas.org.br\/novosite\/#website\"},\"primaryImageOfPage\":{\"@id\":\"https:\/\/www.federassantas.org.br\/novosite\/encontro-federassantas-reune-autoridades-e-discute-perspectivas-para-o-setor-filantropico-em-minas\/#primaryimage\"},\"image\":{\"@id\":\"https:\/\/www.federassantas.org.br\/novosite\/encontro-federassantas-reune-autoridades-e-discute-perspectivas-para-o-setor-filantropico-em-minas\/#primaryimage\"},\"thumbnailUrl\":\"\",\"datePublished\":\"2018-11-23T19:11:43+00:00\",\"breadcrumb\":{\"@id\":\"https:\/\/www.federassantas.org.br\/novosite\/encontro-federassantas-reune-autoridades-e-discute-perspectivas-para-o-setor-filantropico-em-minas\/#breadcrumb\"},\"inLanguage\":\"pt-BR\",\"potentialAction\":[{\"@type\":\"ReadAction\",\"target\":[\"https:\/\/www.federassantas.org.br\/novosite\/encontro-federassantas-reune-autoridades-e-discute-perspectivas-para-o-setor-filantropico-em-minas\/\"]}]},{\"@type\":\"ImageObject\",\"inLanguage\":\"pt-BR\",\"@id\":\"https:\/\/www.federassantas.org.br\/novosite\/encontro-federassantas-reune-autoridades-e-discute-perspectivas-para-o-setor-filantropico-em-minas\/#primaryimage\",\"url\":\"\",\"contentUrl\":\"\"},{\"@type\":\"BreadcrumbList\",\"@id\":\"https:\/\/www.federassantas.org.br\/novosite\/encontro-federassantas-reune-autoridades-e-discute-perspectivas-para-o-setor-filantropico-em-minas\/#breadcrumb\",\"itemListElement\":[{\"@type\":\"ListItem\",\"position\":1,\"name\":\"In\u00edcio\",\"item\":\"https:\/\/www.federassantas.org.br\/novosite\/\"},{\"@type\":\"ListItem\",\"position\":2,\"name\":\"Encontro Federassantas re\u00fane autoridades e discute perspectivas para o setor filantr\u00f3pico em Minas\"}]},{\"@type\":\"WebSite\",\"@id\":\"https:\/\/www.federassantas.org.br\/novosite\/#website\",\"url\":\"https:\/\/www.federassantas.org.br\/novosite\/\",\"name\":\"Federassantas\",\"description\":\"Fed. das Santas Casas e Hospitais Filantr\u00f3picos de MG\",\"publisher\":{\"@id\":\"https:\/\/www.federassantas.org.br\/novosite\/#organization\"},\"potentialAction\":[{\"@type\":\"SearchAction\",\"target\":{\"@type\":\"EntryPoint\",\"urlTemplate\":\"https:\/\/www.federassantas.org.br\/novosite\/?s={search_term_string}\"},\"query-input\":{\"@type\":\"PropertyValueSpecification\",\"valueRequired\":true,\"valueName\":\"search_term_string\"}}],\"inLanguage\":\"pt-BR\"},{\"@type\":\"Organization\",\"@id\":\"https:\/\/www.federassantas.org.br\/novosite\/#organization\",\"name\":\"Federassantas\",\"url\":\"https:\/\/www.federassantas.org.br\/novosite\/\",\"logo\":{\"@type\":\"ImageObject\",\"inLanguage\":\"pt-BR\",\"@id\":\"https:\/\/www.federassantas.org.br\/novosite\/#\/schema\/logo\/image\/\",\"url\":\"https:\/\/www.federassantas.org.br\/novosite\/wp-content\/uploads\/2021\/12\/logo.png\",\"contentUrl\":\"https:\/\/www.federassantas.org.br\/novosite\/wp-content\/uploads\/2021\/12\/logo.png\",\"width\":243,\"height\":59,\"caption\":\"Federassantas\"},\"image\":{\"@id\":\"https:\/\/www.federassantas.org.br\/novosite\/#\/schema\/logo\/image\/\"}},{\"@type\":\"Person\",\"@id\":\"https:\/\/www.federassantas.org.br\/novosite\/#\/schema\/person\/75fed98158349313fe56175f232f513c\",\"name\":\"admin-federas\",\"image\":{\"@type\":\"ImageObject\",\"inLanguage\":\"pt-BR\",\"@id\":\"https:\/\/www.federassantas.org.br\/novosite\/#\/schema\/person\/image\/\",\"url\":\"https:\/\/secure.gravatar.com\/avatar\/2a02d7dda59fe8dc6b7ffd3f652e2efede5ccf0dd89dfdc8137c5517f3de8407?s=96&d=mm&r=g\",\"contentUrl\":\"https:\/\/secure.gravatar.com\/avatar\/2a02d7dda59fe8dc6b7ffd3f652e2efede5ccf0dd89dfdc8137c5517f3de8407?s=96&d=mm&r=g\",\"caption\":\"admin-federas\"},\"sameAs\":[\"https:\/\/www.federassantas.org.br\/novosite\/\"],\"url\":\"https:\/\/www.federassantas.org.br\/novosite\/author\/admin-federas\/\"}]}<\/script>\n<!-- \/ Yoast SEO plugin. -->","yoast_head_json":{"title":"Encontro Federassantas re\u00fane autoridades e discute perspectivas para o setor filantr\u00f3pico em Minas - Federassantas","robots":{"index":"index","follow":"follow","max-snippet":"max-snippet:-1","max-image-preview":"max-image-preview:large","max-video-preview":"max-video-preview:-1"},"canonical":"https:\/\/www.federassantas.org.br\/novosite\/encontro-federassantas-reune-autoridades-e-discute-perspectivas-para-o-setor-filantropico-em-minas\/","og_locale":"pt_BR","og_type":"article","og_title":"Encontro Federassantas re\u00fane autoridades e discute perspectivas para o setor filantr\u00f3pico em Minas - Federassantas","og_description":"\u201cN\u00e3o temos previs\u00e3o para pagamento das d\u00edvidas anteriores\u201d, essa foi a afirma\u00e7\u00e3o do Dr. Jos\u00e9 Carlos Lassi, coordenador da Comiss\u00e3o de Transi\u00e7\u00e3o da Sa\u00fade do Governo Zema, durante o Encontro Federassantas 2018. Na tarde de ontem (22\/11), o representante do governador eleito declarou que a equipe de transi\u00e7\u00e3o desconhece a propor\u00e7\u00e3o e os valores exatos [&hellip;]","og_url":"https:\/\/www.federassantas.org.br\/novosite\/encontro-federassantas-reune-autoridades-e-discute-perspectivas-para-o-setor-filantropico-em-minas\/","og_site_name":"Federassantas","article_published_time":"2018-11-23T19:11:43+00:00","author":"admin-federas","twitter_card":"summary_large_image","twitter_misc":{"Escrito por":"admin-federas","Est. tempo de leitura":"6 minutos"},"schema":{"@context":"https:\/\/schema.org","@graph":[{"@type":"Article","@id":"https:\/\/www.federassantas.org.br\/novosite\/encontro-federassantas-reune-autoridades-e-discute-perspectivas-para-o-setor-filantropico-em-minas\/#article","isPartOf":{"@id":"https:\/\/www.federassantas.org.br\/novosite\/encontro-federassantas-reune-autoridades-e-discute-perspectivas-para-o-setor-filantropico-em-minas\/"},"author":{"name":"admin-federas","@id":"https:\/\/www.federassantas.org.br\/novosite\/#\/schema\/person\/75fed98158349313fe56175f232f513c"},"headline":"Encontro Federassantas re\u00fane autoridades e discute perspectivas para o setor filantr\u00f3pico em Minas","datePublished":"2018-11-23T19:11:43+00:00","mainEntityOfPage":{"@id":"https:\/\/www.federassantas.org.br\/novosite\/encontro-federassantas-reune-autoridades-e-discute-perspectivas-para-o-setor-filantropico-em-minas\/"},"wordCount":1146,"commentCount":0,"publisher":{"@id":"https:\/\/www.federassantas.org.br\/novosite\/#organization"},"image":{"@id":"https:\/\/www.federassantas.org.br\/novosite\/encontro-federassantas-reune-autoridades-e-discute-perspectivas-para-o-setor-filantropico-em-minas\/#primaryimage"},"thumbnailUrl":"","articleSection":["Not\u00edcias","Not\u00edcias Federassantas"],"inLanguage":"pt-BR","potentialAction":[{"@type":"CommentAction","name":"Comment","target":["https:\/\/www.federassantas.org.br\/novosite\/encontro-federassantas-reune-autoridades-e-discute-perspectivas-para-o-setor-filantropico-em-minas\/#respond"]}]},{"@type":"WebPage","@id":"https:\/\/www.federassantas.org.br\/novosite\/encontro-federassantas-reune-autoridades-e-discute-perspectivas-para-o-setor-filantropico-em-minas\/","url":"https:\/\/www.federassantas.org.br\/novosite\/encontro-federassantas-reune-autoridades-e-discute-perspectivas-para-o-setor-filantropico-em-minas\/","name":"Encontro Federassantas re\u00fane autoridades e discute perspectivas para o setor filantr\u00f3pico em Minas - Federassantas","isPartOf":{"@id":"https:\/\/www.federassantas.org.br\/novosite\/#website"},"primaryImageOfPage":{"@id":"https:\/\/www.federassantas.org.br\/novosite\/encontro-federassantas-reune-autoridades-e-discute-perspectivas-para-o-setor-filantropico-em-minas\/#primaryimage"},"image":{"@id":"https:\/\/www.federassantas.org.br\/novosite\/encontro-federassantas-reune-autoridades-e-discute-perspectivas-para-o-setor-filantropico-em-minas\/#primaryimage"},"thumbnailUrl":"","datePublished":"2018-11-23T19:11:43+00:00","breadcrumb":{"@id":"https:\/\/www.federassantas.org.br\/novosite\/encontro-federassantas-reune-autoridades-e-discute-perspectivas-para-o-setor-filantropico-em-minas\/#breadcrumb"},"inLanguage":"pt-BR","potentialAction":[{"@type":"ReadAction","target":["https:\/\/www.federassantas.org.br\/novosite\/encontro-federassantas-reune-autoridades-e-discute-perspectivas-para-o-setor-filantropico-em-minas\/"]}]},{"@type":"ImageObject","inLanguage":"pt-BR","@id":"https:\/\/www.federassantas.org.br\/novosite\/encontro-federassantas-reune-autoridades-e-discute-perspectivas-para-o-setor-filantropico-em-minas\/#primaryimage","url":"","contentUrl":""},{"@type":"BreadcrumbList","@id":"https:\/\/www.federassantas.org.br\/novosite\/encontro-federassantas-reune-autoridades-e-discute-perspectivas-para-o-setor-filantropico-em-minas\/#breadcrumb","itemListElement":[{"@type":"ListItem","position":1,"name":"In\u00edcio","item":"https:\/\/www.federassantas.org.br\/novosite\/"},{"@type":"ListItem","position":2,"name":"Encontro Federassantas re\u00fane autoridades e discute perspectivas para o setor filantr\u00f3pico em Minas"}]},{"@type":"WebSite","@id":"https:\/\/www.federassantas.org.br\/novosite\/#website","url":"https:\/\/www.federassantas.org.br\/novosite\/","name":"Federassantas","description":"Fed. das Santas Casas e Hospitais Filantr\u00f3picos de MG","publisher":{"@id":"https:\/\/www.federassantas.org.br\/novosite\/#organization"},"potentialAction":[{"@type":"SearchAction","target":{"@type":"EntryPoint","urlTemplate":"https:\/\/www.federassantas.org.br\/novosite\/?s={search_term_string}"},"query-input":{"@type":"PropertyValueSpecification","valueRequired":true,"valueName":"search_term_string"}}],"inLanguage":"pt-BR"},{"@type":"Organization","@id":"https:\/\/www.federassantas.org.br\/novosite\/#organization","name":"Federassantas","url":"https:\/\/www.federassantas.org.br\/novosite\/","logo":{"@type":"ImageObject","inLanguage":"pt-BR","@id":"https:\/\/www.federassantas.org.br\/novosite\/#\/schema\/logo\/image\/","url":"https:\/\/www.federassantas.org.br\/novosite\/wp-content\/uploads\/2021\/12\/logo.png","contentUrl":"https:\/\/www.federassantas.org.br\/novosite\/wp-content\/uploads\/2021\/12\/logo.png","width":243,"height":59,"caption":"Federassantas"},"image":{"@id":"https:\/\/www.federassantas.org.br\/novosite\/#\/schema\/logo\/image\/"}},{"@type":"Person","@id":"https:\/\/www.federassantas.org.br\/novosite\/#\/schema\/person\/75fed98158349313fe56175f232f513c","name":"admin-federas","image":{"@type":"ImageObject","inLanguage":"pt-BR","@id":"https:\/\/www.federassantas.org.br\/novosite\/#\/schema\/person\/image\/","url":"https:\/\/secure.gravatar.com\/avatar\/2a02d7dda59fe8dc6b7ffd3f652e2efede5ccf0dd89dfdc8137c5517f3de8407?s=96&d=mm&r=g","contentUrl":"https:\/\/secure.gravatar.com\/avatar\/2a02d7dda59fe8dc6b7ffd3f652e2efede5ccf0dd89dfdc8137c5517f3de8407?s=96&d=mm&r=g","caption":"admin-federas"},"sameAs":["https:\/\/www.federassantas.org.br\/novosite\/"],"url":"https:\/\/www.federassantas.org.br\/novosite\/author\/admin-federas\/"}]}},"_links":{"self":[{"href":"https:\/\/www.federassantas.org.br\/novosite\/wp-json\/wp\/v2\/posts\/14780","targetHints":{"allow":["GET"]}}],"collection":[{"href":"https:\/\/www.federassantas.org.br\/novosite\/wp-json\/wp\/v2\/posts"}],"about":[{"href":"https:\/\/www.federassantas.org.br\/novosite\/wp-json\/wp\/v2\/types\/post"}],"author":[{"embeddable":true,"href":"https:\/\/www.federassantas.org.br\/novosite\/wp-json\/wp\/v2\/users\/1"}],"replies":[{"embeddable":true,"href":"https:\/\/www.federassantas.org.br\/novosite\/wp-json\/wp\/v2\/comments?post=14780"}],"version-history":[{"count":0,"href":"https:\/\/www.federassantas.org.br\/novosite\/wp-json\/wp\/v2\/posts\/14780\/revisions"}],"wp:featuredmedia":[{"embeddable":true,"href":"https:\/\/www.federassantas.org.br\/novosite\/wp-json\/"}],"wp:attachment":[{"href":"https:\/\/www.federassantas.org.br\/novosite\/wp-json\/wp\/v2\/media?parent=14780"}],"wp:term":[{"taxonomy":"category","embeddable":true,"href":"https:\/\/www.federassantas.org.br\/novosite\/wp-json\/wp\/v2\/categories?post=14780"},{"taxonomy":"post_tag","embeddable":true,"href":"https:\/\/www.federassantas.org.br\/novosite\/wp-json\/wp\/v2\/tags?post=14780"}],"curies":[{"name":"wp","href":"https:\/\/api.w.org\/{rel}","templated":true}]}}