{"id":14804,"date":"2018-11-23T18:00:33","date_gmt":"2018-11-23T20:00:33","guid":{"rendered":"https:\/\/federasbackup.meltcomunicacao.com.br\/?p=14804"},"modified":"2018-11-23T18:00:33","modified_gmt":"2018-11-23T20:00:33","slug":"santa-casa-de-montes-claros-realiza-segunda-edicao-do-mutirao-novembro-azul","status":"publish","type":"post","link":"https:\/\/www.federassantas.org.br\/novosite\/santa-casa-de-montes-claros-realiza-segunda-edicao-do-mutirao-novembro-azul\/","title":{"rendered":"Santa Casa de Montes Claros realiza segunda edi\u00e7\u00e3o do mutir\u00e3o Novembro Azul"},"content":{"rendered":"<div dir=\"ltr\" style=\"text-align: justify;\">A Santa Casa de Montes Claros promoveu na manh\u00e3 de hoje, 23, a segunda edi\u00e7\u00e3o do &#8220;Mutir\u00e3o Novembro Azul&#8221;. Ao todo, 127 pessoas foram atendidas.De acordo com o urologista Conrado Leonel Menezes, a a\u00e7\u00e3o superou as expectativas. &#8220;Tivemos uma procura expressiva, o que refor\u00e7a a consci\u00eancia das pessoas em rela\u00e7\u00e3o a preven\u00e7\u00e3o e ao diagn\u00f3stico precoce&#8221;, diz. Ele explica que, ap\u00f3s a consulta e o exame de toque realizado durante a a\u00e7\u00e3o, os pacientes que apresentarem alguma altera\u00e7\u00e3o ser\u00e3o encaminhados para dar andamento ao processo. &#8220;Al\u00e9m do exame de toque, \u00e9 necess\u00e1rio que os pacientes fa\u00e7am o exame de sangue (PSA), que \u00e9 a complementa\u00e7\u00e3o do exame de hoje. Caso o resultado de ambos apresentem alguma modifica\u00e7\u00e3o, os pacientes ser\u00e3o encaminhados para a realiza\u00e7\u00e3o de bi\u00f3psia. Ap\u00f3s isso, confirmado a enfermidade, eles ser\u00e3o encaminhados para o tratamento em si&#8221;, finaliza.<\/div>\n<div dir=\"ltr\" style=\"text-align: justify;\"><\/div>\n<div dir=\"ltr\" style=\"text-align: justify;\">Dentro da programa\u00e7\u00e3o, nos dias 13 e 14 deste m\u00eas, foi realizada a primeira a\u00e7\u00e3o alusiva ao Novembro Azul. Com a coopera\u00e7\u00e3o do Grupo de Trabalho Humanizado (GTH) do hospital e da Barbearia Don Barbone, foi proporcionado uma tarde de cuidados e bem-estar com a sa\u00fade do homem. A iniciativa foi destinada aos colaboradores da Santa Casa. A a\u00e7\u00e3o da Barbearia foi oferecida de forma volunt\u00e1ria.<\/div>\n<div dir=\"ltr\" style=\"text-align: justify;\"><\/div>\n<div dir=\"ltr\" style=\"text-align: justify;\">Finalizando a edi\u00e7\u00e3o deste ano, em parceria com as cl\u00ednicas Radialis e Oncocenter, a Institui\u00e7\u00e3o promover\u00e1 no dia 30 o III Simp\u00f3sio Norte-Mineiro de Uro-Oncologia. O evento contar\u00e1 com a participa\u00e7\u00e3o de especialistas de Montes Claros, Belo Horizonte, S\u00e3o Paulo e Rio de Janeiro.<\/div>\n<div dir=\"ltr\" style=\"text-align: justify;\"><\/div>\n<div dir=\"ltr\" style=\"text-align: justify;\"><strong>ALERTA<\/strong><\/div>\n<div dir=\"ltr\" style=\"text-align: justify;\"><\/div>\n<div dir=\"ltr\" style=\"text-align: justify;\">De acordo com o Instituto Nacional de C\u00e2ncer Jos\u00e9 Alencar Gomes da Silva (INCA), o c\u00e2ncer de pr\u00f3stata est\u00e1 entre os mais incidentes no mundo, chegando a atingir aproximadamente um milh\u00e3o e cem mil habitantes (1,1 milh\u00e3o).\u00a0 Outro dado que o INCA aponta \u00e9 em rela\u00e7\u00e3o a quantidade de casos a cada ano,\u00a0 cerca de 68 mil novos casos para o bi\u00eanio 2018-2019. Esses valores correspondem a um risco estimado de 66,12 casos novos a cada 100 mil homens.<\/p>\n<p>O Superintendente Maur\u00edcio S\u00e9rgio Sousa e Silva, afirma que a Santa Casa de Montes Claros como hospital refer\u00eancia em oncologia, disp\u00f5e de toda tecnologia e profissionais capacitados para atuar na preven\u00e7\u00e3o e no tratamento, visando alcan\u00e7ar o maior n\u00famero de pessoas, trabalhando para a cura e melhoria da qualidade de vida. &#8220;Todos os anos realizamos a\u00e7\u00f5es de preven\u00e7\u00e3o ao c\u00e2ncer de pr\u00f3stata,\u00a0 que \u00e9 o de maior preval\u00eancia entre a popula\u00e7\u00e3o masculina, conscientizando e informando os homens sobre a import\u00e2ncia da realiza\u00e7\u00e3o dos exames&#8221;, diz.<\/p>\n<p>Como inicialmente n\u00e3o h\u00e1 sintomas, os urologistas orientam que todos os homens a partir dos 50 anos sejam avaliados anualmente atrav\u00e9s do toque retal e de dosagens sangu\u00edneas de PSA, para o diagn\u00f3stico da doen\u00e7a. Os que apresentam hist\u00f3rico de c\u00e2ncer de pr\u00f3stata na fam\u00edlia e os da ra\u00e7a negra devem iniciar essa avalia\u00e7\u00e3o aos 45 anos, devido ao maior risco associado. Segundo o INCA, a enfermidade, na maioria dos casos, cresce de forma lenta e n\u00e3o chega a dar sinais. Em outros casos, pode crescer rapidamente, se espalhar para outros \u00f3rg\u00e3os e causar a morte.<\/p>\n<p>Durante a primeira edi\u00e7\u00e3o do Mutir\u00e3o Novembro Azul da Santa Casa, realizado em 2017, foram atendidos 96 pacientes. Seis deles foram considerados casos suspeitos e atualmente 3 est\u00e3o em tratamento oncol\u00f3gico no hospital.<\/p><\/div>\n<div dir=\"ltr\"><\/div>\n<div dir=\"ltr\">\n<figure id=\"attachment_14807\" aria-describedby=\"caption-attachment-14807\" style=\"width: 401px\" class=\"wp-caption alignnone\"><img fetchpriority=\"high\" decoding=\"async\" class=\" wp-image-14807\" src=\"http:\/\/federasbackup.meltcomunicacao.com.br\/wp-content\/uploads\/2018\/11\/Mutir\u00e3o-novembro-azul-2018-300x200.jpg\" alt=\"\" width=\"401\" height=\"267\" \/><figcaption id=\"caption-attachment-14807\" class=\"wp-caption-text\">Doutores Luiz da Paix\u00e3o, Gustavo Carvalho, Evaldo Jener e S\u00e9rgio Rametta durante a a\u00e7\u00e3o.<\/figcaption><\/figure>\n<p>&nbsp;<\/p>\n<p><img decoding=\"async\" class=\" wp-image-14805\" src=\"http:\/\/federasbackup.meltcomunicacao.com.br\/wp-content\/uploads\/2018\/11\/mutir\u00e3o-novembro-azul-2018-1-300x200.jpg\" alt=\"\" width=\"395\" height=\"263\" \/><br \/>\n<span style=\"font-size: 14px;\">Dr. Conrado Leonel Menezes, coordenador geral do evento.<\/span><\/p>\n<\/div>\n","protected":false},"excerpt":{"rendered":"<p>A Santa Casa de Montes Claros promoveu na manh\u00e3 de hoje, 23, a segunda edi\u00e7\u00e3o do &#8220;Mutir\u00e3o Novembro Azul&#8221;. Ao todo, 127 pessoas foram atendidas.De acordo com o urologista Conrado Leonel Menezes, a a\u00e7\u00e3o superou as expectativas. &#8220;Tivemos uma procura expressiva, o que refor\u00e7a a consci\u00eancia das pessoas em rela\u00e7\u00e3o a preven\u00e7\u00e3o e ao diagn\u00f3stico [&hellip;]<\/p>\n","protected":false},"author":1,"featured_media":14808,"comment_status":"open","ping_status":"open","sticky":false,"template":"","format":"standard","meta":{"footnotes":""},"categories":[140,139],"tags":[],"class_list":["post-14804","post","type-post","status-publish","format-standard","has-post-thumbnail","hentry","category-noticias","category-noticias-filiados"],"yoast_head":"<!-- This site is optimized with the Yoast SEO plugin v26.9 - https:\/\/yoast.com\/product\/yoast-seo-wordpress\/ -->\n<title>Santa Casa de Montes Claros realiza segunda edi\u00e7\u00e3o do mutir\u00e3o Novembro Azul - Federassantas<\/title>\n<meta name=\"robots\" content=\"index, follow, max-snippet:-1, max-image-preview:large, max-video-preview:-1\" \/>\n<link rel=\"canonical\" href=\"https:\/\/www.federassantas.org.br\/novosite\/santa-casa-de-montes-claros-realiza-segunda-edicao-do-mutirao-novembro-azul\/\" \/>\n<meta property=\"og:locale\" content=\"pt_BR\" \/>\n<meta property=\"og:type\" content=\"article\" \/>\n<meta property=\"og:title\" content=\"Santa Casa de Montes Claros realiza segunda edi\u00e7\u00e3o do mutir\u00e3o Novembro Azul - Federassantas\" \/>\n<meta property=\"og:description\" content=\"A Santa Casa de Montes Claros promoveu na manh\u00e3 de hoje, 23, a segunda edi\u00e7\u00e3o do &#8220;Mutir\u00e3o Novembro Azul&#8221;. Ao todo, 127 pessoas foram atendidas.De acordo com o urologista Conrado Leonel Menezes, a a\u00e7\u00e3o superou as expectativas. &#8220;Tivemos uma procura expressiva, o que refor\u00e7a a consci\u00eancia das pessoas em rela\u00e7\u00e3o a preven\u00e7\u00e3o e ao diagn\u00f3stico [&hellip;]\" \/>\n<meta property=\"og:url\" content=\"https:\/\/www.federassantas.org.br\/novosite\/santa-casa-de-montes-claros-realiza-segunda-edicao-do-mutirao-novembro-azul\/\" \/>\n<meta property=\"og:site_name\" content=\"Federassantas\" \/>\n<meta property=\"article:published_time\" content=\"2018-11-23T20:00:33+00:00\" \/>\n<meta property=\"og:image\" content=\"https:\/\/www.federassantas.org.br\/novosite\/wp-content\/uploads\/2018\/11\/mutirao-novembro-azul-2018-2-1.jpg\" \/>\n\t<meta property=\"og:image:width\" content=\"960\" \/>\n\t<meta property=\"og:image:height\" content=\"639\" \/>\n\t<meta property=\"og:image:type\" content=\"image\/jpeg\" \/>\n<meta name=\"author\" content=\"admin-federas\" \/>\n<meta name=\"twitter:card\" content=\"summary_large_image\" \/>\n<meta name=\"twitter:label1\" content=\"Escrito por\" \/>\n\t<meta name=\"twitter:data1\" content=\"admin-federas\" \/>\n\t<meta name=\"twitter:label2\" content=\"Est. tempo de leitura\" \/>\n\t<meta name=\"twitter:data2\" content=\"3 minutos\" \/>\n<script type=\"application\/ld+json\" class=\"yoast-schema-graph\">{\"@context\":\"https:\/\/schema.org\",\"@graph\":[{\"@type\":\"Article\",\"@id\":\"https:\/\/www.federassantas.org.br\/novosite\/santa-casa-de-montes-claros-realiza-segunda-edicao-do-mutirao-novembro-azul\/#article\",\"isPartOf\":{\"@id\":\"https:\/\/www.federassantas.org.br\/novosite\/santa-casa-de-montes-claros-realiza-segunda-edicao-do-mutirao-novembro-azul\/\"},\"author\":{\"name\":\"admin-federas\",\"@id\":\"https:\/\/www.federassantas.org.br\/novosite\/#\/schema\/person\/75fed98158349313fe56175f232f513c\"},\"headline\":\"Santa Casa de Montes Claros realiza segunda edi\u00e7\u00e3o do mutir\u00e3o Novembro Azul\",\"datePublished\":\"2018-11-23T20:00:33+00:00\",\"mainEntityOfPage\":{\"@id\":\"https:\/\/www.federassantas.org.br\/novosite\/santa-casa-de-montes-claros-realiza-segunda-edicao-do-mutirao-novembro-azul\/\"},\"wordCount\":648,\"commentCount\":0,\"publisher\":{\"@id\":\"https:\/\/www.federassantas.org.br\/novosite\/#organization\"},\"image\":{\"@id\":\"https:\/\/www.federassantas.org.br\/novosite\/santa-casa-de-montes-claros-realiza-segunda-edicao-do-mutirao-novembro-azul\/#primaryimage\"},\"thumbnailUrl\":\"https:\/\/www.federassantas.org.br\/novosite\/wp-content\/uploads\/2018\/11\/mutirao-novembro-azul-2018-2-1.jpg\",\"articleSection\":[\"Not\u00edcias\",\"Not\u00edcias filiados\"],\"inLanguage\":\"pt-BR\",\"potentialAction\":[{\"@type\":\"CommentAction\",\"name\":\"Comment\",\"target\":[\"https:\/\/www.federassantas.org.br\/novosite\/santa-casa-de-montes-claros-realiza-segunda-edicao-do-mutirao-novembro-azul\/#respond\"]}]},{\"@type\":\"WebPage\",\"@id\":\"https:\/\/www.federassantas.org.br\/novosite\/santa-casa-de-montes-claros-realiza-segunda-edicao-do-mutirao-novembro-azul\/\",\"url\":\"https:\/\/www.federassantas.org.br\/novosite\/santa-casa-de-montes-claros-realiza-segunda-edicao-do-mutirao-novembro-azul\/\",\"name\":\"Santa Casa de Montes Claros realiza segunda edi\u00e7\u00e3o do mutir\u00e3o Novembro Azul - Federassantas\",\"isPartOf\":{\"@id\":\"https:\/\/www.federassantas.org.br\/novosite\/#website\"},\"primaryImageOfPage\":{\"@id\":\"https:\/\/www.federassantas.org.br\/novosite\/santa-casa-de-montes-claros-realiza-segunda-edicao-do-mutirao-novembro-azul\/#primaryimage\"},\"image\":{\"@id\":\"https:\/\/www.federassantas.org.br\/novosite\/santa-casa-de-montes-claros-realiza-segunda-edicao-do-mutirao-novembro-azul\/#primaryimage\"},\"thumbnailUrl\":\"https:\/\/www.federassantas.org.br\/novosite\/wp-content\/uploads\/2018\/11\/mutirao-novembro-azul-2018-2-1.jpg\",\"datePublished\":\"2018-11-23T20:00:33+00:00\",\"breadcrumb\":{\"@id\":\"https:\/\/www.federassantas.org.br\/novosite\/santa-casa-de-montes-claros-realiza-segunda-edicao-do-mutirao-novembro-azul\/#breadcrumb\"},\"inLanguage\":\"pt-BR\",\"potentialAction\":[{\"@type\":\"ReadAction\",\"target\":[\"https:\/\/www.federassantas.org.br\/novosite\/santa-casa-de-montes-claros-realiza-segunda-edicao-do-mutirao-novembro-azul\/\"]}]},{\"@type\":\"ImageObject\",\"inLanguage\":\"pt-BR\",\"@id\":\"https:\/\/www.federassantas.org.br\/novosite\/santa-casa-de-montes-claros-realiza-segunda-edicao-do-mutirao-novembro-azul\/#primaryimage\",\"url\":\"https:\/\/www.federassantas.org.br\/novosite\/wp-content\/uploads\/2018\/11\/mutirao-novembro-azul-2018-2-1.jpg\",\"contentUrl\":\"https:\/\/www.federassantas.org.br\/novosite\/wp-content\/uploads\/2018\/11\/mutirao-novembro-azul-2018-2-1.jpg\",\"width\":960,\"height\":639},{\"@type\":\"BreadcrumbList\",\"@id\":\"https:\/\/www.federassantas.org.br\/novosite\/santa-casa-de-montes-claros-realiza-segunda-edicao-do-mutirao-novembro-azul\/#breadcrumb\",\"itemListElement\":[{\"@type\":\"ListItem\",\"position\":1,\"name\":\"In\u00edcio\",\"item\":\"https:\/\/www.federassantas.org.br\/novosite\/\"},{\"@type\":\"ListItem\",\"position\":2,\"name\":\"Santa Casa de Montes Claros realiza segunda edi\u00e7\u00e3o do mutir\u00e3o Novembro Azul\"}]},{\"@type\":\"WebSite\",\"@id\":\"https:\/\/www.federassantas.org.br\/novosite\/#website\",\"url\":\"https:\/\/www.federassantas.org.br\/novosite\/\",\"name\":\"Federassantas\",\"description\":\"Fed. das Santas Casas e Hospitais Filantr\u00f3picos de MG\",\"publisher\":{\"@id\":\"https:\/\/www.federassantas.org.br\/novosite\/#organization\"},\"potentialAction\":[{\"@type\":\"SearchAction\",\"target\":{\"@type\":\"EntryPoint\",\"urlTemplate\":\"https:\/\/www.federassantas.org.br\/novosite\/?s={search_term_string}\"},\"query-input\":{\"@type\":\"PropertyValueSpecification\",\"valueRequired\":true,\"valueName\":\"search_term_string\"}}],\"inLanguage\":\"pt-BR\"},{\"@type\":\"Organization\",\"@id\":\"https:\/\/www.federassantas.org.br\/novosite\/#organization\",\"name\":\"Federassantas\",\"url\":\"https:\/\/www.federassantas.org.br\/novosite\/\",\"logo\":{\"@type\":\"ImageObject\",\"inLanguage\":\"pt-BR\",\"@id\":\"https:\/\/www.federassantas.org.br\/novosite\/#\/schema\/logo\/image\/\",\"url\":\"https:\/\/www.federassantas.org.br\/novosite\/wp-content\/uploads\/2021\/12\/logo.png\",\"contentUrl\":\"https:\/\/www.federassantas.org.br\/novosite\/wp-content\/uploads\/2021\/12\/logo.png\",\"width\":243,\"height\":59,\"caption\":\"Federassantas\"},\"image\":{\"@id\":\"https:\/\/www.federassantas.org.br\/novosite\/#\/schema\/logo\/image\/\"}},{\"@type\":\"Person\",\"@id\":\"https:\/\/www.federassantas.org.br\/novosite\/#\/schema\/person\/75fed98158349313fe56175f232f513c\",\"name\":\"admin-federas\",\"image\":{\"@type\":\"ImageObject\",\"inLanguage\":\"pt-BR\",\"@id\":\"https:\/\/www.federassantas.org.br\/novosite\/#\/schema\/person\/image\/\",\"url\":\"https:\/\/secure.gravatar.com\/avatar\/2a02d7dda59fe8dc6b7ffd3f652e2efede5ccf0dd89dfdc8137c5517f3de8407?s=96&d=mm&r=g\",\"contentUrl\":\"https:\/\/secure.gravatar.com\/avatar\/2a02d7dda59fe8dc6b7ffd3f652e2efede5ccf0dd89dfdc8137c5517f3de8407?s=96&d=mm&r=g\",\"caption\":\"admin-federas\"},\"sameAs\":[\"https:\/\/www.federassantas.org.br\/novosite\/\"],\"url\":\"https:\/\/www.federassantas.org.br\/novosite\/author\/admin-federas\/\"}]}<\/script>\n<!-- \/ Yoast SEO plugin. -->","yoast_head_json":{"title":"Santa Casa de Montes Claros realiza segunda edi\u00e7\u00e3o do mutir\u00e3o Novembro Azul - Federassantas","robots":{"index":"index","follow":"follow","max-snippet":"max-snippet:-1","max-image-preview":"max-image-preview:large","max-video-preview":"max-video-preview:-1"},"canonical":"https:\/\/www.federassantas.org.br\/novosite\/santa-casa-de-montes-claros-realiza-segunda-edicao-do-mutirao-novembro-azul\/","og_locale":"pt_BR","og_type":"article","og_title":"Santa Casa de Montes Claros realiza segunda edi\u00e7\u00e3o do mutir\u00e3o Novembro Azul - Federassantas","og_description":"A Santa Casa de Montes Claros promoveu na manh\u00e3 de hoje, 23, a segunda edi\u00e7\u00e3o do &#8220;Mutir\u00e3o Novembro Azul&#8221;. Ao todo, 127 pessoas foram atendidas.De acordo com o urologista Conrado Leonel Menezes, a a\u00e7\u00e3o superou as expectativas. &#8220;Tivemos uma procura expressiva, o que refor\u00e7a a consci\u00eancia das pessoas em rela\u00e7\u00e3o a preven\u00e7\u00e3o e ao diagn\u00f3stico [&hellip;]","og_url":"https:\/\/www.federassantas.org.br\/novosite\/santa-casa-de-montes-claros-realiza-segunda-edicao-do-mutirao-novembro-azul\/","og_site_name":"Federassantas","article_published_time":"2018-11-23T20:00:33+00:00","og_image":[{"width":960,"height":639,"url":"https:\/\/www.federassantas.org.br\/novosite\/wp-content\/uploads\/2018\/11\/mutirao-novembro-azul-2018-2-1.jpg","type":"image\/jpeg"}],"author":"admin-federas","twitter_card":"summary_large_image","twitter_misc":{"Escrito por":"admin-federas","Est. tempo de leitura":"3 minutos"},"schema":{"@context":"https:\/\/schema.org","@graph":[{"@type":"Article","@id":"https:\/\/www.federassantas.org.br\/novosite\/santa-casa-de-montes-claros-realiza-segunda-edicao-do-mutirao-novembro-azul\/#article","isPartOf":{"@id":"https:\/\/www.federassantas.org.br\/novosite\/santa-casa-de-montes-claros-realiza-segunda-edicao-do-mutirao-novembro-azul\/"},"author":{"name":"admin-federas","@id":"https:\/\/www.federassantas.org.br\/novosite\/#\/schema\/person\/75fed98158349313fe56175f232f513c"},"headline":"Santa Casa de Montes Claros realiza segunda edi\u00e7\u00e3o do mutir\u00e3o Novembro Azul","datePublished":"2018-11-23T20:00:33+00:00","mainEntityOfPage":{"@id":"https:\/\/www.federassantas.org.br\/novosite\/santa-casa-de-montes-claros-realiza-segunda-edicao-do-mutirao-novembro-azul\/"},"wordCount":648,"commentCount":0,"publisher":{"@id":"https:\/\/www.federassantas.org.br\/novosite\/#organization"},"image":{"@id":"https:\/\/www.federassantas.org.br\/novosite\/santa-casa-de-montes-claros-realiza-segunda-edicao-do-mutirao-novembro-azul\/#primaryimage"},"thumbnailUrl":"https:\/\/www.federassantas.org.br\/novosite\/wp-content\/uploads\/2018\/11\/mutirao-novembro-azul-2018-2-1.jpg","articleSection":["Not\u00edcias","Not\u00edcias filiados"],"inLanguage":"pt-BR","potentialAction":[{"@type":"CommentAction","name":"Comment","target":["https:\/\/www.federassantas.org.br\/novosite\/santa-casa-de-montes-claros-realiza-segunda-edicao-do-mutirao-novembro-azul\/#respond"]}]},{"@type":"WebPage","@id":"https:\/\/www.federassantas.org.br\/novosite\/santa-casa-de-montes-claros-realiza-segunda-edicao-do-mutirao-novembro-azul\/","url":"https:\/\/www.federassantas.org.br\/novosite\/santa-casa-de-montes-claros-realiza-segunda-edicao-do-mutirao-novembro-azul\/","name":"Santa Casa de Montes Claros realiza segunda edi\u00e7\u00e3o do mutir\u00e3o Novembro Azul - Federassantas","isPartOf":{"@id":"https:\/\/www.federassantas.org.br\/novosite\/#website"},"primaryImageOfPage":{"@id":"https:\/\/www.federassantas.org.br\/novosite\/santa-casa-de-montes-claros-realiza-segunda-edicao-do-mutirao-novembro-azul\/#primaryimage"},"image":{"@id":"https:\/\/www.federassantas.org.br\/novosite\/santa-casa-de-montes-claros-realiza-segunda-edicao-do-mutirao-novembro-azul\/#primaryimage"},"thumbnailUrl":"https:\/\/www.federassantas.org.br\/novosite\/wp-content\/uploads\/2018\/11\/mutirao-novembro-azul-2018-2-1.jpg","datePublished":"2018-11-23T20:00:33+00:00","breadcrumb":{"@id":"https:\/\/www.federassantas.org.br\/novosite\/santa-casa-de-montes-claros-realiza-segunda-edicao-do-mutirao-novembro-azul\/#breadcrumb"},"inLanguage":"pt-BR","potentialAction":[{"@type":"ReadAction","target":["https:\/\/www.federassantas.org.br\/novosite\/santa-casa-de-montes-claros-realiza-segunda-edicao-do-mutirao-novembro-azul\/"]}]},{"@type":"ImageObject","inLanguage":"pt-BR","@id":"https:\/\/www.federassantas.org.br\/novosite\/santa-casa-de-montes-claros-realiza-segunda-edicao-do-mutirao-novembro-azul\/#primaryimage","url":"https:\/\/www.federassantas.org.br\/novosite\/wp-content\/uploads\/2018\/11\/mutirao-novembro-azul-2018-2-1.jpg","contentUrl":"https:\/\/www.federassantas.org.br\/novosite\/wp-content\/uploads\/2018\/11\/mutirao-novembro-azul-2018-2-1.jpg","width":960,"height":639},{"@type":"BreadcrumbList","@id":"https:\/\/www.federassantas.org.br\/novosite\/santa-casa-de-montes-claros-realiza-segunda-edicao-do-mutirao-novembro-azul\/#breadcrumb","itemListElement":[{"@type":"ListItem","position":1,"name":"In\u00edcio","item":"https:\/\/www.federassantas.org.br\/novosite\/"},{"@type":"ListItem","position":2,"name":"Santa Casa de Montes Claros realiza segunda edi\u00e7\u00e3o do mutir\u00e3o Novembro Azul"}]},{"@type":"WebSite","@id":"https:\/\/www.federassantas.org.br\/novosite\/#website","url":"https:\/\/www.federassantas.org.br\/novosite\/","name":"Federassantas","description":"Fed. das Santas Casas e Hospitais Filantr\u00f3picos de MG","publisher":{"@id":"https:\/\/www.federassantas.org.br\/novosite\/#organization"},"potentialAction":[{"@type":"SearchAction","target":{"@type":"EntryPoint","urlTemplate":"https:\/\/www.federassantas.org.br\/novosite\/?s={search_term_string}"},"query-input":{"@type":"PropertyValueSpecification","valueRequired":true,"valueName":"search_term_string"}}],"inLanguage":"pt-BR"},{"@type":"Organization","@id":"https:\/\/www.federassantas.org.br\/novosite\/#organization","name":"Federassantas","url":"https:\/\/www.federassantas.org.br\/novosite\/","logo":{"@type":"ImageObject","inLanguage":"pt-BR","@id":"https:\/\/www.federassantas.org.br\/novosite\/#\/schema\/logo\/image\/","url":"https:\/\/www.federassantas.org.br\/novosite\/wp-content\/uploads\/2021\/12\/logo.png","contentUrl":"https:\/\/www.federassantas.org.br\/novosite\/wp-content\/uploads\/2021\/12\/logo.png","width":243,"height":59,"caption":"Federassantas"},"image":{"@id":"https:\/\/www.federassantas.org.br\/novosite\/#\/schema\/logo\/image\/"}},{"@type":"Person","@id":"https:\/\/www.federassantas.org.br\/novosite\/#\/schema\/person\/75fed98158349313fe56175f232f513c","name":"admin-federas","image":{"@type":"ImageObject","inLanguage":"pt-BR","@id":"https:\/\/www.federassantas.org.br\/novosite\/#\/schema\/person\/image\/","url":"https:\/\/secure.gravatar.com\/avatar\/2a02d7dda59fe8dc6b7ffd3f652e2efede5ccf0dd89dfdc8137c5517f3de8407?s=96&d=mm&r=g","contentUrl":"https:\/\/secure.gravatar.com\/avatar\/2a02d7dda59fe8dc6b7ffd3f652e2efede5ccf0dd89dfdc8137c5517f3de8407?s=96&d=mm&r=g","caption":"admin-federas"},"sameAs":["https:\/\/www.federassantas.org.br\/novosite\/"],"url":"https:\/\/www.federassantas.org.br\/novosite\/author\/admin-federas\/"}]}},"_links":{"self":[{"href":"https:\/\/www.federassantas.org.br\/novosite\/wp-json\/wp\/v2\/posts\/14804","targetHints":{"allow":["GET"]}}],"collection":[{"href":"https:\/\/www.federassantas.org.br\/novosite\/wp-json\/wp\/v2\/posts"}],"about":[{"href":"https:\/\/www.federassantas.org.br\/novosite\/wp-json\/wp\/v2\/types\/post"}],"author":[{"embeddable":true,"href":"https:\/\/www.federassantas.org.br\/novosite\/wp-json\/wp\/v2\/users\/1"}],"replies":[{"embeddable":true,"href":"https:\/\/www.federassantas.org.br\/novosite\/wp-json\/wp\/v2\/comments?post=14804"}],"version-history":[{"count":0,"href":"https:\/\/www.federassantas.org.br\/novosite\/wp-json\/wp\/v2\/posts\/14804\/revisions"}],"wp:featuredmedia":[{"embeddable":true,"href":"https:\/\/www.federassantas.org.br\/novosite\/wp-json\/wp\/v2\/media\/14808"}],"wp:attachment":[{"href":"https:\/\/www.federassantas.org.br\/novosite\/wp-json\/wp\/v2\/media?parent=14804"}],"wp:term":[{"taxonomy":"category","embeddable":true,"href":"https:\/\/www.federassantas.org.br\/novosite\/wp-json\/wp\/v2\/categories?post=14804"},{"taxonomy":"post_tag","embeddable":true,"href":"https:\/\/www.federassantas.org.br\/novosite\/wp-json\/wp\/v2\/tags?post=14804"}],"curies":[{"name":"wp","href":"https:\/\/api.w.org\/{rel}","templated":true}]}}