{"id":14810,"date":"2018-11-23T18:06:16","date_gmt":"2018-11-23T20:06:16","guid":{"rendered":"https:\/\/federasbackup.meltcomunicacao.com.br\/?p=14810"},"modified":"2018-11-23T18:06:16","modified_gmt":"2018-11-23T20:06:16","slug":"santa-casa-de-ouro-preto-realiza-a-4o-captacao-de-multiplos-orgaos","status":"publish","type":"post","link":"https:\/\/www.federassantas.org.br\/novosite\/santa-casa-de-ouro-preto-realiza-a-4o-captacao-de-multiplos-orgaos\/","title":{"rendered":"Santa Casa de Ouro Preto realiza a 4\u00ba Capta\u00e7\u00e3o de M\u00faltiplos \u00d3rg\u00e3os"},"content":{"rendered":"<p style=\"text-align: justify;\">A Santa Casa da Miseric\u00f3rdia de Ouro Preto, em parceria com a MG Transplantes, realizou na manh\u00e3 desta quinta-feira (22), a quarta capta\u00e7\u00e3o de m\u00faltiplos \u00f3rg\u00e3os para transplantes.<\/p>\n<p style=\"text-align: justify;\">Todo o procedimento foi feito ap\u00f3s a permiss\u00e3o da fam\u00edlia. A doa\u00e7\u00e3o ir\u00e1 beneficiar e melhorar a qualidade de vida de pessoas que est\u00e3o na fila \u00e0 espera de um transplante a partir deste ato de amor ao pr\u00f3ximo. O paciente tinha 57 anos e teve a morte encef\u00e1lica confirmada por meio de exames realizados seguindo rigorosamente todos os itens descritos em um protocolo espec\u00edfico.<\/p>\n<p style=\"text-align: justify;\">O trabalho desempenhado por toda equipe da UTI (t\u00e9cnicos, enfermeiros, administrativos e equipe multidisciplinar), juntamente com a CIHDOTT (Comiss\u00e3o Intra-Hospitalar de Doa\u00e7\u00e3o de \u00d3rg\u00e3os e Tecidos para Transplantes), do Bloco Cir\u00fargico, equipe do Hospital Fel\u00edcio Roxo e do Corpo de Bombeiros, reflete o compromisso assumido pela Santa Casa em prestar um atendimento de qualidade.<\/p>\n<p style=\"text-align: justify;\">O Dr. Jacques Gabriel, coordenador da UTI, fala sobre a import\u00e2ncia da doa\u00e7\u00e3o: \u201cum \u00fanico paciente que permite a doa\u00e7\u00e3o, beneficia m\u00faltiplas pessoas e m\u00faltiplas fam\u00edlias, pois \u00e9 uma nova esperan\u00e7a e expectativa de vida\u201d. A equipe da Santa Casa de Ouro Preto refor\u00e7a que a doa\u00e7\u00e3o de \u00f3rg\u00e3os possibilita aliviar o sofrimento de quem est\u00e1 na lista de espera, proporcionando uma melhor qualidade de vida a esses receptores.<\/p>\n<p style=\"text-align: justify;\">Vale ressaltar a import\u00e2ncia das pessoas manifestar seu desejo de doar \u00f3rg\u00e3os: o primeiro passo para voc\u00ea se tornar um doador \u00e9 conversando com a sua fam\u00edlia e deixando claro o desejo. N\u00e3o \u00e9 necess\u00e1rio deixar nada por escrito, mas os familiares devem se comprometer a autorizar a doa\u00e7\u00e3o por escrito ap\u00f3s a morte. Para isso, nossa equipe trabalha constantemente o di\u00e1logo, que \u00e9 o diferencial para o aumento da capta\u00e7\u00e3o.<\/p>\n<figure id=\"attachment_14812\" aria-describedby=\"caption-attachment-14812\" style=\"width: 400px\" class=\"wp-caption alignnone\"><img fetchpriority=\"high\" decoding=\"async\" class=\" wp-image-14812\" src=\"http:\/\/federasbackup.meltcomunicacao.com.br\/wp-content\/uploads\/2018\/11\/WhatsApp-Image-2018-11-22-at-12.01.16-300x225.jpeg\" alt=\"\" width=\"400\" height=\"300\" srcset=\"https:\/\/www.federassantas.org.br\/novosite\/wp-content\/uploads\/2018\/11\/WhatsApp-Image-2018-11-22-at-12.01.16-300x225.jpeg 300w, https:\/\/www.federassantas.org.br\/novosite\/wp-content\/uploads\/2018\/11\/WhatsApp-Image-2018-11-22-at-12.01.16-768x576.jpeg 768w, https:\/\/www.federassantas.org.br\/novosite\/wp-content\/uploads\/2018\/11\/WhatsApp-Image-2018-11-22-at-12.01.16.jpeg 1024w\" sizes=\"(max-width: 400px) 100vw, 400px\" \/><figcaption id=\"caption-attachment-14812\" class=\"wp-caption-text\">Equipe interna do bloco cir\u00fargico da Santa Casa da Miseric\u00f3rdia de Ouro Preto, equipe de m\u00e9dicos e enfermeira do Hospital Fel\u00edcio Roxo e representante do Corpo de Bombeiros<\/figcaption><\/figure>\n<figure id=\"attachment_14813\" aria-describedby=\"caption-attachment-14813\" style=\"width: 404px\" class=\"wp-caption alignnone\"><img decoding=\"async\" class=\" wp-image-14813\" src=\"http:\/\/federasbackup.meltcomunicacao.com.br\/wp-content\/uploads\/2018\/11\/WhatsApp-Image-2018-11-22-at-12.11.00-300x225.jpeg\" alt=\"\" width=\"404\" height=\"303\" srcset=\"https:\/\/www.federassantas.org.br\/novosite\/wp-content\/uploads\/2018\/11\/WhatsApp-Image-2018-11-22-at-12.11.00-300x225.jpeg 300w, https:\/\/www.federassantas.org.br\/novosite\/wp-content\/uploads\/2018\/11\/WhatsApp-Image-2018-11-22-at-12.11.00-768x576.jpeg 768w, https:\/\/www.federassantas.org.br\/novosite\/wp-content\/uploads\/2018\/11\/WhatsApp-Image-2018-11-22-at-12.11.00.jpeg 1024w\" sizes=\"(max-width: 404px) 100vw, 404px\" \/><figcaption id=\"caption-attachment-14813\" class=\"wp-caption-text\">Na foto da esquerda para direita: Tenente Wilker Tadeu (Corpo de Bombeiros), M\u00e1rcia Oliveira (Enfermeira), Capit\u00e3 Karla Lessa (Piloto do Corpo de Bombeiros), Dr. Silv\u00e9rio Garcia (Cirurgi\u00e3o<br \/>Geral), Dr. Jos\u00e9 Davi Alvorado (Cirurgi\u00e3o Geral), Cabo BM Daniel Oliveira (Corpo de Bombeiros).<\/figcaption><\/figure>\n<p>&nbsp;<\/p>\n<p><em>Fonte:\u00a0Comunica\u00e7\u00e3o &#8211;\u00a0Santa Casa da Miseric\u00f3rdia de Ouro Preto<\/em><\/p>\n","protected":false},"excerpt":{"rendered":"<p>A Santa Casa da Miseric\u00f3rdia de Ouro Preto, em parceria com a MG Transplantes, realizou na manh\u00e3 desta quinta-feira (22), a quarta capta\u00e7\u00e3o de m\u00faltiplos \u00f3rg\u00e3os para transplantes. Todo o procedimento foi feito ap\u00f3s a permiss\u00e3o da fam\u00edlia. A doa\u00e7\u00e3o ir\u00e1 beneficiar e melhorar a qualidade de vida de pessoas que est\u00e3o na fila \u00e0 [&hellip;]<\/p>\n","protected":false},"author":1,"featured_media":14811,"comment_status":"open","ping_status":"open","sticky":false,"template":"","format":"standard","meta":{"footnotes":""},"categories":[140,139],"tags":[],"class_list":["post-14810","post","type-post","status-publish","format-standard","has-post-thumbnail","hentry","category-noticias","category-noticias-filiados"],"yoast_head":"<!-- This site is optimized with the Yoast SEO plugin v26.9 - https:\/\/yoast.com\/product\/yoast-seo-wordpress\/ -->\n<title>Santa Casa de Ouro Preto realiza a 4\u00ba Capta\u00e7\u00e3o de M\u00faltiplos \u00d3rg\u00e3os - Federassantas<\/title>\n<meta name=\"robots\" content=\"index, follow, max-snippet:-1, max-image-preview:large, max-video-preview:-1\" \/>\n<link rel=\"canonical\" href=\"https:\/\/www.federassantas.org.br\/novosite\/santa-casa-de-ouro-preto-realiza-a-4o-captacao-de-multiplos-orgaos\/\" \/>\n<meta property=\"og:locale\" content=\"pt_BR\" \/>\n<meta property=\"og:type\" content=\"article\" \/>\n<meta property=\"og:title\" content=\"Santa Casa de Ouro Preto realiza a 4\u00ba Capta\u00e7\u00e3o de M\u00faltiplos \u00d3rg\u00e3os - Federassantas\" \/>\n<meta property=\"og:description\" content=\"A Santa Casa da Miseric\u00f3rdia de Ouro Preto, em parceria com a MG Transplantes, realizou na manh\u00e3 desta quinta-feira (22), a quarta capta\u00e7\u00e3o de m\u00faltiplos \u00f3rg\u00e3os para transplantes. Todo o procedimento foi feito ap\u00f3s a permiss\u00e3o da fam\u00edlia. A doa\u00e7\u00e3o ir\u00e1 beneficiar e melhorar a qualidade de vida de pessoas que est\u00e3o na fila \u00e0 [&hellip;]\" \/>\n<meta property=\"og:url\" content=\"https:\/\/www.federassantas.org.br\/novosite\/santa-casa-de-ouro-preto-realiza-a-4o-captacao-de-multiplos-orgaos\/\" \/>\n<meta property=\"og:site_name\" content=\"Federassantas\" \/>\n<meta property=\"article:published_time\" content=\"2018-11-23T20:06:16+00:00\" \/>\n<meta property=\"og:image\" content=\"https:\/\/www.federassantas.org.br\/novosite\/wp-content\/uploads\/2018\/11\/WhatsApp-Image-2018-11-22-at-12.01.16-1.jpeg\" \/>\n\t<meta property=\"og:image:width\" content=\"1024\" \/>\n\t<meta property=\"og:image:height\" content=\"768\" \/>\n\t<meta property=\"og:image:type\" content=\"image\/jpeg\" \/>\n<meta name=\"author\" content=\"admin-federas\" \/>\n<meta name=\"twitter:card\" content=\"summary_large_image\" \/>\n<meta name=\"twitter:label1\" content=\"Escrito por\" \/>\n\t<meta name=\"twitter:data1\" content=\"admin-federas\" \/>\n\t<meta name=\"twitter:label2\" content=\"Est. tempo de leitura\" \/>\n\t<meta name=\"twitter:data2\" content=\"2 minutos\" \/>\n<script type=\"application\/ld+json\" class=\"yoast-schema-graph\">{\"@context\":\"https:\/\/schema.org\",\"@graph\":[{\"@type\":\"Article\",\"@id\":\"https:\/\/www.federassantas.org.br\/novosite\/santa-casa-de-ouro-preto-realiza-a-4o-captacao-de-multiplos-orgaos\/#article\",\"isPartOf\":{\"@id\":\"https:\/\/www.federassantas.org.br\/novosite\/santa-casa-de-ouro-preto-realiza-a-4o-captacao-de-multiplos-orgaos\/\"},\"author\":{\"name\":\"admin-federas\",\"@id\":\"https:\/\/www.federassantas.org.br\/novosite\/#\/schema\/person\/75fed98158349313fe56175f232f513c\"},\"headline\":\"Santa Casa de Ouro Preto realiza a 4\u00ba Capta\u00e7\u00e3o de M\u00faltiplos \u00d3rg\u00e3os\",\"datePublished\":\"2018-11-23T20:06:16+00:00\",\"mainEntityOfPage\":{\"@id\":\"https:\/\/www.federassantas.org.br\/novosite\/santa-casa-de-ouro-preto-realiza-a-4o-captacao-de-multiplos-orgaos\/\"},\"wordCount\":434,\"commentCount\":0,\"publisher\":{\"@id\":\"https:\/\/www.federassantas.org.br\/novosite\/#organization\"},\"image\":{\"@id\":\"https:\/\/www.federassantas.org.br\/novosite\/santa-casa-de-ouro-preto-realiza-a-4o-captacao-de-multiplos-orgaos\/#primaryimage\"},\"thumbnailUrl\":\"https:\/\/www.federassantas.org.br\/novosite\/wp-content\/uploads\/2018\/11\/WhatsApp-Image-2018-11-22-at-12.01.16-1.jpeg\",\"articleSection\":[\"Not\u00edcias\",\"Not\u00edcias filiados\"],\"inLanguage\":\"pt-BR\",\"potentialAction\":[{\"@type\":\"CommentAction\",\"name\":\"Comment\",\"target\":[\"https:\/\/www.federassantas.org.br\/novosite\/santa-casa-de-ouro-preto-realiza-a-4o-captacao-de-multiplos-orgaos\/#respond\"]}]},{\"@type\":\"WebPage\",\"@id\":\"https:\/\/www.federassantas.org.br\/novosite\/santa-casa-de-ouro-preto-realiza-a-4o-captacao-de-multiplos-orgaos\/\",\"url\":\"https:\/\/www.federassantas.org.br\/novosite\/santa-casa-de-ouro-preto-realiza-a-4o-captacao-de-multiplos-orgaos\/\",\"name\":\"Santa Casa de Ouro Preto realiza a 4\u00ba Capta\u00e7\u00e3o de M\u00faltiplos \u00d3rg\u00e3os - Federassantas\",\"isPartOf\":{\"@id\":\"https:\/\/www.federassantas.org.br\/novosite\/#website\"},\"primaryImageOfPage\":{\"@id\":\"https:\/\/www.federassantas.org.br\/novosite\/santa-casa-de-ouro-preto-realiza-a-4o-captacao-de-multiplos-orgaos\/#primaryimage\"},\"image\":{\"@id\":\"https:\/\/www.federassantas.org.br\/novosite\/santa-casa-de-ouro-preto-realiza-a-4o-captacao-de-multiplos-orgaos\/#primaryimage\"},\"thumbnailUrl\":\"https:\/\/www.federassantas.org.br\/novosite\/wp-content\/uploads\/2018\/11\/WhatsApp-Image-2018-11-22-at-12.01.16-1.jpeg\",\"datePublished\":\"2018-11-23T20:06:16+00:00\",\"breadcrumb\":{\"@id\":\"https:\/\/www.federassantas.org.br\/novosite\/santa-casa-de-ouro-preto-realiza-a-4o-captacao-de-multiplos-orgaos\/#breadcrumb\"},\"inLanguage\":\"pt-BR\",\"potentialAction\":[{\"@type\":\"ReadAction\",\"target\":[\"https:\/\/www.federassantas.org.br\/novosite\/santa-casa-de-ouro-preto-realiza-a-4o-captacao-de-multiplos-orgaos\/\"]}]},{\"@type\":\"ImageObject\",\"inLanguage\":\"pt-BR\",\"@id\":\"https:\/\/www.federassantas.org.br\/novosite\/santa-casa-de-ouro-preto-realiza-a-4o-captacao-de-multiplos-orgaos\/#primaryimage\",\"url\":\"https:\/\/www.federassantas.org.br\/novosite\/wp-content\/uploads\/2018\/11\/WhatsApp-Image-2018-11-22-at-12.01.16-1.jpeg\",\"contentUrl\":\"https:\/\/www.federassantas.org.br\/novosite\/wp-content\/uploads\/2018\/11\/WhatsApp-Image-2018-11-22-at-12.01.16-1.jpeg\",\"width\":1024,\"height\":768},{\"@type\":\"BreadcrumbList\",\"@id\":\"https:\/\/www.federassantas.org.br\/novosite\/santa-casa-de-ouro-preto-realiza-a-4o-captacao-de-multiplos-orgaos\/#breadcrumb\",\"itemListElement\":[{\"@type\":\"ListItem\",\"position\":1,\"name\":\"In\u00edcio\",\"item\":\"https:\/\/www.federassantas.org.br\/novosite\/\"},{\"@type\":\"ListItem\",\"position\":2,\"name\":\"Santa Casa de Ouro Preto realiza a 4\u00ba Capta\u00e7\u00e3o de M\u00faltiplos \u00d3rg\u00e3os\"}]},{\"@type\":\"WebSite\",\"@id\":\"https:\/\/www.federassantas.org.br\/novosite\/#website\",\"url\":\"https:\/\/www.federassantas.org.br\/novosite\/\",\"name\":\"Federassantas\",\"description\":\"Fed. das Santas Casas e Hospitais Filantr\u00f3picos de MG\",\"publisher\":{\"@id\":\"https:\/\/www.federassantas.org.br\/novosite\/#organization\"},\"potentialAction\":[{\"@type\":\"SearchAction\",\"target\":{\"@type\":\"EntryPoint\",\"urlTemplate\":\"https:\/\/www.federassantas.org.br\/novosite\/?s={search_term_string}\"},\"query-input\":{\"@type\":\"PropertyValueSpecification\",\"valueRequired\":true,\"valueName\":\"search_term_string\"}}],\"inLanguage\":\"pt-BR\"},{\"@type\":\"Organization\",\"@id\":\"https:\/\/www.federassantas.org.br\/novosite\/#organization\",\"name\":\"Federassantas\",\"url\":\"https:\/\/www.federassantas.org.br\/novosite\/\",\"logo\":{\"@type\":\"ImageObject\",\"inLanguage\":\"pt-BR\",\"@id\":\"https:\/\/www.federassantas.org.br\/novosite\/#\/schema\/logo\/image\/\",\"url\":\"https:\/\/www.federassantas.org.br\/novosite\/wp-content\/uploads\/2021\/12\/logo.png\",\"contentUrl\":\"https:\/\/www.federassantas.org.br\/novosite\/wp-content\/uploads\/2021\/12\/logo.png\",\"width\":243,\"height\":59,\"caption\":\"Federassantas\"},\"image\":{\"@id\":\"https:\/\/www.federassantas.org.br\/novosite\/#\/schema\/logo\/image\/\"}},{\"@type\":\"Person\",\"@id\":\"https:\/\/www.federassantas.org.br\/novosite\/#\/schema\/person\/75fed98158349313fe56175f232f513c\",\"name\":\"admin-federas\",\"image\":{\"@type\":\"ImageObject\",\"inLanguage\":\"pt-BR\",\"@id\":\"https:\/\/www.federassantas.org.br\/novosite\/#\/schema\/person\/image\/\",\"url\":\"https:\/\/secure.gravatar.com\/avatar\/2a02d7dda59fe8dc6b7ffd3f652e2efede5ccf0dd89dfdc8137c5517f3de8407?s=96&d=mm&r=g\",\"contentUrl\":\"https:\/\/secure.gravatar.com\/avatar\/2a02d7dda59fe8dc6b7ffd3f652e2efede5ccf0dd89dfdc8137c5517f3de8407?s=96&d=mm&r=g\",\"caption\":\"admin-federas\"},\"sameAs\":[\"https:\/\/www.federassantas.org.br\/novosite\/\"],\"url\":\"https:\/\/www.federassantas.org.br\/novosite\/author\/admin-federas\/\"}]}<\/script>\n<!-- \/ Yoast SEO plugin. -->","yoast_head_json":{"title":"Santa Casa de Ouro Preto realiza a 4\u00ba Capta\u00e7\u00e3o de M\u00faltiplos \u00d3rg\u00e3os - Federassantas","robots":{"index":"index","follow":"follow","max-snippet":"max-snippet:-1","max-image-preview":"max-image-preview:large","max-video-preview":"max-video-preview:-1"},"canonical":"https:\/\/www.federassantas.org.br\/novosite\/santa-casa-de-ouro-preto-realiza-a-4o-captacao-de-multiplos-orgaos\/","og_locale":"pt_BR","og_type":"article","og_title":"Santa Casa de Ouro Preto realiza a 4\u00ba Capta\u00e7\u00e3o de M\u00faltiplos \u00d3rg\u00e3os - Federassantas","og_description":"A Santa Casa da Miseric\u00f3rdia de Ouro Preto, em parceria com a MG Transplantes, realizou na manh\u00e3 desta quinta-feira (22), a quarta capta\u00e7\u00e3o de m\u00faltiplos \u00f3rg\u00e3os para transplantes. Todo o procedimento foi feito ap\u00f3s a permiss\u00e3o da fam\u00edlia. A doa\u00e7\u00e3o ir\u00e1 beneficiar e melhorar a qualidade de vida de pessoas que est\u00e3o na fila \u00e0 [&hellip;]","og_url":"https:\/\/www.federassantas.org.br\/novosite\/santa-casa-de-ouro-preto-realiza-a-4o-captacao-de-multiplos-orgaos\/","og_site_name":"Federassantas","article_published_time":"2018-11-23T20:06:16+00:00","og_image":[{"width":1024,"height":768,"url":"https:\/\/www.federassantas.org.br\/novosite\/wp-content\/uploads\/2018\/11\/WhatsApp-Image-2018-11-22-at-12.01.16-1.jpeg","type":"image\/jpeg"}],"author":"admin-federas","twitter_card":"summary_large_image","twitter_misc":{"Escrito por":"admin-federas","Est. tempo de leitura":"2 minutos"},"schema":{"@context":"https:\/\/schema.org","@graph":[{"@type":"Article","@id":"https:\/\/www.federassantas.org.br\/novosite\/santa-casa-de-ouro-preto-realiza-a-4o-captacao-de-multiplos-orgaos\/#article","isPartOf":{"@id":"https:\/\/www.federassantas.org.br\/novosite\/santa-casa-de-ouro-preto-realiza-a-4o-captacao-de-multiplos-orgaos\/"},"author":{"name":"admin-federas","@id":"https:\/\/www.federassantas.org.br\/novosite\/#\/schema\/person\/75fed98158349313fe56175f232f513c"},"headline":"Santa Casa de Ouro Preto realiza a 4\u00ba Capta\u00e7\u00e3o de M\u00faltiplos \u00d3rg\u00e3os","datePublished":"2018-11-23T20:06:16+00:00","mainEntityOfPage":{"@id":"https:\/\/www.federassantas.org.br\/novosite\/santa-casa-de-ouro-preto-realiza-a-4o-captacao-de-multiplos-orgaos\/"},"wordCount":434,"commentCount":0,"publisher":{"@id":"https:\/\/www.federassantas.org.br\/novosite\/#organization"},"image":{"@id":"https:\/\/www.federassantas.org.br\/novosite\/santa-casa-de-ouro-preto-realiza-a-4o-captacao-de-multiplos-orgaos\/#primaryimage"},"thumbnailUrl":"https:\/\/www.federassantas.org.br\/novosite\/wp-content\/uploads\/2018\/11\/WhatsApp-Image-2018-11-22-at-12.01.16-1.jpeg","articleSection":["Not\u00edcias","Not\u00edcias filiados"],"inLanguage":"pt-BR","potentialAction":[{"@type":"CommentAction","name":"Comment","target":["https:\/\/www.federassantas.org.br\/novosite\/santa-casa-de-ouro-preto-realiza-a-4o-captacao-de-multiplos-orgaos\/#respond"]}]},{"@type":"WebPage","@id":"https:\/\/www.federassantas.org.br\/novosite\/santa-casa-de-ouro-preto-realiza-a-4o-captacao-de-multiplos-orgaos\/","url":"https:\/\/www.federassantas.org.br\/novosite\/santa-casa-de-ouro-preto-realiza-a-4o-captacao-de-multiplos-orgaos\/","name":"Santa Casa de Ouro Preto realiza a 4\u00ba Capta\u00e7\u00e3o de M\u00faltiplos \u00d3rg\u00e3os - Federassantas","isPartOf":{"@id":"https:\/\/www.federassantas.org.br\/novosite\/#website"},"primaryImageOfPage":{"@id":"https:\/\/www.federassantas.org.br\/novosite\/santa-casa-de-ouro-preto-realiza-a-4o-captacao-de-multiplos-orgaos\/#primaryimage"},"image":{"@id":"https:\/\/www.federassantas.org.br\/novosite\/santa-casa-de-ouro-preto-realiza-a-4o-captacao-de-multiplos-orgaos\/#primaryimage"},"thumbnailUrl":"https:\/\/www.federassantas.org.br\/novosite\/wp-content\/uploads\/2018\/11\/WhatsApp-Image-2018-11-22-at-12.01.16-1.jpeg","datePublished":"2018-11-23T20:06:16+00:00","breadcrumb":{"@id":"https:\/\/www.federassantas.org.br\/novosite\/santa-casa-de-ouro-preto-realiza-a-4o-captacao-de-multiplos-orgaos\/#breadcrumb"},"inLanguage":"pt-BR","potentialAction":[{"@type":"ReadAction","target":["https:\/\/www.federassantas.org.br\/novosite\/santa-casa-de-ouro-preto-realiza-a-4o-captacao-de-multiplos-orgaos\/"]}]},{"@type":"ImageObject","inLanguage":"pt-BR","@id":"https:\/\/www.federassantas.org.br\/novosite\/santa-casa-de-ouro-preto-realiza-a-4o-captacao-de-multiplos-orgaos\/#primaryimage","url":"https:\/\/www.federassantas.org.br\/novosite\/wp-content\/uploads\/2018\/11\/WhatsApp-Image-2018-11-22-at-12.01.16-1.jpeg","contentUrl":"https:\/\/www.federassantas.org.br\/novosite\/wp-content\/uploads\/2018\/11\/WhatsApp-Image-2018-11-22-at-12.01.16-1.jpeg","width":1024,"height":768},{"@type":"BreadcrumbList","@id":"https:\/\/www.federassantas.org.br\/novosite\/santa-casa-de-ouro-preto-realiza-a-4o-captacao-de-multiplos-orgaos\/#breadcrumb","itemListElement":[{"@type":"ListItem","position":1,"name":"In\u00edcio","item":"https:\/\/www.federassantas.org.br\/novosite\/"},{"@type":"ListItem","position":2,"name":"Santa Casa de Ouro Preto realiza a 4\u00ba Capta\u00e7\u00e3o de M\u00faltiplos \u00d3rg\u00e3os"}]},{"@type":"WebSite","@id":"https:\/\/www.federassantas.org.br\/novosite\/#website","url":"https:\/\/www.federassantas.org.br\/novosite\/","name":"Federassantas","description":"Fed. das Santas Casas e Hospitais Filantr\u00f3picos de MG","publisher":{"@id":"https:\/\/www.federassantas.org.br\/novosite\/#organization"},"potentialAction":[{"@type":"SearchAction","target":{"@type":"EntryPoint","urlTemplate":"https:\/\/www.federassantas.org.br\/novosite\/?s={search_term_string}"},"query-input":{"@type":"PropertyValueSpecification","valueRequired":true,"valueName":"search_term_string"}}],"inLanguage":"pt-BR"},{"@type":"Organization","@id":"https:\/\/www.federassantas.org.br\/novosite\/#organization","name":"Federassantas","url":"https:\/\/www.federassantas.org.br\/novosite\/","logo":{"@type":"ImageObject","inLanguage":"pt-BR","@id":"https:\/\/www.federassantas.org.br\/novosite\/#\/schema\/logo\/image\/","url":"https:\/\/www.federassantas.org.br\/novosite\/wp-content\/uploads\/2021\/12\/logo.png","contentUrl":"https:\/\/www.federassantas.org.br\/novosite\/wp-content\/uploads\/2021\/12\/logo.png","width":243,"height":59,"caption":"Federassantas"},"image":{"@id":"https:\/\/www.federassantas.org.br\/novosite\/#\/schema\/logo\/image\/"}},{"@type":"Person","@id":"https:\/\/www.federassantas.org.br\/novosite\/#\/schema\/person\/75fed98158349313fe56175f232f513c","name":"admin-federas","image":{"@type":"ImageObject","inLanguage":"pt-BR","@id":"https:\/\/www.federassantas.org.br\/novosite\/#\/schema\/person\/image\/","url":"https:\/\/secure.gravatar.com\/avatar\/2a02d7dda59fe8dc6b7ffd3f652e2efede5ccf0dd89dfdc8137c5517f3de8407?s=96&d=mm&r=g","contentUrl":"https:\/\/secure.gravatar.com\/avatar\/2a02d7dda59fe8dc6b7ffd3f652e2efede5ccf0dd89dfdc8137c5517f3de8407?s=96&d=mm&r=g","caption":"admin-federas"},"sameAs":["https:\/\/www.federassantas.org.br\/novosite\/"],"url":"https:\/\/www.federassantas.org.br\/novosite\/author\/admin-federas\/"}]}},"_links":{"self":[{"href":"https:\/\/www.federassantas.org.br\/novosite\/wp-json\/wp\/v2\/posts\/14810","targetHints":{"allow":["GET"]}}],"collection":[{"href":"https:\/\/www.federassantas.org.br\/novosite\/wp-json\/wp\/v2\/posts"}],"about":[{"href":"https:\/\/www.federassantas.org.br\/novosite\/wp-json\/wp\/v2\/types\/post"}],"author":[{"embeddable":true,"href":"https:\/\/www.federassantas.org.br\/novosite\/wp-json\/wp\/v2\/users\/1"}],"replies":[{"embeddable":true,"href":"https:\/\/www.federassantas.org.br\/novosite\/wp-json\/wp\/v2\/comments?post=14810"}],"version-history":[{"count":0,"href":"https:\/\/www.federassantas.org.br\/novosite\/wp-json\/wp\/v2\/posts\/14810\/revisions"}],"wp:featuredmedia":[{"embeddable":true,"href":"https:\/\/www.federassantas.org.br\/novosite\/wp-json\/wp\/v2\/media\/14811"}],"wp:attachment":[{"href":"https:\/\/www.federassantas.org.br\/novosite\/wp-json\/wp\/v2\/media?parent=14810"}],"wp:term":[{"taxonomy":"category","embeddable":true,"href":"https:\/\/www.federassantas.org.br\/novosite\/wp-json\/wp\/v2\/categories?post=14810"},{"taxonomy":"post_tag","embeddable":true,"href":"https:\/\/www.federassantas.org.br\/novosite\/wp-json\/wp\/v2\/tags?post=14810"}],"curies":[{"name":"wp","href":"https:\/\/api.w.org\/{rel}","templated":true}]}}