{"id":14829,"date":"2018-11-26T16:55:06","date_gmt":"2018-11-26T18:55:06","guid":{"rendered":"https:\/\/federasbackup.meltcomunicacao.com.br\/?p=14829"},"modified":"2018-11-26T16:55:06","modified_gmt":"2018-11-26T18:55:06","slug":"ministerio-da-saude-normatiza-cuidados-paliativos-no-sus","status":"publish","type":"post","link":"https:\/\/www.federassantas.org.br\/novosite\/ministerio-da-saude-normatiza-cuidados-paliativos-no-sus\/","title":{"rendered":"Minist\u00e9rio da Sa\u00fade normatiza cuidados paliativos no SUS"},"content":{"rendered":"<p style=\"text-align: justify;\"><em>O objetivo \u00e9 garantir que essa pr\u00e1tica seja ofertada aos pacientes desde o diagn\u00f3stico da doen\u00e7a at\u00e9 a fase terminal, permitindo mais qualidade de vida aos pacientes, cuja doen\u00e7a n\u00e3o tem cura<\/em><\/p>\n<p style=\"text-align: justify;\">O Minist\u00e9rio da Sa\u00fade publicou uma resolu\u00e7\u00e3o que normatiza a oferta de cuidados paliativos como parte dos cuidados continuados integrados\u00a0no \u00e2mbito do Sistema \u00danico de Sa\u00fade (SUS). Trata-se de cuidados destinados a toda pessoa afetada por uma doen\u00e7a que ameace a vida, seja aguda ou cr\u00f4nica. Os cuidados paliativos s\u00e3o tomados a partir do diagn\u00f3stico de uma enfermidade, visando a melhoria da qualidade de vida do paciente e seus familiares. Por exemplo, um paciente que foi diagnosticado com c\u00e2ncer com met\u00e1stase em v\u00e1rios lugares do corpo, ele pode receber o cuidado junto \u00e0 sua fam\u00edlia, para que tenha uma condi\u00e7\u00e3o de conforto at\u00e9 o final da sua vida. Entre os cuidados est\u00e3o apoio psicol\u00f3gico e medicamentos para aliviar dores que ele tenha. Outras doen\u00e7as al\u00e9m do c\u00e2ncer, como doen\u00e7as neurodegenerativas como as dem\u00eancias (Alzheimer, Parkinson) tamb\u00e9m podem receber o cuidado.<\/p>\n<p style=\"text-align: justify;\">O SUS j\u00e1 oferece Cuidados Paliativos, no entanto, n\u00e3o havia nenhuma normativa definida para reconhecimento e organiza\u00e7\u00e3o da oferta de cuidados paliativos. A partir da publica\u00e7\u00e3o dessa resolu\u00e7\u00e3o ser\u00e1 poss\u00edvel definir diretrizes de cuidado e aprimorar a oferta do cuidado. No SUS, entende-se que os\u00a0cuidados paliativos devam ser oferecidos o mais cedo poss\u00edvel, juntamente com o in\u00edcio do tratamento da doen\u00e7a. Estes englobam a promo\u00e7\u00e3o do al\u00edvio da dor (com uso de analg\u00e9sicos) e de outros sintomas f\u00edsicos, do sofrimento psicossocial com apoio psicol\u00f3gico, incluindo o cuidado apropriado para familiares e cuidadores a lidar com a doen\u00e7a do paciente e o luto.<\/p>\n<p style=\"text-align: justify;\">\u201cEssa normativa \u00e9 um avan\u00e7o, j\u00e1 que orienta sobre o acesso aos cuidados paliativos nos servi\u00e7os de sa\u00fade atrav\u00e9s do SUS. Os cuidados paliativos envolvem um di\u00e1logo aberto com o paciente e fam\u00edlia sobre os objetivos do cuidado, voltados para preservar a qualidade de vida. A equipe multidisciplinar tem o papel de colaborar no cuidado integral\u00a0para pessoas\u00a0com doen\u00e7as ou condi\u00e7\u00f5es cl\u00ednicas que ameacem a vida, desde o momento do diagn\u00f3stico, para aliviar sintomas, e principalmente a\u00a0dor f\u00edsica\u201d, explica o coordenador Geral de Aten\u00e7\u00e3o Especializada, Sandro Martins.<\/p>\n<p style=\"text-align: justify;\">A resolu\u00e7\u00e3o prop\u00f5e que nas redes de aten\u00e7\u00e3o \u00e0 sa\u00fade, seja claramente identificada e observada as prefer\u00eancias da pessoa doente quanto ao tipo de cuidado e tratamento m\u00e9dico que receber\u00e1. Na perspectiva dos\u00a0cuidados paliativos, trata-se tamb\u00e9m da aceita\u00e7\u00e3o da morte como um processo natural, n\u00e3o a acelerando, nem a retardando (com uso de equipamentos ou procedimentos), buscando sempre oferecer suporte que permita ao paciente viver o mais aut\u00f4nomo e ativo poss\u00edvel.<\/p>\n<p style=\"text-align: justify;\">Este trabalho dever\u00e1 ser feito por equipe multiprofissional e interdisciplinar. Os profissionais devem fazer uma comunica\u00e7\u00e3o sens\u00edvel ao paciente e emp\u00e1tica, com respeito \u00e0 verdade e \u00e0 honestidade em todas as quest\u00f5es que envolvam pacientes, familiares e profissionais.\u00a0A resolu\u00e7\u00e3o define que os cuidados paliativos devam estar dispon\u00edveis em todo ponto da rede, desde a aten\u00e7\u00e3o b\u00e1sica, domiciliar, ambulatorial, hospitalar, urg\u00eancia e emerg\u00eancia.<\/p>\n<h5 style=\"text-align: justify;\"><strong>TRATAMENTO<\/strong><\/h5>\n<p style=\"text-align: justify;\">O Instituto Nacional do C\u00e2ncer (INCA) j\u00e1 oferece cuidados paliativos aos pacientes em suas Unidades Hospitalares no Rio de Janeiro, por meio de Unidade Especializada denominada Hospital do C\u00e2ncer IV. O\u00a0<a href=\"http:\/\/www1.inca.gov.br\/conteudo_view.asp?ID=233\" target=\"_blank\" rel=\"noopener\">Hospital do C\u00e2ncer IV<\/a>\u00a0\u00e9 tamb\u00e9m espa\u00e7o de ensino e pesquisa sobre cuidados paliativos e promove debates e articula\u00e7\u00e3o em rede para expans\u00e3o desta \u00e1rea na pol\u00edtica de sa\u00fade do Brasil.<\/p>\n<p style=\"text-align: justify;\">Em Bras\u00edlia, no Hospital de Apoio, tamb\u00e9m s\u00e3o oferecidos cuidados paliativos para pacientes com c\u00e2ncer e para pacientes geri\u00e1tricos. S\u00e3o 19 leitos para pacientes com c\u00e2ncer e 10 leitos para pacientes geri\u00e1tricos. A diretora de aten\u00e7\u00e3o \u00e0 Sa\u00fade Cristina Scandiuzzi conta que o hospital tem uma carta de direito do paciente. \u201cO paciente tem o direito de decidir se ele quer fazer determinado tratamento ou n\u00e3o, desde que ele tome uma decis\u00e3o com base em informa\u00e7\u00f5es que ele recebeu da equipe\u201d.<\/p>\n<p style=\"text-align: justify;\">Nos casos de pacientes terminais, Cristina Scandiuzzi diz que o paciente \u00e9 olhado pela equipe mais pelo lado psicossocial e menos pelo lado da doen\u00e7a. Para Cristina, a resolu\u00e7\u00e3o \u00e9 importante pois reconhece o cuidado paliativo como uma pol\u00edtica de sa\u00fade e estimula novos servi\u00e7os a implantarem os cuidados.<\/p>\n<p style=\"text-align: justify;\"><em>Fonte: Ag\u00eancia Sa\u00fade<\/em><\/p>\n","protected":false},"excerpt":{"rendered":"<p>O objetivo \u00e9 garantir que essa pr\u00e1tica seja ofertada aos pacientes desde o diagn\u00f3stico da doen\u00e7a at\u00e9 a fase terminal, permitindo mais qualidade de vida aos pacientes, cuja doen\u00e7a n\u00e3o tem cura O Minist\u00e9rio da Sa\u00fade publicou uma resolu\u00e7\u00e3o que normatiza a oferta de cuidados paliativos como parte dos cuidados continuados integrados\u00a0no \u00e2mbito do Sistema [&hellip;]<\/p>\n","protected":false},"author":1,"featured_media":14830,"comment_status":"open","ping_status":"open","sticky":false,"template":"","format":"standard","meta":{"footnotes":""},"categories":[140,143],"tags":[],"class_list":["post-14829","post","type-post","status-publish","format-standard","has-post-thumbnail","hentry","category-noticias","category-noticias-publicas"],"yoast_head":"<!-- This site is optimized with the Yoast SEO plugin v26.9 - https:\/\/yoast.com\/product\/yoast-seo-wordpress\/ -->\n<title>Minist\u00e9rio da Sa\u00fade normatiza cuidados paliativos no SUS - Federassantas<\/title>\n<meta name=\"robots\" content=\"index, follow, max-snippet:-1, max-image-preview:large, max-video-preview:-1\" \/>\n<link rel=\"canonical\" href=\"https:\/\/www.federassantas.org.br\/novosite\/ministerio-da-saude-normatiza-cuidados-paliativos-no-sus\/\" \/>\n<meta property=\"og:locale\" content=\"pt_BR\" \/>\n<meta property=\"og:type\" content=\"article\" \/>\n<meta property=\"og:title\" content=\"Minist\u00e9rio da Sa\u00fade normatiza cuidados paliativos no SUS - Federassantas\" \/>\n<meta property=\"og:description\" content=\"O objetivo \u00e9 garantir que essa pr\u00e1tica seja ofertada aos pacientes desde o diagn\u00f3stico da doen\u00e7a at\u00e9 a fase terminal, permitindo mais qualidade de vida aos pacientes, cuja doen\u00e7a n\u00e3o tem cura O Minist\u00e9rio da Sa\u00fade publicou uma resolu\u00e7\u00e3o que normatiza a oferta de cuidados paliativos como parte dos cuidados continuados integrados\u00a0no \u00e2mbito do Sistema [&hellip;]\" \/>\n<meta property=\"og:url\" content=\"https:\/\/www.federassantas.org.br\/novosite\/ministerio-da-saude-normatiza-cuidados-paliativos-no-sus\/\" \/>\n<meta property=\"og:site_name\" content=\"Federassantas\" \/>\n<meta property=\"article:published_time\" content=\"2018-11-26T18:55:06+00:00\" \/>\n<meta name=\"author\" content=\"admin-federas\" \/>\n<meta name=\"twitter:card\" content=\"summary_large_image\" \/>\n<meta name=\"twitter:label1\" content=\"Escrito por\" \/>\n\t<meta name=\"twitter:data1\" content=\"admin-federas\" \/>\n\t<meta name=\"twitter:label2\" content=\"Est. tempo de leitura\" \/>\n\t<meta name=\"twitter:data2\" content=\"4 minutos\" \/>\n<script type=\"application\/ld+json\" class=\"yoast-schema-graph\">{\"@context\":\"https:\/\/schema.org\",\"@graph\":[{\"@type\":\"Article\",\"@id\":\"https:\/\/www.federassantas.org.br\/novosite\/ministerio-da-saude-normatiza-cuidados-paliativos-no-sus\/#article\",\"isPartOf\":{\"@id\":\"https:\/\/www.federassantas.org.br\/novosite\/ministerio-da-saude-normatiza-cuidados-paliativos-no-sus\/\"},\"author\":{\"name\":\"admin-federas\",\"@id\":\"https:\/\/www.federassantas.org.br\/novosite\/#\/schema\/person\/75fed98158349313fe56175f232f513c\"},\"headline\":\"Minist\u00e9rio da Sa\u00fade normatiza cuidados paliativos no SUS\",\"datePublished\":\"2018-11-26T18:55:06+00:00\",\"mainEntityOfPage\":{\"@id\":\"https:\/\/www.federassantas.org.br\/novosite\/ministerio-da-saude-normatiza-cuidados-paliativos-no-sus\/\"},\"wordCount\":796,\"commentCount\":0,\"publisher\":{\"@id\":\"https:\/\/www.federassantas.org.br\/novosite\/#organization\"},\"image\":{\"@id\":\"https:\/\/www.federassantas.org.br\/novosite\/ministerio-da-saude-normatiza-cuidados-paliativos-no-sus\/#primaryimage\"},\"thumbnailUrl\":\"\",\"articleSection\":[\"Not\u00edcias\",\"Not\u00edcias P\u00fablicas\"],\"inLanguage\":\"pt-BR\",\"potentialAction\":[{\"@type\":\"CommentAction\",\"name\":\"Comment\",\"target\":[\"https:\/\/www.federassantas.org.br\/novosite\/ministerio-da-saude-normatiza-cuidados-paliativos-no-sus\/#respond\"]}]},{\"@type\":\"WebPage\",\"@id\":\"https:\/\/www.federassantas.org.br\/novosite\/ministerio-da-saude-normatiza-cuidados-paliativos-no-sus\/\",\"url\":\"https:\/\/www.federassantas.org.br\/novosite\/ministerio-da-saude-normatiza-cuidados-paliativos-no-sus\/\",\"name\":\"Minist\u00e9rio da Sa\u00fade normatiza cuidados paliativos no SUS - Federassantas\",\"isPartOf\":{\"@id\":\"https:\/\/www.federassantas.org.br\/novosite\/#website\"},\"primaryImageOfPage\":{\"@id\":\"https:\/\/www.federassantas.org.br\/novosite\/ministerio-da-saude-normatiza-cuidados-paliativos-no-sus\/#primaryimage\"},\"image\":{\"@id\":\"https:\/\/www.federassantas.org.br\/novosite\/ministerio-da-saude-normatiza-cuidados-paliativos-no-sus\/#primaryimage\"},\"thumbnailUrl\":\"\",\"datePublished\":\"2018-11-26T18:55:06+00:00\",\"breadcrumb\":{\"@id\":\"https:\/\/www.federassantas.org.br\/novosite\/ministerio-da-saude-normatiza-cuidados-paliativos-no-sus\/#breadcrumb\"},\"inLanguage\":\"pt-BR\",\"potentialAction\":[{\"@type\":\"ReadAction\",\"target\":[\"https:\/\/www.federassantas.org.br\/novosite\/ministerio-da-saude-normatiza-cuidados-paliativos-no-sus\/\"]}]},{\"@type\":\"ImageObject\",\"inLanguage\":\"pt-BR\",\"@id\":\"https:\/\/www.federassantas.org.br\/novosite\/ministerio-da-saude-normatiza-cuidados-paliativos-no-sus\/#primaryimage\",\"url\":\"\",\"contentUrl\":\"\"},{\"@type\":\"BreadcrumbList\",\"@id\":\"https:\/\/www.federassantas.org.br\/novosite\/ministerio-da-saude-normatiza-cuidados-paliativos-no-sus\/#breadcrumb\",\"itemListElement\":[{\"@type\":\"ListItem\",\"position\":1,\"name\":\"In\u00edcio\",\"item\":\"https:\/\/www.federassantas.org.br\/novosite\/\"},{\"@type\":\"ListItem\",\"position\":2,\"name\":\"Minist\u00e9rio da Sa\u00fade normatiza cuidados paliativos no SUS\"}]},{\"@type\":\"WebSite\",\"@id\":\"https:\/\/www.federassantas.org.br\/novosite\/#website\",\"url\":\"https:\/\/www.federassantas.org.br\/novosite\/\",\"name\":\"Federassantas\",\"description\":\"Fed. das Santas Casas e Hospitais Filantr\u00f3picos de MG\",\"publisher\":{\"@id\":\"https:\/\/www.federassantas.org.br\/novosite\/#organization\"},\"potentialAction\":[{\"@type\":\"SearchAction\",\"target\":{\"@type\":\"EntryPoint\",\"urlTemplate\":\"https:\/\/www.federassantas.org.br\/novosite\/?s={search_term_string}\"},\"query-input\":{\"@type\":\"PropertyValueSpecification\",\"valueRequired\":true,\"valueName\":\"search_term_string\"}}],\"inLanguage\":\"pt-BR\"},{\"@type\":\"Organization\",\"@id\":\"https:\/\/www.federassantas.org.br\/novosite\/#organization\",\"name\":\"Federassantas\",\"url\":\"https:\/\/www.federassantas.org.br\/novosite\/\",\"logo\":{\"@type\":\"ImageObject\",\"inLanguage\":\"pt-BR\",\"@id\":\"https:\/\/www.federassantas.org.br\/novosite\/#\/schema\/logo\/image\/\",\"url\":\"https:\/\/www.federassantas.org.br\/novosite\/wp-content\/uploads\/2021\/12\/logo.png\",\"contentUrl\":\"https:\/\/www.federassantas.org.br\/novosite\/wp-content\/uploads\/2021\/12\/logo.png\",\"width\":243,\"height\":59,\"caption\":\"Federassantas\"},\"image\":{\"@id\":\"https:\/\/www.federassantas.org.br\/novosite\/#\/schema\/logo\/image\/\"}},{\"@type\":\"Person\",\"@id\":\"https:\/\/www.federassantas.org.br\/novosite\/#\/schema\/person\/75fed98158349313fe56175f232f513c\",\"name\":\"admin-federas\",\"image\":{\"@type\":\"ImageObject\",\"inLanguage\":\"pt-BR\",\"@id\":\"https:\/\/www.federassantas.org.br\/novosite\/#\/schema\/person\/image\/\",\"url\":\"https:\/\/secure.gravatar.com\/avatar\/2a02d7dda59fe8dc6b7ffd3f652e2efede5ccf0dd89dfdc8137c5517f3de8407?s=96&d=mm&r=g\",\"contentUrl\":\"https:\/\/secure.gravatar.com\/avatar\/2a02d7dda59fe8dc6b7ffd3f652e2efede5ccf0dd89dfdc8137c5517f3de8407?s=96&d=mm&r=g\",\"caption\":\"admin-federas\"},\"sameAs\":[\"https:\/\/www.federassantas.org.br\/novosite\/\"],\"url\":\"https:\/\/www.federassantas.org.br\/novosite\/author\/admin-federas\/\"}]}<\/script>\n<!-- \/ Yoast SEO plugin. -->","yoast_head_json":{"title":"Minist\u00e9rio da Sa\u00fade normatiza cuidados paliativos no SUS - Federassantas","robots":{"index":"index","follow":"follow","max-snippet":"max-snippet:-1","max-image-preview":"max-image-preview:large","max-video-preview":"max-video-preview:-1"},"canonical":"https:\/\/www.federassantas.org.br\/novosite\/ministerio-da-saude-normatiza-cuidados-paliativos-no-sus\/","og_locale":"pt_BR","og_type":"article","og_title":"Minist\u00e9rio da Sa\u00fade normatiza cuidados paliativos no SUS - Federassantas","og_description":"O objetivo \u00e9 garantir que essa pr\u00e1tica seja ofertada aos pacientes desde o diagn\u00f3stico da doen\u00e7a at\u00e9 a fase terminal, permitindo mais qualidade de vida aos pacientes, cuja doen\u00e7a n\u00e3o tem cura O Minist\u00e9rio da Sa\u00fade publicou uma resolu\u00e7\u00e3o que normatiza a oferta de cuidados paliativos como parte dos cuidados continuados integrados\u00a0no \u00e2mbito do Sistema [&hellip;]","og_url":"https:\/\/www.federassantas.org.br\/novosite\/ministerio-da-saude-normatiza-cuidados-paliativos-no-sus\/","og_site_name":"Federassantas","article_published_time":"2018-11-26T18:55:06+00:00","author":"admin-federas","twitter_card":"summary_large_image","twitter_misc":{"Escrito por":"admin-federas","Est. tempo de leitura":"4 minutos"},"schema":{"@context":"https:\/\/schema.org","@graph":[{"@type":"Article","@id":"https:\/\/www.federassantas.org.br\/novosite\/ministerio-da-saude-normatiza-cuidados-paliativos-no-sus\/#article","isPartOf":{"@id":"https:\/\/www.federassantas.org.br\/novosite\/ministerio-da-saude-normatiza-cuidados-paliativos-no-sus\/"},"author":{"name":"admin-federas","@id":"https:\/\/www.federassantas.org.br\/novosite\/#\/schema\/person\/75fed98158349313fe56175f232f513c"},"headline":"Minist\u00e9rio da Sa\u00fade normatiza cuidados paliativos no SUS","datePublished":"2018-11-26T18:55:06+00:00","mainEntityOfPage":{"@id":"https:\/\/www.federassantas.org.br\/novosite\/ministerio-da-saude-normatiza-cuidados-paliativos-no-sus\/"},"wordCount":796,"commentCount":0,"publisher":{"@id":"https:\/\/www.federassantas.org.br\/novosite\/#organization"},"image":{"@id":"https:\/\/www.federassantas.org.br\/novosite\/ministerio-da-saude-normatiza-cuidados-paliativos-no-sus\/#primaryimage"},"thumbnailUrl":"","articleSection":["Not\u00edcias","Not\u00edcias P\u00fablicas"],"inLanguage":"pt-BR","potentialAction":[{"@type":"CommentAction","name":"Comment","target":["https:\/\/www.federassantas.org.br\/novosite\/ministerio-da-saude-normatiza-cuidados-paliativos-no-sus\/#respond"]}]},{"@type":"WebPage","@id":"https:\/\/www.federassantas.org.br\/novosite\/ministerio-da-saude-normatiza-cuidados-paliativos-no-sus\/","url":"https:\/\/www.federassantas.org.br\/novosite\/ministerio-da-saude-normatiza-cuidados-paliativos-no-sus\/","name":"Minist\u00e9rio da Sa\u00fade normatiza cuidados paliativos no SUS - Federassantas","isPartOf":{"@id":"https:\/\/www.federassantas.org.br\/novosite\/#website"},"primaryImageOfPage":{"@id":"https:\/\/www.federassantas.org.br\/novosite\/ministerio-da-saude-normatiza-cuidados-paliativos-no-sus\/#primaryimage"},"image":{"@id":"https:\/\/www.federassantas.org.br\/novosite\/ministerio-da-saude-normatiza-cuidados-paliativos-no-sus\/#primaryimage"},"thumbnailUrl":"","datePublished":"2018-11-26T18:55:06+00:00","breadcrumb":{"@id":"https:\/\/www.federassantas.org.br\/novosite\/ministerio-da-saude-normatiza-cuidados-paliativos-no-sus\/#breadcrumb"},"inLanguage":"pt-BR","potentialAction":[{"@type":"ReadAction","target":["https:\/\/www.federassantas.org.br\/novosite\/ministerio-da-saude-normatiza-cuidados-paliativos-no-sus\/"]}]},{"@type":"ImageObject","inLanguage":"pt-BR","@id":"https:\/\/www.federassantas.org.br\/novosite\/ministerio-da-saude-normatiza-cuidados-paliativos-no-sus\/#primaryimage","url":"","contentUrl":""},{"@type":"BreadcrumbList","@id":"https:\/\/www.federassantas.org.br\/novosite\/ministerio-da-saude-normatiza-cuidados-paliativos-no-sus\/#breadcrumb","itemListElement":[{"@type":"ListItem","position":1,"name":"In\u00edcio","item":"https:\/\/www.federassantas.org.br\/novosite\/"},{"@type":"ListItem","position":2,"name":"Minist\u00e9rio da Sa\u00fade normatiza cuidados paliativos no SUS"}]},{"@type":"WebSite","@id":"https:\/\/www.federassantas.org.br\/novosite\/#website","url":"https:\/\/www.federassantas.org.br\/novosite\/","name":"Federassantas","description":"Fed. das Santas Casas e Hospitais Filantr\u00f3picos de MG","publisher":{"@id":"https:\/\/www.federassantas.org.br\/novosite\/#organization"},"potentialAction":[{"@type":"SearchAction","target":{"@type":"EntryPoint","urlTemplate":"https:\/\/www.federassantas.org.br\/novosite\/?s={search_term_string}"},"query-input":{"@type":"PropertyValueSpecification","valueRequired":true,"valueName":"search_term_string"}}],"inLanguage":"pt-BR"},{"@type":"Organization","@id":"https:\/\/www.federassantas.org.br\/novosite\/#organization","name":"Federassantas","url":"https:\/\/www.federassantas.org.br\/novosite\/","logo":{"@type":"ImageObject","inLanguage":"pt-BR","@id":"https:\/\/www.federassantas.org.br\/novosite\/#\/schema\/logo\/image\/","url":"https:\/\/www.federassantas.org.br\/novosite\/wp-content\/uploads\/2021\/12\/logo.png","contentUrl":"https:\/\/www.federassantas.org.br\/novosite\/wp-content\/uploads\/2021\/12\/logo.png","width":243,"height":59,"caption":"Federassantas"},"image":{"@id":"https:\/\/www.federassantas.org.br\/novosite\/#\/schema\/logo\/image\/"}},{"@type":"Person","@id":"https:\/\/www.federassantas.org.br\/novosite\/#\/schema\/person\/75fed98158349313fe56175f232f513c","name":"admin-federas","image":{"@type":"ImageObject","inLanguage":"pt-BR","@id":"https:\/\/www.federassantas.org.br\/novosite\/#\/schema\/person\/image\/","url":"https:\/\/secure.gravatar.com\/avatar\/2a02d7dda59fe8dc6b7ffd3f652e2efede5ccf0dd89dfdc8137c5517f3de8407?s=96&d=mm&r=g","contentUrl":"https:\/\/secure.gravatar.com\/avatar\/2a02d7dda59fe8dc6b7ffd3f652e2efede5ccf0dd89dfdc8137c5517f3de8407?s=96&d=mm&r=g","caption":"admin-federas"},"sameAs":["https:\/\/www.federassantas.org.br\/novosite\/"],"url":"https:\/\/www.federassantas.org.br\/novosite\/author\/admin-federas\/"}]}},"_links":{"self":[{"href":"https:\/\/www.federassantas.org.br\/novosite\/wp-json\/wp\/v2\/posts\/14829","targetHints":{"allow":["GET"]}}],"collection":[{"href":"https:\/\/www.federassantas.org.br\/novosite\/wp-json\/wp\/v2\/posts"}],"about":[{"href":"https:\/\/www.federassantas.org.br\/novosite\/wp-json\/wp\/v2\/types\/post"}],"author":[{"embeddable":true,"href":"https:\/\/www.federassantas.org.br\/novosite\/wp-json\/wp\/v2\/users\/1"}],"replies":[{"embeddable":true,"href":"https:\/\/www.federassantas.org.br\/novosite\/wp-json\/wp\/v2\/comments?post=14829"}],"version-history":[{"count":0,"href":"https:\/\/www.federassantas.org.br\/novosite\/wp-json\/wp\/v2\/posts\/14829\/revisions"}],"wp:featuredmedia":[{"embeddable":true,"href":"https:\/\/www.federassantas.org.br\/novosite\/wp-json\/"}],"wp:attachment":[{"href":"https:\/\/www.federassantas.org.br\/novosite\/wp-json\/wp\/v2\/media?parent=14829"}],"wp:term":[{"taxonomy":"category","embeddable":true,"href":"https:\/\/www.federassantas.org.br\/novosite\/wp-json\/wp\/v2\/categories?post=14829"},{"taxonomy":"post_tag","embeddable":true,"href":"https:\/\/www.federassantas.org.br\/novosite\/wp-json\/wp\/v2\/tags?post=14829"}],"curies":[{"name":"wp","href":"https:\/\/api.w.org\/{rel}","templated":true}]}}