{"id":14840,"date":"2018-11-26T17:18:06","date_gmt":"2018-11-26T19:18:06","guid":{"rendered":"https:\/\/federasbackup.meltcomunicacao.com.br\/?p=14840"},"modified":"2018-11-26T17:18:06","modified_gmt":"2018-11-26T19:18:06","slug":"santa-casa-de-montes-claros-passa-a-contar-com-servico-de-eletrofisiologia","status":"publish","type":"post","link":"https:\/\/www.federassantas.org.br\/novosite\/santa-casa-de-montes-claros-passa-a-contar-com-servico-de-eletrofisiologia\/","title":{"rendered":"Santa Casa de Montes Claros passa a contar com servi\u00e7o de eletrofisiologia"},"content":{"rendered":"<div style=\"text-align: justify;\">A Santa Casa de Montes Claros, buscando ampliar o atendimento e a assist\u00eancia prestada aos pacientes, lan\u00e7a mais um servi\u00e7o exclusivo na regi\u00e3o do norte de Minas. Trata-se do procedimento de eletrofisiologia\u00a0<span class=\"m_-1708502462043211017gmail-ILfuVd\">(diagnostica e trata as atividades el\u00e9tricas do cora\u00e7\u00e3o)<\/span>. O superintendente, Maur\u00edcio S\u00e9rgio, ressalta que a novidade \u00e9 destinada para pacientes com arritmia card\u00edaca. &#8220;Os profissionais que passam a atuar em nossa Institui\u00e7\u00e3o j\u00e1 laboram esse procedimento em hospitais como o Benefic\u00eancia Portuguesa e o HCor, ambos em S\u00e3o Paulo. Para a regi\u00e3o ser\u00e1 um ganho pioneiro, uma vez que antes, os pacientes que precisavam realizar a t\u00e9cnica, tinham que buscar atendimento fora de Montes Claros&#8221;, diz.<\/div>\n<div style=\"text-align: justify;\"><\/div>\n<div style=\"text-align: justify;\">O especialista em arritmia card\u00edaca\/eletrofisiologia, Bruno Barreto, que passa a realizar o m\u00e9todo na Santa Casa a partir do pr\u00f3ximo s\u00e1bado, explica que o foco do servi\u00e7o s\u00e3o pacientes que precisam do procedimento de alta complexidade para tratamento de &#8216;palpita\u00e7\u00f5es&#8217;. &#8220;Hoje, no norte de Minas, n\u00e3o tem nenhum servi\u00e7o parecido. A t\u00e9cnica \u00e9 feita atrav\u00e9s de um cateterismo card\u00edaco, no qual localizamos o foco de arritmia card\u00edaca, e posteriormente realizamos aplica\u00e7\u00f5es com radiofrequ\u00eancia&#8221;, diz. A parceria foi firmada entre os profissionais e o hospital na tarde de hoje, 26.<\/div>\n<div style=\"text-align: justify;\"><\/div>\n<h5 style=\"text-align: justify;\">Eletrofisiologia<\/h5>\n<div style=\"text-align: justify;\">O estudo eletrofisiol\u00f3gico \u00e9 um estudo intracard\u00edaco especial desenvolvido para descobrir e estudar os defeitos no sistema el\u00e9trico do cora\u00e7\u00e3o. O sistema el\u00e9trico do cora\u00e7\u00e3o funciona semelhante a uma bomba eletromec\u00e2nica e, para bombear o sangue, necessita de um est\u00edmulo el\u00e9trico, que normalmente \u00e9 gerado em uma regi\u00e3o denominada de n\u00f3 sinusal (este \u00e9 o marca-passo natural do nosso cora\u00e7\u00e3o). O n\u00f3 sinusal gera de 60 a 80 pulsos em repouso a cada minuto, sendo que esses est\u00edmulos s\u00e3o entregues a cada c\u00e9lula card\u00edaca atrav\u00e9s de uma sofisticada rede de distribui\u00e7\u00e3o composta por nervos especiais, chamada de sistema de condu\u00e7\u00e3o, permitindo ent\u00e3o a contra\u00e7\u00e3o do cora\u00e7\u00e3o. Esse sistema apresenta estruturas bem definidas, que recebem nomes como n\u00f3 atrioventricular, feixe de His, ramo direito e ramo esquerdo. Altera\u00e7\u00f5es em uma ou mais dessas estruturas podem gerar problemas graves, identificados como taquicardias (quando ocorre acelera\u00e7\u00e3o do ritmo card\u00edaco) ou bradicardias (quando o cora\u00e7\u00e3o se torna lento). Os sintomas podem ser palpita\u00e7\u00f5es, \u201cbatedeira\u201d, acompanhada de desmaios (s\u00edncopes), tonturas (pr\u00e9-s\u00edncopes), cansa\u00e7o, respira\u00e7\u00e3o curta, dor ou opress\u00e3o no peito.<\/div>\n<div>\n<div class=\"m_-1708502462043211017gmail_signature\" dir=\"ltr\" data-smartmail=\"gmail_signature\">\n<div dir=\"ltr\">\n<div dir=\"ltr\">\n<div dir=\"ltr\">\n<div dir=\"ltr\">\n<div dir=\"ltr\">\n<div dir=\"ltr\">\n<div dir=\"ltr\">\n<div dir=\"ltr\">\n<div dir=\"ltr\">\n<div dir=\"ltr\">\n<div dir=\"ltr\">\n<div dir=\"ltr\">\n<p>&nbsp;<\/p>\n<p style=\"text-align: justify;\"><b><\/b><em>Fonte: Assessoria de Comunica\u00e7\u00e3o da Santa Casa de Montes Claros\u00a0<\/em><\/p>\n<\/div>\n<\/div>\n<\/div>\n<\/div>\n<\/div>\n<\/div>\n<\/div>\n<\/div>\n<\/div>\n<\/div>\n<\/div>\n<\/div>\n<\/div>\n<\/div>\n","protected":false},"excerpt":{"rendered":"<p>A Santa Casa de Montes Claros, buscando ampliar o atendimento e a assist\u00eancia prestada aos pacientes, lan\u00e7a mais um servi\u00e7o exclusivo na regi\u00e3o do norte de Minas. Trata-se do procedimento de eletrofisiologia\u00a0(diagnostica e trata as atividades el\u00e9tricas do cora\u00e7\u00e3o). O superintendente, Maur\u00edcio S\u00e9rgio, ressalta que a novidade \u00e9 destinada para pacientes com arritmia card\u00edaca. &#8220;Os [&hellip;]<\/p>\n","protected":false},"author":1,"featured_media":14841,"comment_status":"open","ping_status":"open","sticky":false,"template":"","format":"standard","meta":{"footnotes":""},"categories":[140,139],"tags":[],"class_list":["post-14840","post","type-post","status-publish","format-standard","has-post-thumbnail","hentry","category-noticias","category-noticias-filiados"],"yoast_head":"<!-- This site is optimized with the Yoast SEO plugin v26.9 - https:\/\/yoast.com\/product\/yoast-seo-wordpress\/ -->\n<title>Santa Casa de Montes Claros passa a contar com servi\u00e7o de eletrofisiologia - Federassantas<\/title>\n<meta name=\"robots\" content=\"index, follow, max-snippet:-1, max-image-preview:large, max-video-preview:-1\" \/>\n<link rel=\"canonical\" href=\"https:\/\/www.federassantas.org.br\/novosite\/santa-casa-de-montes-claros-passa-a-contar-com-servico-de-eletrofisiologia\/\" \/>\n<meta property=\"og:locale\" content=\"pt_BR\" \/>\n<meta property=\"og:type\" content=\"article\" \/>\n<meta property=\"og:title\" content=\"Santa Casa de Montes Claros passa a contar com servi\u00e7o de eletrofisiologia - Federassantas\" \/>\n<meta property=\"og:description\" content=\"A Santa Casa de Montes Claros, buscando ampliar o atendimento e a assist\u00eancia prestada aos pacientes, lan\u00e7a mais um servi\u00e7o exclusivo na regi\u00e3o do norte de Minas. Trata-se do procedimento de eletrofisiologia\u00a0(diagnostica e trata as atividades el\u00e9tricas do cora\u00e7\u00e3o). O superintendente, Maur\u00edcio S\u00e9rgio, ressalta que a novidade \u00e9 destinada para pacientes com arritmia card\u00edaca. &#8220;Os [&hellip;]\" \/>\n<meta property=\"og:url\" content=\"https:\/\/www.federassantas.org.br\/novosite\/santa-casa-de-montes-claros-passa-a-contar-com-servico-de-eletrofisiologia\/\" \/>\n<meta property=\"og:site_name\" content=\"Federassantas\" \/>\n<meta property=\"article:published_time\" content=\"2018-11-26T19:18:06+00:00\" \/>\n<meta property=\"og:image\" content=\"https:\/\/www.federassantas.org.br\/novosite\/wp-content\/uploads\/2018\/11\/IMG_31371-scaled.jpg\" \/>\n\t<meta property=\"og:image:width\" content=\"2560\" \/>\n\t<meta property=\"og:image:height\" content=\"1707\" \/>\n\t<meta property=\"og:image:type\" content=\"image\/jpeg\" \/>\n<meta name=\"author\" content=\"admin-federas\" \/>\n<meta name=\"twitter:card\" content=\"summary_large_image\" \/>\n<meta name=\"twitter:label1\" content=\"Escrito por\" \/>\n\t<meta name=\"twitter:data1\" content=\"admin-federas\" \/>\n\t<meta name=\"twitter:label2\" content=\"Est. tempo de leitura\" \/>\n\t<meta name=\"twitter:data2\" content=\"2 minutos\" \/>\n<script type=\"application\/ld+json\" class=\"yoast-schema-graph\">{\"@context\":\"https:\/\/schema.org\",\"@graph\":[{\"@type\":\"Article\",\"@id\":\"https:\/\/www.federassantas.org.br\/novosite\/santa-casa-de-montes-claros-passa-a-contar-com-servico-de-eletrofisiologia\/#article\",\"isPartOf\":{\"@id\":\"https:\/\/www.federassantas.org.br\/novosite\/santa-casa-de-montes-claros-passa-a-contar-com-servico-de-eletrofisiologia\/\"},\"author\":{\"name\":\"admin-federas\",\"@id\":\"https:\/\/www.federassantas.org.br\/novosite\/#\/schema\/person\/75fed98158349313fe56175f232f513c\"},\"headline\":\"Santa Casa de Montes Claros passa a contar com servi\u00e7o de eletrofisiologia\",\"datePublished\":\"2018-11-26T19:18:06+00:00\",\"mainEntityOfPage\":{\"@id\":\"https:\/\/www.federassantas.org.br\/novosite\/santa-casa-de-montes-claros-passa-a-contar-com-servico-de-eletrofisiologia\/\"},\"wordCount\":451,\"commentCount\":0,\"publisher\":{\"@id\":\"https:\/\/www.federassantas.org.br\/novosite\/#organization\"},\"image\":{\"@id\":\"https:\/\/www.federassantas.org.br\/novosite\/santa-casa-de-montes-claros-passa-a-contar-com-servico-de-eletrofisiologia\/#primaryimage\"},\"thumbnailUrl\":\"https:\/\/www.federassantas.org.br\/novosite\/wp-content\/uploads\/2018\/11\/IMG_31371-scaled.jpg\",\"articleSection\":[\"Not\u00edcias\",\"Not\u00edcias filiados\"],\"inLanguage\":\"pt-BR\",\"potentialAction\":[{\"@type\":\"CommentAction\",\"name\":\"Comment\",\"target\":[\"https:\/\/www.federassantas.org.br\/novosite\/santa-casa-de-montes-claros-passa-a-contar-com-servico-de-eletrofisiologia\/#respond\"]}]},{\"@type\":\"WebPage\",\"@id\":\"https:\/\/www.federassantas.org.br\/novosite\/santa-casa-de-montes-claros-passa-a-contar-com-servico-de-eletrofisiologia\/\",\"url\":\"https:\/\/www.federassantas.org.br\/novosite\/santa-casa-de-montes-claros-passa-a-contar-com-servico-de-eletrofisiologia\/\",\"name\":\"Santa Casa de Montes Claros passa a contar com servi\u00e7o de eletrofisiologia - Federassantas\",\"isPartOf\":{\"@id\":\"https:\/\/www.federassantas.org.br\/novosite\/#website\"},\"primaryImageOfPage\":{\"@id\":\"https:\/\/www.federassantas.org.br\/novosite\/santa-casa-de-montes-claros-passa-a-contar-com-servico-de-eletrofisiologia\/#primaryimage\"},\"image\":{\"@id\":\"https:\/\/www.federassantas.org.br\/novosite\/santa-casa-de-montes-claros-passa-a-contar-com-servico-de-eletrofisiologia\/#primaryimage\"},\"thumbnailUrl\":\"https:\/\/www.federassantas.org.br\/novosite\/wp-content\/uploads\/2018\/11\/IMG_31371-scaled.jpg\",\"datePublished\":\"2018-11-26T19:18:06+00:00\",\"breadcrumb\":{\"@id\":\"https:\/\/www.federassantas.org.br\/novosite\/santa-casa-de-montes-claros-passa-a-contar-com-servico-de-eletrofisiologia\/#breadcrumb\"},\"inLanguage\":\"pt-BR\",\"potentialAction\":[{\"@type\":\"ReadAction\",\"target\":[\"https:\/\/www.federassantas.org.br\/novosite\/santa-casa-de-montes-claros-passa-a-contar-com-servico-de-eletrofisiologia\/\"]}]},{\"@type\":\"ImageObject\",\"inLanguage\":\"pt-BR\",\"@id\":\"https:\/\/www.federassantas.org.br\/novosite\/santa-casa-de-montes-claros-passa-a-contar-com-servico-de-eletrofisiologia\/#primaryimage\",\"url\":\"https:\/\/www.federassantas.org.br\/novosite\/wp-content\/uploads\/2018\/11\/IMG_31371-scaled.jpg\",\"contentUrl\":\"https:\/\/www.federassantas.org.br\/novosite\/wp-content\/uploads\/2018\/11\/IMG_31371-scaled.jpg\",\"width\":2560,\"height\":1707},{\"@type\":\"BreadcrumbList\",\"@id\":\"https:\/\/www.federassantas.org.br\/novosite\/santa-casa-de-montes-claros-passa-a-contar-com-servico-de-eletrofisiologia\/#breadcrumb\",\"itemListElement\":[{\"@type\":\"ListItem\",\"position\":1,\"name\":\"In\u00edcio\",\"item\":\"https:\/\/www.federassantas.org.br\/novosite\/\"},{\"@type\":\"ListItem\",\"position\":2,\"name\":\"Santa Casa de Montes Claros passa a contar com servi\u00e7o de eletrofisiologia\"}]},{\"@type\":\"WebSite\",\"@id\":\"https:\/\/www.federassantas.org.br\/novosite\/#website\",\"url\":\"https:\/\/www.federassantas.org.br\/novosite\/\",\"name\":\"Federassantas\",\"description\":\"Fed. das Santas Casas e Hospitais Filantr\u00f3picos de MG\",\"publisher\":{\"@id\":\"https:\/\/www.federassantas.org.br\/novosite\/#organization\"},\"potentialAction\":[{\"@type\":\"SearchAction\",\"target\":{\"@type\":\"EntryPoint\",\"urlTemplate\":\"https:\/\/www.federassantas.org.br\/novosite\/?s={search_term_string}\"},\"query-input\":{\"@type\":\"PropertyValueSpecification\",\"valueRequired\":true,\"valueName\":\"search_term_string\"}}],\"inLanguage\":\"pt-BR\"},{\"@type\":\"Organization\",\"@id\":\"https:\/\/www.federassantas.org.br\/novosite\/#organization\",\"name\":\"Federassantas\",\"url\":\"https:\/\/www.federassantas.org.br\/novosite\/\",\"logo\":{\"@type\":\"ImageObject\",\"inLanguage\":\"pt-BR\",\"@id\":\"https:\/\/www.federassantas.org.br\/novosite\/#\/schema\/logo\/image\/\",\"url\":\"https:\/\/www.federassantas.org.br\/novosite\/wp-content\/uploads\/2021\/12\/logo.png\",\"contentUrl\":\"https:\/\/www.federassantas.org.br\/novosite\/wp-content\/uploads\/2021\/12\/logo.png\",\"width\":243,\"height\":59,\"caption\":\"Federassantas\"},\"image\":{\"@id\":\"https:\/\/www.federassantas.org.br\/novosite\/#\/schema\/logo\/image\/\"}},{\"@type\":\"Person\",\"@id\":\"https:\/\/www.federassantas.org.br\/novosite\/#\/schema\/person\/75fed98158349313fe56175f232f513c\",\"name\":\"admin-federas\",\"image\":{\"@type\":\"ImageObject\",\"inLanguage\":\"pt-BR\",\"@id\":\"https:\/\/www.federassantas.org.br\/novosite\/#\/schema\/person\/image\/\",\"url\":\"https:\/\/secure.gravatar.com\/avatar\/2a02d7dda59fe8dc6b7ffd3f652e2efede5ccf0dd89dfdc8137c5517f3de8407?s=96&d=mm&r=g\",\"contentUrl\":\"https:\/\/secure.gravatar.com\/avatar\/2a02d7dda59fe8dc6b7ffd3f652e2efede5ccf0dd89dfdc8137c5517f3de8407?s=96&d=mm&r=g\",\"caption\":\"admin-federas\"},\"sameAs\":[\"https:\/\/www.federassantas.org.br\/novosite\/\"],\"url\":\"https:\/\/www.federassantas.org.br\/novosite\/author\/admin-federas\/\"}]}<\/script>\n<!-- \/ Yoast SEO plugin. -->","yoast_head_json":{"title":"Santa Casa de Montes Claros passa a contar com servi\u00e7o de eletrofisiologia - Federassantas","robots":{"index":"index","follow":"follow","max-snippet":"max-snippet:-1","max-image-preview":"max-image-preview:large","max-video-preview":"max-video-preview:-1"},"canonical":"https:\/\/www.federassantas.org.br\/novosite\/santa-casa-de-montes-claros-passa-a-contar-com-servico-de-eletrofisiologia\/","og_locale":"pt_BR","og_type":"article","og_title":"Santa Casa de Montes Claros passa a contar com servi\u00e7o de eletrofisiologia - Federassantas","og_description":"A Santa Casa de Montes Claros, buscando ampliar o atendimento e a assist\u00eancia prestada aos pacientes, lan\u00e7a mais um servi\u00e7o exclusivo na regi\u00e3o do norte de Minas. Trata-se do procedimento de eletrofisiologia\u00a0(diagnostica e trata as atividades el\u00e9tricas do cora\u00e7\u00e3o). O superintendente, Maur\u00edcio S\u00e9rgio, ressalta que a novidade \u00e9 destinada para pacientes com arritmia card\u00edaca. &#8220;Os [&hellip;]","og_url":"https:\/\/www.federassantas.org.br\/novosite\/santa-casa-de-montes-claros-passa-a-contar-com-servico-de-eletrofisiologia\/","og_site_name":"Federassantas","article_published_time":"2018-11-26T19:18:06+00:00","og_image":[{"width":2560,"height":1707,"url":"https:\/\/www.federassantas.org.br\/novosite\/wp-content\/uploads\/2018\/11\/IMG_31371-scaled.jpg","type":"image\/jpeg"}],"author":"admin-federas","twitter_card":"summary_large_image","twitter_misc":{"Escrito por":"admin-federas","Est. tempo de leitura":"2 minutos"},"schema":{"@context":"https:\/\/schema.org","@graph":[{"@type":"Article","@id":"https:\/\/www.federassantas.org.br\/novosite\/santa-casa-de-montes-claros-passa-a-contar-com-servico-de-eletrofisiologia\/#article","isPartOf":{"@id":"https:\/\/www.federassantas.org.br\/novosite\/santa-casa-de-montes-claros-passa-a-contar-com-servico-de-eletrofisiologia\/"},"author":{"name":"admin-federas","@id":"https:\/\/www.federassantas.org.br\/novosite\/#\/schema\/person\/75fed98158349313fe56175f232f513c"},"headline":"Santa Casa de Montes Claros passa a contar com servi\u00e7o de eletrofisiologia","datePublished":"2018-11-26T19:18:06+00:00","mainEntityOfPage":{"@id":"https:\/\/www.federassantas.org.br\/novosite\/santa-casa-de-montes-claros-passa-a-contar-com-servico-de-eletrofisiologia\/"},"wordCount":451,"commentCount":0,"publisher":{"@id":"https:\/\/www.federassantas.org.br\/novosite\/#organization"},"image":{"@id":"https:\/\/www.federassantas.org.br\/novosite\/santa-casa-de-montes-claros-passa-a-contar-com-servico-de-eletrofisiologia\/#primaryimage"},"thumbnailUrl":"https:\/\/www.federassantas.org.br\/novosite\/wp-content\/uploads\/2018\/11\/IMG_31371-scaled.jpg","articleSection":["Not\u00edcias","Not\u00edcias filiados"],"inLanguage":"pt-BR","potentialAction":[{"@type":"CommentAction","name":"Comment","target":["https:\/\/www.federassantas.org.br\/novosite\/santa-casa-de-montes-claros-passa-a-contar-com-servico-de-eletrofisiologia\/#respond"]}]},{"@type":"WebPage","@id":"https:\/\/www.federassantas.org.br\/novosite\/santa-casa-de-montes-claros-passa-a-contar-com-servico-de-eletrofisiologia\/","url":"https:\/\/www.federassantas.org.br\/novosite\/santa-casa-de-montes-claros-passa-a-contar-com-servico-de-eletrofisiologia\/","name":"Santa Casa de Montes Claros passa a contar com servi\u00e7o de eletrofisiologia - Federassantas","isPartOf":{"@id":"https:\/\/www.federassantas.org.br\/novosite\/#website"},"primaryImageOfPage":{"@id":"https:\/\/www.federassantas.org.br\/novosite\/santa-casa-de-montes-claros-passa-a-contar-com-servico-de-eletrofisiologia\/#primaryimage"},"image":{"@id":"https:\/\/www.federassantas.org.br\/novosite\/santa-casa-de-montes-claros-passa-a-contar-com-servico-de-eletrofisiologia\/#primaryimage"},"thumbnailUrl":"https:\/\/www.federassantas.org.br\/novosite\/wp-content\/uploads\/2018\/11\/IMG_31371-scaled.jpg","datePublished":"2018-11-26T19:18:06+00:00","breadcrumb":{"@id":"https:\/\/www.federassantas.org.br\/novosite\/santa-casa-de-montes-claros-passa-a-contar-com-servico-de-eletrofisiologia\/#breadcrumb"},"inLanguage":"pt-BR","potentialAction":[{"@type":"ReadAction","target":["https:\/\/www.federassantas.org.br\/novosite\/santa-casa-de-montes-claros-passa-a-contar-com-servico-de-eletrofisiologia\/"]}]},{"@type":"ImageObject","inLanguage":"pt-BR","@id":"https:\/\/www.federassantas.org.br\/novosite\/santa-casa-de-montes-claros-passa-a-contar-com-servico-de-eletrofisiologia\/#primaryimage","url":"https:\/\/www.federassantas.org.br\/novosite\/wp-content\/uploads\/2018\/11\/IMG_31371-scaled.jpg","contentUrl":"https:\/\/www.federassantas.org.br\/novosite\/wp-content\/uploads\/2018\/11\/IMG_31371-scaled.jpg","width":2560,"height":1707},{"@type":"BreadcrumbList","@id":"https:\/\/www.federassantas.org.br\/novosite\/santa-casa-de-montes-claros-passa-a-contar-com-servico-de-eletrofisiologia\/#breadcrumb","itemListElement":[{"@type":"ListItem","position":1,"name":"In\u00edcio","item":"https:\/\/www.federassantas.org.br\/novosite\/"},{"@type":"ListItem","position":2,"name":"Santa Casa de Montes Claros passa a contar com servi\u00e7o de eletrofisiologia"}]},{"@type":"WebSite","@id":"https:\/\/www.federassantas.org.br\/novosite\/#website","url":"https:\/\/www.federassantas.org.br\/novosite\/","name":"Federassantas","description":"Fed. das Santas Casas e Hospitais Filantr\u00f3picos de MG","publisher":{"@id":"https:\/\/www.federassantas.org.br\/novosite\/#organization"},"potentialAction":[{"@type":"SearchAction","target":{"@type":"EntryPoint","urlTemplate":"https:\/\/www.federassantas.org.br\/novosite\/?s={search_term_string}"},"query-input":{"@type":"PropertyValueSpecification","valueRequired":true,"valueName":"search_term_string"}}],"inLanguage":"pt-BR"},{"@type":"Organization","@id":"https:\/\/www.federassantas.org.br\/novosite\/#organization","name":"Federassantas","url":"https:\/\/www.federassantas.org.br\/novosite\/","logo":{"@type":"ImageObject","inLanguage":"pt-BR","@id":"https:\/\/www.federassantas.org.br\/novosite\/#\/schema\/logo\/image\/","url":"https:\/\/www.federassantas.org.br\/novosite\/wp-content\/uploads\/2021\/12\/logo.png","contentUrl":"https:\/\/www.federassantas.org.br\/novosite\/wp-content\/uploads\/2021\/12\/logo.png","width":243,"height":59,"caption":"Federassantas"},"image":{"@id":"https:\/\/www.federassantas.org.br\/novosite\/#\/schema\/logo\/image\/"}},{"@type":"Person","@id":"https:\/\/www.federassantas.org.br\/novosite\/#\/schema\/person\/75fed98158349313fe56175f232f513c","name":"admin-federas","image":{"@type":"ImageObject","inLanguage":"pt-BR","@id":"https:\/\/www.federassantas.org.br\/novosite\/#\/schema\/person\/image\/","url":"https:\/\/secure.gravatar.com\/avatar\/2a02d7dda59fe8dc6b7ffd3f652e2efede5ccf0dd89dfdc8137c5517f3de8407?s=96&d=mm&r=g","contentUrl":"https:\/\/secure.gravatar.com\/avatar\/2a02d7dda59fe8dc6b7ffd3f652e2efede5ccf0dd89dfdc8137c5517f3de8407?s=96&d=mm&r=g","caption":"admin-federas"},"sameAs":["https:\/\/www.federassantas.org.br\/novosite\/"],"url":"https:\/\/www.federassantas.org.br\/novosite\/author\/admin-federas\/"}]}},"_links":{"self":[{"href":"https:\/\/www.federassantas.org.br\/novosite\/wp-json\/wp\/v2\/posts\/14840","targetHints":{"allow":["GET"]}}],"collection":[{"href":"https:\/\/www.federassantas.org.br\/novosite\/wp-json\/wp\/v2\/posts"}],"about":[{"href":"https:\/\/www.federassantas.org.br\/novosite\/wp-json\/wp\/v2\/types\/post"}],"author":[{"embeddable":true,"href":"https:\/\/www.federassantas.org.br\/novosite\/wp-json\/wp\/v2\/users\/1"}],"replies":[{"embeddable":true,"href":"https:\/\/www.federassantas.org.br\/novosite\/wp-json\/wp\/v2\/comments?post=14840"}],"version-history":[{"count":0,"href":"https:\/\/www.federassantas.org.br\/novosite\/wp-json\/wp\/v2\/posts\/14840\/revisions"}],"wp:featuredmedia":[{"embeddable":true,"href":"https:\/\/www.federassantas.org.br\/novosite\/wp-json\/wp\/v2\/media\/14841"}],"wp:attachment":[{"href":"https:\/\/www.federassantas.org.br\/novosite\/wp-json\/wp\/v2\/media?parent=14840"}],"wp:term":[{"taxonomy":"category","embeddable":true,"href":"https:\/\/www.federassantas.org.br\/novosite\/wp-json\/wp\/v2\/categories?post=14840"},{"taxonomy":"post_tag","embeddable":true,"href":"https:\/\/www.federassantas.org.br\/novosite\/wp-json\/wp\/v2\/tags?post=14840"}],"curies":[{"name":"wp","href":"https:\/\/api.w.org\/{rel}","templated":true}]}}