{"id":14864,"date":"2018-11-27T15:10:28","date_gmt":"2018-11-27T17:10:28","guid":{"rendered":"https:\/\/federasbackup.meltcomunicacao.com.br\/?p=14864"},"modified":"2018-11-27T15:10:28","modified_gmt":"2018-11-27T17:10:28","slug":"13a-campanha-de-prevencao-ao-cancer-de-prostata-acontece-nesta-sexta-no-hrc","status":"publish","type":"post","link":"https:\/\/www.federassantas.org.br\/novosite\/13a-campanha-de-prevencao-ao-cancer-de-prostata-acontece-nesta-sexta-no-hrc\/","title":{"rendered":"13\u00aa Campanha de Preven\u00e7\u00e3o ao C\u00e2ncer de Pr\u00f3stata acontece nesta sexta no HRC"},"content":{"rendered":"<p style=\"text-align: justify;\">Na pr\u00f3xima sexta-feira, 30 de novembro, o Hospital Regional do C\u00e2ncer de Passos realizar\u00e1 a 13\u00aa Campanha de Preven\u00e7\u00e3o ao C\u00e2ncer de Pr\u00f3stata. A Campanha visa disponibilizar atendimento precoce, que possibilita que os casos suspeitos sejam encaminhados para tratamento no hospital.<\/p>\n<p style=\"text-align: justify;\">Dos crit\u00e9rios para participa\u00e7\u00e3o, destaca-se: homens com idade a partir de 50 anos e que nunca passaram por um urologista ou de menor idade que tenha hist\u00f3rico de c\u00e2ncer de pr\u00f3stata na fam\u00edlia. Durante o m\u00eas tamb\u00e9m aconteceram palestras em diversos munic\u00edpios da regi\u00e3o e tamb\u00e9m para os colaboradores da Santa Casa e do HRC. Conforme o Inca (Instituto Nacional do C\u00e2ncer), o c\u00e2ncer de pr\u00f3stata \u00e9 o mais comum em homens depois do c\u00e2ncer de pele n\u00e3o-melanoma. Em est\u00e1gio inicial o c\u00e2ncer de pr\u00f3stata geralmente n\u00e3o causa sintomas, por isso \u00e9 importante consultar-se com um m\u00e9dico e realizar os exames periodicamente.<\/p>\n<p style=\"text-align: justify;\">De acordo com o m\u00e9dico oncologista Natael Malta, a campanha a cada ano tem mais pessoas sendo avaliadas com diagn\u00f3stico precoce de c\u00e2ncer de pr\u00f3stata, da ordem de dez por cento dos casos que j\u00e1 vem previamente triados pelos munic\u00edpios. Mas tamb\u00e9m existem as dificuldades: o grande entrave \u00e9 a falta de recursos dos munic\u00edpios para buscar os pacientes e conseguir os exames para iniciar o screening, sobretudo os da zona rural.<\/p>\n<p style=\"text-align: justify;\">\n<p style=\"text-align: justify;\"><strong>Mas deve-se ficar atento a alguns sintomas como:<\/strong><\/p>\n<ul style=\"text-align: justify;\">\n<li>Dor ou ardor durante a mic\u00e7\u00e3o;<\/li>\n<li>Dificuldade em iniciar e manter um fluxo constante de urina; fluxo urin\u00e1rio fraco\/interrompido; mic\u00e7\u00e3o excessiva durante a noite, mic\u00e7\u00e3o frequente ou incontin\u00eancia;<\/li>\n<li>Disfun\u00e7\u00e3o er\u00e9til, impot\u00eancia;<\/li>\n<li>Sangue na urina ou no esperma;<\/li>\n<li>Perda do controle da bexiga ou intestino devido a press\u00e3o do tumor sobre a medula espinhal.<\/li>\n<li>Se a doen\u00e7a se disseminou, o homem pode apresentar sintomas como dor nas costas, quadris, coxas, ombros ou outros ossos.<\/li>\n<\/ul>\n<p style=\"text-align: justify;\">Fonte: Assessoria de Comunica\u00e7\u00e3o da\u00a0Santa Casa de Miseric\u00f3rdia de Passos<\/p>\n","protected":false},"excerpt":{"rendered":"<p>Na pr\u00f3xima sexta-feira, 30 de novembro, o Hospital Regional do C\u00e2ncer de Passos realizar\u00e1 a 13\u00aa Campanha de Preven\u00e7\u00e3o ao C\u00e2ncer de Pr\u00f3stata. A Campanha visa disponibilizar atendimento precoce, que possibilita que os casos suspeitos sejam encaminhados para tratamento no hospital. Dos crit\u00e9rios para participa\u00e7\u00e3o, destaca-se: homens com idade a partir de 50 anos e [&hellip;]<\/p>\n","protected":false},"author":1,"featured_media":14865,"comment_status":"open","ping_status":"open","sticky":false,"template":"","format":"standard","meta":{"footnotes":""},"categories":[140,139],"tags":[],"class_list":["post-14864","post","type-post","status-publish","format-standard","has-post-thumbnail","hentry","category-noticias","category-noticias-filiados"],"yoast_head":"<!-- This site is optimized with the Yoast SEO plugin v26.9 - https:\/\/yoast.com\/product\/yoast-seo-wordpress\/ -->\n<title>13\u00aa Campanha de Preven\u00e7\u00e3o ao C\u00e2ncer de Pr\u00f3stata acontece nesta sexta no HRC - Federassantas<\/title>\n<meta name=\"robots\" content=\"index, follow, max-snippet:-1, max-image-preview:large, max-video-preview:-1\" \/>\n<link rel=\"canonical\" href=\"https:\/\/www.federassantas.org.br\/novosite\/13a-campanha-de-prevencao-ao-cancer-de-prostata-acontece-nesta-sexta-no-hrc\/\" \/>\n<meta property=\"og:locale\" content=\"pt_BR\" \/>\n<meta property=\"og:type\" content=\"article\" \/>\n<meta property=\"og:title\" content=\"13\u00aa Campanha de Preven\u00e7\u00e3o ao C\u00e2ncer de Pr\u00f3stata acontece nesta sexta no HRC - Federassantas\" \/>\n<meta property=\"og:description\" content=\"Na pr\u00f3xima sexta-feira, 30 de novembro, o Hospital Regional do C\u00e2ncer de Passos realizar\u00e1 a 13\u00aa Campanha de Preven\u00e7\u00e3o ao C\u00e2ncer de Pr\u00f3stata. A Campanha visa disponibilizar atendimento precoce, que possibilita que os casos suspeitos sejam encaminhados para tratamento no hospital. Dos crit\u00e9rios para participa\u00e7\u00e3o, destaca-se: homens com idade a partir de 50 anos e [&hellip;]\" \/>\n<meta property=\"og:url\" content=\"https:\/\/www.federassantas.org.br\/novosite\/13a-campanha-de-prevencao-ao-cancer-de-prostata-acontece-nesta-sexta-no-hrc\/\" \/>\n<meta property=\"og:site_name\" content=\"Federassantas\" \/>\n<meta property=\"article:published_time\" content=\"2018-11-27T17:10:28+00:00\" \/>\n<meta property=\"og:image\" content=\"https:\/\/www.federassantas.org.br\/novosite\/wp-content\/uploads\/2018\/11\/4994814.jpg\" \/>\n\t<meta property=\"og:image:width\" content=\"1200\" \/>\n\t<meta property=\"og:image:height\" content=\"630\" \/>\n\t<meta property=\"og:image:type\" content=\"image\/jpeg\" \/>\n<meta name=\"author\" content=\"admin-federas\" \/>\n<meta name=\"twitter:card\" content=\"summary_large_image\" \/>\n<meta name=\"twitter:label1\" content=\"Escrito por\" \/>\n\t<meta name=\"twitter:data1\" content=\"admin-federas\" \/>\n\t<meta name=\"twitter:label2\" content=\"Est. tempo de leitura\" \/>\n\t<meta name=\"twitter:data2\" content=\"2 minutos\" \/>\n<script type=\"application\/ld+json\" class=\"yoast-schema-graph\">{\"@context\":\"https:\/\/schema.org\",\"@graph\":[{\"@type\":\"Article\",\"@id\":\"https:\/\/www.federassantas.org.br\/novosite\/13a-campanha-de-prevencao-ao-cancer-de-prostata-acontece-nesta-sexta-no-hrc\/#article\",\"isPartOf\":{\"@id\":\"https:\/\/www.federassantas.org.br\/novosite\/13a-campanha-de-prevencao-ao-cancer-de-prostata-acontece-nesta-sexta-no-hrc\/\"},\"author\":{\"name\":\"admin-federas\",\"@id\":\"https:\/\/www.federassantas.org.br\/novosite\/#\/schema\/person\/75fed98158349313fe56175f232f513c\"},\"headline\":\"13\u00aa Campanha de Preven\u00e7\u00e3o ao C\u00e2ncer de Pr\u00f3stata acontece nesta sexta no HRC\",\"datePublished\":\"2018-11-27T17:10:28+00:00\",\"mainEntityOfPage\":{\"@id\":\"https:\/\/www.federassantas.org.br\/novosite\/13a-campanha-de-prevencao-ao-cancer-de-prostata-acontece-nesta-sexta-no-hrc\/\"},\"wordCount\":362,\"commentCount\":0,\"publisher\":{\"@id\":\"https:\/\/www.federassantas.org.br\/novosite\/#organization\"},\"image\":{\"@id\":\"https:\/\/www.federassantas.org.br\/novosite\/13a-campanha-de-prevencao-ao-cancer-de-prostata-acontece-nesta-sexta-no-hrc\/#primaryimage\"},\"thumbnailUrl\":\"https:\/\/www.federassantas.org.br\/novosite\/wp-content\/uploads\/2018\/11\/4994814.jpg\",\"articleSection\":[\"Not\u00edcias\",\"Not\u00edcias filiados\"],\"inLanguage\":\"pt-BR\",\"potentialAction\":[{\"@type\":\"CommentAction\",\"name\":\"Comment\",\"target\":[\"https:\/\/www.federassantas.org.br\/novosite\/13a-campanha-de-prevencao-ao-cancer-de-prostata-acontece-nesta-sexta-no-hrc\/#respond\"]}]},{\"@type\":\"WebPage\",\"@id\":\"https:\/\/www.federassantas.org.br\/novosite\/13a-campanha-de-prevencao-ao-cancer-de-prostata-acontece-nesta-sexta-no-hrc\/\",\"url\":\"https:\/\/www.federassantas.org.br\/novosite\/13a-campanha-de-prevencao-ao-cancer-de-prostata-acontece-nesta-sexta-no-hrc\/\",\"name\":\"13\u00aa Campanha de Preven\u00e7\u00e3o ao C\u00e2ncer de Pr\u00f3stata acontece nesta sexta no HRC - Federassantas\",\"isPartOf\":{\"@id\":\"https:\/\/www.federassantas.org.br\/novosite\/#website\"},\"primaryImageOfPage\":{\"@id\":\"https:\/\/www.federassantas.org.br\/novosite\/13a-campanha-de-prevencao-ao-cancer-de-prostata-acontece-nesta-sexta-no-hrc\/#primaryimage\"},\"image\":{\"@id\":\"https:\/\/www.federassantas.org.br\/novosite\/13a-campanha-de-prevencao-ao-cancer-de-prostata-acontece-nesta-sexta-no-hrc\/#primaryimage\"},\"thumbnailUrl\":\"https:\/\/www.federassantas.org.br\/novosite\/wp-content\/uploads\/2018\/11\/4994814.jpg\",\"datePublished\":\"2018-11-27T17:10:28+00:00\",\"breadcrumb\":{\"@id\":\"https:\/\/www.federassantas.org.br\/novosite\/13a-campanha-de-prevencao-ao-cancer-de-prostata-acontece-nesta-sexta-no-hrc\/#breadcrumb\"},\"inLanguage\":\"pt-BR\",\"potentialAction\":[{\"@type\":\"ReadAction\",\"target\":[\"https:\/\/www.federassantas.org.br\/novosite\/13a-campanha-de-prevencao-ao-cancer-de-prostata-acontece-nesta-sexta-no-hrc\/\"]}]},{\"@type\":\"ImageObject\",\"inLanguage\":\"pt-BR\",\"@id\":\"https:\/\/www.federassantas.org.br\/novosite\/13a-campanha-de-prevencao-ao-cancer-de-prostata-acontece-nesta-sexta-no-hrc\/#primaryimage\",\"url\":\"https:\/\/www.federassantas.org.br\/novosite\/wp-content\/uploads\/2018\/11\/4994814.jpg\",\"contentUrl\":\"https:\/\/www.federassantas.org.br\/novosite\/wp-content\/uploads\/2018\/11\/4994814.jpg\",\"width\":1200,\"height\":630},{\"@type\":\"BreadcrumbList\",\"@id\":\"https:\/\/www.federassantas.org.br\/novosite\/13a-campanha-de-prevencao-ao-cancer-de-prostata-acontece-nesta-sexta-no-hrc\/#breadcrumb\",\"itemListElement\":[{\"@type\":\"ListItem\",\"position\":1,\"name\":\"In\u00edcio\",\"item\":\"https:\/\/www.federassantas.org.br\/novosite\/\"},{\"@type\":\"ListItem\",\"position\":2,\"name\":\"13\u00aa Campanha de Preven\u00e7\u00e3o ao C\u00e2ncer de Pr\u00f3stata acontece nesta sexta no HRC\"}]},{\"@type\":\"WebSite\",\"@id\":\"https:\/\/www.federassantas.org.br\/novosite\/#website\",\"url\":\"https:\/\/www.federassantas.org.br\/novosite\/\",\"name\":\"Federassantas\",\"description\":\"Fed. das Santas Casas e Hospitais Filantr\u00f3picos de MG\",\"publisher\":{\"@id\":\"https:\/\/www.federassantas.org.br\/novosite\/#organization\"},\"potentialAction\":[{\"@type\":\"SearchAction\",\"target\":{\"@type\":\"EntryPoint\",\"urlTemplate\":\"https:\/\/www.federassantas.org.br\/novosite\/?s={search_term_string}\"},\"query-input\":{\"@type\":\"PropertyValueSpecification\",\"valueRequired\":true,\"valueName\":\"search_term_string\"}}],\"inLanguage\":\"pt-BR\"},{\"@type\":\"Organization\",\"@id\":\"https:\/\/www.federassantas.org.br\/novosite\/#organization\",\"name\":\"Federassantas\",\"url\":\"https:\/\/www.federassantas.org.br\/novosite\/\",\"logo\":{\"@type\":\"ImageObject\",\"inLanguage\":\"pt-BR\",\"@id\":\"https:\/\/www.federassantas.org.br\/novosite\/#\/schema\/logo\/image\/\",\"url\":\"https:\/\/www.federassantas.org.br\/novosite\/wp-content\/uploads\/2021\/12\/logo.png\",\"contentUrl\":\"https:\/\/www.federassantas.org.br\/novosite\/wp-content\/uploads\/2021\/12\/logo.png\",\"width\":243,\"height\":59,\"caption\":\"Federassantas\"},\"image\":{\"@id\":\"https:\/\/www.federassantas.org.br\/novosite\/#\/schema\/logo\/image\/\"}},{\"@type\":\"Person\",\"@id\":\"https:\/\/www.federassantas.org.br\/novosite\/#\/schema\/person\/75fed98158349313fe56175f232f513c\",\"name\":\"admin-federas\",\"image\":{\"@type\":\"ImageObject\",\"inLanguage\":\"pt-BR\",\"@id\":\"https:\/\/www.federassantas.org.br\/novosite\/#\/schema\/person\/image\/\",\"url\":\"https:\/\/secure.gravatar.com\/avatar\/2a02d7dda59fe8dc6b7ffd3f652e2efede5ccf0dd89dfdc8137c5517f3de8407?s=96&d=mm&r=g\",\"contentUrl\":\"https:\/\/secure.gravatar.com\/avatar\/2a02d7dda59fe8dc6b7ffd3f652e2efede5ccf0dd89dfdc8137c5517f3de8407?s=96&d=mm&r=g\",\"caption\":\"admin-federas\"},\"sameAs\":[\"https:\/\/www.federassantas.org.br\/novosite\/\"],\"url\":\"https:\/\/www.federassantas.org.br\/novosite\/author\/admin-federas\/\"}]}<\/script>\n<!-- \/ Yoast SEO plugin. -->","yoast_head_json":{"title":"13\u00aa Campanha de Preven\u00e7\u00e3o ao C\u00e2ncer de Pr\u00f3stata acontece nesta sexta no HRC - Federassantas","robots":{"index":"index","follow":"follow","max-snippet":"max-snippet:-1","max-image-preview":"max-image-preview:large","max-video-preview":"max-video-preview:-1"},"canonical":"https:\/\/www.federassantas.org.br\/novosite\/13a-campanha-de-prevencao-ao-cancer-de-prostata-acontece-nesta-sexta-no-hrc\/","og_locale":"pt_BR","og_type":"article","og_title":"13\u00aa Campanha de Preven\u00e7\u00e3o ao C\u00e2ncer de Pr\u00f3stata acontece nesta sexta no HRC - Federassantas","og_description":"Na pr\u00f3xima sexta-feira, 30 de novembro, o Hospital Regional do C\u00e2ncer de Passos realizar\u00e1 a 13\u00aa Campanha de Preven\u00e7\u00e3o ao C\u00e2ncer de Pr\u00f3stata. A Campanha visa disponibilizar atendimento precoce, que possibilita que os casos suspeitos sejam encaminhados para tratamento no hospital. Dos crit\u00e9rios para participa\u00e7\u00e3o, destaca-se: homens com idade a partir de 50 anos e [&hellip;]","og_url":"https:\/\/www.federassantas.org.br\/novosite\/13a-campanha-de-prevencao-ao-cancer-de-prostata-acontece-nesta-sexta-no-hrc\/","og_site_name":"Federassantas","article_published_time":"2018-11-27T17:10:28+00:00","og_image":[{"width":1200,"height":630,"url":"https:\/\/www.federassantas.org.br\/novosite\/wp-content\/uploads\/2018\/11\/4994814.jpg","type":"image\/jpeg"}],"author":"admin-federas","twitter_card":"summary_large_image","twitter_misc":{"Escrito por":"admin-federas","Est. tempo de leitura":"2 minutos"},"schema":{"@context":"https:\/\/schema.org","@graph":[{"@type":"Article","@id":"https:\/\/www.federassantas.org.br\/novosite\/13a-campanha-de-prevencao-ao-cancer-de-prostata-acontece-nesta-sexta-no-hrc\/#article","isPartOf":{"@id":"https:\/\/www.federassantas.org.br\/novosite\/13a-campanha-de-prevencao-ao-cancer-de-prostata-acontece-nesta-sexta-no-hrc\/"},"author":{"name":"admin-federas","@id":"https:\/\/www.federassantas.org.br\/novosite\/#\/schema\/person\/75fed98158349313fe56175f232f513c"},"headline":"13\u00aa Campanha de Preven\u00e7\u00e3o ao C\u00e2ncer de Pr\u00f3stata acontece nesta sexta no HRC","datePublished":"2018-11-27T17:10:28+00:00","mainEntityOfPage":{"@id":"https:\/\/www.federassantas.org.br\/novosite\/13a-campanha-de-prevencao-ao-cancer-de-prostata-acontece-nesta-sexta-no-hrc\/"},"wordCount":362,"commentCount":0,"publisher":{"@id":"https:\/\/www.federassantas.org.br\/novosite\/#organization"},"image":{"@id":"https:\/\/www.federassantas.org.br\/novosite\/13a-campanha-de-prevencao-ao-cancer-de-prostata-acontece-nesta-sexta-no-hrc\/#primaryimage"},"thumbnailUrl":"https:\/\/www.federassantas.org.br\/novosite\/wp-content\/uploads\/2018\/11\/4994814.jpg","articleSection":["Not\u00edcias","Not\u00edcias filiados"],"inLanguage":"pt-BR","potentialAction":[{"@type":"CommentAction","name":"Comment","target":["https:\/\/www.federassantas.org.br\/novosite\/13a-campanha-de-prevencao-ao-cancer-de-prostata-acontece-nesta-sexta-no-hrc\/#respond"]}]},{"@type":"WebPage","@id":"https:\/\/www.federassantas.org.br\/novosite\/13a-campanha-de-prevencao-ao-cancer-de-prostata-acontece-nesta-sexta-no-hrc\/","url":"https:\/\/www.federassantas.org.br\/novosite\/13a-campanha-de-prevencao-ao-cancer-de-prostata-acontece-nesta-sexta-no-hrc\/","name":"13\u00aa Campanha de Preven\u00e7\u00e3o ao C\u00e2ncer de Pr\u00f3stata acontece nesta sexta no HRC - Federassantas","isPartOf":{"@id":"https:\/\/www.federassantas.org.br\/novosite\/#website"},"primaryImageOfPage":{"@id":"https:\/\/www.federassantas.org.br\/novosite\/13a-campanha-de-prevencao-ao-cancer-de-prostata-acontece-nesta-sexta-no-hrc\/#primaryimage"},"image":{"@id":"https:\/\/www.federassantas.org.br\/novosite\/13a-campanha-de-prevencao-ao-cancer-de-prostata-acontece-nesta-sexta-no-hrc\/#primaryimage"},"thumbnailUrl":"https:\/\/www.federassantas.org.br\/novosite\/wp-content\/uploads\/2018\/11\/4994814.jpg","datePublished":"2018-11-27T17:10:28+00:00","breadcrumb":{"@id":"https:\/\/www.federassantas.org.br\/novosite\/13a-campanha-de-prevencao-ao-cancer-de-prostata-acontece-nesta-sexta-no-hrc\/#breadcrumb"},"inLanguage":"pt-BR","potentialAction":[{"@type":"ReadAction","target":["https:\/\/www.federassantas.org.br\/novosite\/13a-campanha-de-prevencao-ao-cancer-de-prostata-acontece-nesta-sexta-no-hrc\/"]}]},{"@type":"ImageObject","inLanguage":"pt-BR","@id":"https:\/\/www.federassantas.org.br\/novosite\/13a-campanha-de-prevencao-ao-cancer-de-prostata-acontece-nesta-sexta-no-hrc\/#primaryimage","url":"https:\/\/www.federassantas.org.br\/novosite\/wp-content\/uploads\/2018\/11\/4994814.jpg","contentUrl":"https:\/\/www.federassantas.org.br\/novosite\/wp-content\/uploads\/2018\/11\/4994814.jpg","width":1200,"height":630},{"@type":"BreadcrumbList","@id":"https:\/\/www.federassantas.org.br\/novosite\/13a-campanha-de-prevencao-ao-cancer-de-prostata-acontece-nesta-sexta-no-hrc\/#breadcrumb","itemListElement":[{"@type":"ListItem","position":1,"name":"In\u00edcio","item":"https:\/\/www.federassantas.org.br\/novosite\/"},{"@type":"ListItem","position":2,"name":"13\u00aa Campanha de Preven\u00e7\u00e3o ao C\u00e2ncer de Pr\u00f3stata acontece nesta sexta no HRC"}]},{"@type":"WebSite","@id":"https:\/\/www.federassantas.org.br\/novosite\/#website","url":"https:\/\/www.federassantas.org.br\/novosite\/","name":"Federassantas","description":"Fed. das Santas Casas e Hospitais Filantr\u00f3picos de MG","publisher":{"@id":"https:\/\/www.federassantas.org.br\/novosite\/#organization"},"potentialAction":[{"@type":"SearchAction","target":{"@type":"EntryPoint","urlTemplate":"https:\/\/www.federassantas.org.br\/novosite\/?s={search_term_string}"},"query-input":{"@type":"PropertyValueSpecification","valueRequired":true,"valueName":"search_term_string"}}],"inLanguage":"pt-BR"},{"@type":"Organization","@id":"https:\/\/www.federassantas.org.br\/novosite\/#organization","name":"Federassantas","url":"https:\/\/www.federassantas.org.br\/novosite\/","logo":{"@type":"ImageObject","inLanguage":"pt-BR","@id":"https:\/\/www.federassantas.org.br\/novosite\/#\/schema\/logo\/image\/","url":"https:\/\/www.federassantas.org.br\/novosite\/wp-content\/uploads\/2021\/12\/logo.png","contentUrl":"https:\/\/www.federassantas.org.br\/novosite\/wp-content\/uploads\/2021\/12\/logo.png","width":243,"height":59,"caption":"Federassantas"},"image":{"@id":"https:\/\/www.federassantas.org.br\/novosite\/#\/schema\/logo\/image\/"}},{"@type":"Person","@id":"https:\/\/www.federassantas.org.br\/novosite\/#\/schema\/person\/75fed98158349313fe56175f232f513c","name":"admin-federas","image":{"@type":"ImageObject","inLanguage":"pt-BR","@id":"https:\/\/www.federassantas.org.br\/novosite\/#\/schema\/person\/image\/","url":"https:\/\/secure.gravatar.com\/avatar\/2a02d7dda59fe8dc6b7ffd3f652e2efede5ccf0dd89dfdc8137c5517f3de8407?s=96&d=mm&r=g","contentUrl":"https:\/\/secure.gravatar.com\/avatar\/2a02d7dda59fe8dc6b7ffd3f652e2efede5ccf0dd89dfdc8137c5517f3de8407?s=96&d=mm&r=g","caption":"admin-federas"},"sameAs":["https:\/\/www.federassantas.org.br\/novosite\/"],"url":"https:\/\/www.federassantas.org.br\/novosite\/author\/admin-federas\/"}]}},"_links":{"self":[{"href":"https:\/\/www.federassantas.org.br\/novosite\/wp-json\/wp\/v2\/posts\/14864","targetHints":{"allow":["GET"]}}],"collection":[{"href":"https:\/\/www.federassantas.org.br\/novosite\/wp-json\/wp\/v2\/posts"}],"about":[{"href":"https:\/\/www.federassantas.org.br\/novosite\/wp-json\/wp\/v2\/types\/post"}],"author":[{"embeddable":true,"href":"https:\/\/www.federassantas.org.br\/novosite\/wp-json\/wp\/v2\/users\/1"}],"replies":[{"embeddable":true,"href":"https:\/\/www.federassantas.org.br\/novosite\/wp-json\/wp\/v2\/comments?post=14864"}],"version-history":[{"count":0,"href":"https:\/\/www.federassantas.org.br\/novosite\/wp-json\/wp\/v2\/posts\/14864\/revisions"}],"wp:featuredmedia":[{"embeddable":true,"href":"https:\/\/www.federassantas.org.br\/novosite\/wp-json\/wp\/v2\/media\/14865"}],"wp:attachment":[{"href":"https:\/\/www.federassantas.org.br\/novosite\/wp-json\/wp\/v2\/media?parent=14864"}],"wp:term":[{"taxonomy":"category","embeddable":true,"href":"https:\/\/www.federassantas.org.br\/novosite\/wp-json\/wp\/v2\/categories?post=14864"},{"taxonomy":"post_tag","embeddable":true,"href":"https:\/\/www.federassantas.org.br\/novosite\/wp-json\/wp\/v2\/tags?post=14864"}],"curies":[{"name":"wp","href":"https:\/\/api.w.org\/{rel}","templated":true}]}}