{"id":14896,"date":"2018-11-27T17:37:17","date_gmt":"2018-11-27T19:37:17","guid":{"rendered":"https:\/\/federasbackup.meltcomunicacao.com.br\/?p=14896"},"modified":"2018-11-27T17:37:17","modified_gmt":"2018-11-27T19:37:17","slug":"modelo-de-pagamento-na-saude-deve-mudar-nos-proximos-anos","status":"publish","type":"post","link":"https:\/\/www.federassantas.org.br\/novosite\/modelo-de-pagamento-na-saude-deve-mudar-nos-proximos-anos\/","title":{"rendered":"Modelo de pagamento na sa\u00fade deve mudar nos pr\u00f3ximos anos"},"content":{"rendered":"<p><em>Estudo da Anahp mostra que o aumento da utiliza\u00e7\u00e3o de servi\u00e7os trouxe eleva\u00e7\u00e3o nos gastos do setor e pode estar associado ao modelo de gest\u00e3o do sistema<\/em><\/p>\n<p style=\"text-align: justify;\">O aumento de 70% da frequ\u00eancia de uso do sistema de sa\u00fade suplementar foi o principal respons\u00e1vel pelo acr\u00e9scimo de R$ 49 bilh\u00f5es nos gastos do setor entre 2012 e 2017, j\u00e1 desconcontada a infla\u00e7\u00e3o do per\u00edodo, de acordo com estudo encomendado pela Associa\u00e7\u00e3o Nacional de Hospitais Privados (Anahp). Esse foi um dos temas debatidos durante o 6\u00ba Congresso Nacional de Hospitais Privados, em S\u00e3o Paulo, entre 7 e 9 de novembro.<\/p>\n<p style=\"text-align: justify;\">O estudo foi contratado justamente para saber de onde vinha esse incremento de custo, que j\u00e1 havia gerado, por exemplo, reajuste das mensalidades de planos de sa\u00fade. \u201cO aumento na frequ\u00eancia do uso traduz o sistema atual, com um modelo assistencial que n\u00e3o possui porta de entrada organizada, em que pacientes buscam consultas na emerg\u00eancia, n\u00e3o t\u00eam sistema de acompanhamento, nem preven\u00e7\u00e3o\u201d, avalia a diretora executiva da Anahp, Martha Oliveira.<\/p>\n<p style=\"text-align: justify;\">Outros fatores que podem explicar esse aumento, segundo ela, \u00e9 o envelhecimento populacional, a crise econ\u00f4mica \u2013 em que as pessoas passam a usar mais os planos com medo de perd\u00ea-los \u2013, e a oferta de novas tecnologias, que possibilitam a realiza\u00e7\u00e3o de novos exames. Martha ressalta ainda que a inten\u00e7\u00e3o do estudo n\u00e3o foi apontar o dedo para nenhuma das partes, muito menos para o paciente. \u201cEle \u00e9 mais ref\u00e9m desse sistema que constru\u00edmos nos \u00faltimos 40 anos. Agora, precisamos construir um novo, com melhor modelo assistencial e de remunera\u00e7\u00e3o, melhor articula\u00e7\u00e3o entre sistema p\u00fablico e privado, maior uso de novas tecnologias e diminui\u00e7\u00e3o da desconfian\u00e7a entre as partes que comp\u00f5em o setor\u201d, avalia.<\/p>\n<p>Veja mais em:\u00a0https:\/\/oglobo.globo.com\/brasil\/modelo-de-pagamento-na-saude-deve-mudar-nos-proximos-anos-23261078<\/p>\n","protected":false},"excerpt":{"rendered":"<p>Estudo da Anahp mostra que o aumento da utiliza\u00e7\u00e3o de servi\u00e7os trouxe eleva\u00e7\u00e3o nos gastos do setor e pode estar associado ao modelo de gest\u00e3o do sistema O aumento de 70% da frequ\u00eancia de uso do sistema de sa\u00fade suplementar foi o principal respons\u00e1vel pelo acr\u00e9scimo de R$ 49 bilh\u00f5es nos gastos do setor entre [&hellip;]<\/p>\n","protected":false},"author":1,"featured_media":14897,"comment_status":"open","ping_status":"open","sticky":false,"template":"","format":"standard","meta":{"footnotes":""},"categories":[140,143],"tags":[],"class_list":["post-14896","post","type-post","status-publish","format-standard","has-post-thumbnail","hentry","category-noticias","category-noticias-publicas"],"yoast_head":"<!-- This site is optimized with the Yoast SEO plugin v26.9 - https:\/\/yoast.com\/product\/yoast-seo-wordpress\/ -->\n<title>Modelo de pagamento na sa\u00fade deve mudar nos pr\u00f3ximos anos - Federassantas<\/title>\n<meta name=\"robots\" content=\"index, follow, max-snippet:-1, max-image-preview:large, max-video-preview:-1\" \/>\n<link rel=\"canonical\" href=\"https:\/\/www.federassantas.org.br\/novosite\/modelo-de-pagamento-na-saude-deve-mudar-nos-proximos-anos\/\" \/>\n<meta property=\"og:locale\" content=\"pt_BR\" \/>\n<meta property=\"og:type\" content=\"article\" \/>\n<meta property=\"og:title\" content=\"Modelo de pagamento na sa\u00fade deve mudar nos pr\u00f3ximos anos - Federassantas\" \/>\n<meta property=\"og:description\" content=\"Estudo da Anahp mostra que o aumento da utiliza\u00e7\u00e3o de servi\u00e7os trouxe eleva\u00e7\u00e3o nos gastos do setor e pode estar associado ao modelo de gest\u00e3o do sistema O aumento de 70% da frequ\u00eancia de uso do sistema de sa\u00fade suplementar foi o principal respons\u00e1vel pelo acr\u00e9scimo de R$ 49 bilh\u00f5es nos gastos do setor entre [&hellip;]\" \/>\n<meta property=\"og:url\" content=\"https:\/\/www.federassantas.org.br\/novosite\/modelo-de-pagamento-na-saude-deve-mudar-nos-proximos-anos\/\" \/>\n<meta property=\"og:site_name\" content=\"Federassantas\" \/>\n<meta property=\"article:published_time\" content=\"2018-11-27T19:37:17+00:00\" \/>\n<meta name=\"author\" content=\"admin-federas\" \/>\n<meta name=\"twitter:card\" content=\"summary_large_image\" \/>\n<meta name=\"twitter:label1\" content=\"Escrito por\" \/>\n\t<meta name=\"twitter:data1\" content=\"admin-federas\" \/>\n\t<meta name=\"twitter:label2\" content=\"Est. tempo de leitura\" \/>\n\t<meta name=\"twitter:data2\" content=\"2 minutos\" \/>\n<script type=\"application\/ld+json\" class=\"yoast-schema-graph\">{\"@context\":\"https:\/\/schema.org\",\"@graph\":[{\"@type\":\"Article\",\"@id\":\"https:\/\/www.federassantas.org.br\/novosite\/modelo-de-pagamento-na-saude-deve-mudar-nos-proximos-anos\/#article\",\"isPartOf\":{\"@id\":\"https:\/\/www.federassantas.org.br\/novosite\/modelo-de-pagamento-na-saude-deve-mudar-nos-proximos-anos\/\"},\"author\":{\"name\":\"admin-federas\",\"@id\":\"https:\/\/www.federassantas.org.br\/novosite\/#\/schema\/person\/75fed98158349313fe56175f232f513c\"},\"headline\":\"Modelo de pagamento na sa\u00fade deve mudar nos pr\u00f3ximos anos\",\"datePublished\":\"2018-11-27T19:37:17+00:00\",\"mainEntityOfPage\":{\"@id\":\"https:\/\/www.federassantas.org.br\/novosite\/modelo-de-pagamento-na-saude-deve-mudar-nos-proximos-anos\/\"},\"wordCount\":326,\"commentCount\":0,\"publisher\":{\"@id\":\"https:\/\/www.federassantas.org.br\/novosite\/#organization\"},\"image\":{\"@id\":\"https:\/\/www.federassantas.org.br\/novosite\/modelo-de-pagamento-na-saude-deve-mudar-nos-proximos-anos\/#primaryimage\"},\"thumbnailUrl\":\"\",\"articleSection\":[\"Not\u00edcias\",\"Not\u00edcias P\u00fablicas\"],\"inLanguage\":\"pt-BR\",\"potentialAction\":[{\"@type\":\"CommentAction\",\"name\":\"Comment\",\"target\":[\"https:\/\/www.federassantas.org.br\/novosite\/modelo-de-pagamento-na-saude-deve-mudar-nos-proximos-anos\/#respond\"]}]},{\"@type\":\"WebPage\",\"@id\":\"https:\/\/www.federassantas.org.br\/novosite\/modelo-de-pagamento-na-saude-deve-mudar-nos-proximos-anos\/\",\"url\":\"https:\/\/www.federassantas.org.br\/novosite\/modelo-de-pagamento-na-saude-deve-mudar-nos-proximos-anos\/\",\"name\":\"Modelo de pagamento na sa\u00fade deve mudar nos pr\u00f3ximos anos - Federassantas\",\"isPartOf\":{\"@id\":\"https:\/\/www.federassantas.org.br\/novosite\/#website\"},\"primaryImageOfPage\":{\"@id\":\"https:\/\/www.federassantas.org.br\/novosite\/modelo-de-pagamento-na-saude-deve-mudar-nos-proximos-anos\/#primaryimage\"},\"image\":{\"@id\":\"https:\/\/www.federassantas.org.br\/novosite\/modelo-de-pagamento-na-saude-deve-mudar-nos-proximos-anos\/#primaryimage\"},\"thumbnailUrl\":\"\",\"datePublished\":\"2018-11-27T19:37:17+00:00\",\"breadcrumb\":{\"@id\":\"https:\/\/www.federassantas.org.br\/novosite\/modelo-de-pagamento-na-saude-deve-mudar-nos-proximos-anos\/#breadcrumb\"},\"inLanguage\":\"pt-BR\",\"potentialAction\":[{\"@type\":\"ReadAction\",\"target\":[\"https:\/\/www.federassantas.org.br\/novosite\/modelo-de-pagamento-na-saude-deve-mudar-nos-proximos-anos\/\"]}]},{\"@type\":\"ImageObject\",\"inLanguage\":\"pt-BR\",\"@id\":\"https:\/\/www.federassantas.org.br\/novosite\/modelo-de-pagamento-na-saude-deve-mudar-nos-proximos-anos\/#primaryimage\",\"url\":\"\",\"contentUrl\":\"\"},{\"@type\":\"BreadcrumbList\",\"@id\":\"https:\/\/www.federassantas.org.br\/novosite\/modelo-de-pagamento-na-saude-deve-mudar-nos-proximos-anos\/#breadcrumb\",\"itemListElement\":[{\"@type\":\"ListItem\",\"position\":1,\"name\":\"In\u00edcio\",\"item\":\"https:\/\/www.federassantas.org.br\/novosite\/\"},{\"@type\":\"ListItem\",\"position\":2,\"name\":\"Modelo de pagamento na sa\u00fade deve mudar nos pr\u00f3ximos anos\"}]},{\"@type\":\"WebSite\",\"@id\":\"https:\/\/www.federassantas.org.br\/novosite\/#website\",\"url\":\"https:\/\/www.federassantas.org.br\/novosite\/\",\"name\":\"Federassantas\",\"description\":\"Fed. das Santas Casas e Hospitais Filantr\u00f3picos de MG\",\"publisher\":{\"@id\":\"https:\/\/www.federassantas.org.br\/novosite\/#organization\"},\"potentialAction\":[{\"@type\":\"SearchAction\",\"target\":{\"@type\":\"EntryPoint\",\"urlTemplate\":\"https:\/\/www.federassantas.org.br\/novosite\/?s={search_term_string}\"},\"query-input\":{\"@type\":\"PropertyValueSpecification\",\"valueRequired\":true,\"valueName\":\"search_term_string\"}}],\"inLanguage\":\"pt-BR\"},{\"@type\":\"Organization\",\"@id\":\"https:\/\/www.federassantas.org.br\/novosite\/#organization\",\"name\":\"Federassantas\",\"url\":\"https:\/\/www.federassantas.org.br\/novosite\/\",\"logo\":{\"@type\":\"ImageObject\",\"inLanguage\":\"pt-BR\",\"@id\":\"https:\/\/www.federassantas.org.br\/novosite\/#\/schema\/logo\/image\/\",\"url\":\"https:\/\/www.federassantas.org.br\/novosite\/wp-content\/uploads\/2021\/12\/logo.png\",\"contentUrl\":\"https:\/\/www.federassantas.org.br\/novosite\/wp-content\/uploads\/2021\/12\/logo.png\",\"width\":243,\"height\":59,\"caption\":\"Federassantas\"},\"image\":{\"@id\":\"https:\/\/www.federassantas.org.br\/novosite\/#\/schema\/logo\/image\/\"}},{\"@type\":\"Person\",\"@id\":\"https:\/\/www.federassantas.org.br\/novosite\/#\/schema\/person\/75fed98158349313fe56175f232f513c\",\"name\":\"admin-federas\",\"image\":{\"@type\":\"ImageObject\",\"inLanguage\":\"pt-BR\",\"@id\":\"https:\/\/www.federassantas.org.br\/novosite\/#\/schema\/person\/image\/\",\"url\":\"https:\/\/secure.gravatar.com\/avatar\/2a02d7dda59fe8dc6b7ffd3f652e2efede5ccf0dd89dfdc8137c5517f3de8407?s=96&d=mm&r=g\",\"contentUrl\":\"https:\/\/secure.gravatar.com\/avatar\/2a02d7dda59fe8dc6b7ffd3f652e2efede5ccf0dd89dfdc8137c5517f3de8407?s=96&d=mm&r=g\",\"caption\":\"admin-federas\"},\"sameAs\":[\"https:\/\/www.federassantas.org.br\/novosite\/\"],\"url\":\"https:\/\/www.federassantas.org.br\/novosite\/author\/admin-federas\/\"}]}<\/script>\n<!-- \/ Yoast SEO plugin. -->","yoast_head_json":{"title":"Modelo de pagamento na sa\u00fade deve mudar nos pr\u00f3ximos anos - Federassantas","robots":{"index":"index","follow":"follow","max-snippet":"max-snippet:-1","max-image-preview":"max-image-preview:large","max-video-preview":"max-video-preview:-1"},"canonical":"https:\/\/www.federassantas.org.br\/novosite\/modelo-de-pagamento-na-saude-deve-mudar-nos-proximos-anos\/","og_locale":"pt_BR","og_type":"article","og_title":"Modelo de pagamento na sa\u00fade deve mudar nos pr\u00f3ximos anos - Federassantas","og_description":"Estudo da Anahp mostra que o aumento da utiliza\u00e7\u00e3o de servi\u00e7os trouxe eleva\u00e7\u00e3o nos gastos do setor e pode estar associado ao modelo de gest\u00e3o do sistema O aumento de 70% da frequ\u00eancia de uso do sistema de sa\u00fade suplementar foi o principal respons\u00e1vel pelo acr\u00e9scimo de R$ 49 bilh\u00f5es nos gastos do setor entre [&hellip;]","og_url":"https:\/\/www.federassantas.org.br\/novosite\/modelo-de-pagamento-na-saude-deve-mudar-nos-proximos-anos\/","og_site_name":"Federassantas","article_published_time":"2018-11-27T19:37:17+00:00","author":"admin-federas","twitter_card":"summary_large_image","twitter_misc":{"Escrito por":"admin-federas","Est. tempo de leitura":"2 minutos"},"schema":{"@context":"https:\/\/schema.org","@graph":[{"@type":"Article","@id":"https:\/\/www.federassantas.org.br\/novosite\/modelo-de-pagamento-na-saude-deve-mudar-nos-proximos-anos\/#article","isPartOf":{"@id":"https:\/\/www.federassantas.org.br\/novosite\/modelo-de-pagamento-na-saude-deve-mudar-nos-proximos-anos\/"},"author":{"name":"admin-federas","@id":"https:\/\/www.federassantas.org.br\/novosite\/#\/schema\/person\/75fed98158349313fe56175f232f513c"},"headline":"Modelo de pagamento na sa\u00fade deve mudar nos pr\u00f3ximos anos","datePublished":"2018-11-27T19:37:17+00:00","mainEntityOfPage":{"@id":"https:\/\/www.federassantas.org.br\/novosite\/modelo-de-pagamento-na-saude-deve-mudar-nos-proximos-anos\/"},"wordCount":326,"commentCount":0,"publisher":{"@id":"https:\/\/www.federassantas.org.br\/novosite\/#organization"},"image":{"@id":"https:\/\/www.federassantas.org.br\/novosite\/modelo-de-pagamento-na-saude-deve-mudar-nos-proximos-anos\/#primaryimage"},"thumbnailUrl":"","articleSection":["Not\u00edcias","Not\u00edcias P\u00fablicas"],"inLanguage":"pt-BR","potentialAction":[{"@type":"CommentAction","name":"Comment","target":["https:\/\/www.federassantas.org.br\/novosite\/modelo-de-pagamento-na-saude-deve-mudar-nos-proximos-anos\/#respond"]}]},{"@type":"WebPage","@id":"https:\/\/www.federassantas.org.br\/novosite\/modelo-de-pagamento-na-saude-deve-mudar-nos-proximos-anos\/","url":"https:\/\/www.federassantas.org.br\/novosite\/modelo-de-pagamento-na-saude-deve-mudar-nos-proximos-anos\/","name":"Modelo de pagamento na sa\u00fade deve mudar nos pr\u00f3ximos anos - Federassantas","isPartOf":{"@id":"https:\/\/www.federassantas.org.br\/novosite\/#website"},"primaryImageOfPage":{"@id":"https:\/\/www.federassantas.org.br\/novosite\/modelo-de-pagamento-na-saude-deve-mudar-nos-proximos-anos\/#primaryimage"},"image":{"@id":"https:\/\/www.federassantas.org.br\/novosite\/modelo-de-pagamento-na-saude-deve-mudar-nos-proximos-anos\/#primaryimage"},"thumbnailUrl":"","datePublished":"2018-11-27T19:37:17+00:00","breadcrumb":{"@id":"https:\/\/www.federassantas.org.br\/novosite\/modelo-de-pagamento-na-saude-deve-mudar-nos-proximos-anos\/#breadcrumb"},"inLanguage":"pt-BR","potentialAction":[{"@type":"ReadAction","target":["https:\/\/www.federassantas.org.br\/novosite\/modelo-de-pagamento-na-saude-deve-mudar-nos-proximos-anos\/"]}]},{"@type":"ImageObject","inLanguage":"pt-BR","@id":"https:\/\/www.federassantas.org.br\/novosite\/modelo-de-pagamento-na-saude-deve-mudar-nos-proximos-anos\/#primaryimage","url":"","contentUrl":""},{"@type":"BreadcrumbList","@id":"https:\/\/www.federassantas.org.br\/novosite\/modelo-de-pagamento-na-saude-deve-mudar-nos-proximos-anos\/#breadcrumb","itemListElement":[{"@type":"ListItem","position":1,"name":"In\u00edcio","item":"https:\/\/www.federassantas.org.br\/novosite\/"},{"@type":"ListItem","position":2,"name":"Modelo de pagamento na sa\u00fade deve mudar nos pr\u00f3ximos anos"}]},{"@type":"WebSite","@id":"https:\/\/www.federassantas.org.br\/novosite\/#website","url":"https:\/\/www.federassantas.org.br\/novosite\/","name":"Federassantas","description":"Fed. das Santas Casas e Hospitais Filantr\u00f3picos de MG","publisher":{"@id":"https:\/\/www.federassantas.org.br\/novosite\/#organization"},"potentialAction":[{"@type":"SearchAction","target":{"@type":"EntryPoint","urlTemplate":"https:\/\/www.federassantas.org.br\/novosite\/?s={search_term_string}"},"query-input":{"@type":"PropertyValueSpecification","valueRequired":true,"valueName":"search_term_string"}}],"inLanguage":"pt-BR"},{"@type":"Organization","@id":"https:\/\/www.federassantas.org.br\/novosite\/#organization","name":"Federassantas","url":"https:\/\/www.federassantas.org.br\/novosite\/","logo":{"@type":"ImageObject","inLanguage":"pt-BR","@id":"https:\/\/www.federassantas.org.br\/novosite\/#\/schema\/logo\/image\/","url":"https:\/\/www.federassantas.org.br\/novosite\/wp-content\/uploads\/2021\/12\/logo.png","contentUrl":"https:\/\/www.federassantas.org.br\/novosite\/wp-content\/uploads\/2021\/12\/logo.png","width":243,"height":59,"caption":"Federassantas"},"image":{"@id":"https:\/\/www.federassantas.org.br\/novosite\/#\/schema\/logo\/image\/"}},{"@type":"Person","@id":"https:\/\/www.federassantas.org.br\/novosite\/#\/schema\/person\/75fed98158349313fe56175f232f513c","name":"admin-federas","image":{"@type":"ImageObject","inLanguage":"pt-BR","@id":"https:\/\/www.federassantas.org.br\/novosite\/#\/schema\/person\/image\/","url":"https:\/\/secure.gravatar.com\/avatar\/2a02d7dda59fe8dc6b7ffd3f652e2efede5ccf0dd89dfdc8137c5517f3de8407?s=96&d=mm&r=g","contentUrl":"https:\/\/secure.gravatar.com\/avatar\/2a02d7dda59fe8dc6b7ffd3f652e2efede5ccf0dd89dfdc8137c5517f3de8407?s=96&d=mm&r=g","caption":"admin-federas"},"sameAs":["https:\/\/www.federassantas.org.br\/novosite\/"],"url":"https:\/\/www.federassantas.org.br\/novosite\/author\/admin-federas\/"}]}},"_links":{"self":[{"href":"https:\/\/www.federassantas.org.br\/novosite\/wp-json\/wp\/v2\/posts\/14896","targetHints":{"allow":["GET"]}}],"collection":[{"href":"https:\/\/www.federassantas.org.br\/novosite\/wp-json\/wp\/v2\/posts"}],"about":[{"href":"https:\/\/www.federassantas.org.br\/novosite\/wp-json\/wp\/v2\/types\/post"}],"author":[{"embeddable":true,"href":"https:\/\/www.federassantas.org.br\/novosite\/wp-json\/wp\/v2\/users\/1"}],"replies":[{"embeddable":true,"href":"https:\/\/www.federassantas.org.br\/novosite\/wp-json\/wp\/v2\/comments?post=14896"}],"version-history":[{"count":0,"href":"https:\/\/www.federassantas.org.br\/novosite\/wp-json\/wp\/v2\/posts\/14896\/revisions"}],"wp:featuredmedia":[{"embeddable":true,"href":"https:\/\/www.federassantas.org.br\/novosite\/wp-json\/"}],"wp:attachment":[{"href":"https:\/\/www.federassantas.org.br\/novosite\/wp-json\/wp\/v2\/media?parent=14896"}],"wp:term":[{"taxonomy":"category","embeddable":true,"href":"https:\/\/www.federassantas.org.br\/novosite\/wp-json\/wp\/v2\/categories?post=14896"},{"taxonomy":"post_tag","embeddable":true,"href":"https:\/\/www.federassantas.org.br\/novosite\/wp-json\/wp\/v2\/tags?post=14896"}],"curies":[{"name":"wp","href":"https:\/\/api.w.org\/{rel}","templated":true}]}}