{"id":14907,"date":"2018-11-28T11:58:28","date_gmt":"2018-11-28T13:58:28","guid":{"rendered":"https:\/\/federasbackup.meltcomunicacao.com.br\/?p=14907"},"modified":"2018-11-28T11:58:28","modified_gmt":"2018-11-28T13:58:28","slug":"santas-casas-protestam-decisao-do-governo-federal","status":"publish","type":"post","link":"https:\/\/www.federassantas.org.br\/novosite\/santas-casas-protestam-decisao-do-governo-federal\/","title":{"rendered":"Santas casas protestam decis\u00e3o do Governo Federal"},"content":{"rendered":"<p style=\"text-align: justify;\">Um sentimento de profundo desapontamento tomou conta, hoje (27\/11), dos dirigentes das 2.172 santas casas e hospitais sem fins lucrativos que atendem pacientes do Sistema \u00danico de Sa\u00fade (SUS), ao tomarem conhecimento da publica\u00e7\u00e3o da Medida Provis\u00f3ria n\u00ba 859\/2018, que altera a MP das Santas Casas, n\u00ba 848\/2018 \u2013 prevista para vota\u00e7\u00e3o nesta ter\u00e7a na C\u00e2mara dos Deputados.<\/p>\n<p style=\"text-align: justify;\">\u201cDefinitivamente, o incans\u00e1vel trabalho que as santas casas prestam para a sofrida popula\u00e7\u00e3o brasileira n\u00e3o tem valor para o Governo Federal que, mesmo remunerando os servi\u00e7os com valores muito abaixo dos seus custos, cede \u00e0s press\u00f5es da Caixa Econ\u00f4mica Federal, ampliando os juros das opera\u00e7\u00f5es com recursos do FGTS para 12,16% ao ano\u201d, declara Edson Rogatti, presidente da Confedera\u00e7\u00e3o das Santas Casas de Miseric\u00f3rdia, Hospitais e Entidades Filantr\u00f3picas (CMB). Segundo ele, tais juros s\u00e3o abusivos e est\u00e3o acima at\u00e9 mesmo dos praticados por bancos privados, como Santander e Bradesco, nos empr\u00e9stimos que realizam para o segmento.<\/p>\n<p style=\"text-align: justify;\">Segundo o dirigente da CMB, a Caixa viu nessas opera\u00e7\u00f5es a oportunidade de engordar seus lucros \u00e0 custa dos recursos dos trabalhadores brasileiros, pois a eles pertence o FGTS. \u201cAcostumada aos \u00f3timos resultados da sua carteira Caixa Hospitais, onde cobra juros extorsivos de 20% ao ano, em m\u00e9dia, para os cerca de R$ 3,5 bilh\u00f5es de empr\u00e9stimos mantidos atualmente, n\u00e3o aceita deixar de ter esse rendimento\u201d, explica Rogatti. Ao segmento das santas casas e hospitais filantr\u00f3picos, \u00e9 incompreens\u00edvel que a Caixa queira cobrar, agora, 3% de risco quando, segundo o seu vice-presidente, a linha Caixa Hospitais apresenta menos de 1% de inadimpl\u00eancia nos \u00faltimos 10 anos. \u201c\u00c9 de se perguntar: que banco social \u00e9 este?\u201d, questionam.<\/p>\n<p style=\"text-align: justify;\">Ainda, para Edson Rogatti, \u00e9 not\u00f3rio que as santas casas e os hospitais filantr\u00f3picos novamente s\u00e3o tratados com desprezo pelo governo federal, para o qual \u00e9 mais importante o lucro de um banco estatal do que socorrer aqueles hospitais que sempre foram parceiros fi\u00e9is da popula\u00e7\u00e3o.<\/p>\n<p style=\"text-align: justify;\">O gestor da CMB lembra, ainda, que as d\u00edvidas adquiridas pelas santas casas s\u00e3o em decorr\u00eancia da defasagem da tabela do SUS, e que chegam hoje na casa dos R$ 21 bilh\u00f5es. \u201cO mesmo governo causador da d\u00edvida \u00e9 o que barra agora a solu\u00e7\u00e3o da d\u00edvida por meio de juros abusivos\u201d, finaliza.<\/p>\n<p style=\"text-align: justify;\"><strong>Entenda a diferen\u00e7a<\/strong><\/p>\n<p style=\"text-align: justify;\"><strong>Medida Provis\u00f3ria n\u00ba 848, de 2018<\/strong><\/p>\n<p style=\"text-align: justify;\">A Medida Provis\u00f3ria n\u00ba 848, de 16 de agosto de 2018, alterou a Lei n\u00ba 8.036\/ 1990 para possibilitar a aplica\u00e7\u00e3o de recursos do FGTS tamb\u00e9m em opera\u00e7\u00f5es de cr\u00e9dito destinadas \u00e0s entidades hospitalares filantr\u00f3picas e sem fins lucrativos que participem de forma complementar do Sistema \u00danico de Sa\u00fade (SUS). Com isso, 5% dos recursos anuais do FGTS devem ser destinados para as opera\u00e7\u00f5es de cr\u00e9dito \u00e0s entidades hospitalares filantr\u00f3picas e sem fins lucrativos, beneficiadas pela MP.<\/p>\n<p style=\"text-align: justify;\">A Caixa Econ\u00f4mica Federal, o Banco do Brasil S.A. e o Banco Nacional de Desenvolvimento Econ\u00f4mico e Social (BNDES) devem atuar como agentes financeiros autorizados para aplica\u00e7\u00e3o dos recursos do FGTS nessas opera\u00e7\u00f5es de cr\u00e9dito, sujeitas \u00e0 seguintes condi\u00e7\u00f5es: taxa de juros efetiva de 8,66% ao ano, n\u00e3o ser\u00e1 superior \u00e0quela cobrada para o financiamento habitacional na modalidade pr\u00f3-cotista; tarifa operacional \u00fanica de 0,5% do valor da opera\u00e7\u00e3o; e risco das opera\u00e7\u00f5es de cr\u00e9dito a cargo dos agentes financeiros.<\/p>\n<p style=\"text-align: justify;\">Nessas condi\u00e7\u00f5es, as santas casas e os hospitais sem fins lucrativos estariam pagando juros de 9,16% ao ano.<\/p>\n<p style=\"text-align: justify;\"><strong>Medida Provis\u00f3ria n\u00ba 859, de 2018<\/strong><\/p>\n<p style=\"text-align: justify;\">Tamb\u00e9m altera a Lei n\u00ba 8.036, mas com o prop\u00f3sito de viabilizar a aplica\u00e7\u00e3o dos recursos do FGTS em opera\u00e7\u00f5es previstas na MP 848, de 2018, atendendo \u00e0s exig\u00eancias da Caixa Econ\u00f4mica Federal para que o percentual da taxa de risco fosse de 3%, alegando que as institui\u00e7\u00f5es s\u00e3o mal geridas, representando assim um alto risco para as opera\u00e7\u00f5es de cr\u00e9dito, mesmo tendo as garantias de receber, integralmente, a parcelas mensais atrav\u00e9s do Fundo Nacional de Sa\u00fade, nas condi\u00e7\u00f5es de receb\u00edveis do SUS.<\/p>\n<p style=\"text-align: justify;\">Esses 3%, a ser acrescidos \u00e0 taxa de juros e \u00e0 tarifa operacional implica em custo final de 12,16% ao ano. Tal percentual \u00e9 maior do que os juros praticados pelos bancos privados, como \u00e9 o caso do Santander e do Bradesco que j\u00e1 v\u00eam emprestando para as santas casas e hospitais sem fins lucrativos a 0,93% ao m\u00eas. O mesmo ocorre com a SicoobCredicom, cooperativa de cr\u00e9dito que tamb\u00e9m vem realizando empr\u00e9stimos a esses hospitais com taxas mensais abaixo de 1%.<\/p>\n<p style=\"text-align: justify;\"><strong>NOTA<\/strong><em><br \/>\n<\/em>A Confedera\u00e7\u00e3o das Santas Casas de Miseric\u00f3rdia, Hospitais e Entidades Filantr\u00f3picas (CMB) protesta contra a Medida Provis\u00f3ria (MP) publicada na data de hoje (27\/11), no Di\u00e1rio Oficial da Uni\u00e3o (DOU),&nbsp; que altera a MP das Santas Casas aprovada na C\u00e2mara e no Senado. A nova MP chega de surpresa, segundo a CMB, sem qualquer aviso, com argumento de complementar a que estava em tramita\u00e7\u00e3o, por\u00e9m prejudica as institui\u00e7\u00f5es, com juros mais altos. As santas casas j\u00e1 acumulam d\u00edvidas exorbitantes devido \u00e0 defasagem da tabela do SUS e atrasos nos pagamentos dos servi\u00e7os.<\/p>\n<p>&nbsp;<\/p>\n<p style=\"text-align: justify;\"><em>Fonte:&nbsp;Confedera\u00e7\u00e3o das Santas Casas de Miseric\u00f3rdia, Hospitais e Entidades Filantr\u00f3picas (CMB)<\/em><\/p>\n","protected":false},"excerpt":{"rendered":"<p>Um sentimento de profundo desapontamento tomou conta, hoje (27\/11), dos dirigentes das 2.172 santas casas e hospitais sem fins lucrativos que atendem pacientes do Sistema \u00danico de Sa\u00fade (SUS), ao tomarem conhecimento da publica\u00e7\u00e3o da Medida Provis\u00f3ria n\u00ba 859\/2018, que altera a MP das Santas Casas, n\u00ba 848\/2018 \u2013 prevista para vota\u00e7\u00e3o nesta ter\u00e7a na [&hellip;]<\/p>\n","protected":false},"author":1,"featured_media":14908,"comment_status":"open","ping_status":"open","sticky":false,"template":"","format":"standard","meta":{"footnotes":""},"categories":[140,143],"tags":[],"class_list":["post-14907","post","type-post","status-publish","format-standard","has-post-thumbnail","hentry","category-noticias","category-noticias-publicas"],"yoast_head":"<!-- This site is optimized with the Yoast SEO plugin v26.9 - https:\/\/yoast.com\/product\/yoast-seo-wordpress\/ -->\n<title>Santas casas protestam decis\u00e3o do Governo Federal - Federassantas<\/title>\n<meta name=\"robots\" content=\"index, follow, max-snippet:-1, max-image-preview:large, max-video-preview:-1\" \/>\n<link rel=\"canonical\" href=\"https:\/\/www.federassantas.org.br\/novosite\/santas-casas-protestam-decisao-do-governo-federal\/\" \/>\n<meta property=\"og:locale\" content=\"pt_BR\" \/>\n<meta property=\"og:type\" content=\"article\" \/>\n<meta property=\"og:title\" content=\"Santas casas protestam decis\u00e3o do Governo Federal - Federassantas\" \/>\n<meta property=\"og:description\" content=\"Um sentimento de profundo desapontamento tomou conta, hoje (27\/11), dos dirigentes das 2.172 santas casas e hospitais sem fins lucrativos que atendem pacientes do Sistema \u00danico de Sa\u00fade (SUS), ao tomarem conhecimento da publica\u00e7\u00e3o da Medida Provis\u00f3ria n\u00ba 859\/2018, que altera a MP das Santas Casas, n\u00ba 848\/2018 \u2013 prevista para vota\u00e7\u00e3o nesta ter\u00e7a na [&hellip;]\" \/>\n<meta property=\"og:url\" content=\"https:\/\/www.federassantas.org.br\/novosite\/santas-casas-protestam-decisao-do-governo-federal\/\" \/>\n<meta property=\"og:site_name\" content=\"Federassantas\" \/>\n<meta property=\"article:published_time\" content=\"2018-11-28T13:58:28+00:00\" \/>\n<meta name=\"author\" content=\"admin-federas\" \/>\n<meta name=\"twitter:card\" content=\"summary_large_image\" \/>\n<meta name=\"twitter:label1\" content=\"Escrito por\" \/>\n\t<meta name=\"twitter:data1\" content=\"admin-federas\" \/>\n\t<meta name=\"twitter:label2\" content=\"Est. tempo de leitura\" \/>\n\t<meta name=\"twitter:data2\" content=\"4 minutos\" \/>\n<script type=\"application\/ld+json\" class=\"yoast-schema-graph\">{\"@context\":\"https:\/\/schema.org\",\"@graph\":[{\"@type\":\"Article\",\"@id\":\"https:\/\/www.federassantas.org.br\/novosite\/santas-casas-protestam-decisao-do-governo-federal\/#article\",\"isPartOf\":{\"@id\":\"https:\/\/www.federassantas.org.br\/novosite\/santas-casas-protestam-decisao-do-governo-federal\/\"},\"author\":{\"name\":\"admin-federas\",\"@id\":\"https:\/\/www.federassantas.org.br\/novosite\/#\/schema\/person\/75fed98158349313fe56175f232f513c\"},\"headline\":\"Santas casas protestam decis\u00e3o do Governo Federal\",\"datePublished\":\"2018-11-28T13:58:28+00:00\",\"mainEntityOfPage\":{\"@id\":\"https:\/\/www.federassantas.org.br\/novosite\/santas-casas-protestam-decisao-do-governo-federal\/\"},\"wordCount\":891,\"commentCount\":0,\"publisher\":{\"@id\":\"https:\/\/www.federassantas.org.br\/novosite\/#organization\"},\"image\":{\"@id\":\"https:\/\/www.federassantas.org.br\/novosite\/santas-casas-protestam-decisao-do-governo-federal\/#primaryimage\"},\"thumbnailUrl\":\"\",\"articleSection\":[\"Not\u00edcias\",\"Not\u00edcias P\u00fablicas\"],\"inLanguage\":\"pt-BR\",\"potentialAction\":[{\"@type\":\"CommentAction\",\"name\":\"Comment\",\"target\":[\"https:\/\/www.federassantas.org.br\/novosite\/santas-casas-protestam-decisao-do-governo-federal\/#respond\"]}]},{\"@type\":\"WebPage\",\"@id\":\"https:\/\/www.federassantas.org.br\/novosite\/santas-casas-protestam-decisao-do-governo-federal\/\",\"url\":\"https:\/\/www.federassantas.org.br\/novosite\/santas-casas-protestam-decisao-do-governo-federal\/\",\"name\":\"Santas casas protestam decis\u00e3o do Governo Federal - Federassantas\",\"isPartOf\":{\"@id\":\"https:\/\/www.federassantas.org.br\/novosite\/#website\"},\"primaryImageOfPage\":{\"@id\":\"https:\/\/www.federassantas.org.br\/novosite\/santas-casas-protestam-decisao-do-governo-federal\/#primaryimage\"},\"image\":{\"@id\":\"https:\/\/www.federassantas.org.br\/novosite\/santas-casas-protestam-decisao-do-governo-federal\/#primaryimage\"},\"thumbnailUrl\":\"\",\"datePublished\":\"2018-11-28T13:58:28+00:00\",\"breadcrumb\":{\"@id\":\"https:\/\/www.federassantas.org.br\/novosite\/santas-casas-protestam-decisao-do-governo-federal\/#breadcrumb\"},\"inLanguage\":\"pt-BR\",\"potentialAction\":[{\"@type\":\"ReadAction\",\"target\":[\"https:\/\/www.federassantas.org.br\/novosite\/santas-casas-protestam-decisao-do-governo-federal\/\"]}]},{\"@type\":\"ImageObject\",\"inLanguage\":\"pt-BR\",\"@id\":\"https:\/\/www.federassantas.org.br\/novosite\/santas-casas-protestam-decisao-do-governo-federal\/#primaryimage\",\"url\":\"\",\"contentUrl\":\"\"},{\"@type\":\"BreadcrumbList\",\"@id\":\"https:\/\/www.federassantas.org.br\/novosite\/santas-casas-protestam-decisao-do-governo-federal\/#breadcrumb\",\"itemListElement\":[{\"@type\":\"ListItem\",\"position\":1,\"name\":\"In\u00edcio\",\"item\":\"https:\/\/www.federassantas.org.br\/novosite\/\"},{\"@type\":\"ListItem\",\"position\":2,\"name\":\"Santas casas protestam decis\u00e3o do Governo Federal\"}]},{\"@type\":\"WebSite\",\"@id\":\"https:\/\/www.federassantas.org.br\/novosite\/#website\",\"url\":\"https:\/\/www.federassantas.org.br\/novosite\/\",\"name\":\"Federassantas\",\"description\":\"Fed. das Santas Casas e Hospitais Filantr\u00f3picos de MG\",\"publisher\":{\"@id\":\"https:\/\/www.federassantas.org.br\/novosite\/#organization\"},\"potentialAction\":[{\"@type\":\"SearchAction\",\"target\":{\"@type\":\"EntryPoint\",\"urlTemplate\":\"https:\/\/www.federassantas.org.br\/novosite\/?s={search_term_string}\"},\"query-input\":{\"@type\":\"PropertyValueSpecification\",\"valueRequired\":true,\"valueName\":\"search_term_string\"}}],\"inLanguage\":\"pt-BR\"},{\"@type\":\"Organization\",\"@id\":\"https:\/\/www.federassantas.org.br\/novosite\/#organization\",\"name\":\"Federassantas\",\"url\":\"https:\/\/www.federassantas.org.br\/novosite\/\",\"logo\":{\"@type\":\"ImageObject\",\"inLanguage\":\"pt-BR\",\"@id\":\"https:\/\/www.federassantas.org.br\/novosite\/#\/schema\/logo\/image\/\",\"url\":\"https:\/\/www.federassantas.org.br\/novosite\/wp-content\/uploads\/2021\/12\/logo.png\",\"contentUrl\":\"https:\/\/www.federassantas.org.br\/novosite\/wp-content\/uploads\/2021\/12\/logo.png\",\"width\":243,\"height\":59,\"caption\":\"Federassantas\"},\"image\":{\"@id\":\"https:\/\/www.federassantas.org.br\/novosite\/#\/schema\/logo\/image\/\"}},{\"@type\":\"Person\",\"@id\":\"https:\/\/www.federassantas.org.br\/novosite\/#\/schema\/person\/75fed98158349313fe56175f232f513c\",\"name\":\"admin-federas\",\"image\":{\"@type\":\"ImageObject\",\"inLanguage\":\"pt-BR\",\"@id\":\"https:\/\/www.federassantas.org.br\/novosite\/#\/schema\/person\/image\/\",\"url\":\"https:\/\/secure.gravatar.com\/avatar\/2a02d7dda59fe8dc6b7ffd3f652e2efede5ccf0dd89dfdc8137c5517f3de8407?s=96&d=mm&r=g\",\"contentUrl\":\"https:\/\/secure.gravatar.com\/avatar\/2a02d7dda59fe8dc6b7ffd3f652e2efede5ccf0dd89dfdc8137c5517f3de8407?s=96&d=mm&r=g\",\"caption\":\"admin-federas\"},\"sameAs\":[\"https:\/\/www.federassantas.org.br\/novosite\/\"],\"url\":\"https:\/\/www.federassantas.org.br\/novosite\/author\/admin-federas\/\"}]}<\/script>\n<!-- \/ Yoast SEO plugin. -->","yoast_head_json":{"title":"Santas casas protestam decis\u00e3o do Governo Federal - Federassantas","robots":{"index":"index","follow":"follow","max-snippet":"max-snippet:-1","max-image-preview":"max-image-preview:large","max-video-preview":"max-video-preview:-1"},"canonical":"https:\/\/www.federassantas.org.br\/novosite\/santas-casas-protestam-decisao-do-governo-federal\/","og_locale":"pt_BR","og_type":"article","og_title":"Santas casas protestam decis\u00e3o do Governo Federal - Federassantas","og_description":"Um sentimento de profundo desapontamento tomou conta, hoje (27\/11), dos dirigentes das 2.172 santas casas e hospitais sem fins lucrativos que atendem pacientes do Sistema \u00danico de Sa\u00fade (SUS), ao tomarem conhecimento da publica\u00e7\u00e3o da Medida Provis\u00f3ria n\u00ba 859\/2018, que altera a MP das Santas Casas, n\u00ba 848\/2018 \u2013 prevista para vota\u00e7\u00e3o nesta ter\u00e7a na [&hellip;]","og_url":"https:\/\/www.federassantas.org.br\/novosite\/santas-casas-protestam-decisao-do-governo-federal\/","og_site_name":"Federassantas","article_published_time":"2018-11-28T13:58:28+00:00","author":"admin-federas","twitter_card":"summary_large_image","twitter_misc":{"Escrito por":"admin-federas","Est. tempo de leitura":"4 minutos"},"schema":{"@context":"https:\/\/schema.org","@graph":[{"@type":"Article","@id":"https:\/\/www.federassantas.org.br\/novosite\/santas-casas-protestam-decisao-do-governo-federal\/#article","isPartOf":{"@id":"https:\/\/www.federassantas.org.br\/novosite\/santas-casas-protestam-decisao-do-governo-federal\/"},"author":{"name":"admin-federas","@id":"https:\/\/www.federassantas.org.br\/novosite\/#\/schema\/person\/75fed98158349313fe56175f232f513c"},"headline":"Santas casas protestam decis\u00e3o do Governo Federal","datePublished":"2018-11-28T13:58:28+00:00","mainEntityOfPage":{"@id":"https:\/\/www.federassantas.org.br\/novosite\/santas-casas-protestam-decisao-do-governo-federal\/"},"wordCount":891,"commentCount":0,"publisher":{"@id":"https:\/\/www.federassantas.org.br\/novosite\/#organization"},"image":{"@id":"https:\/\/www.federassantas.org.br\/novosite\/santas-casas-protestam-decisao-do-governo-federal\/#primaryimage"},"thumbnailUrl":"","articleSection":["Not\u00edcias","Not\u00edcias P\u00fablicas"],"inLanguage":"pt-BR","potentialAction":[{"@type":"CommentAction","name":"Comment","target":["https:\/\/www.federassantas.org.br\/novosite\/santas-casas-protestam-decisao-do-governo-federal\/#respond"]}]},{"@type":"WebPage","@id":"https:\/\/www.federassantas.org.br\/novosite\/santas-casas-protestam-decisao-do-governo-federal\/","url":"https:\/\/www.federassantas.org.br\/novosite\/santas-casas-protestam-decisao-do-governo-federal\/","name":"Santas casas protestam decis\u00e3o do Governo Federal - Federassantas","isPartOf":{"@id":"https:\/\/www.federassantas.org.br\/novosite\/#website"},"primaryImageOfPage":{"@id":"https:\/\/www.federassantas.org.br\/novosite\/santas-casas-protestam-decisao-do-governo-federal\/#primaryimage"},"image":{"@id":"https:\/\/www.federassantas.org.br\/novosite\/santas-casas-protestam-decisao-do-governo-federal\/#primaryimage"},"thumbnailUrl":"","datePublished":"2018-11-28T13:58:28+00:00","breadcrumb":{"@id":"https:\/\/www.federassantas.org.br\/novosite\/santas-casas-protestam-decisao-do-governo-federal\/#breadcrumb"},"inLanguage":"pt-BR","potentialAction":[{"@type":"ReadAction","target":["https:\/\/www.federassantas.org.br\/novosite\/santas-casas-protestam-decisao-do-governo-federal\/"]}]},{"@type":"ImageObject","inLanguage":"pt-BR","@id":"https:\/\/www.federassantas.org.br\/novosite\/santas-casas-protestam-decisao-do-governo-federal\/#primaryimage","url":"","contentUrl":""},{"@type":"BreadcrumbList","@id":"https:\/\/www.federassantas.org.br\/novosite\/santas-casas-protestam-decisao-do-governo-federal\/#breadcrumb","itemListElement":[{"@type":"ListItem","position":1,"name":"In\u00edcio","item":"https:\/\/www.federassantas.org.br\/novosite\/"},{"@type":"ListItem","position":2,"name":"Santas casas protestam decis\u00e3o do Governo Federal"}]},{"@type":"WebSite","@id":"https:\/\/www.federassantas.org.br\/novosite\/#website","url":"https:\/\/www.federassantas.org.br\/novosite\/","name":"Federassantas","description":"Fed. das Santas Casas e Hospitais Filantr\u00f3picos de MG","publisher":{"@id":"https:\/\/www.federassantas.org.br\/novosite\/#organization"},"potentialAction":[{"@type":"SearchAction","target":{"@type":"EntryPoint","urlTemplate":"https:\/\/www.federassantas.org.br\/novosite\/?s={search_term_string}"},"query-input":{"@type":"PropertyValueSpecification","valueRequired":true,"valueName":"search_term_string"}}],"inLanguage":"pt-BR"},{"@type":"Organization","@id":"https:\/\/www.federassantas.org.br\/novosite\/#organization","name":"Federassantas","url":"https:\/\/www.federassantas.org.br\/novosite\/","logo":{"@type":"ImageObject","inLanguage":"pt-BR","@id":"https:\/\/www.federassantas.org.br\/novosite\/#\/schema\/logo\/image\/","url":"https:\/\/www.federassantas.org.br\/novosite\/wp-content\/uploads\/2021\/12\/logo.png","contentUrl":"https:\/\/www.federassantas.org.br\/novosite\/wp-content\/uploads\/2021\/12\/logo.png","width":243,"height":59,"caption":"Federassantas"},"image":{"@id":"https:\/\/www.federassantas.org.br\/novosite\/#\/schema\/logo\/image\/"}},{"@type":"Person","@id":"https:\/\/www.federassantas.org.br\/novosite\/#\/schema\/person\/75fed98158349313fe56175f232f513c","name":"admin-federas","image":{"@type":"ImageObject","inLanguage":"pt-BR","@id":"https:\/\/www.federassantas.org.br\/novosite\/#\/schema\/person\/image\/","url":"https:\/\/secure.gravatar.com\/avatar\/2a02d7dda59fe8dc6b7ffd3f652e2efede5ccf0dd89dfdc8137c5517f3de8407?s=96&d=mm&r=g","contentUrl":"https:\/\/secure.gravatar.com\/avatar\/2a02d7dda59fe8dc6b7ffd3f652e2efede5ccf0dd89dfdc8137c5517f3de8407?s=96&d=mm&r=g","caption":"admin-federas"},"sameAs":["https:\/\/www.federassantas.org.br\/novosite\/"],"url":"https:\/\/www.federassantas.org.br\/novosite\/author\/admin-federas\/"}]}},"_links":{"self":[{"href":"https:\/\/www.federassantas.org.br\/novosite\/wp-json\/wp\/v2\/posts\/14907","targetHints":{"allow":["GET"]}}],"collection":[{"href":"https:\/\/www.federassantas.org.br\/novosite\/wp-json\/wp\/v2\/posts"}],"about":[{"href":"https:\/\/www.federassantas.org.br\/novosite\/wp-json\/wp\/v2\/types\/post"}],"author":[{"embeddable":true,"href":"https:\/\/www.federassantas.org.br\/novosite\/wp-json\/wp\/v2\/users\/1"}],"replies":[{"embeddable":true,"href":"https:\/\/www.federassantas.org.br\/novosite\/wp-json\/wp\/v2\/comments?post=14907"}],"version-history":[{"count":0,"href":"https:\/\/www.federassantas.org.br\/novosite\/wp-json\/wp\/v2\/posts\/14907\/revisions"}],"wp:featuredmedia":[{"embeddable":true,"href":"https:\/\/www.federassantas.org.br\/novosite\/wp-json\/"}],"wp:attachment":[{"href":"https:\/\/www.federassantas.org.br\/novosite\/wp-json\/wp\/v2\/media?parent=14907"}],"wp:term":[{"taxonomy":"category","embeddable":true,"href":"https:\/\/www.federassantas.org.br\/novosite\/wp-json\/wp\/v2\/categories?post=14907"},{"taxonomy":"post_tag","embeddable":true,"href":"https:\/\/www.federassantas.org.br\/novosite\/wp-json\/wp\/v2\/tags?post=14907"}],"curies":[{"name":"wp","href":"https:\/\/api.w.org\/{rel}","templated":true}]}}