{"id":14923,"date":"2018-11-29T10:15:55","date_gmt":"2018-11-29T12:15:55","guid":{"rendered":"https:\/\/federasbackup.meltcomunicacao.com.br\/?p=14923"},"modified":"2018-11-29T10:15:55","modified_gmt":"2018-11-29T12:15:55","slug":"santa-casa-de-montes-claros-lanca-projeto-de-incentivo-a-solidariedade","status":"publish","type":"post","link":"https:\/\/www.federassantas.org.br\/novosite\/santa-casa-de-montes-claros-lanca-projeto-de-incentivo-a-solidariedade\/","title":{"rendered":"Santa Casa de Montes Claros lan\u00e7a projeto de incentivo \u00e0 solidariedade"},"content":{"rendered":"<p style=\"text-align: justify;\">Desde o m\u00eas de outubro a Santa Casa de Montes Claros vem realizando o projeto \u201cEscola Solid\u00e1ria\u201d. O objetivo da iniciativa, de acordo com o diretor de Marketing e Comunica\u00e7\u00e3o, Hugo Soares, \u00e9 despertar nas crian\u00e7as uma consci\u00eancia cidad\u00e3, atrav\u00e9s de a\u00e7\u00f5es que demonstrem bons valores e posturas solid\u00e1rias desde a inf\u00e2ncia.<\/p>\n<p>\u201cExemplo \u00e9 tudo. A crian\u00e7a come\u00e7a a formar o seu entendimento e car\u00e1ter j\u00e1 na chamada primeira inf\u00e2ncia. Sabendo que os primeiros sete anos de vida s\u00e3o os mais importantes na forma\u00e7\u00e3o do car\u00e1ter dos indiv\u00edduos e que estes devem ser repletos de a\u00e7\u00f5es positivas, no intuito de contribuir, para a forma\u00e7\u00e3o de um cidad\u00e3o \u00edntegro\u201d, diz.<\/p>\n<p>O superintendente do hospital, Maur\u00edcio S\u00e9rgio, tamb\u00e9m ressalta que o projeto desperta a consci\u00eancia de responsabilidade social durante a inf\u00e2ncia, momento em que as crian\u00e7as come\u00e7am a reproduzir no dia a dia tudo aquilo que elas t\u00eam como o certo. \u201cPropusemos para algumas escolas da cidade a\u00e7\u00f5es com a finalidade de estimular nas crian\u00e7as o desejo de solidariedade, carinho e amor ao pr\u00f3ximo\u201d, fala.<\/p>\n<p>Hugo explica que as a\u00e7\u00f5es desenvolvidas nas escolas buscam conscientizar as crian\u00e7as sobre a necessidade de ajudar quem precisa. Nesta perspectiva, como exemplo de campanhas de cunho social, \u00e9 apresentado para a comunidade escolar o papel e a import\u00e2ncia do servi\u00e7o prestado pela Santa Casa na regi\u00e3o. \u201cContamos com o apoio de aproximadamente 500 volunt\u00e1rios no hospital. Eles desenvolvem a\u00e7\u00f5es como \u00a0distribui\u00e7\u00e3o de caf\u00e9 para pacientes, visita nos leitos, capta\u00e7\u00e3o de doadores de sangue, brinquedos, escuta espiritual entre outras\u201d, afirma.<\/p>\n<p>Ele explica que a ideia da \u201cEscola Solid\u00e1ria\u201d, atrav\u00e9s da responsabilidade social, \u00e9 levar essa iniciativa para al\u00e9m do hospital. Ao todo, 10 escolas participam da a\u00e7\u00e3o. Entre elas est\u00e3o o Col\u00e9gio Coteminas e a Escola Estadual Francisco S\u00e1. Durante o m\u00eas de outubro, o Col\u00e9gio Coteminas preparou uma gincana dentro dessa proposta. Em clima de solidariedade, os alunos arrecadaram o total de 361 kg de alimentos (valor estimado em R$ 2.864,00 &#8211; dois mil oitocentos e sessenta e quatro reais). A s doa\u00e7\u00f5es foram destinadas \u00e0 Santa Casa de Montes Claros.<\/p>\n<p>A Escola Estadual Francisco S\u00e1 tamb\u00e9m preparou uma gincana junto aos estudantes. A diretora do educand\u00e1rio, Elaine P\u00e1scoa Barbosa, conta que a a\u00e7\u00e3o contou com o envolvimentos dos 800 alunos da institui\u00e7\u00e3o. \u201cDurante uma semana nossas crian\u00e7as participaram dessa competi\u00e7\u00e3o saud\u00e1vel. Nos surpreendemos com o esfor\u00e7o deles, pois conseguiram uma quantidade consider\u00e1vel de itens que s\u00e3o considerados caros, como \u00e9 o caso das fraudas geri\u00e1tricas. Tamb\u00e9m ficamos muito contentes com o convite da Santa Casa, pois conseguimos trabalhar atitudes legais que podem ser colocadas em pr\u00e1tica de v\u00e1rias maneiras\u201d, diz.<\/p>\n<div style=\"text-align: justify;\">O material e a quantidade arrecadada pelos alunos da E. E. Francisco S\u00e1, ser\u00e1 revelado no pr\u00f3ximo s\u00e1bado, 1\u00ba de dezembro. Na oportunidade, os itens, como fraudas geri\u00e1tricas\/infantis, algod\u00e3o, gases, entre outros, ser\u00e3o entregues para a Santa Casa de Montes Claros.<\/div>\n<div style=\"text-align: justify;\"><\/div>\n<div style=\"text-align: justify;\">\n<figure id=\"attachment_14925\" aria-describedby=\"caption-attachment-14925\" style=\"width: 300px\" class=\"wp-caption alignnone\"><img decoding=\"async\" class=\"wp-image-14925 size-medium\" src=\"http:\/\/federasbackup.meltcomunicacao.com.br\/wp-content\/uploads\/2018\/11\/Capturar2-1-300x166.png\" alt=\"\" width=\"300\" height=\"166\" srcset=\"https:\/\/www.federassantas.org.br\/novosite\/wp-content\/uploads\/2018\/11\/Capturar2-1-300x166.png 300w, https:\/\/www.federassantas.org.br\/novosite\/wp-content\/uploads\/2018\/11\/Capturar2-1-768x424.png 768w, https:\/\/www.federassantas.org.br\/novosite\/wp-content\/uploads\/2018\/11\/Capturar2-1.png 821w\" sizes=\"(max-width: 300px) 100vw, 300px\" \/><figcaption id=\"caption-attachment-14925\" class=\"wp-caption-text\">Durante a gincana foram arrecadados mais de 360 kg de alimentos<\/figcaption><\/figure>\n<\/div>\n<div style=\"text-align: justify;\"><\/div>\n<div style=\"text-align: justify;\"><em>Fonte: Assessoria de Comunica\u00e7\u00e3o da Santa Casa de Montes Claros<\/em><\/div>\n","protected":false},"excerpt":{"rendered":"<p>Desde o m\u00eas de outubro a Santa Casa de Montes Claros vem realizando o projeto \u201cEscola Solid\u00e1ria\u201d. O objetivo da iniciativa, de acordo com o diretor de Marketing e Comunica\u00e7\u00e3o, Hugo Soares, \u00e9 despertar nas crian\u00e7as uma consci\u00eancia cidad\u00e3, atrav\u00e9s de a\u00e7\u00f5es que demonstrem bons valores e posturas solid\u00e1rias desde a inf\u00e2ncia. \u201cExemplo \u00e9 tudo. [&hellip;]<\/p>\n","protected":false},"author":1,"featured_media":14924,"comment_status":"open","ping_status":"open","sticky":false,"template":"","format":"standard","meta":{"footnotes":""},"categories":[140,139],"tags":[],"class_list":["post-14923","post","type-post","status-publish","format-standard","has-post-thumbnail","hentry","category-noticias","category-noticias-filiados"],"yoast_head":"<!-- This site is optimized with the Yoast SEO plugin v26.9 - https:\/\/yoast.com\/product\/yoast-seo-wordpress\/ -->\n<title>Santa Casa de Montes Claros lan\u00e7a projeto de incentivo \u00e0 solidariedade - Federassantas<\/title>\n<meta name=\"robots\" content=\"index, follow, max-snippet:-1, max-image-preview:large, max-video-preview:-1\" \/>\n<link rel=\"canonical\" href=\"https:\/\/www.federassantas.org.br\/novosite\/santa-casa-de-montes-claros-lanca-projeto-de-incentivo-a-solidariedade\/\" \/>\n<meta property=\"og:locale\" content=\"pt_BR\" \/>\n<meta property=\"og:type\" content=\"article\" \/>\n<meta property=\"og:title\" content=\"Santa Casa de Montes Claros lan\u00e7a projeto de incentivo \u00e0 solidariedade - Federassantas\" \/>\n<meta property=\"og:description\" content=\"Desde o m\u00eas de outubro a Santa Casa de Montes Claros vem realizando o projeto \u201cEscola Solid\u00e1ria\u201d. O objetivo da iniciativa, de acordo com o diretor de Marketing e Comunica\u00e7\u00e3o, Hugo Soares, \u00e9 despertar nas crian\u00e7as uma consci\u00eancia cidad\u00e3, atrav\u00e9s de a\u00e7\u00f5es que demonstrem bons valores e posturas solid\u00e1rias desde a inf\u00e2ncia. \u201cExemplo \u00e9 tudo. [&hellip;]\" \/>\n<meta property=\"og:url\" content=\"https:\/\/www.federassantas.org.br\/novosite\/santa-casa-de-montes-claros-lanca-projeto-de-incentivo-a-solidariedade\/\" \/>\n<meta property=\"og:site_name\" content=\"Federassantas\" \/>\n<meta property=\"article:published_time\" content=\"2018-11-29T12:15:55+00:00\" \/>\n<meta property=\"og:image\" content=\"https:\/\/www.federassantas.org.br\/novosite\/wp-content\/uploads\/2018\/11\/DSC00620.png\" \/>\n\t<meta property=\"og:image:width\" content=\"1047\" \/>\n\t<meta property=\"og:image:height\" content=\"528\" \/>\n\t<meta property=\"og:image:type\" content=\"image\/png\" \/>\n<meta name=\"author\" content=\"admin-federas\" \/>\n<meta name=\"twitter:card\" content=\"summary_large_image\" \/>\n<meta name=\"twitter:label1\" content=\"Escrito por\" \/>\n\t<meta name=\"twitter:data1\" content=\"admin-federas\" \/>\n\t<meta name=\"twitter:label2\" content=\"Est. tempo de leitura\" \/>\n\t<meta name=\"twitter:data2\" content=\"3 minutos\" \/>\n<script type=\"application\/ld+json\" class=\"yoast-schema-graph\">{\"@context\":\"https:\/\/schema.org\",\"@graph\":[{\"@type\":\"Article\",\"@id\":\"https:\/\/www.federassantas.org.br\/novosite\/santa-casa-de-montes-claros-lanca-projeto-de-incentivo-a-solidariedade\/#article\",\"isPartOf\":{\"@id\":\"https:\/\/www.federassantas.org.br\/novosite\/santa-casa-de-montes-claros-lanca-projeto-de-incentivo-a-solidariedade\/\"},\"author\":{\"name\":\"admin-federas\",\"@id\":\"https:\/\/www.federassantas.org.br\/novosite\/#\/schema\/person\/75fed98158349313fe56175f232f513c\"},\"headline\":\"Santa Casa de Montes Claros lan\u00e7a projeto de incentivo \u00e0 solidariedade\",\"datePublished\":\"2018-11-29T12:15:55+00:00\",\"mainEntityOfPage\":{\"@id\":\"https:\/\/www.federassantas.org.br\/novosite\/santa-casa-de-montes-claros-lanca-projeto-de-incentivo-a-solidariedade\/\"},\"wordCount\":573,\"commentCount\":0,\"publisher\":{\"@id\":\"https:\/\/www.federassantas.org.br\/novosite\/#organization\"},\"image\":{\"@id\":\"https:\/\/www.federassantas.org.br\/novosite\/santa-casa-de-montes-claros-lanca-projeto-de-incentivo-a-solidariedade\/#primaryimage\"},\"thumbnailUrl\":\"https:\/\/www.federassantas.org.br\/novosite\/wp-content\/uploads\/2018\/11\/DSC00620.png\",\"articleSection\":[\"Not\u00edcias\",\"Not\u00edcias filiados\"],\"inLanguage\":\"pt-BR\",\"potentialAction\":[{\"@type\":\"CommentAction\",\"name\":\"Comment\",\"target\":[\"https:\/\/www.federassantas.org.br\/novosite\/santa-casa-de-montes-claros-lanca-projeto-de-incentivo-a-solidariedade\/#respond\"]}]},{\"@type\":\"WebPage\",\"@id\":\"https:\/\/www.federassantas.org.br\/novosite\/santa-casa-de-montes-claros-lanca-projeto-de-incentivo-a-solidariedade\/\",\"url\":\"https:\/\/www.federassantas.org.br\/novosite\/santa-casa-de-montes-claros-lanca-projeto-de-incentivo-a-solidariedade\/\",\"name\":\"Santa Casa de Montes Claros lan\u00e7a projeto de incentivo \u00e0 solidariedade - Federassantas\",\"isPartOf\":{\"@id\":\"https:\/\/www.federassantas.org.br\/novosite\/#website\"},\"primaryImageOfPage\":{\"@id\":\"https:\/\/www.federassantas.org.br\/novosite\/santa-casa-de-montes-claros-lanca-projeto-de-incentivo-a-solidariedade\/#primaryimage\"},\"image\":{\"@id\":\"https:\/\/www.federassantas.org.br\/novosite\/santa-casa-de-montes-claros-lanca-projeto-de-incentivo-a-solidariedade\/#primaryimage\"},\"thumbnailUrl\":\"https:\/\/www.federassantas.org.br\/novosite\/wp-content\/uploads\/2018\/11\/DSC00620.png\",\"datePublished\":\"2018-11-29T12:15:55+00:00\",\"breadcrumb\":{\"@id\":\"https:\/\/www.federassantas.org.br\/novosite\/santa-casa-de-montes-claros-lanca-projeto-de-incentivo-a-solidariedade\/#breadcrumb\"},\"inLanguage\":\"pt-BR\",\"potentialAction\":[{\"@type\":\"ReadAction\",\"target\":[\"https:\/\/www.federassantas.org.br\/novosite\/santa-casa-de-montes-claros-lanca-projeto-de-incentivo-a-solidariedade\/\"]}]},{\"@type\":\"ImageObject\",\"inLanguage\":\"pt-BR\",\"@id\":\"https:\/\/www.federassantas.org.br\/novosite\/santa-casa-de-montes-claros-lanca-projeto-de-incentivo-a-solidariedade\/#primaryimage\",\"url\":\"https:\/\/www.federassantas.org.br\/novosite\/wp-content\/uploads\/2018\/11\/DSC00620.png\",\"contentUrl\":\"https:\/\/www.federassantas.org.br\/novosite\/wp-content\/uploads\/2018\/11\/DSC00620.png\",\"width\":1047,\"height\":528},{\"@type\":\"BreadcrumbList\",\"@id\":\"https:\/\/www.federassantas.org.br\/novosite\/santa-casa-de-montes-claros-lanca-projeto-de-incentivo-a-solidariedade\/#breadcrumb\",\"itemListElement\":[{\"@type\":\"ListItem\",\"position\":1,\"name\":\"In\u00edcio\",\"item\":\"https:\/\/www.federassantas.org.br\/novosite\/\"},{\"@type\":\"ListItem\",\"position\":2,\"name\":\"Santa Casa de Montes Claros lan\u00e7a projeto de incentivo \u00e0 solidariedade\"}]},{\"@type\":\"WebSite\",\"@id\":\"https:\/\/www.federassantas.org.br\/novosite\/#website\",\"url\":\"https:\/\/www.federassantas.org.br\/novosite\/\",\"name\":\"Federassantas\",\"description\":\"Fed. das Santas Casas e Hospitais Filantr\u00f3picos de MG\",\"publisher\":{\"@id\":\"https:\/\/www.federassantas.org.br\/novosite\/#organization\"},\"potentialAction\":[{\"@type\":\"SearchAction\",\"target\":{\"@type\":\"EntryPoint\",\"urlTemplate\":\"https:\/\/www.federassantas.org.br\/novosite\/?s={search_term_string}\"},\"query-input\":{\"@type\":\"PropertyValueSpecification\",\"valueRequired\":true,\"valueName\":\"search_term_string\"}}],\"inLanguage\":\"pt-BR\"},{\"@type\":\"Organization\",\"@id\":\"https:\/\/www.federassantas.org.br\/novosite\/#organization\",\"name\":\"Federassantas\",\"url\":\"https:\/\/www.federassantas.org.br\/novosite\/\",\"logo\":{\"@type\":\"ImageObject\",\"inLanguage\":\"pt-BR\",\"@id\":\"https:\/\/www.federassantas.org.br\/novosite\/#\/schema\/logo\/image\/\",\"url\":\"https:\/\/www.federassantas.org.br\/novosite\/wp-content\/uploads\/2021\/12\/logo.png\",\"contentUrl\":\"https:\/\/www.federassantas.org.br\/novosite\/wp-content\/uploads\/2021\/12\/logo.png\",\"width\":243,\"height\":59,\"caption\":\"Federassantas\"},\"image\":{\"@id\":\"https:\/\/www.federassantas.org.br\/novosite\/#\/schema\/logo\/image\/\"}},{\"@type\":\"Person\",\"@id\":\"https:\/\/www.federassantas.org.br\/novosite\/#\/schema\/person\/75fed98158349313fe56175f232f513c\",\"name\":\"admin-federas\",\"image\":{\"@type\":\"ImageObject\",\"inLanguage\":\"pt-BR\",\"@id\":\"https:\/\/www.federassantas.org.br\/novosite\/#\/schema\/person\/image\/\",\"url\":\"https:\/\/secure.gravatar.com\/avatar\/2a02d7dda59fe8dc6b7ffd3f652e2efede5ccf0dd89dfdc8137c5517f3de8407?s=96&d=mm&r=g\",\"contentUrl\":\"https:\/\/secure.gravatar.com\/avatar\/2a02d7dda59fe8dc6b7ffd3f652e2efede5ccf0dd89dfdc8137c5517f3de8407?s=96&d=mm&r=g\",\"caption\":\"admin-federas\"},\"sameAs\":[\"https:\/\/www.federassantas.org.br\/novosite\/\"],\"url\":\"https:\/\/www.federassantas.org.br\/novosite\/author\/admin-federas\/\"}]}<\/script>\n<!-- \/ Yoast SEO plugin. -->","yoast_head_json":{"title":"Santa Casa de Montes Claros lan\u00e7a projeto de incentivo \u00e0 solidariedade - Federassantas","robots":{"index":"index","follow":"follow","max-snippet":"max-snippet:-1","max-image-preview":"max-image-preview:large","max-video-preview":"max-video-preview:-1"},"canonical":"https:\/\/www.federassantas.org.br\/novosite\/santa-casa-de-montes-claros-lanca-projeto-de-incentivo-a-solidariedade\/","og_locale":"pt_BR","og_type":"article","og_title":"Santa Casa de Montes Claros lan\u00e7a projeto de incentivo \u00e0 solidariedade - Federassantas","og_description":"Desde o m\u00eas de outubro a Santa Casa de Montes Claros vem realizando o projeto \u201cEscola Solid\u00e1ria\u201d. O objetivo da iniciativa, de acordo com o diretor de Marketing e Comunica\u00e7\u00e3o, Hugo Soares, \u00e9 despertar nas crian\u00e7as uma consci\u00eancia cidad\u00e3, atrav\u00e9s de a\u00e7\u00f5es que demonstrem bons valores e posturas solid\u00e1rias desde a inf\u00e2ncia. \u201cExemplo \u00e9 tudo. [&hellip;]","og_url":"https:\/\/www.federassantas.org.br\/novosite\/santa-casa-de-montes-claros-lanca-projeto-de-incentivo-a-solidariedade\/","og_site_name":"Federassantas","article_published_time":"2018-11-29T12:15:55+00:00","og_image":[{"width":1047,"height":528,"url":"https:\/\/www.federassantas.org.br\/novosite\/wp-content\/uploads\/2018\/11\/DSC00620.png","type":"image\/png"}],"author":"admin-federas","twitter_card":"summary_large_image","twitter_misc":{"Escrito por":"admin-federas","Est. tempo de leitura":"3 minutos"},"schema":{"@context":"https:\/\/schema.org","@graph":[{"@type":"Article","@id":"https:\/\/www.federassantas.org.br\/novosite\/santa-casa-de-montes-claros-lanca-projeto-de-incentivo-a-solidariedade\/#article","isPartOf":{"@id":"https:\/\/www.federassantas.org.br\/novosite\/santa-casa-de-montes-claros-lanca-projeto-de-incentivo-a-solidariedade\/"},"author":{"name":"admin-federas","@id":"https:\/\/www.federassantas.org.br\/novosite\/#\/schema\/person\/75fed98158349313fe56175f232f513c"},"headline":"Santa Casa de Montes Claros lan\u00e7a projeto de incentivo \u00e0 solidariedade","datePublished":"2018-11-29T12:15:55+00:00","mainEntityOfPage":{"@id":"https:\/\/www.federassantas.org.br\/novosite\/santa-casa-de-montes-claros-lanca-projeto-de-incentivo-a-solidariedade\/"},"wordCount":573,"commentCount":0,"publisher":{"@id":"https:\/\/www.federassantas.org.br\/novosite\/#organization"},"image":{"@id":"https:\/\/www.federassantas.org.br\/novosite\/santa-casa-de-montes-claros-lanca-projeto-de-incentivo-a-solidariedade\/#primaryimage"},"thumbnailUrl":"https:\/\/www.federassantas.org.br\/novosite\/wp-content\/uploads\/2018\/11\/DSC00620.png","articleSection":["Not\u00edcias","Not\u00edcias filiados"],"inLanguage":"pt-BR","potentialAction":[{"@type":"CommentAction","name":"Comment","target":["https:\/\/www.federassantas.org.br\/novosite\/santa-casa-de-montes-claros-lanca-projeto-de-incentivo-a-solidariedade\/#respond"]}]},{"@type":"WebPage","@id":"https:\/\/www.federassantas.org.br\/novosite\/santa-casa-de-montes-claros-lanca-projeto-de-incentivo-a-solidariedade\/","url":"https:\/\/www.federassantas.org.br\/novosite\/santa-casa-de-montes-claros-lanca-projeto-de-incentivo-a-solidariedade\/","name":"Santa Casa de Montes Claros lan\u00e7a projeto de incentivo \u00e0 solidariedade - Federassantas","isPartOf":{"@id":"https:\/\/www.federassantas.org.br\/novosite\/#website"},"primaryImageOfPage":{"@id":"https:\/\/www.federassantas.org.br\/novosite\/santa-casa-de-montes-claros-lanca-projeto-de-incentivo-a-solidariedade\/#primaryimage"},"image":{"@id":"https:\/\/www.federassantas.org.br\/novosite\/santa-casa-de-montes-claros-lanca-projeto-de-incentivo-a-solidariedade\/#primaryimage"},"thumbnailUrl":"https:\/\/www.federassantas.org.br\/novosite\/wp-content\/uploads\/2018\/11\/DSC00620.png","datePublished":"2018-11-29T12:15:55+00:00","breadcrumb":{"@id":"https:\/\/www.federassantas.org.br\/novosite\/santa-casa-de-montes-claros-lanca-projeto-de-incentivo-a-solidariedade\/#breadcrumb"},"inLanguage":"pt-BR","potentialAction":[{"@type":"ReadAction","target":["https:\/\/www.federassantas.org.br\/novosite\/santa-casa-de-montes-claros-lanca-projeto-de-incentivo-a-solidariedade\/"]}]},{"@type":"ImageObject","inLanguage":"pt-BR","@id":"https:\/\/www.federassantas.org.br\/novosite\/santa-casa-de-montes-claros-lanca-projeto-de-incentivo-a-solidariedade\/#primaryimage","url":"https:\/\/www.federassantas.org.br\/novosite\/wp-content\/uploads\/2018\/11\/DSC00620.png","contentUrl":"https:\/\/www.federassantas.org.br\/novosite\/wp-content\/uploads\/2018\/11\/DSC00620.png","width":1047,"height":528},{"@type":"BreadcrumbList","@id":"https:\/\/www.federassantas.org.br\/novosite\/santa-casa-de-montes-claros-lanca-projeto-de-incentivo-a-solidariedade\/#breadcrumb","itemListElement":[{"@type":"ListItem","position":1,"name":"In\u00edcio","item":"https:\/\/www.federassantas.org.br\/novosite\/"},{"@type":"ListItem","position":2,"name":"Santa Casa de Montes Claros lan\u00e7a projeto de incentivo \u00e0 solidariedade"}]},{"@type":"WebSite","@id":"https:\/\/www.federassantas.org.br\/novosite\/#website","url":"https:\/\/www.federassantas.org.br\/novosite\/","name":"Federassantas","description":"Fed. das Santas Casas e Hospitais Filantr\u00f3picos de MG","publisher":{"@id":"https:\/\/www.federassantas.org.br\/novosite\/#organization"},"potentialAction":[{"@type":"SearchAction","target":{"@type":"EntryPoint","urlTemplate":"https:\/\/www.federassantas.org.br\/novosite\/?s={search_term_string}"},"query-input":{"@type":"PropertyValueSpecification","valueRequired":true,"valueName":"search_term_string"}}],"inLanguage":"pt-BR"},{"@type":"Organization","@id":"https:\/\/www.federassantas.org.br\/novosite\/#organization","name":"Federassantas","url":"https:\/\/www.federassantas.org.br\/novosite\/","logo":{"@type":"ImageObject","inLanguage":"pt-BR","@id":"https:\/\/www.federassantas.org.br\/novosite\/#\/schema\/logo\/image\/","url":"https:\/\/www.federassantas.org.br\/novosite\/wp-content\/uploads\/2021\/12\/logo.png","contentUrl":"https:\/\/www.federassantas.org.br\/novosite\/wp-content\/uploads\/2021\/12\/logo.png","width":243,"height":59,"caption":"Federassantas"},"image":{"@id":"https:\/\/www.federassantas.org.br\/novosite\/#\/schema\/logo\/image\/"}},{"@type":"Person","@id":"https:\/\/www.federassantas.org.br\/novosite\/#\/schema\/person\/75fed98158349313fe56175f232f513c","name":"admin-federas","image":{"@type":"ImageObject","inLanguage":"pt-BR","@id":"https:\/\/www.federassantas.org.br\/novosite\/#\/schema\/person\/image\/","url":"https:\/\/secure.gravatar.com\/avatar\/2a02d7dda59fe8dc6b7ffd3f652e2efede5ccf0dd89dfdc8137c5517f3de8407?s=96&d=mm&r=g","contentUrl":"https:\/\/secure.gravatar.com\/avatar\/2a02d7dda59fe8dc6b7ffd3f652e2efede5ccf0dd89dfdc8137c5517f3de8407?s=96&d=mm&r=g","caption":"admin-federas"},"sameAs":["https:\/\/www.federassantas.org.br\/novosite\/"],"url":"https:\/\/www.federassantas.org.br\/novosite\/author\/admin-federas\/"}]}},"_links":{"self":[{"href":"https:\/\/www.federassantas.org.br\/novosite\/wp-json\/wp\/v2\/posts\/14923","targetHints":{"allow":["GET"]}}],"collection":[{"href":"https:\/\/www.federassantas.org.br\/novosite\/wp-json\/wp\/v2\/posts"}],"about":[{"href":"https:\/\/www.federassantas.org.br\/novosite\/wp-json\/wp\/v2\/types\/post"}],"author":[{"embeddable":true,"href":"https:\/\/www.federassantas.org.br\/novosite\/wp-json\/wp\/v2\/users\/1"}],"replies":[{"embeddable":true,"href":"https:\/\/www.federassantas.org.br\/novosite\/wp-json\/wp\/v2\/comments?post=14923"}],"version-history":[{"count":0,"href":"https:\/\/www.federassantas.org.br\/novosite\/wp-json\/wp\/v2\/posts\/14923\/revisions"}],"wp:featuredmedia":[{"embeddable":true,"href":"https:\/\/www.federassantas.org.br\/novosite\/wp-json\/wp\/v2\/media\/14924"}],"wp:attachment":[{"href":"https:\/\/www.federassantas.org.br\/novosite\/wp-json\/wp\/v2\/media?parent=14923"}],"wp:term":[{"taxonomy":"category","embeddable":true,"href":"https:\/\/www.federassantas.org.br\/novosite\/wp-json\/wp\/v2\/categories?post=14923"},{"taxonomy":"post_tag","embeddable":true,"href":"https:\/\/www.federassantas.org.br\/novosite\/wp-json\/wp\/v2\/tags?post=14923"}],"curies":[{"name":"wp","href":"https:\/\/api.w.org\/{rel}","templated":true}]}}