{"id":14929,"date":"2018-11-29T16:09:25","date_gmt":"2018-11-29T18:09:25","guid":{"rendered":"https:\/\/federasbackup.meltcomunicacao.com.br\/?p=14929"},"modified":"2018-11-29T16:09:25","modified_gmt":"2018-11-29T18:09:25","slug":"relacao-contratual-do-sus-com-as-instituicoes-filantropicas-e-discutida-no-encontro-federassantas-2018","status":"publish","type":"post","link":"https:\/\/www.federassantas.org.br\/novosite\/relacao-contratual-do-sus-com-as-instituicoes-filantropicas-e-discutida-no-encontro-federassantas-2018\/","title":{"rendered":"Rela\u00e7\u00e3o contratual do SUS com as institui\u00e7\u00f5es filantr\u00f3picas \u00e9 discutida no Encontro Federassantas 2018"},"content":{"rendered":"<p style=\"text-align: justify;\">Um dos destaques da programa\u00e7\u00e3o do Encontro Federassantas 2018, foi a palestra<strong> \u201c<\/strong>Rela\u00e7\u00e3o contratual do SUS com os hospitais filantr\u00f3picos\u201d, ministrada pela Diretora do Departamento de Regula\u00e7\u00e3o, Avalia\u00e7\u00e3o e Controle\/SAS\/Minist\u00e9rio da Sa\u00fade, Dra. Cleusa Bernardo.<\/p>\n<p style=\"text-align: justify;\">Durante a apresenta\u00e7\u00e3o, a representante da pasta falou sobre as solicita\u00e7\u00f5es de habilita\u00e7\u00e3o de alta complexidade ao Minist\u00e9rio. Segundo ela, entre os anos de 2017 e 2018 foram liberados aproximadamente R$ 140 milh\u00f5es em recursos para os hospitais de Minas Gerais, mas que ainda constam habilita\u00e7\u00f5es pendentes, aguardando disponibilidade financeira para serem liberadas para o Estado. \u201cS\u00f3 dependemos de or\u00e7amento dispon\u00edvel, mas, \u00e0 medida que o Minist\u00e9rio tem libera\u00e7\u00e3o de recursos, a gente est\u00e1 habilitando, principalmente os hospitais filantr\u00f3picos em todo o Brasil\u201d, afirmou.<\/p>\n<p style=\"text-align: justify;\">Outro tema abordado pela palestrante foi a exist\u00eancia do <a href=\"http:\/\/portalarquivos2.saude.gov.br\/images\/pdf\/2016\/novembro\/28\/MANUAL-DE-ORIENTACOES-PARA-CONTRATACAO-DE-SERVICOS-DE-SAUDE.pdf\" target=\"_blank\" rel=\"noopener\"><span style=\"text-decoration: underline;\"><strong>Manual de Orienta\u00e7\u00f5es para Contrata\u00e7\u00e3o de Servi\u00e7os de Sa\u00fade <\/strong><\/span>(clique para acessar)<\/a>, que visa resumir as principais obriga\u00e7\u00f5es legais e constitucionais dos gestores. Mesmo sob orienta\u00e7\u00f5es do instrumento, ela criticou o fato de os gestores p\u00fablicos formalizarem contrato sem uma pr\u00e9via discuss\u00e3o com os prestadores, \u201ccabe ao hospital n\u00e3o assinar um instrumento contratual que ele n\u00e3o tenha participado da discuss\u00e3o, porque \u00e9 uma compra e venda de servi\u00e7os, ent\u00e3o, n\u00e3o s\u00f3 quem compra tem que decidir, quem vende tamb\u00e9m tem que dar sua opini\u00e3o e participar da discuss\u00e3o\u201d.<\/p>\n<p style=\"text-align: justify;\">Em entrevista, a representante do MS ressaltou a import\u00e2ncia da participa\u00e7\u00e3o dos gestores dos hospitais filantr\u00f3picos nas discuss\u00f5es para a constru\u00e7\u00e3o de pol\u00edticas p\u00fablicas, \u201cessa participa\u00e7\u00e3o \u00e9 essencial, porque esses hospitais conhecem de perto a realidade da sa\u00fade da popula\u00e7\u00e3o brasileira e atendem um percentual muito significativo da nossa popula\u00e7\u00e3o\u201d.<\/p>\n<p style=\"text-align: justify;\">Para Isabela Barros, assessora t\u00e9cnica da Federassantas, a palestra da Dra. Cleusa no evento foi essencial para os gestores de hospitais filantr\u00f3picos conhecerem as regras gerais de contrata\u00e7\u00e3o, esclarecerem as d\u00favidas e discutirem o assunto, \u201cespecialmente pelo momento que o Estado de Minas Gerais vem enfrentando, uma vez que a publica\u00e7\u00e3o da Lei Federal n\u00ba 13.650, de 2018 refor\u00e7ou a necessidade de o Gestor Estadual priorizar o processo formaliza\u00e7\u00e3o dos contratos de presta\u00e7\u00e3o de servi\u00e7os de sa\u00fade, por meio de chamamento p\u00fablico e de credenciamento das entidades\u201d concluiu.<\/p>\n<p>A apresenta\u00e7\u00e3o completa da Diretora do DRAC est\u00e1 dispon\u00edvel na <a href=\"https:\/\/federasbackup.meltcomunicacao.com.br\/login-usuario\/\" target=\"_blank\" rel=\"noopener\">\u00e1rea dos filiados.<\/a><\/p>\n<p style=\"text-align: justify;\"><em>Por: C\u00e1ssia Almeida &#8211; Assessoria de Comunica\u00e7\u00e3o Federassantas<\/em><\/p>\n<p>&nbsp;<\/p>\n<figure id=\"attachment_14932\" aria-describedby=\"caption-attachment-14932\" style=\"width: 545px\" class=\"wp-caption alignnone\"><img fetchpriority=\"high\" decoding=\"async\" class=\" wp-image-14932\" src=\"http:\/\/federasbackup.meltcomunicacao.com.br\/wp-content\/uploads\/2018\/11\/CLEUZA-2-1-300x200.jpg\" alt=\"\" width=\"545\" height=\"363\"><figcaption id=\"caption-attachment-14932\" class=\"wp-caption-text\">Dra. Cleusa Bernardo, Diretora do DRAC\/SAS\/MS<\/figcaption><\/figure>\n<p>&nbsp;<\/p>\n","protected":false},"excerpt":{"rendered":"<p>Um dos destaques da programa\u00e7\u00e3o do Encontro Federassantas 2018, foi a palestra \u201cRela\u00e7\u00e3o contratual do SUS com os hospitais filantr\u00f3picos\u201d, ministrada pela Diretora do Departamento de Regula\u00e7\u00e3o, Avalia\u00e7\u00e3o e Controle\/SAS\/Minist\u00e9rio da Sa\u00fade, Dra. Cleusa Bernardo. Durante a apresenta\u00e7\u00e3o, a representante da pasta falou sobre as solicita\u00e7\u00f5es de habilita\u00e7\u00e3o de alta complexidade ao Minist\u00e9rio. Segundo ela, [&hellip;]<\/p>\n","protected":false},"author":1,"featured_media":14930,"comment_status":"open","ping_status":"open","sticky":false,"template":"","format":"standard","meta":{"footnotes":""},"categories":[140,141],"tags":[],"class_list":["post-14929","post","type-post","status-publish","format-standard","has-post-thumbnail","hentry","category-noticias","category-noticias-federassantas"],"yoast_head":"<!-- This site is optimized with the Yoast SEO plugin v26.9 - https:\/\/yoast.com\/product\/yoast-seo-wordpress\/ -->\n<title>Rela\u00e7\u00e3o contratual do SUS com as institui\u00e7\u00f5es filantr\u00f3picas \u00e9 discutida no Encontro Federassantas 2018 - Federassantas<\/title>\n<meta name=\"robots\" content=\"index, follow, max-snippet:-1, max-image-preview:large, max-video-preview:-1\" \/>\n<link rel=\"canonical\" href=\"https:\/\/www.federassantas.org.br\/novosite\/relacao-contratual-do-sus-com-as-instituicoes-filantropicas-e-discutida-no-encontro-federassantas-2018\/\" \/>\n<meta property=\"og:locale\" content=\"pt_BR\" \/>\n<meta property=\"og:type\" content=\"article\" \/>\n<meta property=\"og:title\" content=\"Rela\u00e7\u00e3o contratual do SUS com as institui\u00e7\u00f5es filantr\u00f3picas \u00e9 discutida no Encontro Federassantas 2018 - Federassantas\" \/>\n<meta property=\"og:description\" content=\"Um dos destaques da programa\u00e7\u00e3o do Encontro Federassantas 2018, foi a palestra \u201cRela\u00e7\u00e3o contratual do SUS com os hospitais filantr\u00f3picos\u201d, ministrada pela Diretora do Departamento de Regula\u00e7\u00e3o, Avalia\u00e7\u00e3o e Controle\/SAS\/Minist\u00e9rio da Sa\u00fade, Dra. Cleusa Bernardo. Durante a apresenta\u00e7\u00e3o, a representante da pasta falou sobre as solicita\u00e7\u00f5es de habilita\u00e7\u00e3o de alta complexidade ao Minist\u00e9rio. Segundo ela, [&hellip;]\" \/>\n<meta property=\"og:url\" content=\"https:\/\/www.federassantas.org.br\/novosite\/relacao-contratual-do-sus-com-as-instituicoes-filantropicas-e-discutida-no-encontro-federassantas-2018\/\" \/>\n<meta property=\"og:site_name\" content=\"Federassantas\" \/>\n<meta property=\"article:published_time\" content=\"2018-11-29T18:09:25+00:00\" \/>\n<meta name=\"author\" content=\"admin-federas\" \/>\n<meta name=\"twitter:card\" content=\"summary_large_image\" \/>\n<meta name=\"twitter:label1\" content=\"Escrito por\" \/>\n\t<meta name=\"twitter:data1\" content=\"admin-federas\" \/>\n\t<meta name=\"twitter:label2\" content=\"Est. tempo de leitura\" \/>\n\t<meta name=\"twitter:data2\" content=\"2 minutos\" \/>\n<script type=\"application\/ld+json\" class=\"yoast-schema-graph\">{\"@context\":\"https:\/\/schema.org\",\"@graph\":[{\"@type\":\"Article\",\"@id\":\"https:\/\/www.federassantas.org.br\/novosite\/relacao-contratual-do-sus-com-as-instituicoes-filantropicas-e-discutida-no-encontro-federassantas-2018\/#article\",\"isPartOf\":{\"@id\":\"https:\/\/www.federassantas.org.br\/novosite\/relacao-contratual-do-sus-com-as-instituicoes-filantropicas-e-discutida-no-encontro-federassantas-2018\/\"},\"author\":{\"name\":\"admin-federas\",\"@id\":\"https:\/\/www.federassantas.org.br\/novosite\/#\/schema\/person\/75fed98158349313fe56175f232f513c\"},\"headline\":\"Rela\u00e7\u00e3o contratual do SUS com as institui\u00e7\u00f5es filantr\u00f3picas \u00e9 discutida no Encontro Federassantas 2018\",\"datePublished\":\"2018-11-29T18:09:25+00:00\",\"mainEntityOfPage\":{\"@id\":\"https:\/\/www.federassantas.org.br\/novosite\/relacao-contratual-do-sus-com-as-instituicoes-filantropicas-e-discutida-no-encontro-federassantas-2018\/\"},\"wordCount\":463,\"commentCount\":0,\"publisher\":{\"@id\":\"https:\/\/www.federassantas.org.br\/novosite\/#organization\"},\"image\":{\"@id\":\"https:\/\/www.federassantas.org.br\/novosite\/relacao-contratual-do-sus-com-as-instituicoes-filantropicas-e-discutida-no-encontro-federassantas-2018\/#primaryimage\"},\"thumbnailUrl\":\"\",\"articleSection\":[\"Not\u00edcias\",\"Not\u00edcias Federassantas\"],\"inLanguage\":\"pt-BR\",\"potentialAction\":[{\"@type\":\"CommentAction\",\"name\":\"Comment\",\"target\":[\"https:\/\/www.federassantas.org.br\/novosite\/relacao-contratual-do-sus-com-as-instituicoes-filantropicas-e-discutida-no-encontro-federassantas-2018\/#respond\"]}]},{\"@type\":\"WebPage\",\"@id\":\"https:\/\/www.federassantas.org.br\/novosite\/relacao-contratual-do-sus-com-as-instituicoes-filantropicas-e-discutida-no-encontro-federassantas-2018\/\",\"url\":\"https:\/\/www.federassantas.org.br\/novosite\/relacao-contratual-do-sus-com-as-instituicoes-filantropicas-e-discutida-no-encontro-federassantas-2018\/\",\"name\":\"Rela\u00e7\u00e3o contratual do SUS com as institui\u00e7\u00f5es filantr\u00f3picas \u00e9 discutida no Encontro Federassantas 2018 - Federassantas\",\"isPartOf\":{\"@id\":\"https:\/\/www.federassantas.org.br\/novosite\/#website\"},\"primaryImageOfPage\":{\"@id\":\"https:\/\/www.federassantas.org.br\/novosite\/relacao-contratual-do-sus-com-as-instituicoes-filantropicas-e-discutida-no-encontro-federassantas-2018\/#primaryimage\"},\"image\":{\"@id\":\"https:\/\/www.federassantas.org.br\/novosite\/relacao-contratual-do-sus-com-as-instituicoes-filantropicas-e-discutida-no-encontro-federassantas-2018\/#primaryimage\"},\"thumbnailUrl\":\"\",\"datePublished\":\"2018-11-29T18:09:25+00:00\",\"breadcrumb\":{\"@id\":\"https:\/\/www.federassantas.org.br\/novosite\/relacao-contratual-do-sus-com-as-instituicoes-filantropicas-e-discutida-no-encontro-federassantas-2018\/#breadcrumb\"},\"inLanguage\":\"pt-BR\",\"potentialAction\":[{\"@type\":\"ReadAction\",\"target\":[\"https:\/\/www.federassantas.org.br\/novosite\/relacao-contratual-do-sus-com-as-instituicoes-filantropicas-e-discutida-no-encontro-federassantas-2018\/\"]}]},{\"@type\":\"ImageObject\",\"inLanguage\":\"pt-BR\",\"@id\":\"https:\/\/www.federassantas.org.br\/novosite\/relacao-contratual-do-sus-com-as-instituicoes-filantropicas-e-discutida-no-encontro-federassantas-2018\/#primaryimage\",\"url\":\"\",\"contentUrl\":\"\"},{\"@type\":\"BreadcrumbList\",\"@id\":\"https:\/\/www.federassantas.org.br\/novosite\/relacao-contratual-do-sus-com-as-instituicoes-filantropicas-e-discutida-no-encontro-federassantas-2018\/#breadcrumb\",\"itemListElement\":[{\"@type\":\"ListItem\",\"position\":1,\"name\":\"In\u00edcio\",\"item\":\"https:\/\/www.federassantas.org.br\/novosite\/\"},{\"@type\":\"ListItem\",\"position\":2,\"name\":\"Rela\u00e7\u00e3o contratual do SUS com as institui\u00e7\u00f5es filantr\u00f3picas \u00e9 discutida no Encontro Federassantas 2018\"}]},{\"@type\":\"WebSite\",\"@id\":\"https:\/\/www.federassantas.org.br\/novosite\/#website\",\"url\":\"https:\/\/www.federassantas.org.br\/novosite\/\",\"name\":\"Federassantas\",\"description\":\"Fed. das Santas Casas e Hospitais Filantr\u00f3picos de MG\",\"publisher\":{\"@id\":\"https:\/\/www.federassantas.org.br\/novosite\/#organization\"},\"potentialAction\":[{\"@type\":\"SearchAction\",\"target\":{\"@type\":\"EntryPoint\",\"urlTemplate\":\"https:\/\/www.federassantas.org.br\/novosite\/?s={search_term_string}\"},\"query-input\":{\"@type\":\"PropertyValueSpecification\",\"valueRequired\":true,\"valueName\":\"search_term_string\"}}],\"inLanguage\":\"pt-BR\"},{\"@type\":\"Organization\",\"@id\":\"https:\/\/www.federassantas.org.br\/novosite\/#organization\",\"name\":\"Federassantas\",\"url\":\"https:\/\/www.federassantas.org.br\/novosite\/\",\"logo\":{\"@type\":\"ImageObject\",\"inLanguage\":\"pt-BR\",\"@id\":\"https:\/\/www.federassantas.org.br\/novosite\/#\/schema\/logo\/image\/\",\"url\":\"https:\/\/www.federassantas.org.br\/novosite\/wp-content\/uploads\/2021\/12\/logo.png\",\"contentUrl\":\"https:\/\/www.federassantas.org.br\/novosite\/wp-content\/uploads\/2021\/12\/logo.png\",\"width\":243,\"height\":59,\"caption\":\"Federassantas\"},\"image\":{\"@id\":\"https:\/\/www.federassantas.org.br\/novosite\/#\/schema\/logo\/image\/\"}},{\"@type\":\"Person\",\"@id\":\"https:\/\/www.federassantas.org.br\/novosite\/#\/schema\/person\/75fed98158349313fe56175f232f513c\",\"name\":\"admin-federas\",\"image\":{\"@type\":\"ImageObject\",\"inLanguage\":\"pt-BR\",\"@id\":\"https:\/\/www.federassantas.org.br\/novosite\/#\/schema\/person\/image\/\",\"url\":\"https:\/\/secure.gravatar.com\/avatar\/2a02d7dda59fe8dc6b7ffd3f652e2efede5ccf0dd89dfdc8137c5517f3de8407?s=96&d=mm&r=g\",\"contentUrl\":\"https:\/\/secure.gravatar.com\/avatar\/2a02d7dda59fe8dc6b7ffd3f652e2efede5ccf0dd89dfdc8137c5517f3de8407?s=96&d=mm&r=g\",\"caption\":\"admin-federas\"},\"sameAs\":[\"https:\/\/www.federassantas.org.br\/novosite\/\"],\"url\":\"https:\/\/www.federassantas.org.br\/novosite\/author\/admin-federas\/\"}]}<\/script>\n<!-- \/ Yoast SEO plugin. -->","yoast_head_json":{"title":"Rela\u00e7\u00e3o contratual do SUS com as institui\u00e7\u00f5es filantr\u00f3picas \u00e9 discutida no Encontro Federassantas 2018 - Federassantas","robots":{"index":"index","follow":"follow","max-snippet":"max-snippet:-1","max-image-preview":"max-image-preview:large","max-video-preview":"max-video-preview:-1"},"canonical":"https:\/\/www.federassantas.org.br\/novosite\/relacao-contratual-do-sus-com-as-instituicoes-filantropicas-e-discutida-no-encontro-federassantas-2018\/","og_locale":"pt_BR","og_type":"article","og_title":"Rela\u00e7\u00e3o contratual do SUS com as institui\u00e7\u00f5es filantr\u00f3picas \u00e9 discutida no Encontro Federassantas 2018 - Federassantas","og_description":"Um dos destaques da programa\u00e7\u00e3o do Encontro Federassantas 2018, foi a palestra \u201cRela\u00e7\u00e3o contratual do SUS com os hospitais filantr\u00f3picos\u201d, ministrada pela Diretora do Departamento de Regula\u00e7\u00e3o, Avalia\u00e7\u00e3o e Controle\/SAS\/Minist\u00e9rio da Sa\u00fade, Dra. Cleusa Bernardo. Durante a apresenta\u00e7\u00e3o, a representante da pasta falou sobre as solicita\u00e7\u00f5es de habilita\u00e7\u00e3o de alta complexidade ao Minist\u00e9rio. Segundo ela, [&hellip;]","og_url":"https:\/\/www.federassantas.org.br\/novosite\/relacao-contratual-do-sus-com-as-instituicoes-filantropicas-e-discutida-no-encontro-federassantas-2018\/","og_site_name":"Federassantas","article_published_time":"2018-11-29T18:09:25+00:00","author":"admin-federas","twitter_card":"summary_large_image","twitter_misc":{"Escrito por":"admin-federas","Est. tempo de leitura":"2 minutos"},"schema":{"@context":"https:\/\/schema.org","@graph":[{"@type":"Article","@id":"https:\/\/www.federassantas.org.br\/novosite\/relacao-contratual-do-sus-com-as-instituicoes-filantropicas-e-discutida-no-encontro-federassantas-2018\/#article","isPartOf":{"@id":"https:\/\/www.federassantas.org.br\/novosite\/relacao-contratual-do-sus-com-as-instituicoes-filantropicas-e-discutida-no-encontro-federassantas-2018\/"},"author":{"name":"admin-federas","@id":"https:\/\/www.federassantas.org.br\/novosite\/#\/schema\/person\/75fed98158349313fe56175f232f513c"},"headline":"Rela\u00e7\u00e3o contratual do SUS com as institui\u00e7\u00f5es filantr\u00f3picas \u00e9 discutida no Encontro Federassantas 2018","datePublished":"2018-11-29T18:09:25+00:00","mainEntityOfPage":{"@id":"https:\/\/www.federassantas.org.br\/novosite\/relacao-contratual-do-sus-com-as-instituicoes-filantropicas-e-discutida-no-encontro-federassantas-2018\/"},"wordCount":463,"commentCount":0,"publisher":{"@id":"https:\/\/www.federassantas.org.br\/novosite\/#organization"},"image":{"@id":"https:\/\/www.federassantas.org.br\/novosite\/relacao-contratual-do-sus-com-as-instituicoes-filantropicas-e-discutida-no-encontro-federassantas-2018\/#primaryimage"},"thumbnailUrl":"","articleSection":["Not\u00edcias","Not\u00edcias Federassantas"],"inLanguage":"pt-BR","potentialAction":[{"@type":"CommentAction","name":"Comment","target":["https:\/\/www.federassantas.org.br\/novosite\/relacao-contratual-do-sus-com-as-instituicoes-filantropicas-e-discutida-no-encontro-federassantas-2018\/#respond"]}]},{"@type":"WebPage","@id":"https:\/\/www.federassantas.org.br\/novosite\/relacao-contratual-do-sus-com-as-instituicoes-filantropicas-e-discutida-no-encontro-federassantas-2018\/","url":"https:\/\/www.federassantas.org.br\/novosite\/relacao-contratual-do-sus-com-as-instituicoes-filantropicas-e-discutida-no-encontro-federassantas-2018\/","name":"Rela\u00e7\u00e3o contratual do SUS com as institui\u00e7\u00f5es filantr\u00f3picas \u00e9 discutida no Encontro Federassantas 2018 - Federassantas","isPartOf":{"@id":"https:\/\/www.federassantas.org.br\/novosite\/#website"},"primaryImageOfPage":{"@id":"https:\/\/www.federassantas.org.br\/novosite\/relacao-contratual-do-sus-com-as-instituicoes-filantropicas-e-discutida-no-encontro-federassantas-2018\/#primaryimage"},"image":{"@id":"https:\/\/www.federassantas.org.br\/novosite\/relacao-contratual-do-sus-com-as-instituicoes-filantropicas-e-discutida-no-encontro-federassantas-2018\/#primaryimage"},"thumbnailUrl":"","datePublished":"2018-11-29T18:09:25+00:00","breadcrumb":{"@id":"https:\/\/www.federassantas.org.br\/novosite\/relacao-contratual-do-sus-com-as-instituicoes-filantropicas-e-discutida-no-encontro-federassantas-2018\/#breadcrumb"},"inLanguage":"pt-BR","potentialAction":[{"@type":"ReadAction","target":["https:\/\/www.federassantas.org.br\/novosite\/relacao-contratual-do-sus-com-as-instituicoes-filantropicas-e-discutida-no-encontro-federassantas-2018\/"]}]},{"@type":"ImageObject","inLanguage":"pt-BR","@id":"https:\/\/www.federassantas.org.br\/novosite\/relacao-contratual-do-sus-com-as-instituicoes-filantropicas-e-discutida-no-encontro-federassantas-2018\/#primaryimage","url":"","contentUrl":""},{"@type":"BreadcrumbList","@id":"https:\/\/www.federassantas.org.br\/novosite\/relacao-contratual-do-sus-com-as-instituicoes-filantropicas-e-discutida-no-encontro-federassantas-2018\/#breadcrumb","itemListElement":[{"@type":"ListItem","position":1,"name":"In\u00edcio","item":"https:\/\/www.federassantas.org.br\/novosite\/"},{"@type":"ListItem","position":2,"name":"Rela\u00e7\u00e3o contratual do SUS com as institui\u00e7\u00f5es filantr\u00f3picas \u00e9 discutida no Encontro Federassantas 2018"}]},{"@type":"WebSite","@id":"https:\/\/www.federassantas.org.br\/novosite\/#website","url":"https:\/\/www.federassantas.org.br\/novosite\/","name":"Federassantas","description":"Fed. das Santas Casas e Hospitais Filantr\u00f3picos de MG","publisher":{"@id":"https:\/\/www.federassantas.org.br\/novosite\/#organization"},"potentialAction":[{"@type":"SearchAction","target":{"@type":"EntryPoint","urlTemplate":"https:\/\/www.federassantas.org.br\/novosite\/?s={search_term_string}"},"query-input":{"@type":"PropertyValueSpecification","valueRequired":true,"valueName":"search_term_string"}}],"inLanguage":"pt-BR"},{"@type":"Organization","@id":"https:\/\/www.federassantas.org.br\/novosite\/#organization","name":"Federassantas","url":"https:\/\/www.federassantas.org.br\/novosite\/","logo":{"@type":"ImageObject","inLanguage":"pt-BR","@id":"https:\/\/www.federassantas.org.br\/novosite\/#\/schema\/logo\/image\/","url":"https:\/\/www.federassantas.org.br\/novosite\/wp-content\/uploads\/2021\/12\/logo.png","contentUrl":"https:\/\/www.federassantas.org.br\/novosite\/wp-content\/uploads\/2021\/12\/logo.png","width":243,"height":59,"caption":"Federassantas"},"image":{"@id":"https:\/\/www.federassantas.org.br\/novosite\/#\/schema\/logo\/image\/"}},{"@type":"Person","@id":"https:\/\/www.federassantas.org.br\/novosite\/#\/schema\/person\/75fed98158349313fe56175f232f513c","name":"admin-federas","image":{"@type":"ImageObject","inLanguage":"pt-BR","@id":"https:\/\/www.federassantas.org.br\/novosite\/#\/schema\/person\/image\/","url":"https:\/\/secure.gravatar.com\/avatar\/2a02d7dda59fe8dc6b7ffd3f652e2efede5ccf0dd89dfdc8137c5517f3de8407?s=96&d=mm&r=g","contentUrl":"https:\/\/secure.gravatar.com\/avatar\/2a02d7dda59fe8dc6b7ffd3f652e2efede5ccf0dd89dfdc8137c5517f3de8407?s=96&d=mm&r=g","caption":"admin-federas"},"sameAs":["https:\/\/www.federassantas.org.br\/novosite\/"],"url":"https:\/\/www.federassantas.org.br\/novosite\/author\/admin-federas\/"}]}},"_links":{"self":[{"href":"https:\/\/www.federassantas.org.br\/novosite\/wp-json\/wp\/v2\/posts\/14929","targetHints":{"allow":["GET"]}}],"collection":[{"href":"https:\/\/www.federassantas.org.br\/novosite\/wp-json\/wp\/v2\/posts"}],"about":[{"href":"https:\/\/www.federassantas.org.br\/novosite\/wp-json\/wp\/v2\/types\/post"}],"author":[{"embeddable":true,"href":"https:\/\/www.federassantas.org.br\/novosite\/wp-json\/wp\/v2\/users\/1"}],"replies":[{"embeddable":true,"href":"https:\/\/www.federassantas.org.br\/novosite\/wp-json\/wp\/v2\/comments?post=14929"}],"version-history":[{"count":0,"href":"https:\/\/www.federassantas.org.br\/novosite\/wp-json\/wp\/v2\/posts\/14929\/revisions"}],"wp:featuredmedia":[{"embeddable":true,"href":"https:\/\/www.federassantas.org.br\/novosite\/wp-json\/"}],"wp:attachment":[{"href":"https:\/\/www.federassantas.org.br\/novosite\/wp-json\/wp\/v2\/media?parent=14929"}],"wp:term":[{"taxonomy":"category","embeddable":true,"href":"https:\/\/www.federassantas.org.br\/novosite\/wp-json\/wp\/v2\/categories?post=14929"},{"taxonomy":"post_tag","embeddable":true,"href":"https:\/\/www.federassantas.org.br\/novosite\/wp-json\/wp\/v2\/tags?post=14929"}],"curies":[{"name":"wp","href":"https:\/\/api.w.org\/{rel}","templated":true}]}}