{"id":14946,"date":"2018-11-30T11:40:44","date_gmt":"2018-11-30T13:40:44","guid":{"rendered":"https:\/\/federasbackup.meltcomunicacao.com.br\/?p=14946"},"modified":"2018-11-30T11:40:44","modified_gmt":"2018-11-30T13:40:44","slug":"santas-casas-de-bh-e-juiz-de-fora-recebem-medalha-de-ordem-do-merito-do-trabalho","status":"publish","type":"post","link":"https:\/\/www.federassantas.org.br\/novosite\/santas-casas-de-bh-e-juiz-de-fora-recebem-medalha-de-ordem-do-merito-do-trabalho\/","title":{"rendered":"Santas Casas de BH e Juiz de fora recebem medalha de Ordem do M\u00e9rito do Trabalho"},"content":{"rendered":"<p style=\"text-align: justify;\">Na tarde da \u00faltima quarta-feira (28), as Santas Casas de Miseric\u00f3rdia de Belo Horizonte, Cuiab\u00e1, Juiz de Fora e Porto Alegre receberam, no Tribunal Superior do Trabalho (TST), a medalha da Ordem do M\u00e9rito do Trabalho Get\u00falio Vargas, no grau de Grande Oficial. O evento contou com a presen\u00e7a do Presidente da Rep\u00fablica Michel Temer, que na posi\u00e7\u00e3o de gr\u00e3o-mestre imp\u00f4s a ordem aos agraciados da Gr\u00e3 Cruz, acompanhado pelo ministro do Trabalho, Caio Vieira de Mello.<\/p>\n<p style=\"text-align: justify;\">Saiba\u00a0 mais em:\u00a0<a href=\"http:\/\/www.cmb.org.br\/cmb\/index.php\/noticias\/2650-medalha-de-ordem-do-merito-do-trabalho-getulio-vargas-e-concedida-a-santas-casas\">http:\/\/www.cmb.org.br\/cmb\/index.php\/noticias\/2650-medalha-de-ordem-do-merito-do-trabalho-getulio-vargas-e-concedida-a-santas-casas<\/a><\/p>\n<p style=\"text-align: justify;\"><em>Fonte: CMB<\/em><\/p>\n","protected":false},"excerpt":{"rendered":"<p>Na tarde da \u00faltima quarta-feira (28), as Santas Casas de Miseric\u00f3rdia de Belo Horizonte, Cuiab\u00e1, Juiz de Fora e Porto Alegre receberam, no Tribunal Superior do Trabalho (TST), a medalha da Ordem do M\u00e9rito do Trabalho Get\u00falio Vargas, no grau de Grande Oficial. O evento contou com a presen\u00e7a do Presidente da Rep\u00fablica Michel Temer, [&hellip;]<\/p>\n","protected":false},"author":1,"featured_media":14949,"comment_status":"open","ping_status":"open","sticky":false,"template":"","format":"standard","meta":{"footnotes":""},"categories":[140,139],"tags":[],"class_list":["post-14946","post","type-post","status-publish","format-standard","has-post-thumbnail","hentry","category-noticias","category-noticias-filiados"],"yoast_head":"<!-- This site is optimized with the Yoast SEO plugin v26.9 - https:\/\/yoast.com\/product\/yoast-seo-wordpress\/ -->\n<title>Santas Casas de BH e Juiz de fora recebem medalha de Ordem do M\u00e9rito do Trabalho - Federassantas<\/title>\n<meta name=\"robots\" content=\"index, follow, max-snippet:-1, max-image-preview:large, max-video-preview:-1\" \/>\n<link rel=\"canonical\" href=\"https:\/\/www.federassantas.org.br\/novosite\/santas-casas-de-bh-e-juiz-de-fora-recebem-medalha-de-ordem-do-merito-do-trabalho\/\" \/>\n<meta property=\"og:locale\" content=\"pt_BR\" \/>\n<meta property=\"og:type\" content=\"article\" \/>\n<meta property=\"og:title\" content=\"Santas Casas de BH e Juiz de fora recebem medalha de Ordem do M\u00e9rito do Trabalho - Federassantas\" \/>\n<meta property=\"og:description\" content=\"Na tarde da \u00faltima quarta-feira (28), as Santas Casas de Miseric\u00f3rdia de Belo Horizonte, Cuiab\u00e1, Juiz de Fora e Porto Alegre receberam, no Tribunal Superior do Trabalho (TST), a medalha da Ordem do M\u00e9rito do Trabalho Get\u00falio Vargas, no grau de Grande Oficial. O evento contou com a presen\u00e7a do Presidente da Rep\u00fablica Michel Temer, [&hellip;]\" \/>\n<meta property=\"og:url\" content=\"https:\/\/www.federassantas.org.br\/novosite\/santas-casas-de-bh-e-juiz-de-fora-recebem-medalha-de-ordem-do-merito-do-trabalho\/\" \/>\n<meta property=\"og:site_name\" content=\"Federassantas\" \/>\n<meta property=\"article:published_time\" content=\"2018-11-30T13:40:44+00:00\" \/>\n<meta property=\"og:image\" content=\"https:\/\/www.federassantas.org.br\/novosite\/wp-content\/uploads\/2018\/11\/Capturar-4.png\" \/>\n\t<meta property=\"og:image:width\" content=\"822\" \/>\n\t<meta property=\"og:image:height\" content=\"400\" \/>\n\t<meta property=\"og:image:type\" content=\"image\/png\" \/>\n<meta name=\"author\" content=\"admin-federas\" \/>\n<meta name=\"twitter:card\" content=\"summary_large_image\" \/>\n<meta name=\"twitter:label1\" content=\"Escrito por\" \/>\n\t<meta name=\"twitter:data1\" content=\"admin-federas\" \/>\n<script type=\"application\/ld+json\" class=\"yoast-schema-graph\">{\"@context\":\"https:\/\/schema.org\",\"@graph\":[{\"@type\":\"Article\",\"@id\":\"https:\/\/www.federassantas.org.br\/novosite\/santas-casas-de-bh-e-juiz-de-fora-recebem-medalha-de-ordem-do-merito-do-trabalho\/#article\",\"isPartOf\":{\"@id\":\"https:\/\/www.federassantas.org.br\/novosite\/santas-casas-de-bh-e-juiz-de-fora-recebem-medalha-de-ordem-do-merito-do-trabalho\/\"},\"author\":{\"name\":\"admin-federas\",\"@id\":\"https:\/\/www.federassantas.org.br\/novosite\/#\/schema\/person\/75fed98158349313fe56175f232f513c\"},\"headline\":\"Santas Casas de BH e Juiz de fora recebem medalha de Ordem do M\u00e9rito do Trabalho\",\"datePublished\":\"2018-11-30T13:40:44+00:00\",\"mainEntityOfPage\":{\"@id\":\"https:\/\/www.federassantas.org.br\/novosite\/santas-casas-de-bh-e-juiz-de-fora-recebem-medalha-de-ordem-do-merito-do-trabalho\/\"},\"wordCount\":116,\"commentCount\":0,\"publisher\":{\"@id\":\"https:\/\/www.federassantas.org.br\/novosite\/#organization\"},\"image\":{\"@id\":\"https:\/\/www.federassantas.org.br\/novosite\/santas-casas-de-bh-e-juiz-de-fora-recebem-medalha-de-ordem-do-merito-do-trabalho\/#primaryimage\"},\"thumbnailUrl\":\"https:\/\/www.federassantas.org.br\/novosite\/wp-content\/uploads\/2018\/11\/Capturar-4.png\",\"articleSection\":[\"Not\u00edcias\",\"Not\u00edcias filiados\"],\"inLanguage\":\"pt-BR\",\"potentialAction\":[{\"@type\":\"CommentAction\",\"name\":\"Comment\",\"target\":[\"https:\/\/www.federassantas.org.br\/novosite\/santas-casas-de-bh-e-juiz-de-fora-recebem-medalha-de-ordem-do-merito-do-trabalho\/#respond\"]}]},{\"@type\":\"WebPage\",\"@id\":\"https:\/\/www.federassantas.org.br\/novosite\/santas-casas-de-bh-e-juiz-de-fora-recebem-medalha-de-ordem-do-merito-do-trabalho\/\",\"url\":\"https:\/\/www.federassantas.org.br\/novosite\/santas-casas-de-bh-e-juiz-de-fora-recebem-medalha-de-ordem-do-merito-do-trabalho\/\",\"name\":\"Santas Casas de BH e Juiz de fora recebem medalha de Ordem do M\u00e9rito do Trabalho - Federassantas\",\"isPartOf\":{\"@id\":\"https:\/\/www.federassantas.org.br\/novosite\/#website\"},\"primaryImageOfPage\":{\"@id\":\"https:\/\/www.federassantas.org.br\/novosite\/santas-casas-de-bh-e-juiz-de-fora-recebem-medalha-de-ordem-do-merito-do-trabalho\/#primaryimage\"},\"image\":{\"@id\":\"https:\/\/www.federassantas.org.br\/novosite\/santas-casas-de-bh-e-juiz-de-fora-recebem-medalha-de-ordem-do-merito-do-trabalho\/#primaryimage\"},\"thumbnailUrl\":\"https:\/\/www.federassantas.org.br\/novosite\/wp-content\/uploads\/2018\/11\/Capturar-4.png\",\"datePublished\":\"2018-11-30T13:40:44+00:00\",\"breadcrumb\":{\"@id\":\"https:\/\/www.federassantas.org.br\/novosite\/santas-casas-de-bh-e-juiz-de-fora-recebem-medalha-de-ordem-do-merito-do-trabalho\/#breadcrumb\"},\"inLanguage\":\"pt-BR\",\"potentialAction\":[{\"@type\":\"ReadAction\",\"target\":[\"https:\/\/www.federassantas.org.br\/novosite\/santas-casas-de-bh-e-juiz-de-fora-recebem-medalha-de-ordem-do-merito-do-trabalho\/\"]}]},{\"@type\":\"ImageObject\",\"inLanguage\":\"pt-BR\",\"@id\":\"https:\/\/www.federassantas.org.br\/novosite\/santas-casas-de-bh-e-juiz-de-fora-recebem-medalha-de-ordem-do-merito-do-trabalho\/#primaryimage\",\"url\":\"https:\/\/www.federassantas.org.br\/novosite\/wp-content\/uploads\/2018\/11\/Capturar-4.png\",\"contentUrl\":\"https:\/\/www.federassantas.org.br\/novosite\/wp-content\/uploads\/2018\/11\/Capturar-4.png\",\"width\":822,\"height\":400},{\"@type\":\"BreadcrumbList\",\"@id\":\"https:\/\/www.federassantas.org.br\/novosite\/santas-casas-de-bh-e-juiz-de-fora-recebem-medalha-de-ordem-do-merito-do-trabalho\/#breadcrumb\",\"itemListElement\":[{\"@type\":\"ListItem\",\"position\":1,\"name\":\"In\u00edcio\",\"item\":\"https:\/\/www.federassantas.org.br\/novosite\/\"},{\"@type\":\"ListItem\",\"position\":2,\"name\":\"Santas Casas de BH e Juiz de fora recebem medalha de Ordem do M\u00e9rito do Trabalho\"}]},{\"@type\":\"WebSite\",\"@id\":\"https:\/\/www.federassantas.org.br\/novosite\/#website\",\"url\":\"https:\/\/www.federassantas.org.br\/novosite\/\",\"name\":\"Federassantas\",\"description\":\"Fed. das Santas Casas e Hospitais Filantr\u00f3picos de MG\",\"publisher\":{\"@id\":\"https:\/\/www.federassantas.org.br\/novosite\/#organization\"},\"potentialAction\":[{\"@type\":\"SearchAction\",\"target\":{\"@type\":\"EntryPoint\",\"urlTemplate\":\"https:\/\/www.federassantas.org.br\/novosite\/?s={search_term_string}\"},\"query-input\":{\"@type\":\"PropertyValueSpecification\",\"valueRequired\":true,\"valueName\":\"search_term_string\"}}],\"inLanguage\":\"pt-BR\"},{\"@type\":\"Organization\",\"@id\":\"https:\/\/www.federassantas.org.br\/novosite\/#organization\",\"name\":\"Federassantas\",\"url\":\"https:\/\/www.federassantas.org.br\/novosite\/\",\"logo\":{\"@type\":\"ImageObject\",\"inLanguage\":\"pt-BR\",\"@id\":\"https:\/\/www.federassantas.org.br\/novosite\/#\/schema\/logo\/image\/\",\"url\":\"https:\/\/www.federassantas.org.br\/novosite\/wp-content\/uploads\/2021\/12\/logo.png\",\"contentUrl\":\"https:\/\/www.federassantas.org.br\/novosite\/wp-content\/uploads\/2021\/12\/logo.png\",\"width\":243,\"height\":59,\"caption\":\"Federassantas\"},\"image\":{\"@id\":\"https:\/\/www.federassantas.org.br\/novosite\/#\/schema\/logo\/image\/\"}},{\"@type\":\"Person\",\"@id\":\"https:\/\/www.federassantas.org.br\/novosite\/#\/schema\/person\/75fed98158349313fe56175f232f513c\",\"name\":\"admin-federas\",\"image\":{\"@type\":\"ImageObject\",\"inLanguage\":\"pt-BR\",\"@id\":\"https:\/\/www.federassantas.org.br\/novosite\/#\/schema\/person\/image\/\",\"url\":\"https:\/\/secure.gravatar.com\/avatar\/2a02d7dda59fe8dc6b7ffd3f652e2efede5ccf0dd89dfdc8137c5517f3de8407?s=96&d=mm&r=g\",\"contentUrl\":\"https:\/\/secure.gravatar.com\/avatar\/2a02d7dda59fe8dc6b7ffd3f652e2efede5ccf0dd89dfdc8137c5517f3de8407?s=96&d=mm&r=g\",\"caption\":\"admin-federas\"},\"sameAs\":[\"https:\/\/www.federassantas.org.br\/novosite\/\"],\"url\":\"https:\/\/www.federassantas.org.br\/novosite\/author\/admin-federas\/\"}]}<\/script>\n<!-- \/ Yoast SEO plugin. -->","yoast_head_json":{"title":"Santas Casas de BH e Juiz de fora recebem medalha de Ordem do M\u00e9rito do Trabalho - Federassantas","robots":{"index":"index","follow":"follow","max-snippet":"max-snippet:-1","max-image-preview":"max-image-preview:large","max-video-preview":"max-video-preview:-1"},"canonical":"https:\/\/www.federassantas.org.br\/novosite\/santas-casas-de-bh-e-juiz-de-fora-recebem-medalha-de-ordem-do-merito-do-trabalho\/","og_locale":"pt_BR","og_type":"article","og_title":"Santas Casas de BH e Juiz de fora recebem medalha de Ordem do M\u00e9rito do Trabalho - Federassantas","og_description":"Na tarde da \u00faltima quarta-feira (28), as Santas Casas de Miseric\u00f3rdia de Belo Horizonte, Cuiab\u00e1, Juiz de Fora e Porto Alegre receberam, no Tribunal Superior do Trabalho (TST), a medalha da Ordem do M\u00e9rito do Trabalho Get\u00falio Vargas, no grau de Grande Oficial. O evento contou com a presen\u00e7a do Presidente da Rep\u00fablica Michel Temer, [&hellip;]","og_url":"https:\/\/www.federassantas.org.br\/novosite\/santas-casas-de-bh-e-juiz-de-fora-recebem-medalha-de-ordem-do-merito-do-trabalho\/","og_site_name":"Federassantas","article_published_time":"2018-11-30T13:40:44+00:00","og_image":[{"width":822,"height":400,"url":"https:\/\/www.federassantas.org.br\/novosite\/wp-content\/uploads\/2018\/11\/Capturar-4.png","type":"image\/png"}],"author":"admin-federas","twitter_card":"summary_large_image","twitter_misc":{"Escrito por":"admin-federas"},"schema":{"@context":"https:\/\/schema.org","@graph":[{"@type":"Article","@id":"https:\/\/www.federassantas.org.br\/novosite\/santas-casas-de-bh-e-juiz-de-fora-recebem-medalha-de-ordem-do-merito-do-trabalho\/#article","isPartOf":{"@id":"https:\/\/www.federassantas.org.br\/novosite\/santas-casas-de-bh-e-juiz-de-fora-recebem-medalha-de-ordem-do-merito-do-trabalho\/"},"author":{"name":"admin-federas","@id":"https:\/\/www.federassantas.org.br\/novosite\/#\/schema\/person\/75fed98158349313fe56175f232f513c"},"headline":"Santas Casas de BH e Juiz de fora recebem medalha de Ordem do M\u00e9rito do Trabalho","datePublished":"2018-11-30T13:40:44+00:00","mainEntityOfPage":{"@id":"https:\/\/www.federassantas.org.br\/novosite\/santas-casas-de-bh-e-juiz-de-fora-recebem-medalha-de-ordem-do-merito-do-trabalho\/"},"wordCount":116,"commentCount":0,"publisher":{"@id":"https:\/\/www.federassantas.org.br\/novosite\/#organization"},"image":{"@id":"https:\/\/www.federassantas.org.br\/novosite\/santas-casas-de-bh-e-juiz-de-fora-recebem-medalha-de-ordem-do-merito-do-trabalho\/#primaryimage"},"thumbnailUrl":"https:\/\/www.federassantas.org.br\/novosite\/wp-content\/uploads\/2018\/11\/Capturar-4.png","articleSection":["Not\u00edcias","Not\u00edcias filiados"],"inLanguage":"pt-BR","potentialAction":[{"@type":"CommentAction","name":"Comment","target":["https:\/\/www.federassantas.org.br\/novosite\/santas-casas-de-bh-e-juiz-de-fora-recebem-medalha-de-ordem-do-merito-do-trabalho\/#respond"]}]},{"@type":"WebPage","@id":"https:\/\/www.federassantas.org.br\/novosite\/santas-casas-de-bh-e-juiz-de-fora-recebem-medalha-de-ordem-do-merito-do-trabalho\/","url":"https:\/\/www.federassantas.org.br\/novosite\/santas-casas-de-bh-e-juiz-de-fora-recebem-medalha-de-ordem-do-merito-do-trabalho\/","name":"Santas Casas de BH e Juiz de fora recebem medalha de Ordem do M\u00e9rito do Trabalho - Federassantas","isPartOf":{"@id":"https:\/\/www.federassantas.org.br\/novosite\/#website"},"primaryImageOfPage":{"@id":"https:\/\/www.federassantas.org.br\/novosite\/santas-casas-de-bh-e-juiz-de-fora-recebem-medalha-de-ordem-do-merito-do-trabalho\/#primaryimage"},"image":{"@id":"https:\/\/www.federassantas.org.br\/novosite\/santas-casas-de-bh-e-juiz-de-fora-recebem-medalha-de-ordem-do-merito-do-trabalho\/#primaryimage"},"thumbnailUrl":"https:\/\/www.federassantas.org.br\/novosite\/wp-content\/uploads\/2018\/11\/Capturar-4.png","datePublished":"2018-11-30T13:40:44+00:00","breadcrumb":{"@id":"https:\/\/www.federassantas.org.br\/novosite\/santas-casas-de-bh-e-juiz-de-fora-recebem-medalha-de-ordem-do-merito-do-trabalho\/#breadcrumb"},"inLanguage":"pt-BR","potentialAction":[{"@type":"ReadAction","target":["https:\/\/www.federassantas.org.br\/novosite\/santas-casas-de-bh-e-juiz-de-fora-recebem-medalha-de-ordem-do-merito-do-trabalho\/"]}]},{"@type":"ImageObject","inLanguage":"pt-BR","@id":"https:\/\/www.federassantas.org.br\/novosite\/santas-casas-de-bh-e-juiz-de-fora-recebem-medalha-de-ordem-do-merito-do-trabalho\/#primaryimage","url":"https:\/\/www.federassantas.org.br\/novosite\/wp-content\/uploads\/2018\/11\/Capturar-4.png","contentUrl":"https:\/\/www.federassantas.org.br\/novosite\/wp-content\/uploads\/2018\/11\/Capturar-4.png","width":822,"height":400},{"@type":"BreadcrumbList","@id":"https:\/\/www.federassantas.org.br\/novosite\/santas-casas-de-bh-e-juiz-de-fora-recebem-medalha-de-ordem-do-merito-do-trabalho\/#breadcrumb","itemListElement":[{"@type":"ListItem","position":1,"name":"In\u00edcio","item":"https:\/\/www.federassantas.org.br\/novosite\/"},{"@type":"ListItem","position":2,"name":"Santas Casas de BH e Juiz de fora recebem medalha de Ordem do M\u00e9rito do Trabalho"}]},{"@type":"WebSite","@id":"https:\/\/www.federassantas.org.br\/novosite\/#website","url":"https:\/\/www.federassantas.org.br\/novosite\/","name":"Federassantas","description":"Fed. das Santas Casas e Hospitais Filantr\u00f3picos de MG","publisher":{"@id":"https:\/\/www.federassantas.org.br\/novosite\/#organization"},"potentialAction":[{"@type":"SearchAction","target":{"@type":"EntryPoint","urlTemplate":"https:\/\/www.federassantas.org.br\/novosite\/?s={search_term_string}"},"query-input":{"@type":"PropertyValueSpecification","valueRequired":true,"valueName":"search_term_string"}}],"inLanguage":"pt-BR"},{"@type":"Organization","@id":"https:\/\/www.federassantas.org.br\/novosite\/#organization","name":"Federassantas","url":"https:\/\/www.federassantas.org.br\/novosite\/","logo":{"@type":"ImageObject","inLanguage":"pt-BR","@id":"https:\/\/www.federassantas.org.br\/novosite\/#\/schema\/logo\/image\/","url":"https:\/\/www.federassantas.org.br\/novosite\/wp-content\/uploads\/2021\/12\/logo.png","contentUrl":"https:\/\/www.federassantas.org.br\/novosite\/wp-content\/uploads\/2021\/12\/logo.png","width":243,"height":59,"caption":"Federassantas"},"image":{"@id":"https:\/\/www.federassantas.org.br\/novosite\/#\/schema\/logo\/image\/"}},{"@type":"Person","@id":"https:\/\/www.federassantas.org.br\/novosite\/#\/schema\/person\/75fed98158349313fe56175f232f513c","name":"admin-federas","image":{"@type":"ImageObject","inLanguage":"pt-BR","@id":"https:\/\/www.federassantas.org.br\/novosite\/#\/schema\/person\/image\/","url":"https:\/\/secure.gravatar.com\/avatar\/2a02d7dda59fe8dc6b7ffd3f652e2efede5ccf0dd89dfdc8137c5517f3de8407?s=96&d=mm&r=g","contentUrl":"https:\/\/secure.gravatar.com\/avatar\/2a02d7dda59fe8dc6b7ffd3f652e2efede5ccf0dd89dfdc8137c5517f3de8407?s=96&d=mm&r=g","caption":"admin-federas"},"sameAs":["https:\/\/www.federassantas.org.br\/novosite\/"],"url":"https:\/\/www.federassantas.org.br\/novosite\/author\/admin-federas\/"}]}},"_links":{"self":[{"href":"https:\/\/www.federassantas.org.br\/novosite\/wp-json\/wp\/v2\/posts\/14946","targetHints":{"allow":["GET"]}}],"collection":[{"href":"https:\/\/www.federassantas.org.br\/novosite\/wp-json\/wp\/v2\/posts"}],"about":[{"href":"https:\/\/www.federassantas.org.br\/novosite\/wp-json\/wp\/v2\/types\/post"}],"author":[{"embeddable":true,"href":"https:\/\/www.federassantas.org.br\/novosite\/wp-json\/wp\/v2\/users\/1"}],"replies":[{"embeddable":true,"href":"https:\/\/www.federassantas.org.br\/novosite\/wp-json\/wp\/v2\/comments?post=14946"}],"version-history":[{"count":0,"href":"https:\/\/www.federassantas.org.br\/novosite\/wp-json\/wp\/v2\/posts\/14946\/revisions"}],"wp:featuredmedia":[{"embeddable":true,"href":"https:\/\/www.federassantas.org.br\/novosite\/wp-json\/wp\/v2\/media\/14949"}],"wp:attachment":[{"href":"https:\/\/www.federassantas.org.br\/novosite\/wp-json\/wp\/v2\/media?parent=14946"}],"wp:term":[{"taxonomy":"category","embeddable":true,"href":"https:\/\/www.federassantas.org.br\/novosite\/wp-json\/wp\/v2\/categories?post=14946"},{"taxonomy":"post_tag","embeddable":true,"href":"https:\/\/www.federassantas.org.br\/novosite\/wp-json\/wp\/v2\/tags?post=14946"}],"curies":[{"name":"wp","href":"https:\/\/api.w.org\/{rel}","templated":true}]}}