{"id":14951,"date":"2018-11-30T16:36:58","date_gmt":"2018-11-30T18:36:58","guid":{"rendered":"https:\/\/federasbackup.meltcomunicacao.com.br\/?p=14951"},"modified":"2018-11-30T16:36:58","modified_gmt":"2018-11-30T18:36:58","slug":"filantropicos-realizam-acoes-para-lembrar-o-novembro-azul","status":"publish","type":"post","link":"https:\/\/www.federassantas.org.br\/novosite\/filantropicos-realizam-acoes-para-lembrar-o-novembro-azul\/","title":{"rendered":"Filantr\u00f3picos realizam a\u00e7\u00f5es para lembrar o novembro azul"},"content":{"rendered":"<p style=\"text-align: justify;\">Todos os anos, centenas de entidades por todo o mundo celebram o <strong>Novembro Azul. <\/strong>A campanha tem como objetivo alertar e conscientizar para a aten\u00e7\u00e3o \u00e0 sa\u00fade dos&nbsp;homens, e em especial, a preven\u00e7\u00e3o e o diagn\u00f3stico precoce do&nbsp;c\u00e2ncer de pr\u00f3stata.<\/p>\n<p style=\"text-align: justify;\">No Brasil, este tipo de c\u00e2ncer \u00e9 o segundo mais comum entre as pessoas do sexo masculino, ficando atr\u00e1s apenas do c\u00e2ncer de pele n\u00e3o-melanoma. De acordo com o INCA &#8211; Instituto Nacional de C\u00e2ncer, h\u00e1 uma estimativa de 68.220 novos casos para 2018. Outro dado preocupante \u00e9 o n\u00famero de mortes pela doen\u00e7a: cerca de 13.700 casos por ano.<\/p>\n<p style=\"text-align: justify;\">O Novembro azul \u00e9 convite para o cuidado com a sa\u00fade masculina, para a realiza\u00e7\u00e3o de exames e principalmente \u00e0 preven\u00e7\u00e3o. O INCA destaca que, nos \u00faltimos anos, o aumento observado nas taxas de incid\u00eancia no Brasil pode ser parcialmente justificado pela evolu\u00e7\u00e3o dos m\u00e9todos diagn\u00f3sticos (exames).<\/p>\n<p style=\"text-align: justify;\">Em Minas Gerais, para alertar sobre a import\u00e2ncia da data, dezenas de hospitais filantr\u00f3picos realizaram a\u00e7\u00f5es para os colaboradores das institui\u00e7\u00f5es e para o p\u00fablico externo.<\/p>\n<p style=\"text-align: justify;\"><strong>&nbsp;<\/strong><strong><em>Cuidar da sa\u00fade tamb\u00e9m \u00e9 coisa de homem \u2013 SANTA CASA BH<\/em><\/strong><\/p>\n<p style=\"text-align: justify;\">A campanha&nbsp;Novembro&nbsp;Azul&nbsp;mobilizou a Cl\u00ednica Urol\u00f3gica da Santa Casa BH. No dia 09 de&nbsp;novembro, 09 urologistas se uniram para realizar um mutir\u00e3o de atendimentos no Centro de Especialidades M\u00e9dicas. Ao todo, foram feitas 120 consultas para rastreamento do c\u00e2ncer de pr\u00f3stata. Para despertar a aten\u00e7\u00e3o dos homens sobre a import\u00e2ncia do diagn\u00f3stico precoce da doen\u00e7a \u2013 que em 90% dos casos pode ser curado se descoberto na fase inicial \u2013 e da realiza\u00e7\u00e3o de exames preventivos, a fachada da Santa Casa BH ganhou ilumina\u00e7\u00e3o&nbsp;azul&nbsp;durante o m\u00eas.<\/p>\n<p style=\"text-align: justify;\">Os homens em tratamento oncol\u00f3gico no hospital ganharam de presente, no dia 26\/11, atendimento VIP com direito a corte de cabelo e barba. A barbearia solid\u00e1ria da Rota 7 Barber Club foi montada no Ambulat\u00f3rio de Oncologia. A a\u00e7\u00e3o \u00e9 uma forma de trabalhar a autoestima dos pacientes e tem papel fundamental na recupera\u00e7\u00e3o da sa\u00fade deles. Carlos Abreu, em tratamento h\u00e1 2 anos, aprovou a iniciativa: \u201c\u00e9 sempre bom cuidar da apar\u00eancia e da sa\u00fade. Meu cabelo ficou \u00f3timo. Obrigado pela surpresa\u201d.<\/p>\n<p style=\"text-align: justify;\"><img fetchpriority=\"high\" decoding=\"async\" class=\"alignnone wp-image-14957\" src=\"http:\/\/federasbackup.meltcomunicacao.com.br\/wp-content\/uploads\/2018\/11\/scbh-1-300x182.jpg\" alt=\"\" width=\"362\" height=\"219\" srcset=\"https:\/\/www.federassantas.org.br\/novosite\/wp-content\/uploads\/2018\/11\/scbh-1-300x182.jpg 300w, https:\/\/www.federassantas.org.br\/novosite\/wp-content\/uploads\/2018\/11\/scbh-1-1024x620.jpg 1024w, https:\/\/www.federassantas.org.br\/novosite\/wp-content\/uploads\/2018\/11\/scbh-1-768x465.jpg 768w, https:\/\/www.federassantas.org.br\/novosite\/wp-content\/uploads\/2018\/11\/scbh-1-1536x930.jpg 1536w, https:\/\/www.federassantas.org.br\/novosite\/wp-content\/uploads\/2018\/11\/scbh-1-2048x1241.jpg 2048w\" sizes=\"(max-width: 362px) 100vw, 362px\" \/>&nbsp; &nbsp; &nbsp;<img decoding=\"async\" class=\"alignnone wp-image-14958\" src=\"http:\/\/federasbackup.meltcomunicacao.com.br\/wp-content\/uploads\/2018\/11\/scbh-2-300x201.jpg\" alt=\"\" width=\"327\" height=\"219\" srcset=\"https:\/\/www.federassantas.org.br\/novosite\/wp-content\/uploads\/2018\/11\/scbh-2-300x201.jpg 300w, https:\/\/www.federassantas.org.br\/novosite\/wp-content\/uploads\/2018\/11\/scbh-2-1024x684.jpg 1024w, https:\/\/www.federassantas.org.br\/novosite\/wp-content\/uploads\/2018\/11\/scbh-2-768x513.jpg 768w, https:\/\/www.federassantas.org.br\/novosite\/wp-content\/uploads\/2018\/11\/scbh-2-1536x1027.jpg 1536w, https:\/\/www.federassantas.org.br\/novosite\/wp-content\/uploads\/2018\/11\/scbh-2-2048x1369.jpg 2048w\" sizes=\"(max-width: 327px) 100vw, 327px\" \/><\/p>\n<p style=\"text-align: justify;\"><strong><em><br \/>\nHOSPITAL SANTA ROS\u00c1LIA<\/em><\/strong><\/p>\n<p style=\"text-align: justify;\">No m\u00eas de&nbsp;novembro, o laborat\u00f3rio do hospital Santa Ros\u00e1lia ofereceu aos pacientes exames de PSA (Ant\u00edgeno Prost\u00e1tico Espec\u00edfico) com 50% de desconto. Os clientes ganharam tamb\u00e9m 01 exame de glicemia como brinde.<\/p>\n<p style=\"text-align: justify;\">J\u00e1 para os funcion\u00e1rios da institui\u00e7\u00e3o foram disponibilizados exames de PSA gratuitos.<\/p>\n<p style=\"text-align: justify;\"><em><strong><br \/>\nSANTA CASA DE MONTES CLAROS REALIZA MUTIR\u00c3O&nbsp;DO NOVEMBRO&nbsp;AZUL<\/strong><\/em><\/p>\n<p style=\"text-align: justify;\">A Santa Casa de Montes Claros promoveu no dia 23\/11, a segunda edi\u00e7\u00e3o do &#8220;Mutir\u00e3o&nbsp;Novembro&nbsp;Azul&#8221;. Ao todo, 127 pessoas foram atendidas.<\/p>\n<p style=\"text-align: justify;\">De acordo com o urologista Conrado Leonel Menezes, a a\u00e7\u00e3o superou as expectativas. &#8220;Tivemos uma procura expressiva, o que refor\u00e7a a consci\u00eancia das pessoas em rela\u00e7\u00e3o a preven\u00e7\u00e3o e ao diagn\u00f3stico precoce&#8221;, diz. Ele explica que, ap\u00f3s a consulta e o exame de toque realizado durante a a\u00e7\u00e3o, os pacientes que apresentarem alguma altera\u00e7\u00e3o s\u00e3o encaminhados para dar andamento ao processo. &#8220;Al\u00e9m do exame de toque, \u00e9 necess\u00e1rio que os pacientes fa\u00e7am o exame de sangue (PSA), que \u00e9 a complementa\u00e7\u00e3o do exame.<\/p>\n<p style=\"text-align: justify;\">Dentro da programa\u00e7\u00e3o, nos dias 13 e 14 deste m\u00eas, foi realizada a primeira a\u00e7\u00e3o alusiva ao&nbsp;Novembro&nbsp;Azul. Com a coopera\u00e7\u00e3o do Grupo de Trabalho Humanizado (GTH) do hospital e da Barbearia Don Barbone, foi proporcionado uma tarde de cuidados e bem-estar com a sa\u00fade do homem. A iniciativa foi destinada aos colaboradores da Santa Casa. A a\u00e7\u00e3o da barbearia foi oferecida de forma volunt\u00e1ria.<\/p>\n<p style=\"text-align: justify;\">Finalizando a edi\u00e7\u00e3o deste ano, em parceria com as cl\u00ednicas Radialis e Oncocenter, a Institui\u00e7\u00e3o promove no dia 30 o III Simp\u00f3sio Norte-Mineiro de Uro-Oncologia. O evento contar\u00e1 com a participa\u00e7\u00e3o de especialistas de Montes Claros, Belo Horizonte, S\u00e3o Paulo e Rio de Janeiro.<\/p>\n<p style=\"text-align: justify;\"><strong>Alerta<\/strong><\/p>\n<p style=\"text-align: justify;\">O Superintendente Maur\u00edcio S\u00e9rgio Sousa e Silva, afirma que a Santa Casa de Montes Claros como hospital refer\u00eancia em oncologia, disp\u00f5e de toda tecnologia e profissionais capacitados para atuar na preven\u00e7\u00e3o e no tratamento, visando alcan\u00e7ar o maior n\u00famero de pessoas, trabalhando para a cura e melhoria da qualidade de vida. &#8220;Todos os anos realizamos a\u00e7\u00f5es de preven\u00e7\u00e3o ao c\u00e2ncer de pr\u00f3stata,&nbsp; que \u00e9 o de maior preval\u00eancia entre a popula\u00e7\u00e3o masculina, conscientizando e informando os homens sobre a import\u00e2ncia da realiza\u00e7\u00e3o dos exames&#8221;, diz.<\/p>\n<p style=\"text-align: justify;\">Durante a primeira edi\u00e7\u00e3o do Mutir\u00e3o&nbsp;Novembro&nbsp;Azul&nbsp;da Santa Casa, realizado em 2017, foram atendidos 96 pacientes. Seis deles foram considerados casos suspeitos e atualmente 3 est\u00e3o em tratamento oncol\u00f3gico no hospital.<\/p>\n<p><img decoding=\"async\" class=\"alignnone wp-image-14955\" src=\"http:\/\/federasbackup.meltcomunicacao.com.br\/wp-content\/uploads\/2018\/11\/SC-MOontes-2-300x200.jpg\" alt=\"\" width=\"341\" height=\"227\" srcset=\"https:\/\/www.federassantas.org.br\/novosite\/wp-content\/uploads\/2018\/11\/SC-MOontes-2-300x200.jpg 300w, https:\/\/www.federassantas.org.br\/novosite\/wp-content\/uploads\/2018\/11\/SC-MOontes-2-768x511.jpg 768w, https:\/\/www.federassantas.org.br\/novosite\/wp-content\/uploads\/2018\/11\/SC-MOontes-2.jpg 960w\" sizes=\"(max-width: 341px) 100vw, 341px\" \/>&nbsp;&nbsp;&nbsp; &nbsp;<img loading=\"lazy\" decoding=\"async\" class=\"alignnone wp-image-14956\" src=\"http:\/\/federasbackup.meltcomunicacao.com.br\/wp-content\/uploads\/2018\/11\/SC-MOontes-3-300x200.jpg\" alt=\"\" width=\"339\" height=\"226\" srcset=\"https:\/\/www.federassantas.org.br\/novosite\/wp-content\/uploads\/2018\/11\/SC-MOontes-3-300x200.jpg 300w, https:\/\/www.federassantas.org.br\/novosite\/wp-content\/uploads\/2018\/11\/SC-MOontes-3-768x511.jpg 768w, https:\/\/www.federassantas.org.br\/novosite\/wp-content\/uploads\/2018\/11\/SC-MOontes-3.jpg 960w\" sizes=\"(max-width: 339px) 100vw, 339px\" \/><\/p>\n<p style=\"text-align: justify;\"><strong><br \/>\n<em>SETOR DE TI DO HOSPITAL ARNALDO GAVAZZA REALIZA A\u00c7\u00c3O DO&nbsp;NOVEMBRO&nbsp;AZUL<\/em><\/strong><\/p>\n<p style=\"text-align: justify;\">Os homens vivem, em m\u00e9dia, oito anos a menos que as mulheres, segundo o IBGE. Isso se deve, em grande parte, \u00e0 falta de aten\u00e7\u00e3o em rela\u00e7\u00e3o \u00e0 sa\u00fade, j\u00e1 que a maioria deles n\u00e3o procura o m\u00e9dico para a preven\u00e7\u00e3o e n\u00e3o tem h\u00e1bitos saud\u00e1veis.<br \/>\nNa tarde do \u00faltimo dia 26, o Dr. Leonardo Reis Cotta ministrou uma palestra sobre a \u201cSa\u00fade do Homem\u201d. O evento, que faz parte das a\u00e7\u00f5es do m\u00eas de preven\u00e7\u00e3o ao C\u00e2ncer de Pr\u00f3stata, abordou sobre a sa\u00fade em geral e todas as poss\u00edveis doen\u00e7as que podem acometer a popula\u00e7\u00e3o masculina.<\/p>\n<p style=\"text-align: justify;\">O C\u00e2ncer de Pr\u00f3stata \u00e9 a segunda maior causa de morte entre os homens no Brasil, pois se trata de uma doen\u00e7a silenciosa, que quando chega a ter sintomas o estado j\u00e1 est\u00e1 avan\u00e7ado. Os homens necessitam ter uma vida saud\u00e1vel e fazer os exames de preven\u00e7\u00e3o, porque a melhor forma de tratamento \u00e9 o diagn\u00f3stico precoce. A partir do 50 anos de idade os homens devem fazer os exames de toque e de sangue (PSA) uma vez por ano para detectar o tumor no in\u00edcio e ter boas chances de cura. J\u00e1 quem tem caso na fam\u00edlia ou pessoas de pele negra, devem fazer a partir dos 45 anos, por serem mais prop\u00edcias a desenvolver a doen\u00e7a.<\/p>\n<p>No final da palestra, houve sorteio de brindes e um lanche da tarde especial para os colaboradores presentes.<\/p>\n<p><img loading=\"lazy\" decoding=\"async\" class=\"alignnone wp-image-14953\" src=\"http:\/\/federasbackup.meltcomunicacao.com.br\/wp-content\/uploads\/2018\/11\/AG-300x225.jpg\" alt=\"\" width=\"314\" height=\"235\" srcset=\"https:\/\/www.federassantas.org.br\/novosite\/wp-content\/uploads\/2018\/11\/AG-300x225.jpg 300w, https:\/\/www.federassantas.org.br\/novosite\/wp-content\/uploads\/2018\/11\/AG-1024x768.jpg 1024w, https:\/\/www.federassantas.org.br\/novosite\/wp-content\/uploads\/2018\/11\/AG-768x576.jpg 768w, https:\/\/www.federassantas.org.br\/novosite\/wp-content\/uploads\/2018\/11\/AG.jpg 1280w\" sizes=\"(max-width: 314px) 100vw, 314px\" \/>&nbsp; &nbsp; &nbsp;<img loading=\"lazy\" decoding=\"async\" class=\"alignnone wp-image-14952\" src=\"http:\/\/federasbackup.meltcomunicacao.com.br\/wp-content\/uploads\/2018\/11\/AG-300x225.jpeg\" alt=\"\" width=\"311\" height=\"233\" srcset=\"https:\/\/www.federassantas.org.br\/novosite\/wp-content\/uploads\/2018\/11\/AG-300x225.jpeg 300w, https:\/\/www.federassantas.org.br\/novosite\/wp-content\/uploads\/2018\/11\/AG-1024x768.jpeg 1024w, https:\/\/www.federassantas.org.br\/novosite\/wp-content\/uploads\/2018\/11\/AG-768x576.jpeg 768w, https:\/\/www.federassantas.org.br\/novosite\/wp-content\/uploads\/2018\/11\/AG-1536x1152.jpeg 1536w, https:\/\/www.federassantas.org.br\/novosite\/wp-content\/uploads\/2018\/11\/AG.jpeg 2048w\" sizes=\"(max-width: 311px) 100vw, 311px\" \/><\/p>\n<p style=\"text-align: justify;\"><strong><br \/>\n<\/strong><strong><em>HOSPITAL IBIAPABA CEBAMS<\/em><br \/>\n<\/strong><br \/>\nPara celebrar a data, o Hospital Ibiapaba CEBAMS preparou uma s\u00e9rie de atividades. Al\u00e9m de palestras para o p\u00fablico interno, a fachada da institui\u00e7\u00e3o est\u00e1 com a ilumina\u00e7\u00e3o azul. At\u00e9 o dia 30 \u00e9 poss\u00edvel participar uma campanha nacional de conscientiza\u00e7\u00e3o na p\u00e1gina do Hospital no Facebook (<a href=\"http:\/\/facebook.com\/ibiapabacebams\">facebook.com\/ibiapabacebams<\/a>), que j\u00e1 conta com o apoio de milhares de pessoas em todo o Brasil.<\/p>\n<p style=\"text-align: justify;\">Al\u00e9m disso, o hospital realizou, no \u00faltimo s\u00e1bado (24), a \u201cManh\u00e3 de Sa\u00fade\u201d, na Feira Livre da Avenida Irm\u00e3 Paula, em Barbacena.<\/p>\n<p style=\"text-align: justify;\">Ao todo, cerca de 350 pessoas fizeram aferi\u00e7\u00e3o de press\u00e3o, teste de glicemia e receberam diversas informa\u00e7\u00f5es sobre o c\u00e2ncer de pr\u00f3stata e o tratamento da doen\u00e7a oferecido pelo Hospital Ibiapaba CEBAMS h\u00e1 mais de 25 anos.<\/p>\n<p style=\"text-align: justify;\">Os homens tamb\u00e9m aproveitaram para fazer o agendamento do PSA, importante exame que \u00e9 usado na detec\u00e7\u00e3o do C\u00e2ncer de Pr\u00f3stata. O agendamento foi feito em parceria com a Secretaria de Sa\u00fade de Barbacena (SESAPS).<\/p>\n","protected":false},"excerpt":{"rendered":"<p>Todos os anos, centenas de entidades por todo o mundo celebram o Novembro Azul. A campanha tem como objetivo alertar e conscientizar para a aten\u00e7\u00e3o \u00e0 sa\u00fade dos&nbsp;homens, e em especial, a preven\u00e7\u00e3o e o diagn\u00f3stico precoce do&nbsp;c\u00e2ncer de pr\u00f3stata. No Brasil, este tipo de c\u00e2ncer \u00e9 o segundo mais comum entre as pessoas do [&hellip;]<\/p>\n","protected":false},"author":1,"featured_media":14959,"comment_status":"open","ping_status":"open","sticky":false,"template":"","format":"standard","meta":{"footnotes":""},"categories":[140,141,139],"tags":[],"class_list":["post-14951","post","type-post","status-publish","format-standard","has-post-thumbnail","hentry","category-noticias","category-noticias-federassantas","category-noticias-filiados"],"yoast_head":"<!-- This site is optimized with the Yoast SEO plugin v26.9 - https:\/\/yoast.com\/product\/yoast-seo-wordpress\/ -->\n<title>Filantr\u00f3picos realizam a\u00e7\u00f5es para lembrar o novembro azul - Federassantas<\/title>\n<meta name=\"robots\" content=\"index, follow, max-snippet:-1, max-image-preview:large, max-video-preview:-1\" \/>\n<link rel=\"canonical\" href=\"https:\/\/www.federassantas.org.br\/novosite\/filantropicos-realizam-acoes-para-lembrar-o-novembro-azul\/\" \/>\n<meta property=\"og:locale\" content=\"pt_BR\" \/>\n<meta property=\"og:type\" content=\"article\" \/>\n<meta property=\"og:title\" content=\"Filantr\u00f3picos realizam a\u00e7\u00f5es para lembrar o novembro azul - Federassantas\" \/>\n<meta property=\"og:description\" content=\"Todos os anos, centenas de entidades por todo o mundo celebram o Novembro Azul. A campanha tem como objetivo alertar e conscientizar para a aten\u00e7\u00e3o \u00e0 sa\u00fade dos&nbsp;homens, e em especial, a preven\u00e7\u00e3o e o diagn\u00f3stico precoce do&nbsp;c\u00e2ncer de pr\u00f3stata. No Brasil, este tipo de c\u00e2ncer \u00e9 o segundo mais comum entre as pessoas do [&hellip;]\" \/>\n<meta property=\"og:url\" content=\"https:\/\/www.federassantas.org.br\/novosite\/filantropicos-realizam-acoes-para-lembrar-o-novembro-azul\/\" \/>\n<meta property=\"og:site_name\" content=\"Federassantas\" \/>\n<meta property=\"article:published_time\" content=\"2018-11-30T18:36:58+00:00\" \/>\n<meta property=\"og:image\" content=\"https:\/\/www.federassantas.org.br\/novosite\/wp-content\/uploads\/2018\/11\/AG-1.jpg\" \/>\n\t<meta property=\"og:image:width\" content=\"1280\" \/>\n\t<meta property=\"og:image:height\" content=\"960\" \/>\n\t<meta property=\"og:image:type\" content=\"image\/jpeg\" \/>\n<meta name=\"author\" content=\"admin-federas\" \/>\n<meta name=\"twitter:card\" content=\"summary_large_image\" \/>\n<meta name=\"twitter:label1\" content=\"Escrito por\" \/>\n\t<meta name=\"twitter:data1\" content=\"admin-federas\" \/>\n\t<meta name=\"twitter:label2\" content=\"Est. tempo de leitura\" \/>\n\t<meta name=\"twitter:data2\" content=\"7 minutos\" \/>\n<script type=\"application\/ld+json\" class=\"yoast-schema-graph\">{\"@context\":\"https:\/\/schema.org\",\"@graph\":[{\"@type\":\"Article\",\"@id\":\"https:\/\/www.federassantas.org.br\/novosite\/filantropicos-realizam-acoes-para-lembrar-o-novembro-azul\/#article\",\"isPartOf\":{\"@id\":\"https:\/\/www.federassantas.org.br\/novosite\/filantropicos-realizam-acoes-para-lembrar-o-novembro-azul\/\"},\"author\":{\"name\":\"admin-federas\",\"@id\":\"https:\/\/www.federassantas.org.br\/novosite\/#\/schema\/person\/75fed98158349313fe56175f232f513c\"},\"headline\":\"Filantr\u00f3picos realizam a\u00e7\u00f5es para lembrar o novembro azul\",\"datePublished\":\"2018-11-30T18:36:58+00:00\",\"mainEntityOfPage\":{\"@id\":\"https:\/\/www.federassantas.org.br\/novosite\/filantropicos-realizam-acoes-para-lembrar-o-novembro-azul\/\"},\"wordCount\":1316,\"commentCount\":0,\"publisher\":{\"@id\":\"https:\/\/www.federassantas.org.br\/novosite\/#organization\"},\"image\":{\"@id\":\"https:\/\/www.federassantas.org.br\/novosite\/filantropicos-realizam-acoes-para-lembrar-o-novembro-azul\/#primaryimage\"},\"thumbnailUrl\":\"https:\/\/www.federassantas.org.br\/novosite\/wp-content\/uploads\/2018\/11\/AG-1.jpg\",\"articleSection\":[\"Not\u00edcias\",\"Not\u00edcias Federassantas\",\"Not\u00edcias filiados\"],\"inLanguage\":\"pt-BR\",\"potentialAction\":[{\"@type\":\"CommentAction\",\"name\":\"Comment\",\"target\":[\"https:\/\/www.federassantas.org.br\/novosite\/filantropicos-realizam-acoes-para-lembrar-o-novembro-azul\/#respond\"]}]},{\"@type\":\"WebPage\",\"@id\":\"https:\/\/www.federassantas.org.br\/novosite\/filantropicos-realizam-acoes-para-lembrar-o-novembro-azul\/\",\"url\":\"https:\/\/www.federassantas.org.br\/novosite\/filantropicos-realizam-acoes-para-lembrar-o-novembro-azul\/\",\"name\":\"Filantr\u00f3picos realizam a\u00e7\u00f5es para lembrar o novembro azul - Federassantas\",\"isPartOf\":{\"@id\":\"https:\/\/www.federassantas.org.br\/novosite\/#website\"},\"primaryImageOfPage\":{\"@id\":\"https:\/\/www.federassantas.org.br\/novosite\/filantropicos-realizam-acoes-para-lembrar-o-novembro-azul\/#primaryimage\"},\"image\":{\"@id\":\"https:\/\/www.federassantas.org.br\/novosite\/filantropicos-realizam-acoes-para-lembrar-o-novembro-azul\/#primaryimage\"},\"thumbnailUrl\":\"https:\/\/www.federassantas.org.br\/novosite\/wp-content\/uploads\/2018\/11\/AG-1.jpg\",\"datePublished\":\"2018-11-30T18:36:58+00:00\",\"breadcrumb\":{\"@id\":\"https:\/\/www.federassantas.org.br\/novosite\/filantropicos-realizam-acoes-para-lembrar-o-novembro-azul\/#breadcrumb\"},\"inLanguage\":\"pt-BR\",\"potentialAction\":[{\"@type\":\"ReadAction\",\"target\":[\"https:\/\/www.federassantas.org.br\/novosite\/filantropicos-realizam-acoes-para-lembrar-o-novembro-azul\/\"]}]},{\"@type\":\"ImageObject\",\"inLanguage\":\"pt-BR\",\"@id\":\"https:\/\/www.federassantas.org.br\/novosite\/filantropicos-realizam-acoes-para-lembrar-o-novembro-azul\/#primaryimage\",\"url\":\"https:\/\/www.federassantas.org.br\/novosite\/wp-content\/uploads\/2018\/11\/AG-1.jpg\",\"contentUrl\":\"https:\/\/www.federassantas.org.br\/novosite\/wp-content\/uploads\/2018\/11\/AG-1.jpg\",\"width\":1280,\"height\":960},{\"@type\":\"BreadcrumbList\",\"@id\":\"https:\/\/www.federassantas.org.br\/novosite\/filantropicos-realizam-acoes-para-lembrar-o-novembro-azul\/#breadcrumb\",\"itemListElement\":[{\"@type\":\"ListItem\",\"position\":1,\"name\":\"In\u00edcio\",\"item\":\"https:\/\/www.federassantas.org.br\/novosite\/\"},{\"@type\":\"ListItem\",\"position\":2,\"name\":\"Filantr\u00f3picos realizam a\u00e7\u00f5es para lembrar o novembro azul\"}]},{\"@type\":\"WebSite\",\"@id\":\"https:\/\/www.federassantas.org.br\/novosite\/#website\",\"url\":\"https:\/\/www.federassantas.org.br\/novosite\/\",\"name\":\"Federassantas\",\"description\":\"Fed. das Santas Casas e Hospitais Filantr\u00f3picos de MG\",\"publisher\":{\"@id\":\"https:\/\/www.federassantas.org.br\/novosite\/#organization\"},\"potentialAction\":[{\"@type\":\"SearchAction\",\"target\":{\"@type\":\"EntryPoint\",\"urlTemplate\":\"https:\/\/www.federassantas.org.br\/novosite\/?s={search_term_string}\"},\"query-input\":{\"@type\":\"PropertyValueSpecification\",\"valueRequired\":true,\"valueName\":\"search_term_string\"}}],\"inLanguage\":\"pt-BR\"},{\"@type\":\"Organization\",\"@id\":\"https:\/\/www.federassantas.org.br\/novosite\/#organization\",\"name\":\"Federassantas\",\"url\":\"https:\/\/www.federassantas.org.br\/novosite\/\",\"logo\":{\"@type\":\"ImageObject\",\"inLanguage\":\"pt-BR\",\"@id\":\"https:\/\/www.federassantas.org.br\/novosite\/#\/schema\/logo\/image\/\",\"url\":\"https:\/\/www.federassantas.org.br\/novosite\/wp-content\/uploads\/2021\/12\/logo.png\",\"contentUrl\":\"https:\/\/www.federassantas.org.br\/novosite\/wp-content\/uploads\/2021\/12\/logo.png\",\"width\":243,\"height\":59,\"caption\":\"Federassantas\"},\"image\":{\"@id\":\"https:\/\/www.federassantas.org.br\/novosite\/#\/schema\/logo\/image\/\"}},{\"@type\":\"Person\",\"@id\":\"https:\/\/www.federassantas.org.br\/novosite\/#\/schema\/person\/75fed98158349313fe56175f232f513c\",\"name\":\"admin-federas\",\"image\":{\"@type\":\"ImageObject\",\"inLanguage\":\"pt-BR\",\"@id\":\"https:\/\/www.federassantas.org.br\/novosite\/#\/schema\/person\/image\/\",\"url\":\"https:\/\/secure.gravatar.com\/avatar\/2a02d7dda59fe8dc6b7ffd3f652e2efede5ccf0dd89dfdc8137c5517f3de8407?s=96&d=mm&r=g\",\"contentUrl\":\"https:\/\/secure.gravatar.com\/avatar\/2a02d7dda59fe8dc6b7ffd3f652e2efede5ccf0dd89dfdc8137c5517f3de8407?s=96&d=mm&r=g\",\"caption\":\"admin-federas\"},\"sameAs\":[\"https:\/\/www.federassantas.org.br\/novosite\/\"],\"url\":\"https:\/\/www.federassantas.org.br\/novosite\/author\/admin-federas\/\"}]}<\/script>\n<!-- \/ Yoast SEO plugin. -->","yoast_head_json":{"title":"Filantr\u00f3picos realizam a\u00e7\u00f5es para lembrar o novembro azul - Federassantas","robots":{"index":"index","follow":"follow","max-snippet":"max-snippet:-1","max-image-preview":"max-image-preview:large","max-video-preview":"max-video-preview:-1"},"canonical":"https:\/\/www.federassantas.org.br\/novosite\/filantropicos-realizam-acoes-para-lembrar-o-novembro-azul\/","og_locale":"pt_BR","og_type":"article","og_title":"Filantr\u00f3picos realizam a\u00e7\u00f5es para lembrar o novembro azul - Federassantas","og_description":"Todos os anos, centenas de entidades por todo o mundo celebram o Novembro Azul. A campanha tem como objetivo alertar e conscientizar para a aten\u00e7\u00e3o \u00e0 sa\u00fade dos&nbsp;homens, e em especial, a preven\u00e7\u00e3o e o diagn\u00f3stico precoce do&nbsp;c\u00e2ncer de pr\u00f3stata. No Brasil, este tipo de c\u00e2ncer \u00e9 o segundo mais comum entre as pessoas do [&hellip;]","og_url":"https:\/\/www.federassantas.org.br\/novosite\/filantropicos-realizam-acoes-para-lembrar-o-novembro-azul\/","og_site_name":"Federassantas","article_published_time":"2018-11-30T18:36:58+00:00","og_image":[{"width":1280,"height":960,"url":"https:\/\/www.federassantas.org.br\/novosite\/wp-content\/uploads\/2018\/11\/AG-1.jpg","type":"image\/jpeg"}],"author":"admin-federas","twitter_card":"summary_large_image","twitter_misc":{"Escrito por":"admin-federas","Est. tempo de leitura":"7 minutos"},"schema":{"@context":"https:\/\/schema.org","@graph":[{"@type":"Article","@id":"https:\/\/www.federassantas.org.br\/novosite\/filantropicos-realizam-acoes-para-lembrar-o-novembro-azul\/#article","isPartOf":{"@id":"https:\/\/www.federassantas.org.br\/novosite\/filantropicos-realizam-acoes-para-lembrar-o-novembro-azul\/"},"author":{"name":"admin-federas","@id":"https:\/\/www.federassantas.org.br\/novosite\/#\/schema\/person\/75fed98158349313fe56175f232f513c"},"headline":"Filantr\u00f3picos realizam a\u00e7\u00f5es para lembrar o novembro azul","datePublished":"2018-11-30T18:36:58+00:00","mainEntityOfPage":{"@id":"https:\/\/www.federassantas.org.br\/novosite\/filantropicos-realizam-acoes-para-lembrar-o-novembro-azul\/"},"wordCount":1316,"commentCount":0,"publisher":{"@id":"https:\/\/www.federassantas.org.br\/novosite\/#organization"},"image":{"@id":"https:\/\/www.federassantas.org.br\/novosite\/filantropicos-realizam-acoes-para-lembrar-o-novembro-azul\/#primaryimage"},"thumbnailUrl":"https:\/\/www.federassantas.org.br\/novosite\/wp-content\/uploads\/2018\/11\/AG-1.jpg","articleSection":["Not\u00edcias","Not\u00edcias Federassantas","Not\u00edcias filiados"],"inLanguage":"pt-BR","potentialAction":[{"@type":"CommentAction","name":"Comment","target":["https:\/\/www.federassantas.org.br\/novosite\/filantropicos-realizam-acoes-para-lembrar-o-novembro-azul\/#respond"]}]},{"@type":"WebPage","@id":"https:\/\/www.federassantas.org.br\/novosite\/filantropicos-realizam-acoes-para-lembrar-o-novembro-azul\/","url":"https:\/\/www.federassantas.org.br\/novosite\/filantropicos-realizam-acoes-para-lembrar-o-novembro-azul\/","name":"Filantr\u00f3picos realizam a\u00e7\u00f5es para lembrar o novembro azul - Federassantas","isPartOf":{"@id":"https:\/\/www.federassantas.org.br\/novosite\/#website"},"primaryImageOfPage":{"@id":"https:\/\/www.federassantas.org.br\/novosite\/filantropicos-realizam-acoes-para-lembrar-o-novembro-azul\/#primaryimage"},"image":{"@id":"https:\/\/www.federassantas.org.br\/novosite\/filantropicos-realizam-acoes-para-lembrar-o-novembro-azul\/#primaryimage"},"thumbnailUrl":"https:\/\/www.federassantas.org.br\/novosite\/wp-content\/uploads\/2018\/11\/AG-1.jpg","datePublished":"2018-11-30T18:36:58+00:00","breadcrumb":{"@id":"https:\/\/www.federassantas.org.br\/novosite\/filantropicos-realizam-acoes-para-lembrar-o-novembro-azul\/#breadcrumb"},"inLanguage":"pt-BR","potentialAction":[{"@type":"ReadAction","target":["https:\/\/www.federassantas.org.br\/novosite\/filantropicos-realizam-acoes-para-lembrar-o-novembro-azul\/"]}]},{"@type":"ImageObject","inLanguage":"pt-BR","@id":"https:\/\/www.federassantas.org.br\/novosite\/filantropicos-realizam-acoes-para-lembrar-o-novembro-azul\/#primaryimage","url":"https:\/\/www.federassantas.org.br\/novosite\/wp-content\/uploads\/2018\/11\/AG-1.jpg","contentUrl":"https:\/\/www.federassantas.org.br\/novosite\/wp-content\/uploads\/2018\/11\/AG-1.jpg","width":1280,"height":960},{"@type":"BreadcrumbList","@id":"https:\/\/www.federassantas.org.br\/novosite\/filantropicos-realizam-acoes-para-lembrar-o-novembro-azul\/#breadcrumb","itemListElement":[{"@type":"ListItem","position":1,"name":"In\u00edcio","item":"https:\/\/www.federassantas.org.br\/novosite\/"},{"@type":"ListItem","position":2,"name":"Filantr\u00f3picos realizam a\u00e7\u00f5es para lembrar o novembro azul"}]},{"@type":"WebSite","@id":"https:\/\/www.federassantas.org.br\/novosite\/#website","url":"https:\/\/www.federassantas.org.br\/novosite\/","name":"Federassantas","description":"Fed. das Santas Casas e Hospitais Filantr\u00f3picos de MG","publisher":{"@id":"https:\/\/www.federassantas.org.br\/novosite\/#organization"},"potentialAction":[{"@type":"SearchAction","target":{"@type":"EntryPoint","urlTemplate":"https:\/\/www.federassantas.org.br\/novosite\/?s={search_term_string}"},"query-input":{"@type":"PropertyValueSpecification","valueRequired":true,"valueName":"search_term_string"}}],"inLanguage":"pt-BR"},{"@type":"Organization","@id":"https:\/\/www.federassantas.org.br\/novosite\/#organization","name":"Federassantas","url":"https:\/\/www.federassantas.org.br\/novosite\/","logo":{"@type":"ImageObject","inLanguage":"pt-BR","@id":"https:\/\/www.federassantas.org.br\/novosite\/#\/schema\/logo\/image\/","url":"https:\/\/www.federassantas.org.br\/novosite\/wp-content\/uploads\/2021\/12\/logo.png","contentUrl":"https:\/\/www.federassantas.org.br\/novosite\/wp-content\/uploads\/2021\/12\/logo.png","width":243,"height":59,"caption":"Federassantas"},"image":{"@id":"https:\/\/www.federassantas.org.br\/novosite\/#\/schema\/logo\/image\/"}},{"@type":"Person","@id":"https:\/\/www.federassantas.org.br\/novosite\/#\/schema\/person\/75fed98158349313fe56175f232f513c","name":"admin-federas","image":{"@type":"ImageObject","inLanguage":"pt-BR","@id":"https:\/\/www.federassantas.org.br\/novosite\/#\/schema\/person\/image\/","url":"https:\/\/secure.gravatar.com\/avatar\/2a02d7dda59fe8dc6b7ffd3f652e2efede5ccf0dd89dfdc8137c5517f3de8407?s=96&d=mm&r=g","contentUrl":"https:\/\/secure.gravatar.com\/avatar\/2a02d7dda59fe8dc6b7ffd3f652e2efede5ccf0dd89dfdc8137c5517f3de8407?s=96&d=mm&r=g","caption":"admin-federas"},"sameAs":["https:\/\/www.federassantas.org.br\/novosite\/"],"url":"https:\/\/www.federassantas.org.br\/novosite\/author\/admin-federas\/"}]}},"_links":{"self":[{"href":"https:\/\/www.federassantas.org.br\/novosite\/wp-json\/wp\/v2\/posts\/14951","targetHints":{"allow":["GET"]}}],"collection":[{"href":"https:\/\/www.federassantas.org.br\/novosite\/wp-json\/wp\/v2\/posts"}],"about":[{"href":"https:\/\/www.federassantas.org.br\/novosite\/wp-json\/wp\/v2\/types\/post"}],"author":[{"embeddable":true,"href":"https:\/\/www.federassantas.org.br\/novosite\/wp-json\/wp\/v2\/users\/1"}],"replies":[{"embeddable":true,"href":"https:\/\/www.federassantas.org.br\/novosite\/wp-json\/wp\/v2\/comments?post=14951"}],"version-history":[{"count":0,"href":"https:\/\/www.federassantas.org.br\/novosite\/wp-json\/wp\/v2\/posts\/14951\/revisions"}],"wp:featuredmedia":[{"embeddable":true,"href":"https:\/\/www.federassantas.org.br\/novosite\/wp-json\/wp\/v2\/media\/14959"}],"wp:attachment":[{"href":"https:\/\/www.federassantas.org.br\/novosite\/wp-json\/wp\/v2\/media?parent=14951"}],"wp:term":[{"taxonomy":"category","embeddable":true,"href":"https:\/\/www.federassantas.org.br\/novosite\/wp-json\/wp\/v2\/categories?post=14951"},{"taxonomy":"post_tag","embeddable":true,"href":"https:\/\/www.federassantas.org.br\/novosite\/wp-json\/wp\/v2\/tags?post=14951"}],"curies":[{"name":"wp","href":"https:\/\/api.w.org\/{rel}","templated":true}]}}