{"id":14964,"date":"2018-12-03T14:28:58","date_gmt":"2018-12-03T16:28:58","guid":{"rendered":"https:\/\/federasbackup.meltcomunicacao.com.br\/?p=14964"},"modified":"2018-12-03T14:28:58","modified_gmt":"2018-12-03T16:28:58","slug":"campanha-contra-aids-tem-foco-na-ampliacao-de-testes-para-diagnostico","status":"publish","type":"post","link":"https:\/\/www.federassantas.org.br\/novosite\/campanha-contra-aids-tem-foco-na-ampliacao-de-testes-para-diagnostico\/","title":{"rendered":"Campanha contra aids tem foco na amplia\u00e7\u00e3o de testes para diagn\u00f3stico"},"content":{"rendered":"<p style=\"text-align: justify;\">No Brasil, o Minist\u00e9rio da Sa\u00fade estima que 866 mil pessoas viviam com o HIV no ano passado. Desse total, 84 (731 mil) j\u00e1 estavam diagnosticadas e 75% (548 mil) estavam em tratamento antirretroviral. Segundo a pasta, em 2017, 92% (503 mil) dos infectados j\u00e1 tinham carga viral indetect\u00e1vel e, at\u00e9 setembro deste ano, havia 585 mil pessoas em tratamento para HIV\/Aids.<\/p>\n<p style=\"text-align: justify;\">A meta \u00e9 garantir que, at\u00e9 2020, todas as pessoas vivendo com HIV no pa\u00eds sejam diagnosticadas; que 90% das pessoas diagnosticadas estejam em tratamento; e que 90% das pessoas em tratamento alcancem carga viral indetect\u00e1vel.<\/p>\n<p style=\"text-align: justify;\"><strong>Campanha<\/strong><\/p>\n<p style=\"text-align: justify;\">Em nova\u00a0campanha\u00a0publicit\u00e1ria, lan\u00e7ada nesta semana, o Minist\u00e9rio da Sa\u00fade lembra as conquistas alcan\u00e7adas desde que a data mundial de luta foi institu\u00edda pela ONU, em 1988.<\/p>\n<p style=\"text-align: justify;\">A campanha nacional\u00a030 anos do Dia Mundial de Luta contra a Aids \u2013 Uma Bandeira de Hist\u00f3rias e Conquistas\u00a0destaca que a doen\u00e7a deixou de ser sin\u00f4nimo de morte e que diagn\u00f3stico e tratamento evolu\u00edram. Os efeitos colaterais dos tratamentos tamb\u00e9m foram reduzidos e surgiram novas formas de preven\u00e7\u00e3o, al\u00e9m do uso da camisinha.<\/p>\n<p style=\"text-align: justify;\">Leia a \u00edntegra em:\u00a0<a href=\"https:\/\/www.hojeemdia.com.br\/horizontes\/campanha-contra-aids-tem-foco-na-amplia%C3%A7%C3%A3o-de-testes-para-diagn%C3%B3stico-1.676060\">https:\/\/www.hojeemdia.com.br\/horizontes\/campanha-contra-aids-tem-foco-na-amplia%C3%A7%C3%A3o-de-testes-para-diagn%C3%B3stico-1.676060<\/a><\/p>\n<p style=\"text-align: justify;\">\n<p style=\"text-align: justify;\"><em>Fonte: Portal Hoje em Dia\u00a0<\/em><\/p>\n","protected":false},"excerpt":{"rendered":"<p>No Brasil, o Minist\u00e9rio da Sa\u00fade estima que 866 mil pessoas viviam com o HIV no ano passado. Desse total, 84 (731 mil) j\u00e1 estavam diagnosticadas e 75% (548 mil) estavam em tratamento antirretroviral. Segundo a pasta, em 2017, 92% (503 mil) dos infectados j\u00e1 tinham carga viral indetect\u00e1vel e, at\u00e9 setembro deste ano, havia [&hellip;]<\/p>\n","protected":false},"author":1,"featured_media":14965,"comment_status":"open","ping_status":"open","sticky":false,"template":"","format":"standard","meta":{"footnotes":""},"categories":[140],"tags":[],"class_list":["post-14964","post","type-post","status-publish","format-standard","has-post-thumbnail","hentry","category-noticias"],"yoast_head":"<!-- This site is optimized with the Yoast SEO plugin v26.9 - https:\/\/yoast.com\/product\/yoast-seo-wordpress\/ -->\n<title>Campanha contra aids tem foco na amplia\u00e7\u00e3o de testes para diagn\u00f3stico - Federassantas<\/title>\n<meta name=\"robots\" content=\"index, follow, max-snippet:-1, max-image-preview:large, max-video-preview:-1\" \/>\n<link rel=\"canonical\" href=\"https:\/\/www.federassantas.org.br\/novosite\/campanha-contra-aids-tem-foco-na-ampliacao-de-testes-para-diagnostico\/\" \/>\n<meta property=\"og:locale\" content=\"pt_BR\" \/>\n<meta property=\"og:type\" content=\"article\" \/>\n<meta property=\"og:title\" content=\"Campanha contra aids tem foco na amplia\u00e7\u00e3o de testes para diagn\u00f3stico - Federassantas\" \/>\n<meta property=\"og:description\" content=\"No Brasil, o Minist\u00e9rio da Sa\u00fade estima que 866 mil pessoas viviam com o HIV no ano passado. Desse total, 84 (731 mil) j\u00e1 estavam diagnosticadas e 75% (548 mil) estavam em tratamento antirretroviral. Segundo a pasta, em 2017, 92% (503 mil) dos infectados j\u00e1 tinham carga viral indetect\u00e1vel e, at\u00e9 setembro deste ano, havia [&hellip;]\" \/>\n<meta property=\"og:url\" content=\"https:\/\/www.federassantas.org.br\/novosite\/campanha-contra-aids-tem-foco-na-ampliacao-de-testes-para-diagnostico\/\" \/>\n<meta property=\"og:site_name\" content=\"Federassantas\" \/>\n<meta property=\"article:published_time\" content=\"2018-12-03T16:28:58+00:00\" \/>\n<meta name=\"author\" content=\"admin-federas\" \/>\n<meta name=\"twitter:card\" content=\"summary_large_image\" \/>\n<meta name=\"twitter:label1\" content=\"Escrito por\" \/>\n\t<meta name=\"twitter:data1\" content=\"admin-federas\" \/>\n\t<meta name=\"twitter:label2\" content=\"Est. tempo de leitura\" \/>\n\t<meta name=\"twitter:data2\" content=\"1 minuto\" \/>\n<script type=\"application\/ld+json\" class=\"yoast-schema-graph\">{\"@context\":\"https:\/\/schema.org\",\"@graph\":[{\"@type\":\"Article\",\"@id\":\"https:\/\/www.federassantas.org.br\/novosite\/campanha-contra-aids-tem-foco-na-ampliacao-de-testes-para-diagnostico\/#article\",\"isPartOf\":{\"@id\":\"https:\/\/www.federassantas.org.br\/novosite\/campanha-contra-aids-tem-foco-na-ampliacao-de-testes-para-diagnostico\/\"},\"author\":{\"name\":\"admin-federas\",\"@id\":\"https:\/\/www.federassantas.org.br\/novosite\/#\/schema\/person\/75fed98158349313fe56175f232f513c\"},\"headline\":\"Campanha contra aids tem foco na amplia\u00e7\u00e3o de testes para diagn\u00f3stico\",\"datePublished\":\"2018-12-03T16:28:58+00:00\",\"mainEntityOfPage\":{\"@id\":\"https:\/\/www.federassantas.org.br\/novosite\/campanha-contra-aids-tem-foco-na-ampliacao-de-testes-para-diagnostico\/\"},\"wordCount\":223,\"commentCount\":0,\"publisher\":{\"@id\":\"https:\/\/www.federassantas.org.br\/novosite\/#organization\"},\"image\":{\"@id\":\"https:\/\/www.federassantas.org.br\/novosite\/campanha-contra-aids-tem-foco-na-ampliacao-de-testes-para-diagnostico\/#primaryimage\"},\"thumbnailUrl\":\"\",\"articleSection\":[\"Not\u00edcias\"],\"inLanguage\":\"pt-BR\",\"potentialAction\":[{\"@type\":\"CommentAction\",\"name\":\"Comment\",\"target\":[\"https:\/\/www.federassantas.org.br\/novosite\/campanha-contra-aids-tem-foco-na-ampliacao-de-testes-para-diagnostico\/#respond\"]}]},{\"@type\":\"WebPage\",\"@id\":\"https:\/\/www.federassantas.org.br\/novosite\/campanha-contra-aids-tem-foco-na-ampliacao-de-testes-para-diagnostico\/\",\"url\":\"https:\/\/www.federassantas.org.br\/novosite\/campanha-contra-aids-tem-foco-na-ampliacao-de-testes-para-diagnostico\/\",\"name\":\"Campanha contra aids tem foco na amplia\u00e7\u00e3o de testes para diagn\u00f3stico - Federassantas\",\"isPartOf\":{\"@id\":\"https:\/\/www.federassantas.org.br\/novosite\/#website\"},\"primaryImageOfPage\":{\"@id\":\"https:\/\/www.federassantas.org.br\/novosite\/campanha-contra-aids-tem-foco-na-ampliacao-de-testes-para-diagnostico\/#primaryimage\"},\"image\":{\"@id\":\"https:\/\/www.federassantas.org.br\/novosite\/campanha-contra-aids-tem-foco-na-ampliacao-de-testes-para-diagnostico\/#primaryimage\"},\"thumbnailUrl\":\"\",\"datePublished\":\"2018-12-03T16:28:58+00:00\",\"breadcrumb\":{\"@id\":\"https:\/\/www.federassantas.org.br\/novosite\/campanha-contra-aids-tem-foco-na-ampliacao-de-testes-para-diagnostico\/#breadcrumb\"},\"inLanguage\":\"pt-BR\",\"potentialAction\":[{\"@type\":\"ReadAction\",\"target\":[\"https:\/\/www.federassantas.org.br\/novosite\/campanha-contra-aids-tem-foco-na-ampliacao-de-testes-para-diagnostico\/\"]}]},{\"@type\":\"ImageObject\",\"inLanguage\":\"pt-BR\",\"@id\":\"https:\/\/www.federassantas.org.br\/novosite\/campanha-contra-aids-tem-foco-na-ampliacao-de-testes-para-diagnostico\/#primaryimage\",\"url\":\"\",\"contentUrl\":\"\"},{\"@type\":\"BreadcrumbList\",\"@id\":\"https:\/\/www.federassantas.org.br\/novosite\/campanha-contra-aids-tem-foco-na-ampliacao-de-testes-para-diagnostico\/#breadcrumb\",\"itemListElement\":[{\"@type\":\"ListItem\",\"position\":1,\"name\":\"In\u00edcio\",\"item\":\"https:\/\/www.federassantas.org.br\/novosite\/\"},{\"@type\":\"ListItem\",\"position\":2,\"name\":\"Campanha contra aids tem foco na amplia\u00e7\u00e3o de testes para diagn\u00f3stico\"}]},{\"@type\":\"WebSite\",\"@id\":\"https:\/\/www.federassantas.org.br\/novosite\/#website\",\"url\":\"https:\/\/www.federassantas.org.br\/novosite\/\",\"name\":\"Federassantas\",\"description\":\"Fed. das Santas Casas e Hospitais Filantr\u00f3picos de MG\",\"publisher\":{\"@id\":\"https:\/\/www.federassantas.org.br\/novosite\/#organization\"},\"potentialAction\":[{\"@type\":\"SearchAction\",\"target\":{\"@type\":\"EntryPoint\",\"urlTemplate\":\"https:\/\/www.federassantas.org.br\/novosite\/?s={search_term_string}\"},\"query-input\":{\"@type\":\"PropertyValueSpecification\",\"valueRequired\":true,\"valueName\":\"search_term_string\"}}],\"inLanguage\":\"pt-BR\"},{\"@type\":\"Organization\",\"@id\":\"https:\/\/www.federassantas.org.br\/novosite\/#organization\",\"name\":\"Federassantas\",\"url\":\"https:\/\/www.federassantas.org.br\/novosite\/\",\"logo\":{\"@type\":\"ImageObject\",\"inLanguage\":\"pt-BR\",\"@id\":\"https:\/\/www.federassantas.org.br\/novosite\/#\/schema\/logo\/image\/\",\"url\":\"https:\/\/www.federassantas.org.br\/novosite\/wp-content\/uploads\/2021\/12\/logo.png\",\"contentUrl\":\"https:\/\/www.federassantas.org.br\/novosite\/wp-content\/uploads\/2021\/12\/logo.png\",\"width\":243,\"height\":59,\"caption\":\"Federassantas\"},\"image\":{\"@id\":\"https:\/\/www.federassantas.org.br\/novosite\/#\/schema\/logo\/image\/\"}},{\"@type\":\"Person\",\"@id\":\"https:\/\/www.federassantas.org.br\/novosite\/#\/schema\/person\/75fed98158349313fe56175f232f513c\",\"name\":\"admin-federas\",\"image\":{\"@type\":\"ImageObject\",\"inLanguage\":\"pt-BR\",\"@id\":\"https:\/\/www.federassantas.org.br\/novosite\/#\/schema\/person\/image\/\",\"url\":\"https:\/\/secure.gravatar.com\/avatar\/2a02d7dda59fe8dc6b7ffd3f652e2efede5ccf0dd89dfdc8137c5517f3de8407?s=96&d=mm&r=g\",\"contentUrl\":\"https:\/\/secure.gravatar.com\/avatar\/2a02d7dda59fe8dc6b7ffd3f652e2efede5ccf0dd89dfdc8137c5517f3de8407?s=96&d=mm&r=g\",\"caption\":\"admin-federas\"},\"sameAs\":[\"https:\/\/www.federassantas.org.br\/novosite\/\"],\"url\":\"https:\/\/www.federassantas.org.br\/novosite\/author\/admin-federas\/\"}]}<\/script>\n<!-- \/ Yoast SEO plugin. -->","yoast_head_json":{"title":"Campanha contra aids tem foco na amplia\u00e7\u00e3o de testes para diagn\u00f3stico - Federassantas","robots":{"index":"index","follow":"follow","max-snippet":"max-snippet:-1","max-image-preview":"max-image-preview:large","max-video-preview":"max-video-preview:-1"},"canonical":"https:\/\/www.federassantas.org.br\/novosite\/campanha-contra-aids-tem-foco-na-ampliacao-de-testes-para-diagnostico\/","og_locale":"pt_BR","og_type":"article","og_title":"Campanha contra aids tem foco na amplia\u00e7\u00e3o de testes para diagn\u00f3stico - Federassantas","og_description":"No Brasil, o Minist\u00e9rio da Sa\u00fade estima que 866 mil pessoas viviam com o HIV no ano passado. Desse total, 84 (731 mil) j\u00e1 estavam diagnosticadas e 75% (548 mil) estavam em tratamento antirretroviral. Segundo a pasta, em 2017, 92% (503 mil) dos infectados j\u00e1 tinham carga viral indetect\u00e1vel e, at\u00e9 setembro deste ano, havia [&hellip;]","og_url":"https:\/\/www.federassantas.org.br\/novosite\/campanha-contra-aids-tem-foco-na-ampliacao-de-testes-para-diagnostico\/","og_site_name":"Federassantas","article_published_time":"2018-12-03T16:28:58+00:00","author":"admin-federas","twitter_card":"summary_large_image","twitter_misc":{"Escrito por":"admin-federas","Est. tempo de leitura":"1 minuto"},"schema":{"@context":"https:\/\/schema.org","@graph":[{"@type":"Article","@id":"https:\/\/www.federassantas.org.br\/novosite\/campanha-contra-aids-tem-foco-na-ampliacao-de-testes-para-diagnostico\/#article","isPartOf":{"@id":"https:\/\/www.federassantas.org.br\/novosite\/campanha-contra-aids-tem-foco-na-ampliacao-de-testes-para-diagnostico\/"},"author":{"name":"admin-federas","@id":"https:\/\/www.federassantas.org.br\/novosite\/#\/schema\/person\/75fed98158349313fe56175f232f513c"},"headline":"Campanha contra aids tem foco na amplia\u00e7\u00e3o de testes para diagn\u00f3stico","datePublished":"2018-12-03T16:28:58+00:00","mainEntityOfPage":{"@id":"https:\/\/www.federassantas.org.br\/novosite\/campanha-contra-aids-tem-foco-na-ampliacao-de-testes-para-diagnostico\/"},"wordCount":223,"commentCount":0,"publisher":{"@id":"https:\/\/www.federassantas.org.br\/novosite\/#organization"},"image":{"@id":"https:\/\/www.federassantas.org.br\/novosite\/campanha-contra-aids-tem-foco-na-ampliacao-de-testes-para-diagnostico\/#primaryimage"},"thumbnailUrl":"","articleSection":["Not\u00edcias"],"inLanguage":"pt-BR","potentialAction":[{"@type":"CommentAction","name":"Comment","target":["https:\/\/www.federassantas.org.br\/novosite\/campanha-contra-aids-tem-foco-na-ampliacao-de-testes-para-diagnostico\/#respond"]}]},{"@type":"WebPage","@id":"https:\/\/www.federassantas.org.br\/novosite\/campanha-contra-aids-tem-foco-na-ampliacao-de-testes-para-diagnostico\/","url":"https:\/\/www.federassantas.org.br\/novosite\/campanha-contra-aids-tem-foco-na-ampliacao-de-testes-para-diagnostico\/","name":"Campanha contra aids tem foco na amplia\u00e7\u00e3o de testes para diagn\u00f3stico - Federassantas","isPartOf":{"@id":"https:\/\/www.federassantas.org.br\/novosite\/#website"},"primaryImageOfPage":{"@id":"https:\/\/www.federassantas.org.br\/novosite\/campanha-contra-aids-tem-foco-na-ampliacao-de-testes-para-diagnostico\/#primaryimage"},"image":{"@id":"https:\/\/www.federassantas.org.br\/novosite\/campanha-contra-aids-tem-foco-na-ampliacao-de-testes-para-diagnostico\/#primaryimage"},"thumbnailUrl":"","datePublished":"2018-12-03T16:28:58+00:00","breadcrumb":{"@id":"https:\/\/www.federassantas.org.br\/novosite\/campanha-contra-aids-tem-foco-na-ampliacao-de-testes-para-diagnostico\/#breadcrumb"},"inLanguage":"pt-BR","potentialAction":[{"@type":"ReadAction","target":["https:\/\/www.federassantas.org.br\/novosite\/campanha-contra-aids-tem-foco-na-ampliacao-de-testes-para-diagnostico\/"]}]},{"@type":"ImageObject","inLanguage":"pt-BR","@id":"https:\/\/www.federassantas.org.br\/novosite\/campanha-contra-aids-tem-foco-na-ampliacao-de-testes-para-diagnostico\/#primaryimage","url":"","contentUrl":""},{"@type":"BreadcrumbList","@id":"https:\/\/www.federassantas.org.br\/novosite\/campanha-contra-aids-tem-foco-na-ampliacao-de-testes-para-diagnostico\/#breadcrumb","itemListElement":[{"@type":"ListItem","position":1,"name":"In\u00edcio","item":"https:\/\/www.federassantas.org.br\/novosite\/"},{"@type":"ListItem","position":2,"name":"Campanha contra aids tem foco na amplia\u00e7\u00e3o de testes para diagn\u00f3stico"}]},{"@type":"WebSite","@id":"https:\/\/www.federassantas.org.br\/novosite\/#website","url":"https:\/\/www.federassantas.org.br\/novosite\/","name":"Federassantas","description":"Fed. das Santas Casas e Hospitais Filantr\u00f3picos de MG","publisher":{"@id":"https:\/\/www.federassantas.org.br\/novosite\/#organization"},"potentialAction":[{"@type":"SearchAction","target":{"@type":"EntryPoint","urlTemplate":"https:\/\/www.federassantas.org.br\/novosite\/?s={search_term_string}"},"query-input":{"@type":"PropertyValueSpecification","valueRequired":true,"valueName":"search_term_string"}}],"inLanguage":"pt-BR"},{"@type":"Organization","@id":"https:\/\/www.federassantas.org.br\/novosite\/#organization","name":"Federassantas","url":"https:\/\/www.federassantas.org.br\/novosite\/","logo":{"@type":"ImageObject","inLanguage":"pt-BR","@id":"https:\/\/www.federassantas.org.br\/novosite\/#\/schema\/logo\/image\/","url":"https:\/\/www.federassantas.org.br\/novosite\/wp-content\/uploads\/2021\/12\/logo.png","contentUrl":"https:\/\/www.federassantas.org.br\/novosite\/wp-content\/uploads\/2021\/12\/logo.png","width":243,"height":59,"caption":"Federassantas"},"image":{"@id":"https:\/\/www.federassantas.org.br\/novosite\/#\/schema\/logo\/image\/"}},{"@type":"Person","@id":"https:\/\/www.federassantas.org.br\/novosite\/#\/schema\/person\/75fed98158349313fe56175f232f513c","name":"admin-federas","image":{"@type":"ImageObject","inLanguage":"pt-BR","@id":"https:\/\/www.federassantas.org.br\/novosite\/#\/schema\/person\/image\/","url":"https:\/\/secure.gravatar.com\/avatar\/2a02d7dda59fe8dc6b7ffd3f652e2efede5ccf0dd89dfdc8137c5517f3de8407?s=96&d=mm&r=g","contentUrl":"https:\/\/secure.gravatar.com\/avatar\/2a02d7dda59fe8dc6b7ffd3f652e2efede5ccf0dd89dfdc8137c5517f3de8407?s=96&d=mm&r=g","caption":"admin-federas"},"sameAs":["https:\/\/www.federassantas.org.br\/novosite\/"],"url":"https:\/\/www.federassantas.org.br\/novosite\/author\/admin-federas\/"}]}},"_links":{"self":[{"href":"https:\/\/www.federassantas.org.br\/novosite\/wp-json\/wp\/v2\/posts\/14964","targetHints":{"allow":["GET"]}}],"collection":[{"href":"https:\/\/www.federassantas.org.br\/novosite\/wp-json\/wp\/v2\/posts"}],"about":[{"href":"https:\/\/www.federassantas.org.br\/novosite\/wp-json\/wp\/v2\/types\/post"}],"author":[{"embeddable":true,"href":"https:\/\/www.federassantas.org.br\/novosite\/wp-json\/wp\/v2\/users\/1"}],"replies":[{"embeddable":true,"href":"https:\/\/www.federassantas.org.br\/novosite\/wp-json\/wp\/v2\/comments?post=14964"}],"version-history":[{"count":0,"href":"https:\/\/www.federassantas.org.br\/novosite\/wp-json\/wp\/v2\/posts\/14964\/revisions"}],"wp:featuredmedia":[{"embeddable":true,"href":"https:\/\/www.federassantas.org.br\/novosite\/wp-json\/"}],"wp:attachment":[{"href":"https:\/\/www.federassantas.org.br\/novosite\/wp-json\/wp\/v2\/media?parent=14964"}],"wp:term":[{"taxonomy":"category","embeddable":true,"href":"https:\/\/www.federassantas.org.br\/novosite\/wp-json\/wp\/v2\/categories?post=14964"},{"taxonomy":"post_tag","embeddable":true,"href":"https:\/\/www.federassantas.org.br\/novosite\/wp-json\/wp\/v2\/tags?post=14964"}],"curies":[{"name":"wp","href":"https:\/\/api.w.org\/{rel}","templated":true}]}}