{"id":15242,"date":"2018-12-13T10:49:14","date_gmt":"2018-12-13T12:49:14","guid":{"rendered":"https:\/\/federasbackup.meltcomunicacao.com.br\/?p=15242"},"modified":"2018-12-13T10:49:14","modified_gmt":"2018-12-13T12:49:14","slug":"cec-federassantas-promove-encontro-com-rhs-e-propoe-inovacoes-para-os-profissionais-da-area","status":"publish","type":"post","link":"https:\/\/www.federassantas.org.br\/novosite\/cec-federassantas-promove-encontro-com-rhs-e-propoe-inovacoes-para-os-profissionais-da-area\/","title":{"rendered":"CEC Federassantas promove encontro com RH\u00b4s e prop\u00f5e inova\u00e7\u00f5es para os profissionais da \u00e1rea"},"content":{"rendered":"<p style=\"text-align: justify;\">O CEC Federassantas \u2013 Centro de Educa\u00e7\u00e3o Continuada \u2013 realizou esta semana o evento \u201c<strong>Interagindo com o CEC<\/strong>\u201d. \u00a0O encontro teve\u00a0como objetivo estabelecer uma comunica\u00e7\u00e3o mais efetiva e direta dos setores de RH dos hospitais filantr\u00f3picos com o centro de treinamento da Federassantas.<\/p>\n<p style=\"text-align: justify;\">De acordo com a Coordenadora do CEC, Magda Mascarenhas, a proposta do encontro \u00e9 \u201cdar um primeiro passo em busca de um trabalho em conjunto com as institui\u00e7\u00f5es filiadas, tendo o RH como nosso aliado, no sentido de envolv\u00ea-los\u00a0 no trabalho de levantamento de demandas de capacita\u00e7\u00e3o dos funcion\u00e1rios, a partir de uma real necessidade dos setores\u201d, disse.<\/p>\n<p style=\"text-align: justify;\">\u00a0Durante o evento, os participantes tiveram a oportunidade de ouvir a palestra \u201c<strong>RH<\/strong> <strong>em tempos de inova\u00e7\u00e3o\u201d,<\/strong> realizado pela profissional de Recursos Humanos, Etiene Azevedo. A profissional destacou que, especialmente nos \u00faltimos anos, a sociedade tem passado por transforma\u00e7\u00f5es do ponto de vista do comportamento social, trazendo para o mercado novas gera\u00e7\u00f5es de profissionais e, consequentemente novos perfis de candidatos e colaboradores.<\/p>\n<p style=\"text-align: justify;\">Segundo ela, a \u00e1rea da sa\u00fade est\u00e1 come\u00e7ando a mudar o perfil de contrata\u00e7\u00e3o, e o RH precisa estar atento a isso, \u201ce saber que ao mesmo tempo que a gente muda o perfil do candidato, precisamos mudar tamb\u00e9m o perfil institucional do hospital\u201d, afirmou. Um dos pontos destacados por Etiene foi a necessidade de inova\u00e7\u00e3o no setor, utilizando, em especial, as novas tecnologias, a internet, plataformas de dados, dentre outras ferramentas para auxiliar e otimizar os processos de recrutamento, capacita\u00e7\u00e3o, e nos resultados de modo geral do setor de RH.<\/p>\n<p style=\"text-align: justify;\">No entanto, a profissional alerta que a institui\u00e7\u00e3o deve estar preparada tamb\u00e9m para receber e reter estes novos talentos. Para isso, ela afirma que deve-se levar em conta a realidade de cada hospital, de acordo com o perfil, com o porte, especialidades atendidas, dentre outros fatores. \u201c\u00c9 preciso pensar em inova\u00e7\u00e3o mas com o p\u00e9 no ch\u00e3o, dentro do que \u00e9 real e poss\u00edvel, levando em conta a cultura organizacional da institui\u00e7\u00e3o\u201d, afirmou.<\/p>\n<p style=\"text-align: justify;\">Ao final da palestra, a especialista alertou que, mesmo diante da necessidade de inova\u00e7\u00e3o, \u00e9 fundamental n\u00e3o abandonar as pr\u00e1ticas tradicionais do RH; \u00a0\u201ca tecnologia \u00e9 uma aliada, ela n\u00e3o substitui o contato durante o recrutamento e durante os treinamentos. O RH precisa desenvolver pessoas e compet\u00eancias, mas deve principalmente investir no ser humano\u201d, salientou.<\/p>\n<p style=\"text-align: justify;\">Para a Coordenadora da \u00e1rea de treinamentos do Hospital Madre Teresa, Cristina Correia, um dos grandes desafios do seu setor \u00e9 a parte de treinamento, levando em conta a diversidade dos profissionais e das \u00e1reas do hospital. \u201cPensando na capacita\u00e7\u00e3o t\u00e9cnica, hoje n\u00f3s recebemos um profissional que n\u00e3o vem bem formado tecnicamente; n\u00f3s recrutamos este profissional j\u00e1 sabendo que temos esse GAP de conhecimento que precisa ser desenvolvido\u201d, declarou.<\/p>\n<p style=\"text-align: justify;\">Outra dificuldade \u00e9 a ampla diversidade dos profissionais de uma institui\u00e7\u00e3o hospitalar, com diferentes n\u00edveis de conhecimento. Segundo Cristina, \u00e9 necess\u00e1rio um trabalho intenso para \u201cconseguir mapear tudo isso e oferecer o que de fato o profissional precisa; n\u00e3o um treinamento de massa, mas um mapeamento quase individual\u201d, disse. Para a coordenadora, entender essas demandas \u00e9 o primeiro passo para obter o resultado que o hospital vai precisar na pr\u00e1tica.<\/p>\n<p style=\"text-align: justify;\"><strong><img fetchpriority=\"high\" decoding=\"async\" class=\"alignnone wp-image-15244\" src=\"http:\/\/federasbackup.meltcomunicacao.com.br\/wp-content\/uploads\/2018\/12\/WhatsApp-Image-2018-12-13-at-10.33.25-300x225.jpeg\" alt=\"\" width=\"342\" height=\"257\" \/>\u00a0\u00a0<img decoding=\"async\" class=\"alignnone wp-image-15248\" src=\"http:\/\/federasbackup.meltcomunicacao.com.br\/wp-content\/uploads\/2018\/12\/WhatsApp-Image-2018-12-13-at-10.33.30-1-2-283x300.jpeg\" alt=\"\" width=\"255\" height=\"271\" \/><\/strong><\/p>\n<p style=\"text-align: justify;\"><strong><br \/>\nO CEC<\/strong><\/p>\n<p style=\"text-align: justify;\">O CEC Federassantas \u00e9 o setor respons\u00e1vel por organizar cursos; workshops; semin\u00e1rios; treinamentos; e\u00a0outros, a partir das demandas de capacita\u00e7\u00e3o, atualiza\u00e7\u00e3o e treinamento dos profissionais que atuam nas institui\u00e7\u00f5es de sa\u00fade filiadas \u00e0 Federassantas.<\/p>\n<p style=\"text-align: justify;\">A coordenadora do CEC afirma que, para que esse setor possa cumprir efetivamente o seu papel, \u201cprecisamos ter uma &#8220;escuta&#8221; mais efetiva, mais de perto com os setores de RH, para perceber os gaps, as dificuldades nos processos de trabalho e, para que possamos, a partir disso, organizar capacita\u00e7\u00f5es que realmente contribuam para melhoria da qualidade dos\u00a0 setores\u201d, afirmou. Magda completou que essas capacita\u00e7\u00f5es precisam ser mensuradas posteriormente por meio de uma avalia\u00e7\u00e3o de efic\u00e1cia, essa \u00e9 a nossa proposta para o ano de 2019\u201d, concluiu.<\/p>\n<p style=\"text-align: justify;\">Ap\u00f3s o evento, a equipe do CEC criou um grupo de discuss\u00e3o de profissionais de RH que ser\u00e1 uma ferramenta estrat\u00e9gica para ampliar a oferta de cursos do CEC; aperfei\u00e7oar os produtos que j\u00e1 s\u00e3o oferecidos, e melhorar a qualidade dos processos de trabalho, com base na real necessidade dos profissionais da \u00e1rea da sa\u00fade.<\/p>\n<p style=\"text-align: justify;\">Os profissionais de RH que tiverem interesse em participar do grupo dever\u00e3o entrar em contato com a equipe do CEC atrav\u00e9s do telefone (31) 3241-4312, ou por e-mail <a href=\"mailto:cursos@federassantas.org.br\">cursos@federassantas.org.br<\/a> e cursos02@federassantas.org.br<\/p>\n<p><img decoding=\"async\" class=\"alignnone wp-image-15246\" src=\"http:\/\/federasbackup.meltcomunicacao.com.br\/wp-content\/uploads\/2018\/12\/WhatsApp-Image-2018-12-13-at-10.33.33-3-300x225.jpeg\" alt=\"\" width=\"308\" height=\"231\" \/>\u00a0 \u00a0<img loading=\"lazy\" decoding=\"async\" class=\"alignnone wp-image-15243\" src=\"http:\/\/federasbackup.meltcomunicacao.com.br\/wp-content\/uploads\/2018\/12\/WhatsApp-Image-2018-12-13-at-10.33.29-300x225.jpeg\" alt=\"\" width=\"307\" height=\"230\" \/><\/p>\n<p>&nbsp;<\/p>\n<p><em>Por Raquel Gontijo &#8211; Assessoria de Comunica\u00e7\u00e3o<\/em><\/p>\n","protected":false},"excerpt":{"rendered":"<p>O CEC Federassantas \u2013 Centro de Educa\u00e7\u00e3o Continuada \u2013 realizou esta semana o evento \u201cInteragindo com o CEC\u201d. \u00a0O encontro teve\u00a0como objetivo estabelecer uma comunica\u00e7\u00e3o mais efetiva e direta dos setores de RH dos hospitais filantr\u00f3picos com o centro de treinamento da Federassantas. De acordo com a Coordenadora do CEC, Magda Mascarenhas, a proposta do [&hellip;]<\/p>\n","protected":false},"author":1,"featured_media":15243,"comment_status":"open","ping_status":"open","sticky":false,"template":"","format":"standard","meta":{"footnotes":""},"categories":[140,141],"tags":[],"class_list":["post-15242","post","type-post","status-publish","format-standard","has-post-thumbnail","hentry","category-noticias","category-noticias-federassantas"],"yoast_head":"<!-- This site is optimized with the Yoast SEO plugin v26.9 - https:\/\/yoast.com\/product\/yoast-seo-wordpress\/ -->\n<title>CEC Federassantas promove encontro com RH\u00b4s e prop\u00f5e inova\u00e7\u00f5es para os profissionais da \u00e1rea - Federassantas<\/title>\n<meta name=\"robots\" content=\"index, follow, max-snippet:-1, max-image-preview:large, max-video-preview:-1\" \/>\n<link rel=\"canonical\" href=\"https:\/\/www.federassantas.org.br\/novosite\/cec-federassantas-promove-encontro-com-rhs-e-propoe-inovacoes-para-os-profissionais-da-area\/\" \/>\n<meta property=\"og:locale\" content=\"pt_BR\" \/>\n<meta property=\"og:type\" content=\"article\" \/>\n<meta property=\"og:title\" content=\"CEC Federassantas promove encontro com RH\u00b4s e prop\u00f5e inova\u00e7\u00f5es para os profissionais da \u00e1rea - Federassantas\" \/>\n<meta property=\"og:description\" content=\"O CEC Federassantas \u2013 Centro de Educa\u00e7\u00e3o Continuada \u2013 realizou esta semana o evento \u201cInteragindo com o CEC\u201d. \u00a0O encontro teve\u00a0como objetivo estabelecer uma comunica\u00e7\u00e3o mais efetiva e direta dos setores de RH dos hospitais filantr\u00f3picos com o centro de treinamento da Federassantas. De acordo com a Coordenadora do CEC, Magda Mascarenhas, a proposta do [&hellip;]\" \/>\n<meta property=\"og:url\" content=\"https:\/\/www.federassantas.org.br\/novosite\/cec-federassantas-promove-encontro-com-rhs-e-propoe-inovacoes-para-os-profissionais-da-area\/\" \/>\n<meta property=\"og:site_name\" content=\"Federassantas\" \/>\n<meta property=\"article:published_time\" content=\"2018-12-13T12:49:14+00:00\" \/>\n<meta name=\"author\" content=\"admin-federas\" \/>\n<meta name=\"twitter:card\" content=\"summary_large_image\" \/>\n<meta name=\"twitter:label1\" content=\"Escrito por\" \/>\n\t<meta name=\"twitter:data1\" content=\"admin-federas\" \/>\n\t<meta name=\"twitter:label2\" content=\"Est. tempo de leitura\" \/>\n\t<meta name=\"twitter:data2\" content=\"4 minutos\" \/>\n<script type=\"application\/ld+json\" class=\"yoast-schema-graph\">{\"@context\":\"https:\/\/schema.org\",\"@graph\":[{\"@type\":\"Article\",\"@id\":\"https:\/\/www.federassantas.org.br\/novosite\/cec-federassantas-promove-encontro-com-rhs-e-propoe-inovacoes-para-os-profissionais-da-area\/#article\",\"isPartOf\":{\"@id\":\"https:\/\/www.federassantas.org.br\/novosite\/cec-federassantas-promove-encontro-com-rhs-e-propoe-inovacoes-para-os-profissionais-da-area\/\"},\"author\":{\"name\":\"admin-federas\",\"@id\":\"https:\/\/www.federassantas.org.br\/novosite\/#\/schema\/person\/75fed98158349313fe56175f232f513c\"},\"headline\":\"CEC Federassantas promove encontro com RH\u00b4s e prop\u00f5e inova\u00e7\u00f5es para os profissionais da \u00e1rea\",\"datePublished\":\"2018-12-13T12:49:14+00:00\",\"mainEntityOfPage\":{\"@id\":\"https:\/\/www.federassantas.org.br\/novosite\/cec-federassantas-promove-encontro-com-rhs-e-propoe-inovacoes-para-os-profissionais-da-area\/\"},\"wordCount\":802,\"commentCount\":0,\"publisher\":{\"@id\":\"https:\/\/www.federassantas.org.br\/novosite\/#organization\"},\"image\":{\"@id\":\"https:\/\/www.federassantas.org.br\/novosite\/cec-federassantas-promove-encontro-com-rhs-e-propoe-inovacoes-para-os-profissionais-da-area\/#primaryimage\"},\"thumbnailUrl\":\"\",\"articleSection\":[\"Not\u00edcias\",\"Not\u00edcias Federassantas\"],\"inLanguage\":\"pt-BR\",\"potentialAction\":[{\"@type\":\"CommentAction\",\"name\":\"Comment\",\"target\":[\"https:\/\/www.federassantas.org.br\/novosite\/cec-federassantas-promove-encontro-com-rhs-e-propoe-inovacoes-para-os-profissionais-da-area\/#respond\"]}]},{\"@type\":\"WebPage\",\"@id\":\"https:\/\/www.federassantas.org.br\/novosite\/cec-federassantas-promove-encontro-com-rhs-e-propoe-inovacoes-para-os-profissionais-da-area\/\",\"url\":\"https:\/\/www.federassantas.org.br\/novosite\/cec-federassantas-promove-encontro-com-rhs-e-propoe-inovacoes-para-os-profissionais-da-area\/\",\"name\":\"CEC Federassantas promove encontro com RH\u00b4s e prop\u00f5e inova\u00e7\u00f5es para os profissionais da \u00e1rea - Federassantas\",\"isPartOf\":{\"@id\":\"https:\/\/www.federassantas.org.br\/novosite\/#website\"},\"primaryImageOfPage\":{\"@id\":\"https:\/\/www.federassantas.org.br\/novosite\/cec-federassantas-promove-encontro-com-rhs-e-propoe-inovacoes-para-os-profissionais-da-area\/#primaryimage\"},\"image\":{\"@id\":\"https:\/\/www.federassantas.org.br\/novosite\/cec-federassantas-promove-encontro-com-rhs-e-propoe-inovacoes-para-os-profissionais-da-area\/#primaryimage\"},\"thumbnailUrl\":\"\",\"datePublished\":\"2018-12-13T12:49:14+00:00\",\"breadcrumb\":{\"@id\":\"https:\/\/www.federassantas.org.br\/novosite\/cec-federassantas-promove-encontro-com-rhs-e-propoe-inovacoes-para-os-profissionais-da-area\/#breadcrumb\"},\"inLanguage\":\"pt-BR\",\"potentialAction\":[{\"@type\":\"ReadAction\",\"target\":[\"https:\/\/www.federassantas.org.br\/novosite\/cec-federassantas-promove-encontro-com-rhs-e-propoe-inovacoes-para-os-profissionais-da-area\/\"]}]},{\"@type\":\"ImageObject\",\"inLanguage\":\"pt-BR\",\"@id\":\"https:\/\/www.federassantas.org.br\/novosite\/cec-federassantas-promove-encontro-com-rhs-e-propoe-inovacoes-para-os-profissionais-da-area\/#primaryimage\",\"url\":\"\",\"contentUrl\":\"\"},{\"@type\":\"BreadcrumbList\",\"@id\":\"https:\/\/www.federassantas.org.br\/novosite\/cec-federassantas-promove-encontro-com-rhs-e-propoe-inovacoes-para-os-profissionais-da-area\/#breadcrumb\",\"itemListElement\":[{\"@type\":\"ListItem\",\"position\":1,\"name\":\"In\u00edcio\",\"item\":\"https:\/\/www.federassantas.org.br\/novosite\/\"},{\"@type\":\"ListItem\",\"position\":2,\"name\":\"CEC Federassantas promove encontro com RH\u00b4s e prop\u00f5e inova\u00e7\u00f5es para os profissionais da \u00e1rea\"}]},{\"@type\":\"WebSite\",\"@id\":\"https:\/\/www.federassantas.org.br\/novosite\/#website\",\"url\":\"https:\/\/www.federassantas.org.br\/novosite\/\",\"name\":\"Federassantas\",\"description\":\"Fed. das Santas Casas e Hospitais Filantr\u00f3picos de MG\",\"publisher\":{\"@id\":\"https:\/\/www.federassantas.org.br\/novosite\/#organization\"},\"potentialAction\":[{\"@type\":\"SearchAction\",\"target\":{\"@type\":\"EntryPoint\",\"urlTemplate\":\"https:\/\/www.federassantas.org.br\/novosite\/?s={search_term_string}\"},\"query-input\":{\"@type\":\"PropertyValueSpecification\",\"valueRequired\":true,\"valueName\":\"search_term_string\"}}],\"inLanguage\":\"pt-BR\"},{\"@type\":\"Organization\",\"@id\":\"https:\/\/www.federassantas.org.br\/novosite\/#organization\",\"name\":\"Federassantas\",\"url\":\"https:\/\/www.federassantas.org.br\/novosite\/\",\"logo\":{\"@type\":\"ImageObject\",\"inLanguage\":\"pt-BR\",\"@id\":\"https:\/\/www.federassantas.org.br\/novosite\/#\/schema\/logo\/image\/\",\"url\":\"https:\/\/www.federassantas.org.br\/novosite\/wp-content\/uploads\/2021\/12\/logo.png\",\"contentUrl\":\"https:\/\/www.federassantas.org.br\/novosite\/wp-content\/uploads\/2021\/12\/logo.png\",\"width\":243,\"height\":59,\"caption\":\"Federassantas\"},\"image\":{\"@id\":\"https:\/\/www.federassantas.org.br\/novosite\/#\/schema\/logo\/image\/\"}},{\"@type\":\"Person\",\"@id\":\"https:\/\/www.federassantas.org.br\/novosite\/#\/schema\/person\/75fed98158349313fe56175f232f513c\",\"name\":\"admin-federas\",\"image\":{\"@type\":\"ImageObject\",\"inLanguage\":\"pt-BR\",\"@id\":\"https:\/\/www.federassantas.org.br\/novosite\/#\/schema\/person\/image\/\",\"url\":\"https:\/\/secure.gravatar.com\/avatar\/2a02d7dda59fe8dc6b7ffd3f652e2efede5ccf0dd89dfdc8137c5517f3de8407?s=96&d=mm&r=g\",\"contentUrl\":\"https:\/\/secure.gravatar.com\/avatar\/2a02d7dda59fe8dc6b7ffd3f652e2efede5ccf0dd89dfdc8137c5517f3de8407?s=96&d=mm&r=g\",\"caption\":\"admin-federas\"},\"sameAs\":[\"https:\/\/www.federassantas.org.br\/novosite\/\"],\"url\":\"https:\/\/www.federassantas.org.br\/novosite\/author\/admin-federas\/\"}]}<\/script>\n<!-- \/ Yoast SEO plugin. -->","yoast_head_json":{"title":"CEC Federassantas promove encontro com RH\u00b4s e prop\u00f5e inova\u00e7\u00f5es para os profissionais da \u00e1rea - Federassantas","robots":{"index":"index","follow":"follow","max-snippet":"max-snippet:-1","max-image-preview":"max-image-preview:large","max-video-preview":"max-video-preview:-1"},"canonical":"https:\/\/www.federassantas.org.br\/novosite\/cec-federassantas-promove-encontro-com-rhs-e-propoe-inovacoes-para-os-profissionais-da-area\/","og_locale":"pt_BR","og_type":"article","og_title":"CEC Federassantas promove encontro com RH\u00b4s e prop\u00f5e inova\u00e7\u00f5es para os profissionais da \u00e1rea - Federassantas","og_description":"O CEC Federassantas \u2013 Centro de Educa\u00e7\u00e3o Continuada \u2013 realizou esta semana o evento \u201cInteragindo com o CEC\u201d. \u00a0O encontro teve\u00a0como objetivo estabelecer uma comunica\u00e7\u00e3o mais efetiva e direta dos setores de RH dos hospitais filantr\u00f3picos com o centro de treinamento da Federassantas. De acordo com a Coordenadora do CEC, Magda Mascarenhas, a proposta do [&hellip;]","og_url":"https:\/\/www.federassantas.org.br\/novosite\/cec-federassantas-promove-encontro-com-rhs-e-propoe-inovacoes-para-os-profissionais-da-area\/","og_site_name":"Federassantas","article_published_time":"2018-12-13T12:49:14+00:00","author":"admin-federas","twitter_card":"summary_large_image","twitter_misc":{"Escrito por":"admin-federas","Est. tempo de leitura":"4 minutos"},"schema":{"@context":"https:\/\/schema.org","@graph":[{"@type":"Article","@id":"https:\/\/www.federassantas.org.br\/novosite\/cec-federassantas-promove-encontro-com-rhs-e-propoe-inovacoes-para-os-profissionais-da-area\/#article","isPartOf":{"@id":"https:\/\/www.federassantas.org.br\/novosite\/cec-federassantas-promove-encontro-com-rhs-e-propoe-inovacoes-para-os-profissionais-da-area\/"},"author":{"name":"admin-federas","@id":"https:\/\/www.federassantas.org.br\/novosite\/#\/schema\/person\/75fed98158349313fe56175f232f513c"},"headline":"CEC Federassantas promove encontro com RH\u00b4s e prop\u00f5e inova\u00e7\u00f5es para os profissionais da \u00e1rea","datePublished":"2018-12-13T12:49:14+00:00","mainEntityOfPage":{"@id":"https:\/\/www.federassantas.org.br\/novosite\/cec-federassantas-promove-encontro-com-rhs-e-propoe-inovacoes-para-os-profissionais-da-area\/"},"wordCount":802,"commentCount":0,"publisher":{"@id":"https:\/\/www.federassantas.org.br\/novosite\/#organization"},"image":{"@id":"https:\/\/www.federassantas.org.br\/novosite\/cec-federassantas-promove-encontro-com-rhs-e-propoe-inovacoes-para-os-profissionais-da-area\/#primaryimage"},"thumbnailUrl":"","articleSection":["Not\u00edcias","Not\u00edcias Federassantas"],"inLanguage":"pt-BR","potentialAction":[{"@type":"CommentAction","name":"Comment","target":["https:\/\/www.federassantas.org.br\/novosite\/cec-federassantas-promove-encontro-com-rhs-e-propoe-inovacoes-para-os-profissionais-da-area\/#respond"]}]},{"@type":"WebPage","@id":"https:\/\/www.federassantas.org.br\/novosite\/cec-federassantas-promove-encontro-com-rhs-e-propoe-inovacoes-para-os-profissionais-da-area\/","url":"https:\/\/www.federassantas.org.br\/novosite\/cec-federassantas-promove-encontro-com-rhs-e-propoe-inovacoes-para-os-profissionais-da-area\/","name":"CEC Federassantas promove encontro com RH\u00b4s e prop\u00f5e inova\u00e7\u00f5es para os profissionais da \u00e1rea - Federassantas","isPartOf":{"@id":"https:\/\/www.federassantas.org.br\/novosite\/#website"},"primaryImageOfPage":{"@id":"https:\/\/www.federassantas.org.br\/novosite\/cec-federassantas-promove-encontro-com-rhs-e-propoe-inovacoes-para-os-profissionais-da-area\/#primaryimage"},"image":{"@id":"https:\/\/www.federassantas.org.br\/novosite\/cec-federassantas-promove-encontro-com-rhs-e-propoe-inovacoes-para-os-profissionais-da-area\/#primaryimage"},"thumbnailUrl":"","datePublished":"2018-12-13T12:49:14+00:00","breadcrumb":{"@id":"https:\/\/www.federassantas.org.br\/novosite\/cec-federassantas-promove-encontro-com-rhs-e-propoe-inovacoes-para-os-profissionais-da-area\/#breadcrumb"},"inLanguage":"pt-BR","potentialAction":[{"@type":"ReadAction","target":["https:\/\/www.federassantas.org.br\/novosite\/cec-federassantas-promove-encontro-com-rhs-e-propoe-inovacoes-para-os-profissionais-da-area\/"]}]},{"@type":"ImageObject","inLanguage":"pt-BR","@id":"https:\/\/www.federassantas.org.br\/novosite\/cec-federassantas-promove-encontro-com-rhs-e-propoe-inovacoes-para-os-profissionais-da-area\/#primaryimage","url":"","contentUrl":""},{"@type":"BreadcrumbList","@id":"https:\/\/www.federassantas.org.br\/novosite\/cec-federassantas-promove-encontro-com-rhs-e-propoe-inovacoes-para-os-profissionais-da-area\/#breadcrumb","itemListElement":[{"@type":"ListItem","position":1,"name":"In\u00edcio","item":"https:\/\/www.federassantas.org.br\/novosite\/"},{"@type":"ListItem","position":2,"name":"CEC Federassantas promove encontro com RH\u00b4s e prop\u00f5e inova\u00e7\u00f5es para os profissionais da \u00e1rea"}]},{"@type":"WebSite","@id":"https:\/\/www.federassantas.org.br\/novosite\/#website","url":"https:\/\/www.federassantas.org.br\/novosite\/","name":"Federassantas","description":"Fed. das Santas Casas e Hospitais Filantr\u00f3picos de MG","publisher":{"@id":"https:\/\/www.federassantas.org.br\/novosite\/#organization"},"potentialAction":[{"@type":"SearchAction","target":{"@type":"EntryPoint","urlTemplate":"https:\/\/www.federassantas.org.br\/novosite\/?s={search_term_string}"},"query-input":{"@type":"PropertyValueSpecification","valueRequired":true,"valueName":"search_term_string"}}],"inLanguage":"pt-BR"},{"@type":"Organization","@id":"https:\/\/www.federassantas.org.br\/novosite\/#organization","name":"Federassantas","url":"https:\/\/www.federassantas.org.br\/novosite\/","logo":{"@type":"ImageObject","inLanguage":"pt-BR","@id":"https:\/\/www.federassantas.org.br\/novosite\/#\/schema\/logo\/image\/","url":"https:\/\/www.federassantas.org.br\/novosite\/wp-content\/uploads\/2021\/12\/logo.png","contentUrl":"https:\/\/www.federassantas.org.br\/novosite\/wp-content\/uploads\/2021\/12\/logo.png","width":243,"height":59,"caption":"Federassantas"},"image":{"@id":"https:\/\/www.federassantas.org.br\/novosite\/#\/schema\/logo\/image\/"}},{"@type":"Person","@id":"https:\/\/www.federassantas.org.br\/novosite\/#\/schema\/person\/75fed98158349313fe56175f232f513c","name":"admin-federas","image":{"@type":"ImageObject","inLanguage":"pt-BR","@id":"https:\/\/www.federassantas.org.br\/novosite\/#\/schema\/person\/image\/","url":"https:\/\/secure.gravatar.com\/avatar\/2a02d7dda59fe8dc6b7ffd3f652e2efede5ccf0dd89dfdc8137c5517f3de8407?s=96&d=mm&r=g","contentUrl":"https:\/\/secure.gravatar.com\/avatar\/2a02d7dda59fe8dc6b7ffd3f652e2efede5ccf0dd89dfdc8137c5517f3de8407?s=96&d=mm&r=g","caption":"admin-federas"},"sameAs":["https:\/\/www.federassantas.org.br\/novosite\/"],"url":"https:\/\/www.federassantas.org.br\/novosite\/author\/admin-federas\/"}]}},"_links":{"self":[{"href":"https:\/\/www.federassantas.org.br\/novosite\/wp-json\/wp\/v2\/posts\/15242","targetHints":{"allow":["GET"]}}],"collection":[{"href":"https:\/\/www.federassantas.org.br\/novosite\/wp-json\/wp\/v2\/posts"}],"about":[{"href":"https:\/\/www.federassantas.org.br\/novosite\/wp-json\/wp\/v2\/types\/post"}],"author":[{"embeddable":true,"href":"https:\/\/www.federassantas.org.br\/novosite\/wp-json\/wp\/v2\/users\/1"}],"replies":[{"embeddable":true,"href":"https:\/\/www.federassantas.org.br\/novosite\/wp-json\/wp\/v2\/comments?post=15242"}],"version-history":[{"count":0,"href":"https:\/\/www.federassantas.org.br\/novosite\/wp-json\/wp\/v2\/posts\/15242\/revisions"}],"wp:featuredmedia":[{"embeddable":true,"href":"https:\/\/www.federassantas.org.br\/novosite\/wp-json\/"}],"wp:attachment":[{"href":"https:\/\/www.federassantas.org.br\/novosite\/wp-json\/wp\/v2\/media?parent=15242"}],"wp:term":[{"taxonomy":"category","embeddable":true,"href":"https:\/\/www.federassantas.org.br\/novosite\/wp-json\/wp\/v2\/categories?post=15242"},{"taxonomy":"post_tag","embeddable":true,"href":"https:\/\/www.federassantas.org.br\/novosite\/wp-json\/wp\/v2\/tags?post=15242"}],"curies":[{"name":"wp","href":"https:\/\/api.w.org\/{rel}","templated":true}]}}