{"id":18308,"date":"2020-04-03T16:38:33","date_gmt":"2020-04-03T19:38:33","guid":{"rendered":"https:\/\/federasbackup.meltcomunicacao.com.br\/?p=18308"},"modified":"2020-04-03T16:38:33","modified_gmt":"2020-04-03T19:38:33","slug":"governo-de-minas-conclui-primeira-etapa-de-hospital-de-campanha-construido-no-expominas","status":"publish","type":"post","link":"https:\/\/www.federassantas.org.br\/novosite\/governo-de-minas-conclui-primeira-etapa-de-hospital-de-campanha-construido-no-expominas\/","title":{"rendered":"Governo de Minas conclui primeira etapa de hospital de campanha constru\u00eddo no Expominas"},"content":{"rendered":"<p style=\"text-align: justify;\">Foi conclu\u00edda nesta sexta-feira (3\/4) a primeira etapa da constru\u00e7\u00e3o do\u00a0hospital de campanha no Expominas, em Belo Horizonte. A a\u00e7\u00e3o \u00e9 uma das iniciativas do Governo de Minas no enfrentamento ao coronav\u00edrus, se antecipando \u00e0s necessidades que possam surgir com a pandemia do Covid-19.<\/p>\n<p style=\"text-align: justify;\">A primeira parte do processo foi destinada \u00e0 montagem da estrutura para receber os 768 leitos que ocupar\u00e3o o pavilh\u00e3o principal do espa\u00e7o. As obras foram iniciadas no dia 25 de mar\u00e7o e contaram com a m\u00e3o de obra da Pol\u00edcia Militar e do Corpo de Bombeiros. A montagem da estrutura modular foi realizada por uma empresa privada, por meio de parceria com a Federa\u00e7\u00e3o das Ind\u00fastrias do Estado de Minas Gerais (Fiemg).<\/p>\n<p style=\"text-align: justify;\">A coronel Gilmara Mota Martins, da Pol\u00edcia Militar, explicou que, a partir de agora, ser\u00e3o iniciadas as pr\u00f3ximas etapas para a conclus\u00e3o do projeto, que incluem as instala\u00e7\u00f5es das partes hidr\u00e1ulicas, el\u00e9trica e de gasoterapia, al\u00e9m da montagem dos mobili\u00e1rios. A expectativa \u00e9 de que o espa\u00e7o esteja pronto para receber pacientes no final de abril e tenha cerca de 900 profissionais trabalhando diariamente quando estiver em pleno funcionamento.<\/p>\n<p style=\"text-align: justify;\">\u201cO hospital de campanha foi concebido para termos uma estrutura de 768 leitos. Receberemos aqui, via Central de Leitos, os pacientes que ser\u00e3o referenciados pelos hospitais p\u00fablicos. Aqui n\u00e3o ser\u00e1 um hospital de porta aberta para o primeiro atendimento. O paciente em estado grave ser\u00e1 atendido na rede hospitalar p\u00fablica e, quando estabilizar a sua situa\u00e7\u00e3o, ele vir\u00e1 para c\u00e1. Aqui, n\u00f3s teremos condi\u00e7\u00f5es de dar suporte para um paciente que est\u00e1 numa fase intermedi\u00e1ria da doen\u00e7a, mas que ainda possa precisar de uma gasometria e oxig\u00eanio. Assim, n\u00f3s vamos desafogar o nosso sistema p\u00fablico de sa\u00fade\u201d, afirmou a coronel Gilmara.<\/p>\n<p style=\"text-align: justify;\">Segundo a militar, os leitos ser\u00e3o ativados por etapas. Na primeira fase, no final de abril, ser\u00e3o 260 leitos de Enfermaria. Na segunda fase, ser\u00e3o outros 220 leitos de Enfermaria e outros 28 de Estabiliza\u00e7\u00e3o. J\u00e1 a terceira fase conta com mais 260 leitos. As segunda e terceira fases ser\u00e3o ativadas conforme demanda.<\/p>\n<p style=\"text-align: justify;\"><strong>Planejamento<\/strong><\/p>\n<p style=\"text-align: justify;\">O secret\u00e1rio adjunto de Estado de Sa\u00fade, Marcelo Cabral, falou sobre a import\u00e2ncia do planejamento do hospital de campanha para o enfrentamento ao coronav\u00edrus, funcionando como uma \u201creserva para o sistema p\u00fablico de sa\u00fade\u201d. Ele ressaltou, ainda, a import\u00e2ncia de se respeitar as recomenda\u00e7\u00f5es dos \u00f3rg\u00e3os de Sa\u00fade para que todo o planejamento de combate \u00e0 crise tenha sucesso.<\/p>\n<p style=\"text-align: justify;\">\u201cCaso contr\u00e1rio, a gente faz com que possa se ter um impacto maior no sistema de sa\u00fade. Se n\u00e3o houver um esfor\u00e7o coletivo e conjunto, a perspectiva passa a ser ruim, porque o isolamento \u00e9 que vai permitir que a gente tenha condi\u00e7\u00e3o de enfrentar. \u00c9 para isso que estamos nos planejando\u201d, refor\u00e7ou o secret\u00e1rio.<\/p>\n<p>Veja reportagem completa em\u00a0<a href=\"https:\/\/www.saude.mg.gov.br\/component\/gmg\/story\/12414-governo-de-minas-conclui-primeira-etapa-de-hospital-de-campanha-construido-no-expominas\">https:\/\/www.saude.mg.gov.br\/component\/gmg\/story\/12414-governo-de-minas-conclui-primeira-etapa-de-hospital-de-campanha-construido-no-expominas<\/a><\/p>\n","protected":false},"excerpt":{"rendered":"<p>Foi conclu\u00edda nesta sexta-feira (3\/4) a primeira etapa da constru\u00e7\u00e3o do\u00a0hospital de campanha no Expominas, em Belo Horizonte. A a\u00e7\u00e3o \u00e9 uma das iniciativas do Governo de Minas no enfrentamento ao coronav\u00edrus, se antecipando \u00e0s necessidades que possam surgir com a pandemia do Covid-19. A primeira parte do processo foi destinada \u00e0 montagem da estrutura [&hellip;]<\/p>\n","protected":false},"author":1,"featured_media":18311,"comment_status":"open","ping_status":"open","sticky":false,"template":"","format":"standard","meta":{"footnotes":""},"categories":[140],"tags":[],"class_list":["post-18308","post","type-post","status-publish","format-standard","has-post-thumbnail","hentry","category-noticias"],"yoast_head":"<!-- This site is optimized with the Yoast SEO plugin v26.9 - https:\/\/yoast.com\/product\/yoast-seo-wordpress\/ -->\n<title>Governo de Minas conclui primeira etapa de hospital de campanha constru\u00eddo no Expominas - Federassantas<\/title>\n<meta name=\"robots\" content=\"index, follow, max-snippet:-1, max-image-preview:large, max-video-preview:-1\" \/>\n<link rel=\"canonical\" href=\"https:\/\/www.federassantas.org.br\/novosite\/governo-de-minas-conclui-primeira-etapa-de-hospital-de-campanha-construido-no-expominas\/\" \/>\n<meta property=\"og:locale\" content=\"pt_BR\" \/>\n<meta property=\"og:type\" content=\"article\" \/>\n<meta property=\"og:title\" content=\"Governo de Minas conclui primeira etapa de hospital de campanha constru\u00eddo no Expominas - Federassantas\" \/>\n<meta property=\"og:description\" content=\"Foi conclu\u00edda nesta sexta-feira (3\/4) a primeira etapa da constru\u00e7\u00e3o do\u00a0hospital de campanha no Expominas, em Belo Horizonte. A a\u00e7\u00e3o \u00e9 uma das iniciativas do Governo de Minas no enfrentamento ao coronav\u00edrus, se antecipando \u00e0s necessidades que possam surgir com a pandemia do Covid-19. A primeira parte do processo foi destinada \u00e0 montagem da estrutura [&hellip;]\" \/>\n<meta property=\"og:url\" content=\"https:\/\/www.federassantas.org.br\/novosite\/governo-de-minas-conclui-primeira-etapa-de-hospital-de-campanha-construido-no-expominas\/\" \/>\n<meta property=\"og:site_name\" content=\"Federassantas\" \/>\n<meta property=\"article:published_time\" content=\"2020-04-03T19:38:33+00:00\" \/>\n<meta name=\"author\" content=\"admin-federas\" \/>\n<meta name=\"twitter:card\" content=\"summary_large_image\" \/>\n<meta name=\"twitter:label1\" content=\"Escrito por\" \/>\n\t<meta name=\"twitter:data1\" content=\"admin-federas\" \/>\n\t<meta name=\"twitter:label2\" content=\"Est. tempo de leitura\" \/>\n\t<meta name=\"twitter:data2\" content=\"3 minutos\" \/>\n<script type=\"application\/ld+json\" class=\"yoast-schema-graph\">{\"@context\":\"https:\/\/schema.org\",\"@graph\":[{\"@type\":\"Article\",\"@id\":\"https:\/\/www.federassantas.org.br\/novosite\/governo-de-minas-conclui-primeira-etapa-de-hospital-de-campanha-construido-no-expominas\/#article\",\"isPartOf\":{\"@id\":\"https:\/\/www.federassantas.org.br\/novosite\/governo-de-minas-conclui-primeira-etapa-de-hospital-de-campanha-construido-no-expominas\/\"},\"author\":{\"name\":\"admin-federas\",\"@id\":\"https:\/\/www.federassantas.org.br\/novosite\/#\/schema\/person\/75fed98158349313fe56175f232f513c\"},\"headline\":\"Governo de Minas conclui primeira etapa de hospital de campanha constru\u00eddo no Expominas\",\"datePublished\":\"2020-04-03T19:38:33+00:00\",\"mainEntityOfPage\":{\"@id\":\"https:\/\/www.federassantas.org.br\/novosite\/governo-de-minas-conclui-primeira-etapa-de-hospital-de-campanha-construido-no-expominas\/\"},\"wordCount\":526,\"commentCount\":0,\"publisher\":{\"@id\":\"https:\/\/www.federassantas.org.br\/novosite\/#organization\"},\"image\":{\"@id\":\"https:\/\/www.federassantas.org.br\/novosite\/governo-de-minas-conclui-primeira-etapa-de-hospital-de-campanha-construido-no-expominas\/#primaryimage\"},\"thumbnailUrl\":\"\",\"articleSection\":[\"Not\u00edcias\"],\"inLanguage\":\"pt-BR\",\"potentialAction\":[{\"@type\":\"CommentAction\",\"name\":\"Comment\",\"target\":[\"https:\/\/www.federassantas.org.br\/novosite\/governo-de-minas-conclui-primeira-etapa-de-hospital-de-campanha-construido-no-expominas\/#respond\"]}]},{\"@type\":\"WebPage\",\"@id\":\"https:\/\/www.federassantas.org.br\/novosite\/governo-de-minas-conclui-primeira-etapa-de-hospital-de-campanha-construido-no-expominas\/\",\"url\":\"https:\/\/www.federassantas.org.br\/novosite\/governo-de-minas-conclui-primeira-etapa-de-hospital-de-campanha-construido-no-expominas\/\",\"name\":\"Governo de Minas conclui primeira etapa de hospital de campanha constru\u00eddo no Expominas - Federassantas\",\"isPartOf\":{\"@id\":\"https:\/\/www.federassantas.org.br\/novosite\/#website\"},\"primaryImageOfPage\":{\"@id\":\"https:\/\/www.federassantas.org.br\/novosite\/governo-de-minas-conclui-primeira-etapa-de-hospital-de-campanha-construido-no-expominas\/#primaryimage\"},\"image\":{\"@id\":\"https:\/\/www.federassantas.org.br\/novosite\/governo-de-minas-conclui-primeira-etapa-de-hospital-de-campanha-construido-no-expominas\/#primaryimage\"},\"thumbnailUrl\":\"\",\"datePublished\":\"2020-04-03T19:38:33+00:00\",\"breadcrumb\":{\"@id\":\"https:\/\/www.federassantas.org.br\/novosite\/governo-de-minas-conclui-primeira-etapa-de-hospital-de-campanha-construido-no-expominas\/#breadcrumb\"},\"inLanguage\":\"pt-BR\",\"potentialAction\":[{\"@type\":\"ReadAction\",\"target\":[\"https:\/\/www.federassantas.org.br\/novosite\/governo-de-minas-conclui-primeira-etapa-de-hospital-de-campanha-construido-no-expominas\/\"]}]},{\"@type\":\"ImageObject\",\"inLanguage\":\"pt-BR\",\"@id\":\"https:\/\/www.federassantas.org.br\/novosite\/governo-de-minas-conclui-primeira-etapa-de-hospital-de-campanha-construido-no-expominas\/#primaryimage\",\"url\":\"\",\"contentUrl\":\"\"},{\"@type\":\"BreadcrumbList\",\"@id\":\"https:\/\/www.federassantas.org.br\/novosite\/governo-de-minas-conclui-primeira-etapa-de-hospital-de-campanha-construido-no-expominas\/#breadcrumb\",\"itemListElement\":[{\"@type\":\"ListItem\",\"position\":1,\"name\":\"In\u00edcio\",\"item\":\"https:\/\/www.federassantas.org.br\/novosite\/\"},{\"@type\":\"ListItem\",\"position\":2,\"name\":\"Governo de Minas conclui primeira etapa de hospital de campanha constru\u00eddo no Expominas\"}]},{\"@type\":\"WebSite\",\"@id\":\"https:\/\/www.federassantas.org.br\/novosite\/#website\",\"url\":\"https:\/\/www.federassantas.org.br\/novosite\/\",\"name\":\"Federassantas\",\"description\":\"Fed. das Santas Casas e Hospitais Filantr\u00f3picos de MG\",\"publisher\":{\"@id\":\"https:\/\/www.federassantas.org.br\/novosite\/#organization\"},\"potentialAction\":[{\"@type\":\"SearchAction\",\"target\":{\"@type\":\"EntryPoint\",\"urlTemplate\":\"https:\/\/www.federassantas.org.br\/novosite\/?s={search_term_string}\"},\"query-input\":{\"@type\":\"PropertyValueSpecification\",\"valueRequired\":true,\"valueName\":\"search_term_string\"}}],\"inLanguage\":\"pt-BR\"},{\"@type\":\"Organization\",\"@id\":\"https:\/\/www.federassantas.org.br\/novosite\/#organization\",\"name\":\"Federassantas\",\"url\":\"https:\/\/www.federassantas.org.br\/novosite\/\",\"logo\":{\"@type\":\"ImageObject\",\"inLanguage\":\"pt-BR\",\"@id\":\"https:\/\/www.federassantas.org.br\/novosite\/#\/schema\/logo\/image\/\",\"url\":\"https:\/\/www.federassantas.org.br\/novosite\/wp-content\/uploads\/2021\/12\/logo.png\",\"contentUrl\":\"https:\/\/www.federassantas.org.br\/novosite\/wp-content\/uploads\/2021\/12\/logo.png\",\"width\":243,\"height\":59,\"caption\":\"Federassantas\"},\"image\":{\"@id\":\"https:\/\/www.federassantas.org.br\/novosite\/#\/schema\/logo\/image\/\"}},{\"@type\":\"Person\",\"@id\":\"https:\/\/www.federassantas.org.br\/novosite\/#\/schema\/person\/75fed98158349313fe56175f232f513c\",\"name\":\"admin-federas\",\"image\":{\"@type\":\"ImageObject\",\"inLanguage\":\"pt-BR\",\"@id\":\"https:\/\/www.federassantas.org.br\/novosite\/#\/schema\/person\/image\/\",\"url\":\"https:\/\/secure.gravatar.com\/avatar\/2a02d7dda59fe8dc6b7ffd3f652e2efede5ccf0dd89dfdc8137c5517f3de8407?s=96&d=mm&r=g\",\"contentUrl\":\"https:\/\/secure.gravatar.com\/avatar\/2a02d7dda59fe8dc6b7ffd3f652e2efede5ccf0dd89dfdc8137c5517f3de8407?s=96&d=mm&r=g\",\"caption\":\"admin-federas\"},\"sameAs\":[\"https:\/\/www.federassantas.org.br\/novosite\/\"],\"url\":\"https:\/\/www.federassantas.org.br\/novosite\/author\/admin-federas\/\"}]}<\/script>\n<!-- \/ Yoast SEO plugin. -->","yoast_head_json":{"title":"Governo de Minas conclui primeira etapa de hospital de campanha constru\u00eddo no Expominas - Federassantas","robots":{"index":"index","follow":"follow","max-snippet":"max-snippet:-1","max-image-preview":"max-image-preview:large","max-video-preview":"max-video-preview:-1"},"canonical":"https:\/\/www.federassantas.org.br\/novosite\/governo-de-minas-conclui-primeira-etapa-de-hospital-de-campanha-construido-no-expominas\/","og_locale":"pt_BR","og_type":"article","og_title":"Governo de Minas conclui primeira etapa de hospital de campanha constru\u00eddo no Expominas - Federassantas","og_description":"Foi conclu\u00edda nesta sexta-feira (3\/4) a primeira etapa da constru\u00e7\u00e3o do\u00a0hospital de campanha no Expominas, em Belo Horizonte. A a\u00e7\u00e3o \u00e9 uma das iniciativas do Governo de Minas no enfrentamento ao coronav\u00edrus, se antecipando \u00e0s necessidades que possam surgir com a pandemia do Covid-19. A primeira parte do processo foi destinada \u00e0 montagem da estrutura [&hellip;]","og_url":"https:\/\/www.federassantas.org.br\/novosite\/governo-de-minas-conclui-primeira-etapa-de-hospital-de-campanha-construido-no-expominas\/","og_site_name":"Federassantas","article_published_time":"2020-04-03T19:38:33+00:00","author":"admin-federas","twitter_card":"summary_large_image","twitter_misc":{"Escrito por":"admin-federas","Est. tempo de leitura":"3 minutos"},"schema":{"@context":"https:\/\/schema.org","@graph":[{"@type":"Article","@id":"https:\/\/www.federassantas.org.br\/novosite\/governo-de-minas-conclui-primeira-etapa-de-hospital-de-campanha-construido-no-expominas\/#article","isPartOf":{"@id":"https:\/\/www.federassantas.org.br\/novosite\/governo-de-minas-conclui-primeira-etapa-de-hospital-de-campanha-construido-no-expominas\/"},"author":{"name":"admin-federas","@id":"https:\/\/www.federassantas.org.br\/novosite\/#\/schema\/person\/75fed98158349313fe56175f232f513c"},"headline":"Governo de Minas conclui primeira etapa de hospital de campanha constru\u00eddo no Expominas","datePublished":"2020-04-03T19:38:33+00:00","mainEntityOfPage":{"@id":"https:\/\/www.federassantas.org.br\/novosite\/governo-de-minas-conclui-primeira-etapa-de-hospital-de-campanha-construido-no-expominas\/"},"wordCount":526,"commentCount":0,"publisher":{"@id":"https:\/\/www.federassantas.org.br\/novosite\/#organization"},"image":{"@id":"https:\/\/www.federassantas.org.br\/novosite\/governo-de-minas-conclui-primeira-etapa-de-hospital-de-campanha-construido-no-expominas\/#primaryimage"},"thumbnailUrl":"","articleSection":["Not\u00edcias"],"inLanguage":"pt-BR","potentialAction":[{"@type":"CommentAction","name":"Comment","target":["https:\/\/www.federassantas.org.br\/novosite\/governo-de-minas-conclui-primeira-etapa-de-hospital-de-campanha-construido-no-expominas\/#respond"]}]},{"@type":"WebPage","@id":"https:\/\/www.federassantas.org.br\/novosite\/governo-de-minas-conclui-primeira-etapa-de-hospital-de-campanha-construido-no-expominas\/","url":"https:\/\/www.federassantas.org.br\/novosite\/governo-de-minas-conclui-primeira-etapa-de-hospital-de-campanha-construido-no-expominas\/","name":"Governo de Minas conclui primeira etapa de hospital de campanha constru\u00eddo no Expominas - Federassantas","isPartOf":{"@id":"https:\/\/www.federassantas.org.br\/novosite\/#website"},"primaryImageOfPage":{"@id":"https:\/\/www.federassantas.org.br\/novosite\/governo-de-minas-conclui-primeira-etapa-de-hospital-de-campanha-construido-no-expominas\/#primaryimage"},"image":{"@id":"https:\/\/www.federassantas.org.br\/novosite\/governo-de-minas-conclui-primeira-etapa-de-hospital-de-campanha-construido-no-expominas\/#primaryimage"},"thumbnailUrl":"","datePublished":"2020-04-03T19:38:33+00:00","breadcrumb":{"@id":"https:\/\/www.federassantas.org.br\/novosite\/governo-de-minas-conclui-primeira-etapa-de-hospital-de-campanha-construido-no-expominas\/#breadcrumb"},"inLanguage":"pt-BR","potentialAction":[{"@type":"ReadAction","target":["https:\/\/www.federassantas.org.br\/novosite\/governo-de-minas-conclui-primeira-etapa-de-hospital-de-campanha-construido-no-expominas\/"]}]},{"@type":"ImageObject","inLanguage":"pt-BR","@id":"https:\/\/www.federassantas.org.br\/novosite\/governo-de-minas-conclui-primeira-etapa-de-hospital-de-campanha-construido-no-expominas\/#primaryimage","url":"","contentUrl":""},{"@type":"BreadcrumbList","@id":"https:\/\/www.federassantas.org.br\/novosite\/governo-de-minas-conclui-primeira-etapa-de-hospital-de-campanha-construido-no-expominas\/#breadcrumb","itemListElement":[{"@type":"ListItem","position":1,"name":"In\u00edcio","item":"https:\/\/www.federassantas.org.br\/novosite\/"},{"@type":"ListItem","position":2,"name":"Governo de Minas conclui primeira etapa de hospital de campanha constru\u00eddo no Expominas"}]},{"@type":"WebSite","@id":"https:\/\/www.federassantas.org.br\/novosite\/#website","url":"https:\/\/www.federassantas.org.br\/novosite\/","name":"Federassantas","description":"Fed. das Santas Casas e Hospitais Filantr\u00f3picos de MG","publisher":{"@id":"https:\/\/www.federassantas.org.br\/novosite\/#organization"},"potentialAction":[{"@type":"SearchAction","target":{"@type":"EntryPoint","urlTemplate":"https:\/\/www.federassantas.org.br\/novosite\/?s={search_term_string}"},"query-input":{"@type":"PropertyValueSpecification","valueRequired":true,"valueName":"search_term_string"}}],"inLanguage":"pt-BR"},{"@type":"Organization","@id":"https:\/\/www.federassantas.org.br\/novosite\/#organization","name":"Federassantas","url":"https:\/\/www.federassantas.org.br\/novosite\/","logo":{"@type":"ImageObject","inLanguage":"pt-BR","@id":"https:\/\/www.federassantas.org.br\/novosite\/#\/schema\/logo\/image\/","url":"https:\/\/www.federassantas.org.br\/novosite\/wp-content\/uploads\/2021\/12\/logo.png","contentUrl":"https:\/\/www.federassantas.org.br\/novosite\/wp-content\/uploads\/2021\/12\/logo.png","width":243,"height":59,"caption":"Federassantas"},"image":{"@id":"https:\/\/www.federassantas.org.br\/novosite\/#\/schema\/logo\/image\/"}},{"@type":"Person","@id":"https:\/\/www.federassantas.org.br\/novosite\/#\/schema\/person\/75fed98158349313fe56175f232f513c","name":"admin-federas","image":{"@type":"ImageObject","inLanguage":"pt-BR","@id":"https:\/\/www.federassantas.org.br\/novosite\/#\/schema\/person\/image\/","url":"https:\/\/secure.gravatar.com\/avatar\/2a02d7dda59fe8dc6b7ffd3f652e2efede5ccf0dd89dfdc8137c5517f3de8407?s=96&d=mm&r=g","contentUrl":"https:\/\/secure.gravatar.com\/avatar\/2a02d7dda59fe8dc6b7ffd3f652e2efede5ccf0dd89dfdc8137c5517f3de8407?s=96&d=mm&r=g","caption":"admin-federas"},"sameAs":["https:\/\/www.federassantas.org.br\/novosite\/"],"url":"https:\/\/www.federassantas.org.br\/novosite\/author\/admin-federas\/"}]}},"_links":{"self":[{"href":"https:\/\/www.federassantas.org.br\/novosite\/wp-json\/wp\/v2\/posts\/18308","targetHints":{"allow":["GET"]}}],"collection":[{"href":"https:\/\/www.federassantas.org.br\/novosite\/wp-json\/wp\/v2\/posts"}],"about":[{"href":"https:\/\/www.federassantas.org.br\/novosite\/wp-json\/wp\/v2\/types\/post"}],"author":[{"embeddable":true,"href":"https:\/\/www.federassantas.org.br\/novosite\/wp-json\/wp\/v2\/users\/1"}],"replies":[{"embeddable":true,"href":"https:\/\/www.federassantas.org.br\/novosite\/wp-json\/wp\/v2\/comments?post=18308"}],"version-history":[{"count":0,"href":"https:\/\/www.federassantas.org.br\/novosite\/wp-json\/wp\/v2\/posts\/18308\/revisions"}],"wp:featuredmedia":[{"embeddable":true,"href":"https:\/\/www.federassantas.org.br\/novosite\/wp-json\/"}],"wp:attachment":[{"href":"https:\/\/www.federassantas.org.br\/novosite\/wp-json\/wp\/v2\/media?parent=18308"}],"wp:term":[{"taxonomy":"category","embeddable":true,"href":"https:\/\/www.federassantas.org.br\/novosite\/wp-json\/wp\/v2\/categories?post=18308"},{"taxonomy":"post_tag","embeddable":true,"href":"https:\/\/www.federassantas.org.br\/novosite\/wp-json\/wp\/v2\/tags?post=18308"}],"curies":[{"name":"wp","href":"https:\/\/api.w.org\/{rel}","templated":true}]}}