{"id":18338,"date":"2020-04-07T15:01:35","date_gmt":"2020-04-07T18:01:35","guid":{"rendered":"https:\/\/federasbackup.meltcomunicacao.com.br\/?p=18338"},"modified":"2020-04-07T15:01:35","modified_gmt":"2020-04-07T18:01:35","slug":"secretario-reforca-medidas-de-enfrentamento-do-covid-19-em-minas","status":"publish","type":"post","link":"https:\/\/www.federassantas.org.br\/novosite\/secretario-reforca-medidas-de-enfrentamento-do-covid-19-em-minas\/","title":{"rendered":"Secret\u00e1rio refor\u00e7a medidas de enfrentamento do COVID-19 em Minas"},"content":{"rendered":"<p style=\"text-align: justify;\">O secret\u00e1rio de Estado de Sa\u00fade de Minas Gerais, Carlos Eduardo Amaral, analisou os n\u00fameros referentes aos casos de Covid-19 no territ\u00f3rio estadual. Acompanhado do secret\u00e1rio de Estado de Sa\u00fade Adjunto, Marcelo Cabral e do subsecret\u00e1rio de Vigil\u00e2ncia em Sa\u00fade, Dario Brock Ramalho, o gestor concedeu entrevista coletiva on-line,\u00a0\u00a0na tarde desta segunda-feira (06\/04), na Cidade Administrativa, em Belo Horizonte. Segundo boletim epidemiol\u00f3gico publicado na manh\u00e3 desta segunda, Minas Gerais registra, at\u00e9 o momento, 47.715 casos suspeitos para Covid-19 e 525 casos confirmados. Cento e dezenove (119) \u00f3bitos est\u00e3o em investiga\u00e7\u00e3o e nove (9) \u00f3bitos foram confirmados. Al\u00e9m de discorrer sobre os n\u00fameros, Amaral ressaltou a import\u00e2ncia da continuidade das medidas de distanciamento social implementadas pelo Estado.<\/p>\n<p style=\"text-align: justify;\"><strong>Credenciamento de UTI<\/strong><\/p>\n<p style=\"text-align: justify;\">Em fun\u00e7\u00e3o da pandemia ocasionada pelo novo coronav\u00edrus humano (Covid-19), a Secretaria de Estado de Sa\u00fade de Minas Gerais (SES-MG) publicou, no \u00faltimo s\u00e1bado (04\/04), edital que visa a sele\u00e7\u00e3o e a contrata\u00e7\u00e3o de prestadores de servi\u00e7os na \u00e1rea de sa\u00fade. Seus itens e cl\u00e1usulas estabelecem, entre outras defini\u00e7\u00f5es, o credenciamento e contrata\u00e7\u00e3o excepcional de 2000 leitos de UTI Adulto e Pedi\u00e1trico (estimativa), por at\u00e9 90 dias (per\u00edodo prorrog\u00e1vel), para a interna\u00e7\u00e3o de pacientes acometidos com o Covid-19.\u00a0\u00a0O or\u00e7amento inicial \u00e9 de R$ 54.000.000,00 milh\u00f5es, oriundos do Tesouro Estadual e a vig\u00eancia do edital de 3 meses, prorrog\u00e1vel conforme a necessidade.<\/p>\n<p style=\"text-align: justify;\">S\u00e3o eleg\u00edveis todos os prestadores de servi\u00e7os de sa\u00fade no \u00e2mbito do estado (p\u00fablicos e privados, SUS e N\u00e3o SUS), que possuem leitos de UTI em condi\u00e7\u00f5es t\u00e9cnico-operacionais e de recursos humanos para ofertar o atendimento \u00e0 popula\u00e7\u00e3o, conforme regras da Gest\u00e3o do SUS\/MG e regras do referido edital. A SES-MG esclarece que ap\u00f3s julgamentos das solicita\u00e7\u00f5es de credenciamento, os resultados ser\u00e3o publicados, periodicamente, por meio da Imprensa Oficial do Estado de Minas Gerais (IOF\/MG).<\/p>\n<p style=\"text-align: justify;\"><strong>Ventiladores pulmonares<\/strong><\/p>\n<p style=\"text-align: justify;\">Carlos Eduardo Amaral tamb\u00e9m destacou que o Estado tem buscado ampliar o n\u00famero de ventiladores pulmonares dispon\u00edvel, por meio de medidas como compra desses equipamentos, bem como a capta\u00e7\u00e3o de aparelhos danificados para efetuar reparos e imediata utiliza\u00e7\u00e3o. O gestor explicou, ainda, que a atua\u00e7\u00e3o busca, por um lado, aumentar a oferta desses dispositivos, mas com a aloca\u00e7\u00e3o adequada, sendo disponibilizados em hospitais que cont\u00eam com leitos de UTI. \u201cAs unidades de pequeno porte, que n\u00e3o s\u00e3o dotadas de UTI, ser\u00e3o voltadas ao atendimento dos casos menos graves. Isso porque a aloca\u00e7\u00e3o dos ventiladores depende, al\u00e9m da estrutura f\u00edsica adequada, da exist\u00eancia de recursos humanos treinados a operar esses.<\/p>\n<p style=\"text-align: justify;\"><strong>Testes<\/strong><\/p>\n<p style=\"text-align: justify;\">O subsecret\u00e1rio de Vigil\u00e2ncia em Sa\u00fade, Dario Brock Ramalho, informou que a capacidade de realiza\u00e7\u00e3o de exames de biologia molecular est\u00e1 em amplia\u00e7\u00e3o, com a agrega\u00e7\u00e3o de 19 laborat\u00f3rios \u00e0 rede e comentou sobre poss\u00edvel aumento de n\u00fameros de casos com comprova\u00e7\u00e3o laboratorial nos pr\u00f3ximos dias. \u201cN\u00f3s, de fato, esperamos um aumento, mas n\u00e3o t\u00e3o significativo, pois a maior parte do volume de exames, nessas circunst\u00e2ncias, \u00e9 feita em profissionais de sa\u00fade, de forma que possamos ter condi\u00e7\u00f5es de manejar esses recursos humanos\u201d, avaliou. Ramalho lembrou que os testes r\u00e1pidos enviados pelo Minist\u00e9rio da Sa\u00fade s\u00e3o exames sorol\u00f3gicos, que apontam quando a pessoa j\u00e1 foi infectada e est\u00e1 com anticorpos, tendo outra utilidade. \u201cS\u00e3o importantes para exames de triagem ou acompanhamento de profissionais de atividades essenciais, como sa\u00fade e seguran\u00e7a, por exemplo\u201d.<\/p>\n","protected":false},"excerpt":{"rendered":"<p>O secret\u00e1rio de Estado de Sa\u00fade de Minas Gerais, Carlos Eduardo Amaral, analisou os n\u00fameros referentes aos casos de Covid-19 no territ\u00f3rio estadual. Acompanhado do secret\u00e1rio de Estado de Sa\u00fade Adjunto, Marcelo Cabral e do subsecret\u00e1rio de Vigil\u00e2ncia em Sa\u00fade, Dario Brock Ramalho, o gestor concedeu entrevista coletiva on-line,\u00a0\u00a0na tarde desta segunda-feira (06\/04), na Cidade [&hellip;]<\/p>\n","protected":false},"author":1,"featured_media":18339,"comment_status":"open","ping_status":"open","sticky":false,"template":"","format":"standard","meta":{"footnotes":""},"categories":[140],"tags":[],"class_list":["post-18338","post","type-post","status-publish","format-standard","has-post-thumbnail","hentry","category-noticias"],"yoast_head":"<!-- This site is optimized with the Yoast SEO plugin v26.9 - https:\/\/yoast.com\/product\/yoast-seo-wordpress\/ -->\n<title>Secret\u00e1rio refor\u00e7a medidas de enfrentamento do COVID-19 em Minas - Federassantas<\/title>\n<meta name=\"robots\" content=\"index, follow, max-snippet:-1, max-image-preview:large, max-video-preview:-1\" \/>\n<link rel=\"canonical\" href=\"https:\/\/www.federassantas.org.br\/novosite\/secretario-reforca-medidas-de-enfrentamento-do-covid-19-em-minas\/\" \/>\n<meta property=\"og:locale\" content=\"pt_BR\" \/>\n<meta property=\"og:type\" content=\"article\" \/>\n<meta property=\"og:title\" content=\"Secret\u00e1rio refor\u00e7a medidas de enfrentamento do COVID-19 em Minas - Federassantas\" \/>\n<meta property=\"og:description\" content=\"O secret\u00e1rio de Estado de Sa\u00fade de Minas Gerais, Carlos Eduardo Amaral, analisou os n\u00fameros referentes aos casos de Covid-19 no territ\u00f3rio estadual. Acompanhado do secret\u00e1rio de Estado de Sa\u00fade Adjunto, Marcelo Cabral e do subsecret\u00e1rio de Vigil\u00e2ncia em Sa\u00fade, Dario Brock Ramalho, o gestor concedeu entrevista coletiva on-line,\u00a0\u00a0na tarde desta segunda-feira (06\/04), na Cidade [&hellip;]\" \/>\n<meta property=\"og:url\" content=\"https:\/\/www.federassantas.org.br\/novosite\/secretario-reforca-medidas-de-enfrentamento-do-covid-19-em-minas\/\" \/>\n<meta property=\"og:site_name\" content=\"Federassantas\" \/>\n<meta property=\"article:published_time\" content=\"2020-04-07T18:01:35+00:00\" \/>\n<meta name=\"author\" content=\"admin-federas\" \/>\n<meta name=\"twitter:card\" content=\"summary_large_image\" \/>\n<meta name=\"twitter:label1\" content=\"Escrito por\" \/>\n\t<meta name=\"twitter:data1\" content=\"admin-federas\" \/>\n\t<meta name=\"twitter:label2\" content=\"Est. tempo de leitura\" \/>\n\t<meta name=\"twitter:data2\" content=\"3 minutos\" \/>\n<script type=\"application\/ld+json\" class=\"yoast-schema-graph\">{\"@context\":\"https:\/\/schema.org\",\"@graph\":[{\"@type\":\"Article\",\"@id\":\"https:\/\/www.federassantas.org.br\/novosite\/secretario-reforca-medidas-de-enfrentamento-do-covid-19-em-minas\/#article\",\"isPartOf\":{\"@id\":\"https:\/\/www.federassantas.org.br\/novosite\/secretario-reforca-medidas-de-enfrentamento-do-covid-19-em-minas\/\"},\"author\":{\"name\":\"admin-federas\",\"@id\":\"https:\/\/www.federassantas.org.br\/novosite\/#\/schema\/person\/75fed98158349313fe56175f232f513c\"},\"headline\":\"Secret\u00e1rio refor\u00e7a medidas de enfrentamento do COVID-19 em Minas\",\"datePublished\":\"2020-04-07T18:01:35+00:00\",\"mainEntityOfPage\":{\"@id\":\"https:\/\/www.federassantas.org.br\/novosite\/secretario-reforca-medidas-de-enfrentamento-do-covid-19-em-minas\/\"},\"wordCount\":626,\"commentCount\":0,\"publisher\":{\"@id\":\"https:\/\/www.federassantas.org.br\/novosite\/#organization\"},\"image\":{\"@id\":\"https:\/\/www.federassantas.org.br\/novosite\/secretario-reforca-medidas-de-enfrentamento-do-covid-19-em-minas\/#primaryimage\"},\"thumbnailUrl\":\"\",\"articleSection\":[\"Not\u00edcias\"],\"inLanguage\":\"pt-BR\",\"potentialAction\":[{\"@type\":\"CommentAction\",\"name\":\"Comment\",\"target\":[\"https:\/\/www.federassantas.org.br\/novosite\/secretario-reforca-medidas-de-enfrentamento-do-covid-19-em-minas\/#respond\"]}]},{\"@type\":\"WebPage\",\"@id\":\"https:\/\/www.federassantas.org.br\/novosite\/secretario-reforca-medidas-de-enfrentamento-do-covid-19-em-minas\/\",\"url\":\"https:\/\/www.federassantas.org.br\/novosite\/secretario-reforca-medidas-de-enfrentamento-do-covid-19-em-minas\/\",\"name\":\"Secret\u00e1rio refor\u00e7a medidas de enfrentamento do COVID-19 em Minas - Federassantas\",\"isPartOf\":{\"@id\":\"https:\/\/www.federassantas.org.br\/novosite\/#website\"},\"primaryImageOfPage\":{\"@id\":\"https:\/\/www.federassantas.org.br\/novosite\/secretario-reforca-medidas-de-enfrentamento-do-covid-19-em-minas\/#primaryimage\"},\"image\":{\"@id\":\"https:\/\/www.federassantas.org.br\/novosite\/secretario-reforca-medidas-de-enfrentamento-do-covid-19-em-minas\/#primaryimage\"},\"thumbnailUrl\":\"\",\"datePublished\":\"2020-04-07T18:01:35+00:00\",\"breadcrumb\":{\"@id\":\"https:\/\/www.federassantas.org.br\/novosite\/secretario-reforca-medidas-de-enfrentamento-do-covid-19-em-minas\/#breadcrumb\"},\"inLanguage\":\"pt-BR\",\"potentialAction\":[{\"@type\":\"ReadAction\",\"target\":[\"https:\/\/www.federassantas.org.br\/novosite\/secretario-reforca-medidas-de-enfrentamento-do-covid-19-em-minas\/\"]}]},{\"@type\":\"ImageObject\",\"inLanguage\":\"pt-BR\",\"@id\":\"https:\/\/www.federassantas.org.br\/novosite\/secretario-reforca-medidas-de-enfrentamento-do-covid-19-em-minas\/#primaryimage\",\"url\":\"\",\"contentUrl\":\"\"},{\"@type\":\"BreadcrumbList\",\"@id\":\"https:\/\/www.federassantas.org.br\/novosite\/secretario-reforca-medidas-de-enfrentamento-do-covid-19-em-minas\/#breadcrumb\",\"itemListElement\":[{\"@type\":\"ListItem\",\"position\":1,\"name\":\"In\u00edcio\",\"item\":\"https:\/\/www.federassantas.org.br\/novosite\/\"},{\"@type\":\"ListItem\",\"position\":2,\"name\":\"Secret\u00e1rio refor\u00e7a medidas de enfrentamento do COVID-19 em Minas\"}]},{\"@type\":\"WebSite\",\"@id\":\"https:\/\/www.federassantas.org.br\/novosite\/#website\",\"url\":\"https:\/\/www.federassantas.org.br\/novosite\/\",\"name\":\"Federassantas\",\"description\":\"Fed. das Santas Casas e Hospitais Filantr\u00f3picos de MG\",\"publisher\":{\"@id\":\"https:\/\/www.federassantas.org.br\/novosite\/#organization\"},\"potentialAction\":[{\"@type\":\"SearchAction\",\"target\":{\"@type\":\"EntryPoint\",\"urlTemplate\":\"https:\/\/www.federassantas.org.br\/novosite\/?s={search_term_string}\"},\"query-input\":{\"@type\":\"PropertyValueSpecification\",\"valueRequired\":true,\"valueName\":\"search_term_string\"}}],\"inLanguage\":\"pt-BR\"},{\"@type\":\"Organization\",\"@id\":\"https:\/\/www.federassantas.org.br\/novosite\/#organization\",\"name\":\"Federassantas\",\"url\":\"https:\/\/www.federassantas.org.br\/novosite\/\",\"logo\":{\"@type\":\"ImageObject\",\"inLanguage\":\"pt-BR\",\"@id\":\"https:\/\/www.federassantas.org.br\/novosite\/#\/schema\/logo\/image\/\",\"url\":\"https:\/\/www.federassantas.org.br\/novosite\/wp-content\/uploads\/2021\/12\/logo.png\",\"contentUrl\":\"https:\/\/www.federassantas.org.br\/novosite\/wp-content\/uploads\/2021\/12\/logo.png\",\"width\":243,\"height\":59,\"caption\":\"Federassantas\"},\"image\":{\"@id\":\"https:\/\/www.federassantas.org.br\/novosite\/#\/schema\/logo\/image\/\"}},{\"@type\":\"Person\",\"@id\":\"https:\/\/www.federassantas.org.br\/novosite\/#\/schema\/person\/75fed98158349313fe56175f232f513c\",\"name\":\"admin-federas\",\"image\":{\"@type\":\"ImageObject\",\"inLanguage\":\"pt-BR\",\"@id\":\"https:\/\/www.federassantas.org.br\/novosite\/#\/schema\/person\/image\/\",\"url\":\"https:\/\/secure.gravatar.com\/avatar\/2a02d7dda59fe8dc6b7ffd3f652e2efede5ccf0dd89dfdc8137c5517f3de8407?s=96&d=mm&r=g\",\"contentUrl\":\"https:\/\/secure.gravatar.com\/avatar\/2a02d7dda59fe8dc6b7ffd3f652e2efede5ccf0dd89dfdc8137c5517f3de8407?s=96&d=mm&r=g\",\"caption\":\"admin-federas\"},\"sameAs\":[\"https:\/\/www.federassantas.org.br\/novosite\/\"],\"url\":\"https:\/\/www.federassantas.org.br\/novosite\/author\/admin-federas\/\"}]}<\/script>\n<!-- \/ Yoast SEO plugin. -->","yoast_head_json":{"title":"Secret\u00e1rio refor\u00e7a medidas de enfrentamento do COVID-19 em Minas - Federassantas","robots":{"index":"index","follow":"follow","max-snippet":"max-snippet:-1","max-image-preview":"max-image-preview:large","max-video-preview":"max-video-preview:-1"},"canonical":"https:\/\/www.federassantas.org.br\/novosite\/secretario-reforca-medidas-de-enfrentamento-do-covid-19-em-minas\/","og_locale":"pt_BR","og_type":"article","og_title":"Secret\u00e1rio refor\u00e7a medidas de enfrentamento do COVID-19 em Minas - Federassantas","og_description":"O secret\u00e1rio de Estado de Sa\u00fade de Minas Gerais, Carlos Eduardo Amaral, analisou os n\u00fameros referentes aos casos de Covid-19 no territ\u00f3rio estadual. Acompanhado do secret\u00e1rio de Estado de Sa\u00fade Adjunto, Marcelo Cabral e do subsecret\u00e1rio de Vigil\u00e2ncia em Sa\u00fade, Dario Brock Ramalho, o gestor concedeu entrevista coletiva on-line,\u00a0\u00a0na tarde desta segunda-feira (06\/04), na Cidade [&hellip;]","og_url":"https:\/\/www.federassantas.org.br\/novosite\/secretario-reforca-medidas-de-enfrentamento-do-covid-19-em-minas\/","og_site_name":"Federassantas","article_published_time":"2020-04-07T18:01:35+00:00","author":"admin-federas","twitter_card":"summary_large_image","twitter_misc":{"Escrito por":"admin-federas","Est. tempo de leitura":"3 minutos"},"schema":{"@context":"https:\/\/schema.org","@graph":[{"@type":"Article","@id":"https:\/\/www.federassantas.org.br\/novosite\/secretario-reforca-medidas-de-enfrentamento-do-covid-19-em-minas\/#article","isPartOf":{"@id":"https:\/\/www.federassantas.org.br\/novosite\/secretario-reforca-medidas-de-enfrentamento-do-covid-19-em-minas\/"},"author":{"name":"admin-federas","@id":"https:\/\/www.federassantas.org.br\/novosite\/#\/schema\/person\/75fed98158349313fe56175f232f513c"},"headline":"Secret\u00e1rio refor\u00e7a medidas de enfrentamento do COVID-19 em Minas","datePublished":"2020-04-07T18:01:35+00:00","mainEntityOfPage":{"@id":"https:\/\/www.federassantas.org.br\/novosite\/secretario-reforca-medidas-de-enfrentamento-do-covid-19-em-minas\/"},"wordCount":626,"commentCount":0,"publisher":{"@id":"https:\/\/www.federassantas.org.br\/novosite\/#organization"},"image":{"@id":"https:\/\/www.federassantas.org.br\/novosite\/secretario-reforca-medidas-de-enfrentamento-do-covid-19-em-minas\/#primaryimage"},"thumbnailUrl":"","articleSection":["Not\u00edcias"],"inLanguage":"pt-BR","potentialAction":[{"@type":"CommentAction","name":"Comment","target":["https:\/\/www.federassantas.org.br\/novosite\/secretario-reforca-medidas-de-enfrentamento-do-covid-19-em-minas\/#respond"]}]},{"@type":"WebPage","@id":"https:\/\/www.federassantas.org.br\/novosite\/secretario-reforca-medidas-de-enfrentamento-do-covid-19-em-minas\/","url":"https:\/\/www.federassantas.org.br\/novosite\/secretario-reforca-medidas-de-enfrentamento-do-covid-19-em-minas\/","name":"Secret\u00e1rio refor\u00e7a medidas de enfrentamento do COVID-19 em Minas - Federassantas","isPartOf":{"@id":"https:\/\/www.federassantas.org.br\/novosite\/#website"},"primaryImageOfPage":{"@id":"https:\/\/www.federassantas.org.br\/novosite\/secretario-reforca-medidas-de-enfrentamento-do-covid-19-em-minas\/#primaryimage"},"image":{"@id":"https:\/\/www.federassantas.org.br\/novosite\/secretario-reforca-medidas-de-enfrentamento-do-covid-19-em-minas\/#primaryimage"},"thumbnailUrl":"","datePublished":"2020-04-07T18:01:35+00:00","breadcrumb":{"@id":"https:\/\/www.federassantas.org.br\/novosite\/secretario-reforca-medidas-de-enfrentamento-do-covid-19-em-minas\/#breadcrumb"},"inLanguage":"pt-BR","potentialAction":[{"@type":"ReadAction","target":["https:\/\/www.federassantas.org.br\/novosite\/secretario-reforca-medidas-de-enfrentamento-do-covid-19-em-minas\/"]}]},{"@type":"ImageObject","inLanguage":"pt-BR","@id":"https:\/\/www.federassantas.org.br\/novosite\/secretario-reforca-medidas-de-enfrentamento-do-covid-19-em-minas\/#primaryimage","url":"","contentUrl":""},{"@type":"BreadcrumbList","@id":"https:\/\/www.federassantas.org.br\/novosite\/secretario-reforca-medidas-de-enfrentamento-do-covid-19-em-minas\/#breadcrumb","itemListElement":[{"@type":"ListItem","position":1,"name":"In\u00edcio","item":"https:\/\/www.federassantas.org.br\/novosite\/"},{"@type":"ListItem","position":2,"name":"Secret\u00e1rio refor\u00e7a medidas de enfrentamento do COVID-19 em Minas"}]},{"@type":"WebSite","@id":"https:\/\/www.federassantas.org.br\/novosite\/#website","url":"https:\/\/www.federassantas.org.br\/novosite\/","name":"Federassantas","description":"Fed. das Santas Casas e Hospitais Filantr\u00f3picos de MG","publisher":{"@id":"https:\/\/www.federassantas.org.br\/novosite\/#organization"},"potentialAction":[{"@type":"SearchAction","target":{"@type":"EntryPoint","urlTemplate":"https:\/\/www.federassantas.org.br\/novosite\/?s={search_term_string}"},"query-input":{"@type":"PropertyValueSpecification","valueRequired":true,"valueName":"search_term_string"}}],"inLanguage":"pt-BR"},{"@type":"Organization","@id":"https:\/\/www.federassantas.org.br\/novosite\/#organization","name":"Federassantas","url":"https:\/\/www.federassantas.org.br\/novosite\/","logo":{"@type":"ImageObject","inLanguage":"pt-BR","@id":"https:\/\/www.federassantas.org.br\/novosite\/#\/schema\/logo\/image\/","url":"https:\/\/www.federassantas.org.br\/novosite\/wp-content\/uploads\/2021\/12\/logo.png","contentUrl":"https:\/\/www.federassantas.org.br\/novosite\/wp-content\/uploads\/2021\/12\/logo.png","width":243,"height":59,"caption":"Federassantas"},"image":{"@id":"https:\/\/www.federassantas.org.br\/novosite\/#\/schema\/logo\/image\/"}},{"@type":"Person","@id":"https:\/\/www.federassantas.org.br\/novosite\/#\/schema\/person\/75fed98158349313fe56175f232f513c","name":"admin-federas","image":{"@type":"ImageObject","inLanguage":"pt-BR","@id":"https:\/\/www.federassantas.org.br\/novosite\/#\/schema\/person\/image\/","url":"https:\/\/secure.gravatar.com\/avatar\/2a02d7dda59fe8dc6b7ffd3f652e2efede5ccf0dd89dfdc8137c5517f3de8407?s=96&d=mm&r=g","contentUrl":"https:\/\/secure.gravatar.com\/avatar\/2a02d7dda59fe8dc6b7ffd3f652e2efede5ccf0dd89dfdc8137c5517f3de8407?s=96&d=mm&r=g","caption":"admin-federas"},"sameAs":["https:\/\/www.federassantas.org.br\/novosite\/"],"url":"https:\/\/www.federassantas.org.br\/novosite\/author\/admin-federas\/"}]}},"_links":{"self":[{"href":"https:\/\/www.federassantas.org.br\/novosite\/wp-json\/wp\/v2\/posts\/18338","targetHints":{"allow":["GET"]}}],"collection":[{"href":"https:\/\/www.federassantas.org.br\/novosite\/wp-json\/wp\/v2\/posts"}],"about":[{"href":"https:\/\/www.federassantas.org.br\/novosite\/wp-json\/wp\/v2\/types\/post"}],"author":[{"embeddable":true,"href":"https:\/\/www.federassantas.org.br\/novosite\/wp-json\/wp\/v2\/users\/1"}],"replies":[{"embeddable":true,"href":"https:\/\/www.federassantas.org.br\/novosite\/wp-json\/wp\/v2\/comments?post=18338"}],"version-history":[{"count":0,"href":"https:\/\/www.federassantas.org.br\/novosite\/wp-json\/wp\/v2\/posts\/18338\/revisions"}],"wp:featuredmedia":[{"embeddable":true,"href":"https:\/\/www.federassantas.org.br\/novosite\/wp-json\/"}],"wp:attachment":[{"href":"https:\/\/www.federassantas.org.br\/novosite\/wp-json\/wp\/v2\/media?parent=18338"}],"wp:term":[{"taxonomy":"category","embeddable":true,"href":"https:\/\/www.federassantas.org.br\/novosite\/wp-json\/wp\/v2\/categories?post=18338"},{"taxonomy":"post_tag","embeddable":true,"href":"https:\/\/www.federassantas.org.br\/novosite\/wp-json\/wp\/v2\/tags?post=18338"}],"curies":[{"name":"wp","href":"https:\/\/api.w.org\/{rel}","templated":true}]}}