{"id":18358,"date":"2020-04-09T11:54:09","date_gmt":"2020-04-09T14:54:09","guid":{"rendered":"https:\/\/federasbackup.meltcomunicacao.com.br\/?p=18358"},"modified":"2020-04-09T11:54:09","modified_gmt":"2020-04-09T14:54:09","slug":"profissionais-da-saude-recebem-cartas-de-agradecimento","status":"publish","type":"post","link":"https:\/\/www.federassantas.org.br\/novosite\/profissionais-da-saude-recebem-cartas-de-agradecimento\/","title":{"rendered":"Profissionais da sa\u00fade recebem cartas de agradecimento"},"content":{"rendered":"<p style=\"text-align: justify;\">Profissionais de sa\u00fade que trabalham nos hospitais filantr\u00f3picos de Minas t\u00eam recebido, nas \u00faltimas semanas, cartas e mensagens de carinho para agradecer e homenagear estes profissionais que est\u00e3o na linha de frente do atendimento aos pacientes com coronav\u00edrus.<\/p>\n<p style=\"text-align: justify;\">As cartas foram escritas por alunos de diversas escolas e entregue \u00e0 todos os profissionais que n\u00e3o podem ficar em casa durante este per\u00edodo de isolamento social.<\/p>\n<p style=\"text-align: justify;\">Al\u00e9m de m\u00e9dicos e enfermeiros, profissionais de seguran\u00e7a, administrativo, limpeza, cozinha, dentre outros, tamb\u00e9m receberam as cartas, pois tamb\u00e9m s\u00e3o essenciais para a execu\u00e7\u00e3o dos servi\u00e7os nas institui\u00e7\u00f5es hospitalares.<\/p>\n<p style=\"text-align: justify;\">Confira algumas a\u00e7\u00f5es realizadas nos hospitais:<\/p>\n<p><strong>SANTA CASA BH<\/strong><\/p>\n<p style=\"text-align: justify;\"><span class=\"style-scope yt-formatted-string\" dir=\"auto\">Na Santa Casa de Belo Horizonte, profissionais da sa\u00fade que est\u00e3o na linha de frente do enfrentamento ao novo c<\/span>oronav\u00edrus<span class=\"style-scope yt-formatted-string\" dir=\"auto\"> receberam uma homenagem especial dos alunos do ensino fundamental do Col\u00e9gio Logos\u00f3fico: uma cartinha repleta de amor e afeto. Um incentivo e tanto em forma de <\/span>homenagem<span class=\"style-scope yt-formatted-string\" dir=\"auto\"> para que eles continuem trabalhando para cuidar da nossa sa\u00fade. Confira no v\u00eddeo!<\/span><\/p>\n<p><iframe title=\"#Homenagem Profissionais da Santa Casa BH recebem cartinhas de alunos\" width=\"800\" height=\"450\" src=\"https:\/\/www.youtube.com\/embed\/UjF3CSYUL6Q?feature=oembed\" frameborder=\"0\" allow=\"accelerometer; autoplay; clipboard-write; encrypted-media; gyroscope; picture-in-picture\" allowfullscreen><\/iframe><\/p>\n<p>&nbsp;<\/p>\n<p><strong>HOSPITAL AROLDO TOURINHO &#8211; Montes Claros\u00a0<\/strong><\/p>\n<p style=\"text-align: justify;\">No Hospital Aroldo Tourinho, de Montes Claros, os profissionais receberam na tarde do dia 08\/04, cartinhas escritas pelos alunos da Escola Adventista. A iniciativa emocionou m\u00e9dicos, enfermeiros e outros colaborares assistenciais. Foram cerca de 70 cartas recebidas, como forma de\u00a0homenagear e agradecer os profissionais que est\u00e3o na luta contra o coronav\u00edrus.<\/p>\n<p><iframe title=\"CARTA AOS PROFISSIONAIS DE SA\u00daDE DO HOSPITAL AROLDO TOURINHO\" width=\"800\" height=\"450\" src=\"https:\/\/www.youtube.com\/embed\/lEGmIAhRHMI?feature=oembed\" frameborder=\"0\" allow=\"accelerometer; autoplay; clipboard-write; encrypted-media; gyroscope; picture-in-picture\" allowfullscreen><\/iframe><\/p>\n<p>&nbsp;<\/p>\n<p><strong>SANTA CASA DE MONTES CLAROS<\/strong><\/p>\n<p style=\"text-align: justify;\">Profissionais de sa\u00fade da Santa Casa Montes Claros, foram surpreendidos na manh\u00e3 desta quarta-feira (8)\/04, com a entrega de cartinhas escritas por alunos do 6\u00ba ao 9\u00ba ano, da Escola Adventista. De acordo com a diretora Cristina Neiva, a iniciativa foi uma forma de homenagear e agradecer todos os profissionais de sa\u00fade do munic\u00edpio que est\u00e3o na linha de frente de combate ao coronav\u00edrus. &#8220;As cartas s\u00e3o simples, espont\u00e2neas, mas s\u00e3o cartas que foram feitas por crian\u00e7as, de dez a treze anos, de cora\u00e7\u00e3o. S\u00f3 temos a agradecer o empenho de todos os profissionais&#8221;, disse.<\/p>\n<p>O professor de portugu\u00eas Eliel Nunes complementou, ressaltando que &#8220;o mais importante no gesto foi a simplicidade e a originalidade de cada um deles ao escrever. A gratid\u00e3o que eles est\u00e3o tendo e a preocupa\u00e7\u00e3o deles em rela\u00e7\u00e3o aos profissionais. Deixo aqui o nosso sincero agradecimento e esperamos que a a\u00e7\u00e3o possa atingir o seu objetivo&#8221;, concluiu.<\/p>\n<p>As enfermeiras Shirley Alc\u00e2ntara e Naiara Vilasboas, que atuam no Pronto Socorro e Pronto Atendimento, respectivamente, receberam as cartinhas representando os colaboradores do hospital. &#8220;Foi extremamente gratificante receber esse carinho e reconhecimento. Foi muito acalentador. Com toda certeza nos d\u00e1 mais \u00e2nimo para continuarmos na linha de frente&#8221;, afirmou Shirley. A enfermeira Naiara agradeceu e disse que &#8220;fiquei muito emocionada, pois isso \u00e9 um incentivo pra gente que est\u00e1 linha de frente. Meu sentimento \u00e9 de gratid\u00e3o&#8221;.<\/p>\n<p>Ao todo, a Santa Casa de Montes Claros recebeu o total de 80 cartinhas. Al\u00e9m disso, a Escola Adventista tamb\u00e9m doou 80 livros para serem distribu\u00eddos entre os colaboradores. Para o superintendente do hospital, Maur\u00edcio S\u00e9rgio, a iniciativa \u00e9 como um combust\u00edvel para todos que est\u00e3o na linha de frente. &#8220;Saber que s\u00e3o palavras que sa\u00edram do cora\u00e7\u00e3o de crian\u00e7as, deixa a todos muito emocionados. Nossa proposta \u00e9 cuidar da popula\u00e7\u00e3o como um todo e a Santa Casa estar\u00e1 sempre presente para cumprir sua miss\u00e3o, que \u00e9 salvar vidas. Muito obrigado&#8221;, disse.<\/p>\n<p><img fetchpriority=\"high\" decoding=\"async\" class=\"alignnone wp-image-18360\" src=\"http:\/\/federasbackup.meltcomunicacao.com.br\/wp-content\/uploads\/2020\/04\/diretora-1-300x200.jpg\" alt=\"\" width=\"454\" height=\"302\" \/>\u00a0\u00a0 <img decoding=\"async\" class=\"alignnone size-medium wp-image-18359\" src=\"http:\/\/federasbackup.meltcomunicacao.com.br\/wp-content\/uploads\/2020\/04\/car-183x300.jpg\" alt=\"\" width=\"183\" height=\"300\" \/><\/p>\n<p><em>*Com informa\u00e7\u00f5es das assessorias de comunica\u00e7\u00e3o dos hospitais Santa Casa BH, Aroldo Tourinho e Santa Casa de Montes Claros<\/em><\/p>\n<div>\n<div>\n<div dir=\"ltr\" data-smartmail=\"gmail_signature\">\n<div dir=\"ltr\">\n<div>\n<div dir=\"ltr\">\n<div>\n<div dir=\"ltr\">\n<div>\n<div dir=\"ltr\">\n<div>\n<div dir=\"ltr\">\n<div>\n<div dir=\"ltr\">\n<div>\n<div dir=\"ltr\">\n<div>\n<div dir=\"ltr\">\n<div>\n<div dir=\"ltr\">\n<div>\n<div dir=\"ltr\">\n<div>\n<div>\n<div dir=\"ltr\">\n<div>\n<div dir=\"ltr\" style=\"text-align: justify;\"><\/div>\n<\/div>\n<\/div>\n<\/div>\n<\/div>\n<\/div>\n<\/div>\n<\/div>\n<\/div>\n<\/div>\n<\/div>\n<\/div>\n<\/div>\n<\/div>\n<\/div>\n<\/div>\n<\/div>\n<\/div>\n<\/div>\n<\/div>\n<\/div>\n<\/div>\n<\/div>\n<\/div>\n<\/div>\n<\/div>\n<\/div>\n","protected":false},"excerpt":{"rendered":"<p>Profissionais de sa\u00fade que trabalham nos hospitais filantr\u00f3picos de Minas t\u00eam recebido, nas \u00faltimas semanas, cartas e mensagens de carinho para agradecer e homenagear estes profissionais que est\u00e3o na linha de frente do atendimento aos pacientes com coronav\u00edrus. As cartas foram escritas por alunos de diversas escolas e entregue \u00e0 todos os profissionais que n\u00e3o [&hellip;]<\/p>\n","protected":false},"author":1,"featured_media":18363,"comment_status":"open","ping_status":"open","sticky":false,"template":"","format":"standard","meta":{"footnotes":""},"categories":[140],"tags":[],"class_list":["post-18358","post","type-post","status-publish","format-standard","has-post-thumbnail","hentry","category-noticias"],"yoast_head":"<!-- This site is optimized with the Yoast SEO plugin v26.9 - https:\/\/yoast.com\/product\/yoast-seo-wordpress\/ -->\n<title>Profissionais da sa\u00fade recebem cartas de agradecimento - Federassantas<\/title>\n<meta name=\"robots\" content=\"index, follow, max-snippet:-1, max-image-preview:large, max-video-preview:-1\" \/>\n<link rel=\"canonical\" href=\"https:\/\/www.federassantas.org.br\/novosite\/profissionais-da-saude-recebem-cartas-de-agradecimento\/\" \/>\n<meta property=\"og:locale\" content=\"pt_BR\" \/>\n<meta property=\"og:type\" content=\"article\" \/>\n<meta property=\"og:title\" content=\"Profissionais da sa\u00fade recebem cartas de agradecimento - Federassantas\" \/>\n<meta property=\"og:description\" content=\"Profissionais de sa\u00fade que trabalham nos hospitais filantr\u00f3picos de Minas t\u00eam recebido, nas \u00faltimas semanas, cartas e mensagens de carinho para agradecer e homenagear estes profissionais que est\u00e3o na linha de frente do atendimento aos pacientes com coronav\u00edrus. As cartas foram escritas por alunos de diversas escolas e entregue \u00e0 todos os profissionais que n\u00e3o [&hellip;]\" \/>\n<meta property=\"og:url\" content=\"https:\/\/www.federassantas.org.br\/novosite\/profissionais-da-saude-recebem-cartas-de-agradecimento\/\" \/>\n<meta property=\"og:site_name\" content=\"Federassantas\" \/>\n<meta property=\"article:published_time\" content=\"2020-04-09T14:54:09+00:00\" \/>\n<meta name=\"author\" content=\"admin-federas\" \/>\n<meta name=\"twitter:card\" content=\"summary_large_image\" \/>\n<meta name=\"twitter:label1\" content=\"Escrito por\" \/>\n\t<meta name=\"twitter:data1\" content=\"admin-federas\" \/>\n\t<meta name=\"twitter:label2\" content=\"Est. tempo de leitura\" \/>\n\t<meta name=\"twitter:data2\" content=\"3 minutos\" \/>\n<script type=\"application\/ld+json\" class=\"yoast-schema-graph\">{\"@context\":\"https:\/\/schema.org\",\"@graph\":[{\"@type\":\"Article\",\"@id\":\"https:\/\/www.federassantas.org.br\/novosite\/profissionais-da-saude-recebem-cartas-de-agradecimento\/#article\",\"isPartOf\":{\"@id\":\"https:\/\/www.federassantas.org.br\/novosite\/profissionais-da-saude-recebem-cartas-de-agradecimento\/\"},\"author\":{\"name\":\"admin-federas\",\"@id\":\"https:\/\/www.federassantas.org.br\/novosite\/#\/schema\/person\/75fed98158349313fe56175f232f513c\"},\"headline\":\"Profissionais da sa\u00fade recebem cartas de agradecimento\",\"datePublished\":\"2020-04-09T14:54:09+00:00\",\"mainEntityOfPage\":{\"@id\":\"https:\/\/www.federassantas.org.br\/novosite\/profissionais-da-saude-recebem-cartas-de-agradecimento\/\"},\"wordCount\":644,\"commentCount\":0,\"publisher\":{\"@id\":\"https:\/\/www.federassantas.org.br\/novosite\/#organization\"},\"image\":{\"@id\":\"https:\/\/www.federassantas.org.br\/novosite\/profissionais-da-saude-recebem-cartas-de-agradecimento\/#primaryimage\"},\"thumbnailUrl\":\"\",\"articleSection\":[\"Not\u00edcias\"],\"inLanguage\":\"pt-BR\",\"potentialAction\":[{\"@type\":\"CommentAction\",\"name\":\"Comment\",\"target\":[\"https:\/\/www.federassantas.org.br\/novosite\/profissionais-da-saude-recebem-cartas-de-agradecimento\/#respond\"]}]},{\"@type\":\"WebPage\",\"@id\":\"https:\/\/www.federassantas.org.br\/novosite\/profissionais-da-saude-recebem-cartas-de-agradecimento\/\",\"url\":\"https:\/\/www.federassantas.org.br\/novosite\/profissionais-da-saude-recebem-cartas-de-agradecimento\/\",\"name\":\"Profissionais da sa\u00fade recebem cartas de agradecimento - Federassantas\",\"isPartOf\":{\"@id\":\"https:\/\/www.federassantas.org.br\/novosite\/#website\"},\"primaryImageOfPage\":{\"@id\":\"https:\/\/www.federassantas.org.br\/novosite\/profissionais-da-saude-recebem-cartas-de-agradecimento\/#primaryimage\"},\"image\":{\"@id\":\"https:\/\/www.federassantas.org.br\/novosite\/profissionais-da-saude-recebem-cartas-de-agradecimento\/#primaryimage\"},\"thumbnailUrl\":\"\",\"datePublished\":\"2020-04-09T14:54:09+00:00\",\"breadcrumb\":{\"@id\":\"https:\/\/www.federassantas.org.br\/novosite\/profissionais-da-saude-recebem-cartas-de-agradecimento\/#breadcrumb\"},\"inLanguage\":\"pt-BR\",\"potentialAction\":[{\"@type\":\"ReadAction\",\"target\":[\"https:\/\/www.federassantas.org.br\/novosite\/profissionais-da-saude-recebem-cartas-de-agradecimento\/\"]}]},{\"@type\":\"ImageObject\",\"inLanguage\":\"pt-BR\",\"@id\":\"https:\/\/www.federassantas.org.br\/novosite\/profissionais-da-saude-recebem-cartas-de-agradecimento\/#primaryimage\",\"url\":\"\",\"contentUrl\":\"\"},{\"@type\":\"BreadcrumbList\",\"@id\":\"https:\/\/www.federassantas.org.br\/novosite\/profissionais-da-saude-recebem-cartas-de-agradecimento\/#breadcrumb\",\"itemListElement\":[{\"@type\":\"ListItem\",\"position\":1,\"name\":\"In\u00edcio\",\"item\":\"https:\/\/www.federassantas.org.br\/novosite\/\"},{\"@type\":\"ListItem\",\"position\":2,\"name\":\"Profissionais da sa\u00fade recebem cartas de agradecimento\"}]},{\"@type\":\"WebSite\",\"@id\":\"https:\/\/www.federassantas.org.br\/novosite\/#website\",\"url\":\"https:\/\/www.federassantas.org.br\/novosite\/\",\"name\":\"Federassantas\",\"description\":\"Fed. das Santas Casas e Hospitais Filantr\u00f3picos de MG\",\"publisher\":{\"@id\":\"https:\/\/www.federassantas.org.br\/novosite\/#organization\"},\"potentialAction\":[{\"@type\":\"SearchAction\",\"target\":{\"@type\":\"EntryPoint\",\"urlTemplate\":\"https:\/\/www.federassantas.org.br\/novosite\/?s={search_term_string}\"},\"query-input\":{\"@type\":\"PropertyValueSpecification\",\"valueRequired\":true,\"valueName\":\"search_term_string\"}}],\"inLanguage\":\"pt-BR\"},{\"@type\":\"Organization\",\"@id\":\"https:\/\/www.federassantas.org.br\/novosite\/#organization\",\"name\":\"Federassantas\",\"url\":\"https:\/\/www.federassantas.org.br\/novosite\/\",\"logo\":{\"@type\":\"ImageObject\",\"inLanguage\":\"pt-BR\",\"@id\":\"https:\/\/www.federassantas.org.br\/novosite\/#\/schema\/logo\/image\/\",\"url\":\"https:\/\/www.federassantas.org.br\/novosite\/wp-content\/uploads\/2021\/12\/logo.png\",\"contentUrl\":\"https:\/\/www.federassantas.org.br\/novosite\/wp-content\/uploads\/2021\/12\/logo.png\",\"width\":243,\"height\":59,\"caption\":\"Federassantas\"},\"image\":{\"@id\":\"https:\/\/www.federassantas.org.br\/novosite\/#\/schema\/logo\/image\/\"}},{\"@type\":\"Person\",\"@id\":\"https:\/\/www.federassantas.org.br\/novosite\/#\/schema\/person\/75fed98158349313fe56175f232f513c\",\"name\":\"admin-federas\",\"image\":{\"@type\":\"ImageObject\",\"inLanguage\":\"pt-BR\",\"@id\":\"https:\/\/www.federassantas.org.br\/novosite\/#\/schema\/person\/image\/\",\"url\":\"https:\/\/secure.gravatar.com\/avatar\/2a02d7dda59fe8dc6b7ffd3f652e2efede5ccf0dd89dfdc8137c5517f3de8407?s=96&d=mm&r=g\",\"contentUrl\":\"https:\/\/secure.gravatar.com\/avatar\/2a02d7dda59fe8dc6b7ffd3f652e2efede5ccf0dd89dfdc8137c5517f3de8407?s=96&d=mm&r=g\",\"caption\":\"admin-federas\"},\"sameAs\":[\"https:\/\/www.federassantas.org.br\/novosite\/\"],\"url\":\"https:\/\/www.federassantas.org.br\/novosite\/author\/admin-federas\/\"}]}<\/script>\n<!-- \/ Yoast SEO plugin. -->","yoast_head_json":{"title":"Profissionais da sa\u00fade recebem cartas de agradecimento - Federassantas","robots":{"index":"index","follow":"follow","max-snippet":"max-snippet:-1","max-image-preview":"max-image-preview:large","max-video-preview":"max-video-preview:-1"},"canonical":"https:\/\/www.federassantas.org.br\/novosite\/profissionais-da-saude-recebem-cartas-de-agradecimento\/","og_locale":"pt_BR","og_type":"article","og_title":"Profissionais da sa\u00fade recebem cartas de agradecimento - Federassantas","og_description":"Profissionais de sa\u00fade que trabalham nos hospitais filantr\u00f3picos de Minas t\u00eam recebido, nas \u00faltimas semanas, cartas e mensagens de carinho para agradecer e homenagear estes profissionais que est\u00e3o na linha de frente do atendimento aos pacientes com coronav\u00edrus. As cartas foram escritas por alunos de diversas escolas e entregue \u00e0 todos os profissionais que n\u00e3o [&hellip;]","og_url":"https:\/\/www.federassantas.org.br\/novosite\/profissionais-da-saude-recebem-cartas-de-agradecimento\/","og_site_name":"Federassantas","article_published_time":"2020-04-09T14:54:09+00:00","author":"admin-federas","twitter_card":"summary_large_image","twitter_misc":{"Escrito por":"admin-federas","Est. tempo de leitura":"3 minutos"},"schema":{"@context":"https:\/\/schema.org","@graph":[{"@type":"Article","@id":"https:\/\/www.federassantas.org.br\/novosite\/profissionais-da-saude-recebem-cartas-de-agradecimento\/#article","isPartOf":{"@id":"https:\/\/www.federassantas.org.br\/novosite\/profissionais-da-saude-recebem-cartas-de-agradecimento\/"},"author":{"name":"admin-federas","@id":"https:\/\/www.federassantas.org.br\/novosite\/#\/schema\/person\/75fed98158349313fe56175f232f513c"},"headline":"Profissionais da sa\u00fade recebem cartas de agradecimento","datePublished":"2020-04-09T14:54:09+00:00","mainEntityOfPage":{"@id":"https:\/\/www.federassantas.org.br\/novosite\/profissionais-da-saude-recebem-cartas-de-agradecimento\/"},"wordCount":644,"commentCount":0,"publisher":{"@id":"https:\/\/www.federassantas.org.br\/novosite\/#organization"},"image":{"@id":"https:\/\/www.federassantas.org.br\/novosite\/profissionais-da-saude-recebem-cartas-de-agradecimento\/#primaryimage"},"thumbnailUrl":"","articleSection":["Not\u00edcias"],"inLanguage":"pt-BR","potentialAction":[{"@type":"CommentAction","name":"Comment","target":["https:\/\/www.federassantas.org.br\/novosite\/profissionais-da-saude-recebem-cartas-de-agradecimento\/#respond"]}]},{"@type":"WebPage","@id":"https:\/\/www.federassantas.org.br\/novosite\/profissionais-da-saude-recebem-cartas-de-agradecimento\/","url":"https:\/\/www.federassantas.org.br\/novosite\/profissionais-da-saude-recebem-cartas-de-agradecimento\/","name":"Profissionais da sa\u00fade recebem cartas de agradecimento - Federassantas","isPartOf":{"@id":"https:\/\/www.federassantas.org.br\/novosite\/#website"},"primaryImageOfPage":{"@id":"https:\/\/www.federassantas.org.br\/novosite\/profissionais-da-saude-recebem-cartas-de-agradecimento\/#primaryimage"},"image":{"@id":"https:\/\/www.federassantas.org.br\/novosite\/profissionais-da-saude-recebem-cartas-de-agradecimento\/#primaryimage"},"thumbnailUrl":"","datePublished":"2020-04-09T14:54:09+00:00","breadcrumb":{"@id":"https:\/\/www.federassantas.org.br\/novosite\/profissionais-da-saude-recebem-cartas-de-agradecimento\/#breadcrumb"},"inLanguage":"pt-BR","potentialAction":[{"@type":"ReadAction","target":["https:\/\/www.federassantas.org.br\/novosite\/profissionais-da-saude-recebem-cartas-de-agradecimento\/"]}]},{"@type":"ImageObject","inLanguage":"pt-BR","@id":"https:\/\/www.federassantas.org.br\/novosite\/profissionais-da-saude-recebem-cartas-de-agradecimento\/#primaryimage","url":"","contentUrl":""},{"@type":"BreadcrumbList","@id":"https:\/\/www.federassantas.org.br\/novosite\/profissionais-da-saude-recebem-cartas-de-agradecimento\/#breadcrumb","itemListElement":[{"@type":"ListItem","position":1,"name":"In\u00edcio","item":"https:\/\/www.federassantas.org.br\/novosite\/"},{"@type":"ListItem","position":2,"name":"Profissionais da sa\u00fade recebem cartas de agradecimento"}]},{"@type":"WebSite","@id":"https:\/\/www.federassantas.org.br\/novosite\/#website","url":"https:\/\/www.federassantas.org.br\/novosite\/","name":"Federassantas","description":"Fed. das Santas Casas e Hospitais Filantr\u00f3picos de MG","publisher":{"@id":"https:\/\/www.federassantas.org.br\/novosite\/#organization"},"potentialAction":[{"@type":"SearchAction","target":{"@type":"EntryPoint","urlTemplate":"https:\/\/www.federassantas.org.br\/novosite\/?s={search_term_string}"},"query-input":{"@type":"PropertyValueSpecification","valueRequired":true,"valueName":"search_term_string"}}],"inLanguage":"pt-BR"},{"@type":"Organization","@id":"https:\/\/www.federassantas.org.br\/novosite\/#organization","name":"Federassantas","url":"https:\/\/www.federassantas.org.br\/novosite\/","logo":{"@type":"ImageObject","inLanguage":"pt-BR","@id":"https:\/\/www.federassantas.org.br\/novosite\/#\/schema\/logo\/image\/","url":"https:\/\/www.federassantas.org.br\/novosite\/wp-content\/uploads\/2021\/12\/logo.png","contentUrl":"https:\/\/www.federassantas.org.br\/novosite\/wp-content\/uploads\/2021\/12\/logo.png","width":243,"height":59,"caption":"Federassantas"},"image":{"@id":"https:\/\/www.federassantas.org.br\/novosite\/#\/schema\/logo\/image\/"}},{"@type":"Person","@id":"https:\/\/www.federassantas.org.br\/novosite\/#\/schema\/person\/75fed98158349313fe56175f232f513c","name":"admin-federas","image":{"@type":"ImageObject","inLanguage":"pt-BR","@id":"https:\/\/www.federassantas.org.br\/novosite\/#\/schema\/person\/image\/","url":"https:\/\/secure.gravatar.com\/avatar\/2a02d7dda59fe8dc6b7ffd3f652e2efede5ccf0dd89dfdc8137c5517f3de8407?s=96&d=mm&r=g","contentUrl":"https:\/\/secure.gravatar.com\/avatar\/2a02d7dda59fe8dc6b7ffd3f652e2efede5ccf0dd89dfdc8137c5517f3de8407?s=96&d=mm&r=g","caption":"admin-federas"},"sameAs":["https:\/\/www.federassantas.org.br\/novosite\/"],"url":"https:\/\/www.federassantas.org.br\/novosite\/author\/admin-federas\/"}]}},"_links":{"self":[{"href":"https:\/\/www.federassantas.org.br\/novosite\/wp-json\/wp\/v2\/posts\/18358","targetHints":{"allow":["GET"]}}],"collection":[{"href":"https:\/\/www.federassantas.org.br\/novosite\/wp-json\/wp\/v2\/posts"}],"about":[{"href":"https:\/\/www.federassantas.org.br\/novosite\/wp-json\/wp\/v2\/types\/post"}],"author":[{"embeddable":true,"href":"https:\/\/www.federassantas.org.br\/novosite\/wp-json\/wp\/v2\/users\/1"}],"replies":[{"embeddable":true,"href":"https:\/\/www.federassantas.org.br\/novosite\/wp-json\/wp\/v2\/comments?post=18358"}],"version-history":[{"count":0,"href":"https:\/\/www.federassantas.org.br\/novosite\/wp-json\/wp\/v2\/posts\/18358\/revisions"}],"wp:featuredmedia":[{"embeddable":true,"href":"https:\/\/www.federassantas.org.br\/novosite\/wp-json\/"}],"wp:attachment":[{"href":"https:\/\/www.federassantas.org.br\/novosite\/wp-json\/wp\/v2\/media?parent=18358"}],"wp:term":[{"taxonomy":"category","embeddable":true,"href":"https:\/\/www.federassantas.org.br\/novosite\/wp-json\/wp\/v2\/categories?post=18358"},{"taxonomy":"post_tag","embeddable":true,"href":"https:\/\/www.federassantas.org.br\/novosite\/wp-json\/wp\/v2\/tags?post=18358"}],"curies":[{"name":"wp","href":"https:\/\/api.w.org\/{rel}","templated":true}]}}