{"id":18381,"date":"2020-04-13T18:32:29","date_gmt":"2020-04-13T21:32:29","guid":{"rendered":"https:\/\/federasbackup.meltcomunicacao.com.br\/?p=18381"},"modified":"2020-04-13T18:32:29","modified_gmt":"2020-04-13T21:32:29","slug":"no-combate-ao-coronavirus-funcionarios-de-hospital-sao-paulo-recebem-homenagem","status":"publish","type":"post","link":"https:\/\/www.federassantas.org.br\/novosite\/no-combate-ao-coronavirus-funcionarios-de-hospital-sao-paulo-recebem-homenagem\/","title":{"rendered":"No combate ao coronav\u00edrus, funcion\u00e1rios de Hospital S\u00e3o Paulo recebem homenagem"},"content":{"rendered":"<p style=\"text-align: justify;\">Os profissionais de sa\u00fade que atuam na linha de frente no combate ao novo coronav\u00edrus t\u00eam recebido homenagens em todo o mundo. Em Muria\u00e9, na Zona da Mata mineira, n\u00e3o foi diferente. Na noite desta quinta-feira (9), os funcion\u00e1rios do Hospital S\u00e3o Paulo foram surpreendidos por uma a\u00e7\u00e3o de um grupo chamado Miss\u00e3o com Atitude (MAC), que espalhou mais de 600 cora\u00e7\u00f5es recortados \u00e0 m\u00e3o ao redor da unidade em um gesto de agradecimento pela dedica\u00e7\u00e3o e luta em tempos t\u00e3o dif\u00edceis.<\/p>\n<p style=\"text-align: justify;\">\u201cEm meio a essa assustadora fase, resolvemos levar uma atitude de amor aos nossos profissionais da sa\u00fade, que incansavelmente t\u00eam lutado com todas suas for\u00e7as em prol da vida\u201d, diz um comunicado do grupo.<\/p>\n<p style=\"text-align: justify;\">\u201cFoi muito emocionante para os funcion\u00e1rios. Isso d\u00e1 for\u00e7a, aumenta o comprometimento e a garra deles para continuar nessa luta. Foi muito gratificante receber essa homenagem. Todo mundo no hospital e na cidade est\u00e1 compartilhando o que aconteceu\u201d, conta a diretora do Hospital S\u00e3o Paulo e vice-presidente da Federa\u00e7\u00e3o das Santas Casas de Miseric\u00f3rdia, Hospitais Filantr\u00f3picos e Entidades de Filantropia e Benefic\u00eancia do Estado de Minas Gerais (Federassantas), Rita de C\u00e1ssia Pereira.<\/p>\n<p style=\"text-align: justify;\">O Hospital S\u00e3o Paulo \u00e9 uma institui\u00e7\u00e3o filantr\u00f3pica e atende uma popula\u00e7\u00e3o de um milh\u00e3o de pessoas na Zona da Mata &#8211; \u00e9 o \u00fanico hospital 24h que recebe urg\u00eancia e emerg\u00eancia na microrregi\u00e3o. Os casos suspeitos na regi\u00e3o t\u00eam sido encaminhados ao hospital, que conta com 857 funcion\u00e1rios, um corpo cl\u00ednico de quase 200 m\u00e9dicos e mais de 230 leitos. H\u00e1 uma pessoa internado no Centro de Terapia Intensiva (CTI) do Hospital S\u00e3o Paulo com suspeito de Covid-19.<\/p>\n<p style=\"text-align: justify;\">\u201cFoi muito emocionante para os funcion\u00e1rios. Isso d\u00e1 for\u00e7a, aumenta o comprometimento e a garra deles para continuar nessa luta. Foi muito gratificante receber essa homenagem. Todo mundo no hospital e na cidade est\u00e1 compartilhando o que aconteceu\u201d, conta a diretora do Hospital S\u00e3o Paulo e vice-presidente da Federa\u00e7\u00e3o das Santas Casas de Miseric\u00f3rdia, Hospitais Filantr\u00f3picos e Entidades de Filantropia e Benefic\u00eancia do Estado de Minas Gerais (Federassantas), Rita de C\u00e1ssia Pereira.<\/p>\n<p style=\"text-align: justify;\">O Hospital S\u00e3o Paulo \u00e9 uma institui\u00e7\u00e3o filantr\u00f3pica e atende uma popula\u00e7\u00e3o de um milh\u00e3o de pessoas na Zona da Mata &#8211; \u00e9 o \u00fanico hospital 24h que recebe urg\u00eancia e emerg\u00eancia na microrregi\u00e3o. Os casos suspeitos na regi\u00e3o t\u00eam sido encaminhados ao hospital, que conta com 857 funcion\u00e1rios, um corpo cl\u00ednico de quase 200 m\u00e9dicos e mais de 230 leitos. H\u00e1 uma pessoa internado no Centro de Terapia Intensiva (CTI) do Hospital S\u00e3o Paulo com suspeito de Covid-19.<\/p>\n<p style=\"text-align: justify;\">Fonte: <a href=\"https:\/\/www.otempo.com.br\/coronavirus\/no-combate-ao-coronavirus-funcionarios-de-hospital-em-muriae-recebem-homenagem-1.2323384\">Jornal O Tempo<\/a><\/p>\n","protected":false},"excerpt":{"rendered":"<p>Os profissionais de sa\u00fade que atuam na linha de frente no combate ao novo coronav\u00edrus t\u00eam recebido homenagens em todo o mundo. Em Muria\u00e9, na Zona da Mata mineira, n\u00e3o foi diferente. Na noite desta quinta-feira (9), os funcion\u00e1rios do Hospital S\u00e3o Paulo foram surpreendidos por uma a\u00e7\u00e3o de um grupo chamado Miss\u00e3o com Atitude [&hellip;]<\/p>\n","protected":false},"author":1,"featured_media":18386,"comment_status":"open","ping_status":"open","sticky":false,"template":"","format":"standard","meta":{"footnotes":""},"categories":[140,139],"tags":[],"class_list":["post-18381","post","type-post","status-publish","format-standard","has-post-thumbnail","hentry","category-noticias","category-noticias-filiados"],"yoast_head":"<!-- This site is optimized with the Yoast SEO plugin v26.9 - https:\/\/yoast.com\/product\/yoast-seo-wordpress\/ -->\n<title>No combate ao coronav\u00edrus, funcion\u00e1rios de Hospital S\u00e3o Paulo recebem homenagem - Federassantas<\/title>\n<meta name=\"robots\" content=\"index, follow, max-snippet:-1, max-image-preview:large, max-video-preview:-1\" \/>\n<link rel=\"canonical\" href=\"https:\/\/www.federassantas.org.br\/novosite\/no-combate-ao-coronavirus-funcionarios-de-hospital-sao-paulo-recebem-homenagem\/\" \/>\n<meta property=\"og:locale\" content=\"pt_BR\" \/>\n<meta property=\"og:type\" content=\"article\" \/>\n<meta property=\"og:title\" content=\"No combate ao coronav\u00edrus, funcion\u00e1rios de Hospital S\u00e3o Paulo recebem homenagem - Federassantas\" \/>\n<meta property=\"og:description\" content=\"Os profissionais de sa\u00fade que atuam na linha de frente no combate ao novo coronav\u00edrus t\u00eam recebido homenagens em todo o mundo. Em Muria\u00e9, na Zona da Mata mineira, n\u00e3o foi diferente. Na noite desta quinta-feira (9), os funcion\u00e1rios do Hospital S\u00e3o Paulo foram surpreendidos por uma a\u00e7\u00e3o de um grupo chamado Miss\u00e3o com Atitude [&hellip;]\" \/>\n<meta property=\"og:url\" content=\"https:\/\/www.federassantas.org.br\/novosite\/no-combate-ao-coronavirus-funcionarios-de-hospital-sao-paulo-recebem-homenagem\/\" \/>\n<meta property=\"og:site_name\" content=\"Federassantas\" \/>\n<meta property=\"article:published_time\" content=\"2020-04-13T21:32:29+00:00\" \/>\n<meta property=\"og:image\" content=\"https:\/\/www.federassantas.org.br\/novosite\/wp-content\/uploads\/2020\/04\/WhatsApp-Image-2020-04-10-at-15.01.34-1.jpeg\" \/>\n\t<meta property=\"og:image:width\" content=\"620\" \/>\n\t<meta property=\"og:image:height\" content=\"413\" \/>\n\t<meta property=\"og:image:type\" content=\"image\/jpeg\" \/>\n<meta name=\"author\" content=\"admin-federas\" \/>\n<meta name=\"twitter:card\" content=\"summary_large_image\" \/>\n<meta name=\"twitter:label1\" content=\"Escrito por\" \/>\n\t<meta name=\"twitter:data1\" content=\"admin-federas\" \/>\n\t<meta name=\"twitter:label2\" content=\"Est. tempo de leitura\" \/>\n\t<meta name=\"twitter:data2\" content=\"2 minutos\" \/>\n<script type=\"application\/ld+json\" class=\"yoast-schema-graph\">{\"@context\":\"https:\/\/schema.org\",\"@graph\":[{\"@type\":\"Article\",\"@id\":\"https:\/\/www.federassantas.org.br\/novosite\/no-combate-ao-coronavirus-funcionarios-de-hospital-sao-paulo-recebem-homenagem\/#article\",\"isPartOf\":{\"@id\":\"https:\/\/www.federassantas.org.br\/novosite\/no-combate-ao-coronavirus-funcionarios-de-hospital-sao-paulo-recebem-homenagem\/\"},\"author\":{\"name\":\"admin-federas\",\"@id\":\"https:\/\/www.federassantas.org.br\/novosite\/#\/schema\/person\/75fed98158349313fe56175f232f513c\"},\"headline\":\"No combate ao coronav\u00edrus, funcion\u00e1rios de Hospital S\u00e3o Paulo recebem homenagem\",\"datePublished\":\"2020-04-13T21:32:29+00:00\",\"mainEntityOfPage\":{\"@id\":\"https:\/\/www.federassantas.org.br\/novosite\/no-combate-ao-coronavirus-funcionarios-de-hospital-sao-paulo-recebem-homenagem\/\"},\"wordCount\":483,\"commentCount\":0,\"publisher\":{\"@id\":\"https:\/\/www.federassantas.org.br\/novosite\/#organization\"},\"image\":{\"@id\":\"https:\/\/www.federassantas.org.br\/novosite\/no-combate-ao-coronavirus-funcionarios-de-hospital-sao-paulo-recebem-homenagem\/#primaryimage\"},\"thumbnailUrl\":\"https:\/\/www.federassantas.org.br\/novosite\/wp-content\/uploads\/2020\/04\/WhatsApp-Image-2020-04-10-at-15.01.34-1.jpeg\",\"articleSection\":[\"Not\u00edcias\",\"Not\u00edcias filiados\"],\"inLanguage\":\"pt-BR\",\"potentialAction\":[{\"@type\":\"CommentAction\",\"name\":\"Comment\",\"target\":[\"https:\/\/www.federassantas.org.br\/novosite\/no-combate-ao-coronavirus-funcionarios-de-hospital-sao-paulo-recebem-homenagem\/#respond\"]}]},{\"@type\":\"WebPage\",\"@id\":\"https:\/\/www.federassantas.org.br\/novosite\/no-combate-ao-coronavirus-funcionarios-de-hospital-sao-paulo-recebem-homenagem\/\",\"url\":\"https:\/\/www.federassantas.org.br\/novosite\/no-combate-ao-coronavirus-funcionarios-de-hospital-sao-paulo-recebem-homenagem\/\",\"name\":\"No combate ao coronav\u00edrus, funcion\u00e1rios de Hospital S\u00e3o Paulo recebem homenagem - Federassantas\",\"isPartOf\":{\"@id\":\"https:\/\/www.federassantas.org.br\/novosite\/#website\"},\"primaryImageOfPage\":{\"@id\":\"https:\/\/www.federassantas.org.br\/novosite\/no-combate-ao-coronavirus-funcionarios-de-hospital-sao-paulo-recebem-homenagem\/#primaryimage\"},\"image\":{\"@id\":\"https:\/\/www.federassantas.org.br\/novosite\/no-combate-ao-coronavirus-funcionarios-de-hospital-sao-paulo-recebem-homenagem\/#primaryimage\"},\"thumbnailUrl\":\"https:\/\/www.federassantas.org.br\/novosite\/wp-content\/uploads\/2020\/04\/WhatsApp-Image-2020-04-10-at-15.01.34-1.jpeg\",\"datePublished\":\"2020-04-13T21:32:29+00:00\",\"breadcrumb\":{\"@id\":\"https:\/\/www.federassantas.org.br\/novosite\/no-combate-ao-coronavirus-funcionarios-de-hospital-sao-paulo-recebem-homenagem\/#breadcrumb\"},\"inLanguage\":\"pt-BR\",\"potentialAction\":[{\"@type\":\"ReadAction\",\"target\":[\"https:\/\/www.federassantas.org.br\/novosite\/no-combate-ao-coronavirus-funcionarios-de-hospital-sao-paulo-recebem-homenagem\/\"]}]},{\"@type\":\"ImageObject\",\"inLanguage\":\"pt-BR\",\"@id\":\"https:\/\/www.federassantas.org.br\/novosite\/no-combate-ao-coronavirus-funcionarios-de-hospital-sao-paulo-recebem-homenagem\/#primaryimage\",\"url\":\"https:\/\/www.federassantas.org.br\/novosite\/wp-content\/uploads\/2020\/04\/WhatsApp-Image-2020-04-10-at-15.01.34-1.jpeg\",\"contentUrl\":\"https:\/\/www.federassantas.org.br\/novosite\/wp-content\/uploads\/2020\/04\/WhatsApp-Image-2020-04-10-at-15.01.34-1.jpeg\",\"width\":620,\"height\":413},{\"@type\":\"BreadcrumbList\",\"@id\":\"https:\/\/www.federassantas.org.br\/novosite\/no-combate-ao-coronavirus-funcionarios-de-hospital-sao-paulo-recebem-homenagem\/#breadcrumb\",\"itemListElement\":[{\"@type\":\"ListItem\",\"position\":1,\"name\":\"In\u00edcio\",\"item\":\"https:\/\/www.federassantas.org.br\/novosite\/\"},{\"@type\":\"ListItem\",\"position\":2,\"name\":\"No combate ao coronav\u00edrus, funcion\u00e1rios de Hospital S\u00e3o Paulo recebem homenagem\"}]},{\"@type\":\"WebSite\",\"@id\":\"https:\/\/www.federassantas.org.br\/novosite\/#website\",\"url\":\"https:\/\/www.federassantas.org.br\/novosite\/\",\"name\":\"Federassantas\",\"description\":\"Fed. das Santas Casas e Hospitais Filantr\u00f3picos de MG\",\"publisher\":{\"@id\":\"https:\/\/www.federassantas.org.br\/novosite\/#organization\"},\"potentialAction\":[{\"@type\":\"SearchAction\",\"target\":{\"@type\":\"EntryPoint\",\"urlTemplate\":\"https:\/\/www.federassantas.org.br\/novosite\/?s={search_term_string}\"},\"query-input\":{\"@type\":\"PropertyValueSpecification\",\"valueRequired\":true,\"valueName\":\"search_term_string\"}}],\"inLanguage\":\"pt-BR\"},{\"@type\":\"Organization\",\"@id\":\"https:\/\/www.federassantas.org.br\/novosite\/#organization\",\"name\":\"Federassantas\",\"url\":\"https:\/\/www.federassantas.org.br\/novosite\/\",\"logo\":{\"@type\":\"ImageObject\",\"inLanguage\":\"pt-BR\",\"@id\":\"https:\/\/www.federassantas.org.br\/novosite\/#\/schema\/logo\/image\/\",\"url\":\"https:\/\/www.federassantas.org.br\/novosite\/wp-content\/uploads\/2021\/12\/logo.png\",\"contentUrl\":\"https:\/\/www.federassantas.org.br\/novosite\/wp-content\/uploads\/2021\/12\/logo.png\",\"width\":243,\"height\":59,\"caption\":\"Federassantas\"},\"image\":{\"@id\":\"https:\/\/www.federassantas.org.br\/novosite\/#\/schema\/logo\/image\/\"}},{\"@type\":\"Person\",\"@id\":\"https:\/\/www.federassantas.org.br\/novosite\/#\/schema\/person\/75fed98158349313fe56175f232f513c\",\"name\":\"admin-federas\",\"image\":{\"@type\":\"ImageObject\",\"inLanguage\":\"pt-BR\",\"@id\":\"https:\/\/www.federassantas.org.br\/novosite\/#\/schema\/person\/image\/\",\"url\":\"https:\/\/secure.gravatar.com\/avatar\/2a02d7dda59fe8dc6b7ffd3f652e2efede5ccf0dd89dfdc8137c5517f3de8407?s=96&d=mm&r=g\",\"contentUrl\":\"https:\/\/secure.gravatar.com\/avatar\/2a02d7dda59fe8dc6b7ffd3f652e2efede5ccf0dd89dfdc8137c5517f3de8407?s=96&d=mm&r=g\",\"caption\":\"admin-federas\"},\"sameAs\":[\"https:\/\/www.federassantas.org.br\/novosite\/\"],\"url\":\"https:\/\/www.federassantas.org.br\/novosite\/author\/admin-federas\/\"}]}<\/script>\n<!-- \/ Yoast SEO plugin. -->","yoast_head_json":{"title":"No combate ao coronav\u00edrus, funcion\u00e1rios de Hospital S\u00e3o Paulo recebem homenagem - Federassantas","robots":{"index":"index","follow":"follow","max-snippet":"max-snippet:-1","max-image-preview":"max-image-preview:large","max-video-preview":"max-video-preview:-1"},"canonical":"https:\/\/www.federassantas.org.br\/novosite\/no-combate-ao-coronavirus-funcionarios-de-hospital-sao-paulo-recebem-homenagem\/","og_locale":"pt_BR","og_type":"article","og_title":"No combate ao coronav\u00edrus, funcion\u00e1rios de Hospital S\u00e3o Paulo recebem homenagem - Federassantas","og_description":"Os profissionais de sa\u00fade que atuam na linha de frente no combate ao novo coronav\u00edrus t\u00eam recebido homenagens em todo o mundo. Em Muria\u00e9, na Zona da Mata mineira, n\u00e3o foi diferente. Na noite desta quinta-feira (9), os funcion\u00e1rios do Hospital S\u00e3o Paulo foram surpreendidos por uma a\u00e7\u00e3o de um grupo chamado Miss\u00e3o com Atitude [&hellip;]","og_url":"https:\/\/www.federassantas.org.br\/novosite\/no-combate-ao-coronavirus-funcionarios-de-hospital-sao-paulo-recebem-homenagem\/","og_site_name":"Federassantas","article_published_time":"2020-04-13T21:32:29+00:00","og_image":[{"width":620,"height":413,"url":"https:\/\/www.federassantas.org.br\/novosite\/wp-content\/uploads\/2020\/04\/WhatsApp-Image-2020-04-10-at-15.01.34-1.jpeg","type":"image\/jpeg"}],"author":"admin-federas","twitter_card":"summary_large_image","twitter_misc":{"Escrito por":"admin-federas","Est. tempo de leitura":"2 minutos"},"schema":{"@context":"https:\/\/schema.org","@graph":[{"@type":"Article","@id":"https:\/\/www.federassantas.org.br\/novosite\/no-combate-ao-coronavirus-funcionarios-de-hospital-sao-paulo-recebem-homenagem\/#article","isPartOf":{"@id":"https:\/\/www.federassantas.org.br\/novosite\/no-combate-ao-coronavirus-funcionarios-de-hospital-sao-paulo-recebem-homenagem\/"},"author":{"name":"admin-federas","@id":"https:\/\/www.federassantas.org.br\/novosite\/#\/schema\/person\/75fed98158349313fe56175f232f513c"},"headline":"No combate ao coronav\u00edrus, funcion\u00e1rios de Hospital S\u00e3o Paulo recebem homenagem","datePublished":"2020-04-13T21:32:29+00:00","mainEntityOfPage":{"@id":"https:\/\/www.federassantas.org.br\/novosite\/no-combate-ao-coronavirus-funcionarios-de-hospital-sao-paulo-recebem-homenagem\/"},"wordCount":483,"commentCount":0,"publisher":{"@id":"https:\/\/www.federassantas.org.br\/novosite\/#organization"},"image":{"@id":"https:\/\/www.federassantas.org.br\/novosite\/no-combate-ao-coronavirus-funcionarios-de-hospital-sao-paulo-recebem-homenagem\/#primaryimage"},"thumbnailUrl":"https:\/\/www.federassantas.org.br\/novosite\/wp-content\/uploads\/2020\/04\/WhatsApp-Image-2020-04-10-at-15.01.34-1.jpeg","articleSection":["Not\u00edcias","Not\u00edcias filiados"],"inLanguage":"pt-BR","potentialAction":[{"@type":"CommentAction","name":"Comment","target":["https:\/\/www.federassantas.org.br\/novosite\/no-combate-ao-coronavirus-funcionarios-de-hospital-sao-paulo-recebem-homenagem\/#respond"]}]},{"@type":"WebPage","@id":"https:\/\/www.federassantas.org.br\/novosite\/no-combate-ao-coronavirus-funcionarios-de-hospital-sao-paulo-recebem-homenagem\/","url":"https:\/\/www.federassantas.org.br\/novosite\/no-combate-ao-coronavirus-funcionarios-de-hospital-sao-paulo-recebem-homenagem\/","name":"No combate ao coronav\u00edrus, funcion\u00e1rios de Hospital S\u00e3o Paulo recebem homenagem - Federassantas","isPartOf":{"@id":"https:\/\/www.federassantas.org.br\/novosite\/#website"},"primaryImageOfPage":{"@id":"https:\/\/www.federassantas.org.br\/novosite\/no-combate-ao-coronavirus-funcionarios-de-hospital-sao-paulo-recebem-homenagem\/#primaryimage"},"image":{"@id":"https:\/\/www.federassantas.org.br\/novosite\/no-combate-ao-coronavirus-funcionarios-de-hospital-sao-paulo-recebem-homenagem\/#primaryimage"},"thumbnailUrl":"https:\/\/www.federassantas.org.br\/novosite\/wp-content\/uploads\/2020\/04\/WhatsApp-Image-2020-04-10-at-15.01.34-1.jpeg","datePublished":"2020-04-13T21:32:29+00:00","breadcrumb":{"@id":"https:\/\/www.federassantas.org.br\/novosite\/no-combate-ao-coronavirus-funcionarios-de-hospital-sao-paulo-recebem-homenagem\/#breadcrumb"},"inLanguage":"pt-BR","potentialAction":[{"@type":"ReadAction","target":["https:\/\/www.federassantas.org.br\/novosite\/no-combate-ao-coronavirus-funcionarios-de-hospital-sao-paulo-recebem-homenagem\/"]}]},{"@type":"ImageObject","inLanguage":"pt-BR","@id":"https:\/\/www.federassantas.org.br\/novosite\/no-combate-ao-coronavirus-funcionarios-de-hospital-sao-paulo-recebem-homenagem\/#primaryimage","url":"https:\/\/www.federassantas.org.br\/novosite\/wp-content\/uploads\/2020\/04\/WhatsApp-Image-2020-04-10-at-15.01.34-1.jpeg","contentUrl":"https:\/\/www.federassantas.org.br\/novosite\/wp-content\/uploads\/2020\/04\/WhatsApp-Image-2020-04-10-at-15.01.34-1.jpeg","width":620,"height":413},{"@type":"BreadcrumbList","@id":"https:\/\/www.federassantas.org.br\/novosite\/no-combate-ao-coronavirus-funcionarios-de-hospital-sao-paulo-recebem-homenagem\/#breadcrumb","itemListElement":[{"@type":"ListItem","position":1,"name":"In\u00edcio","item":"https:\/\/www.federassantas.org.br\/novosite\/"},{"@type":"ListItem","position":2,"name":"No combate ao coronav\u00edrus, funcion\u00e1rios de Hospital S\u00e3o Paulo recebem homenagem"}]},{"@type":"WebSite","@id":"https:\/\/www.federassantas.org.br\/novosite\/#website","url":"https:\/\/www.federassantas.org.br\/novosite\/","name":"Federassantas","description":"Fed. das Santas Casas e Hospitais Filantr\u00f3picos de MG","publisher":{"@id":"https:\/\/www.federassantas.org.br\/novosite\/#organization"},"potentialAction":[{"@type":"SearchAction","target":{"@type":"EntryPoint","urlTemplate":"https:\/\/www.federassantas.org.br\/novosite\/?s={search_term_string}"},"query-input":{"@type":"PropertyValueSpecification","valueRequired":true,"valueName":"search_term_string"}}],"inLanguage":"pt-BR"},{"@type":"Organization","@id":"https:\/\/www.federassantas.org.br\/novosite\/#organization","name":"Federassantas","url":"https:\/\/www.federassantas.org.br\/novosite\/","logo":{"@type":"ImageObject","inLanguage":"pt-BR","@id":"https:\/\/www.federassantas.org.br\/novosite\/#\/schema\/logo\/image\/","url":"https:\/\/www.federassantas.org.br\/novosite\/wp-content\/uploads\/2021\/12\/logo.png","contentUrl":"https:\/\/www.federassantas.org.br\/novosite\/wp-content\/uploads\/2021\/12\/logo.png","width":243,"height":59,"caption":"Federassantas"},"image":{"@id":"https:\/\/www.federassantas.org.br\/novosite\/#\/schema\/logo\/image\/"}},{"@type":"Person","@id":"https:\/\/www.federassantas.org.br\/novosite\/#\/schema\/person\/75fed98158349313fe56175f232f513c","name":"admin-federas","image":{"@type":"ImageObject","inLanguage":"pt-BR","@id":"https:\/\/www.federassantas.org.br\/novosite\/#\/schema\/person\/image\/","url":"https:\/\/secure.gravatar.com\/avatar\/2a02d7dda59fe8dc6b7ffd3f652e2efede5ccf0dd89dfdc8137c5517f3de8407?s=96&d=mm&r=g","contentUrl":"https:\/\/secure.gravatar.com\/avatar\/2a02d7dda59fe8dc6b7ffd3f652e2efede5ccf0dd89dfdc8137c5517f3de8407?s=96&d=mm&r=g","caption":"admin-federas"},"sameAs":["https:\/\/www.federassantas.org.br\/novosite\/"],"url":"https:\/\/www.federassantas.org.br\/novosite\/author\/admin-federas\/"}]}},"_links":{"self":[{"href":"https:\/\/www.federassantas.org.br\/novosite\/wp-json\/wp\/v2\/posts\/18381","targetHints":{"allow":["GET"]}}],"collection":[{"href":"https:\/\/www.federassantas.org.br\/novosite\/wp-json\/wp\/v2\/posts"}],"about":[{"href":"https:\/\/www.federassantas.org.br\/novosite\/wp-json\/wp\/v2\/types\/post"}],"author":[{"embeddable":true,"href":"https:\/\/www.federassantas.org.br\/novosite\/wp-json\/wp\/v2\/users\/1"}],"replies":[{"embeddable":true,"href":"https:\/\/www.federassantas.org.br\/novosite\/wp-json\/wp\/v2\/comments?post=18381"}],"version-history":[{"count":0,"href":"https:\/\/www.federassantas.org.br\/novosite\/wp-json\/wp\/v2\/posts\/18381\/revisions"}],"wp:featuredmedia":[{"embeddable":true,"href":"https:\/\/www.federassantas.org.br\/novosite\/wp-json\/wp\/v2\/media\/18386"}],"wp:attachment":[{"href":"https:\/\/www.federassantas.org.br\/novosite\/wp-json\/wp\/v2\/media?parent=18381"}],"wp:term":[{"taxonomy":"category","embeddable":true,"href":"https:\/\/www.federassantas.org.br\/novosite\/wp-json\/wp\/v2\/categories?post=18381"},{"taxonomy":"post_tag","embeddable":true,"href":"https:\/\/www.federassantas.org.br\/novosite\/wp-json\/wp\/v2\/tags?post=18381"}],"curies":[{"name":"wp","href":"https:\/\/api.w.org\/{rel}","templated":true}]}}