{"id":18390,"date":"2020-04-14T15:12:24","date_gmt":"2020-04-14T18:12:24","guid":{"rendered":"https:\/\/federasbackup.meltcomunicacao.com.br\/?p=18390"},"modified":"2020-04-14T15:12:24","modified_gmt":"2020-04-14T18:12:24","slug":"secretario-de-saude-diz-que-isolamento-social-em-minas-deve-ser-mantido-ate-junho","status":"publish","type":"post","link":"https:\/\/www.federassantas.org.br\/novosite\/secretario-de-saude-diz-que-isolamento-social-em-minas-deve-ser-mantido-ate-junho\/","title":{"rendered":"Secret\u00e1rio de Sa\u00fade diz que isolamento social em Minas deve ser mantido at\u00e9 junho"},"content":{"rendered":"<p>Minas Gerais deve manter o isolamento social at\u00e9 junho por causa da pandemia pelo novo coronav\u00edrus (Covid-19). A informa\u00e7\u00e3o \u00e9 do secret\u00e1rio de Estado de Sa\u00fade de Minas, Carlos Eduardo Amaral, em entrevista \u00e0 r\u00e1dio Itatiaia.<\/p>\n<p style=\"text-align: justify;\">O secret\u00e1rio afirmou que nos meses de maio e junho haver\u00e1 os maiores picos de transmiss\u00e3o da doen\u00e7a e, por isso, o isolamento se faz necess\u00e1rio. &#8220;N\u00e3o d\u00e1 para pensarmos em voltar a uma vida normal antes de junho. Algum grau de isolamento ser\u00e1 mantido, vamos ajustando conforme a evolu\u00e7\u00e3o da epidemia&#8221;, explicou.<\/p>\n<p style=\"text-align: justify;\"><strong>Leitos<\/strong><\/p>\n<p style=\"text-align: justify;\">Amaral disse que, antes da pandemia, Minas tinha 11.625 leitos cl\u00ednicos e que passou a ter 12.625. J\u00e1 de Unidade de Tratamento Intensivo (UTI), o Estado tinha 2.013 leitos e agora passou a contar com mais 78 do Sistema \u00danico de S\u00e1ude (SUS) e 50 em hospitais da Funda\u00e7\u00e3o Hospitalar de Minas Gerais (Fhemig). A ideia \u00e9 que Minas tenha 2.000 leitos de UTI a mais.<\/p>\n<p style=\"text-align: justify;\">&#8220;Quinhentos e quarenta s\u00e3o leitos praticamente prontos, s\u00f3 falta financiamento, os outros ainda precisam de ajustes&#8221;, disse o secret\u00e1rio. Segundo Amaral, atualmente h\u00e1 877 leitos vagos de UTI. Os maiores d\u00e9ficits desse tipo de atendimento no Estado s\u00e3o no Leste, Norte e Nordeste.<\/p>\n<p style=\"text-align: justify;\">Amaral tamb\u00e9m afirmou que o hospital de campanha em constru\u00e7\u00e3o no Expominas, em Belo Horizonte, deve ficar pronto entre a pr\u00f3xima semana e a semana seguinte.<\/p>\n<p>Veja reportagem completa em\u00a0<a href=\"https:\/\/www.otempo.com.br\/coronavirus\/isolamento-social-em-minas-deve-ser-mantido-ate-junho-diz-secretario-de-saude-1.2323966\">https:\/\/www.otempo.com.br\/coronavirus\/isolamento-social-em-minas-deve-ser-mantido-ate-junho-diz-secretario-de-saude-1.2323966<\/a><\/p>\n","protected":false},"excerpt":{"rendered":"<p>Minas Gerais deve manter o isolamento social at\u00e9 junho por causa da pandemia pelo novo coronav\u00edrus (Covid-19). A informa\u00e7\u00e3o \u00e9 do secret\u00e1rio de Estado de Sa\u00fade de Minas, Carlos Eduardo Amaral, em entrevista \u00e0 r\u00e1dio Itatiaia. O secret\u00e1rio afirmou que nos meses de maio e junho haver\u00e1 os maiores picos de transmiss\u00e3o da doen\u00e7a e, [&hellip;]<\/p>\n","protected":false},"author":1,"featured_media":18393,"comment_status":"open","ping_status":"open","sticky":false,"template":"","format":"standard","meta":{"footnotes":""},"categories":[140],"tags":[],"class_list":["post-18390","post","type-post","status-publish","format-standard","has-post-thumbnail","hentry","category-noticias"],"yoast_head":"<!-- This site is optimized with the Yoast SEO plugin v26.9 - https:\/\/yoast.com\/product\/yoast-seo-wordpress\/ -->\n<title>Secret\u00e1rio de Sa\u00fade diz que isolamento social em Minas deve ser mantido at\u00e9 junho - Federassantas<\/title>\n<meta name=\"robots\" content=\"index, follow, max-snippet:-1, max-image-preview:large, max-video-preview:-1\" \/>\n<link rel=\"canonical\" href=\"https:\/\/www.federassantas.org.br\/novosite\/secretario-de-saude-diz-que-isolamento-social-em-minas-deve-ser-mantido-ate-junho\/\" \/>\n<meta property=\"og:locale\" content=\"pt_BR\" \/>\n<meta property=\"og:type\" content=\"article\" \/>\n<meta property=\"og:title\" content=\"Secret\u00e1rio de Sa\u00fade diz que isolamento social em Minas deve ser mantido at\u00e9 junho - Federassantas\" \/>\n<meta property=\"og:description\" content=\"Minas Gerais deve manter o isolamento social at\u00e9 junho por causa da pandemia pelo novo coronav\u00edrus (Covid-19). A informa\u00e7\u00e3o \u00e9 do secret\u00e1rio de Estado de Sa\u00fade de Minas, Carlos Eduardo Amaral, em entrevista \u00e0 r\u00e1dio Itatiaia. O secret\u00e1rio afirmou que nos meses de maio e junho haver\u00e1 os maiores picos de transmiss\u00e3o da doen\u00e7a e, [&hellip;]\" \/>\n<meta property=\"og:url\" content=\"https:\/\/www.federassantas.org.br\/novosite\/secretario-de-saude-diz-que-isolamento-social-em-minas-deve-ser-mantido-ate-junho\/\" \/>\n<meta property=\"og:site_name\" content=\"Federassantas\" \/>\n<meta property=\"article:published_time\" content=\"2020-04-14T18:12:24+00:00\" \/>\n<meta name=\"author\" content=\"admin-federas\" \/>\n<meta name=\"twitter:card\" content=\"summary_large_image\" \/>\n<meta name=\"twitter:label1\" content=\"Escrito por\" \/>\n\t<meta name=\"twitter:data1\" content=\"admin-federas\" \/>\n\t<meta name=\"twitter:label2\" content=\"Est. tempo de leitura\" \/>\n\t<meta name=\"twitter:data2\" content=\"1 minuto\" \/>\n<script type=\"application\/ld+json\" class=\"yoast-schema-graph\">{\"@context\":\"https:\/\/schema.org\",\"@graph\":[{\"@type\":\"Article\",\"@id\":\"https:\/\/www.federassantas.org.br\/novosite\/secretario-de-saude-diz-que-isolamento-social-em-minas-deve-ser-mantido-ate-junho\/#article\",\"isPartOf\":{\"@id\":\"https:\/\/www.federassantas.org.br\/novosite\/secretario-de-saude-diz-que-isolamento-social-em-minas-deve-ser-mantido-ate-junho\/\"},\"author\":{\"name\":\"admin-federas\",\"@id\":\"https:\/\/www.federassantas.org.br\/novosite\/#\/schema\/person\/75fed98158349313fe56175f232f513c\"},\"headline\":\"Secret\u00e1rio de Sa\u00fade diz que isolamento social em Minas deve ser mantido at\u00e9 junho\",\"datePublished\":\"2020-04-14T18:12:24+00:00\",\"mainEntityOfPage\":{\"@id\":\"https:\/\/www.federassantas.org.br\/novosite\/secretario-de-saude-diz-que-isolamento-social-em-minas-deve-ser-mantido-ate-junho\/\"},\"wordCount\":263,\"commentCount\":0,\"publisher\":{\"@id\":\"https:\/\/www.federassantas.org.br\/novosite\/#organization\"},\"image\":{\"@id\":\"https:\/\/www.federassantas.org.br\/novosite\/secretario-de-saude-diz-que-isolamento-social-em-minas-deve-ser-mantido-ate-junho\/#primaryimage\"},\"thumbnailUrl\":\"\",\"articleSection\":[\"Not\u00edcias\"],\"inLanguage\":\"pt-BR\",\"potentialAction\":[{\"@type\":\"CommentAction\",\"name\":\"Comment\",\"target\":[\"https:\/\/www.federassantas.org.br\/novosite\/secretario-de-saude-diz-que-isolamento-social-em-minas-deve-ser-mantido-ate-junho\/#respond\"]}]},{\"@type\":\"WebPage\",\"@id\":\"https:\/\/www.federassantas.org.br\/novosite\/secretario-de-saude-diz-que-isolamento-social-em-minas-deve-ser-mantido-ate-junho\/\",\"url\":\"https:\/\/www.federassantas.org.br\/novosite\/secretario-de-saude-diz-que-isolamento-social-em-minas-deve-ser-mantido-ate-junho\/\",\"name\":\"Secret\u00e1rio de Sa\u00fade diz que isolamento social em Minas deve ser mantido at\u00e9 junho - Federassantas\",\"isPartOf\":{\"@id\":\"https:\/\/www.federassantas.org.br\/novosite\/#website\"},\"primaryImageOfPage\":{\"@id\":\"https:\/\/www.federassantas.org.br\/novosite\/secretario-de-saude-diz-que-isolamento-social-em-minas-deve-ser-mantido-ate-junho\/#primaryimage\"},\"image\":{\"@id\":\"https:\/\/www.federassantas.org.br\/novosite\/secretario-de-saude-diz-que-isolamento-social-em-minas-deve-ser-mantido-ate-junho\/#primaryimage\"},\"thumbnailUrl\":\"\",\"datePublished\":\"2020-04-14T18:12:24+00:00\",\"breadcrumb\":{\"@id\":\"https:\/\/www.federassantas.org.br\/novosite\/secretario-de-saude-diz-que-isolamento-social-em-minas-deve-ser-mantido-ate-junho\/#breadcrumb\"},\"inLanguage\":\"pt-BR\",\"potentialAction\":[{\"@type\":\"ReadAction\",\"target\":[\"https:\/\/www.federassantas.org.br\/novosite\/secretario-de-saude-diz-que-isolamento-social-em-minas-deve-ser-mantido-ate-junho\/\"]}]},{\"@type\":\"ImageObject\",\"inLanguage\":\"pt-BR\",\"@id\":\"https:\/\/www.federassantas.org.br\/novosite\/secretario-de-saude-diz-que-isolamento-social-em-minas-deve-ser-mantido-ate-junho\/#primaryimage\",\"url\":\"\",\"contentUrl\":\"\"},{\"@type\":\"BreadcrumbList\",\"@id\":\"https:\/\/www.federassantas.org.br\/novosite\/secretario-de-saude-diz-que-isolamento-social-em-minas-deve-ser-mantido-ate-junho\/#breadcrumb\",\"itemListElement\":[{\"@type\":\"ListItem\",\"position\":1,\"name\":\"In\u00edcio\",\"item\":\"https:\/\/www.federassantas.org.br\/novosite\/\"},{\"@type\":\"ListItem\",\"position\":2,\"name\":\"Secret\u00e1rio de Sa\u00fade diz que isolamento social em Minas deve ser mantido at\u00e9 junho\"}]},{\"@type\":\"WebSite\",\"@id\":\"https:\/\/www.federassantas.org.br\/novosite\/#website\",\"url\":\"https:\/\/www.federassantas.org.br\/novosite\/\",\"name\":\"Federassantas\",\"description\":\"Fed. das Santas Casas e Hospitais Filantr\u00f3picos de MG\",\"publisher\":{\"@id\":\"https:\/\/www.federassantas.org.br\/novosite\/#organization\"},\"potentialAction\":[{\"@type\":\"SearchAction\",\"target\":{\"@type\":\"EntryPoint\",\"urlTemplate\":\"https:\/\/www.federassantas.org.br\/novosite\/?s={search_term_string}\"},\"query-input\":{\"@type\":\"PropertyValueSpecification\",\"valueRequired\":true,\"valueName\":\"search_term_string\"}}],\"inLanguage\":\"pt-BR\"},{\"@type\":\"Organization\",\"@id\":\"https:\/\/www.federassantas.org.br\/novosite\/#organization\",\"name\":\"Federassantas\",\"url\":\"https:\/\/www.federassantas.org.br\/novosite\/\",\"logo\":{\"@type\":\"ImageObject\",\"inLanguage\":\"pt-BR\",\"@id\":\"https:\/\/www.federassantas.org.br\/novosite\/#\/schema\/logo\/image\/\",\"url\":\"https:\/\/www.federassantas.org.br\/novosite\/wp-content\/uploads\/2021\/12\/logo.png\",\"contentUrl\":\"https:\/\/www.federassantas.org.br\/novosite\/wp-content\/uploads\/2021\/12\/logo.png\",\"width\":243,\"height\":59,\"caption\":\"Federassantas\"},\"image\":{\"@id\":\"https:\/\/www.federassantas.org.br\/novosite\/#\/schema\/logo\/image\/\"}},{\"@type\":\"Person\",\"@id\":\"https:\/\/www.federassantas.org.br\/novosite\/#\/schema\/person\/75fed98158349313fe56175f232f513c\",\"name\":\"admin-federas\",\"image\":{\"@type\":\"ImageObject\",\"inLanguage\":\"pt-BR\",\"@id\":\"https:\/\/www.federassantas.org.br\/novosite\/#\/schema\/person\/image\/\",\"url\":\"https:\/\/secure.gravatar.com\/avatar\/2a02d7dda59fe8dc6b7ffd3f652e2efede5ccf0dd89dfdc8137c5517f3de8407?s=96&d=mm&r=g\",\"contentUrl\":\"https:\/\/secure.gravatar.com\/avatar\/2a02d7dda59fe8dc6b7ffd3f652e2efede5ccf0dd89dfdc8137c5517f3de8407?s=96&d=mm&r=g\",\"caption\":\"admin-federas\"},\"sameAs\":[\"https:\/\/www.federassantas.org.br\/novosite\/\"],\"url\":\"https:\/\/www.federassantas.org.br\/novosite\/author\/admin-federas\/\"}]}<\/script>\n<!-- \/ Yoast SEO plugin. -->","yoast_head_json":{"title":"Secret\u00e1rio de Sa\u00fade diz que isolamento social em Minas deve ser mantido at\u00e9 junho - Federassantas","robots":{"index":"index","follow":"follow","max-snippet":"max-snippet:-1","max-image-preview":"max-image-preview:large","max-video-preview":"max-video-preview:-1"},"canonical":"https:\/\/www.federassantas.org.br\/novosite\/secretario-de-saude-diz-que-isolamento-social-em-minas-deve-ser-mantido-ate-junho\/","og_locale":"pt_BR","og_type":"article","og_title":"Secret\u00e1rio de Sa\u00fade diz que isolamento social em Minas deve ser mantido at\u00e9 junho - Federassantas","og_description":"Minas Gerais deve manter o isolamento social at\u00e9 junho por causa da pandemia pelo novo coronav\u00edrus (Covid-19). A informa\u00e7\u00e3o \u00e9 do secret\u00e1rio de Estado de Sa\u00fade de Minas, Carlos Eduardo Amaral, em entrevista \u00e0 r\u00e1dio Itatiaia. O secret\u00e1rio afirmou que nos meses de maio e junho haver\u00e1 os maiores picos de transmiss\u00e3o da doen\u00e7a e, [&hellip;]","og_url":"https:\/\/www.federassantas.org.br\/novosite\/secretario-de-saude-diz-que-isolamento-social-em-minas-deve-ser-mantido-ate-junho\/","og_site_name":"Federassantas","article_published_time":"2020-04-14T18:12:24+00:00","author":"admin-federas","twitter_card":"summary_large_image","twitter_misc":{"Escrito por":"admin-federas","Est. tempo de leitura":"1 minuto"},"schema":{"@context":"https:\/\/schema.org","@graph":[{"@type":"Article","@id":"https:\/\/www.federassantas.org.br\/novosite\/secretario-de-saude-diz-que-isolamento-social-em-minas-deve-ser-mantido-ate-junho\/#article","isPartOf":{"@id":"https:\/\/www.federassantas.org.br\/novosite\/secretario-de-saude-diz-que-isolamento-social-em-minas-deve-ser-mantido-ate-junho\/"},"author":{"name":"admin-federas","@id":"https:\/\/www.federassantas.org.br\/novosite\/#\/schema\/person\/75fed98158349313fe56175f232f513c"},"headline":"Secret\u00e1rio de Sa\u00fade diz que isolamento social em Minas deve ser mantido at\u00e9 junho","datePublished":"2020-04-14T18:12:24+00:00","mainEntityOfPage":{"@id":"https:\/\/www.federassantas.org.br\/novosite\/secretario-de-saude-diz-que-isolamento-social-em-minas-deve-ser-mantido-ate-junho\/"},"wordCount":263,"commentCount":0,"publisher":{"@id":"https:\/\/www.federassantas.org.br\/novosite\/#organization"},"image":{"@id":"https:\/\/www.federassantas.org.br\/novosite\/secretario-de-saude-diz-que-isolamento-social-em-minas-deve-ser-mantido-ate-junho\/#primaryimage"},"thumbnailUrl":"","articleSection":["Not\u00edcias"],"inLanguage":"pt-BR","potentialAction":[{"@type":"CommentAction","name":"Comment","target":["https:\/\/www.federassantas.org.br\/novosite\/secretario-de-saude-diz-que-isolamento-social-em-minas-deve-ser-mantido-ate-junho\/#respond"]}]},{"@type":"WebPage","@id":"https:\/\/www.federassantas.org.br\/novosite\/secretario-de-saude-diz-que-isolamento-social-em-minas-deve-ser-mantido-ate-junho\/","url":"https:\/\/www.federassantas.org.br\/novosite\/secretario-de-saude-diz-que-isolamento-social-em-minas-deve-ser-mantido-ate-junho\/","name":"Secret\u00e1rio de Sa\u00fade diz que isolamento social em Minas deve ser mantido at\u00e9 junho - Federassantas","isPartOf":{"@id":"https:\/\/www.federassantas.org.br\/novosite\/#website"},"primaryImageOfPage":{"@id":"https:\/\/www.federassantas.org.br\/novosite\/secretario-de-saude-diz-que-isolamento-social-em-minas-deve-ser-mantido-ate-junho\/#primaryimage"},"image":{"@id":"https:\/\/www.federassantas.org.br\/novosite\/secretario-de-saude-diz-que-isolamento-social-em-minas-deve-ser-mantido-ate-junho\/#primaryimage"},"thumbnailUrl":"","datePublished":"2020-04-14T18:12:24+00:00","breadcrumb":{"@id":"https:\/\/www.federassantas.org.br\/novosite\/secretario-de-saude-diz-que-isolamento-social-em-minas-deve-ser-mantido-ate-junho\/#breadcrumb"},"inLanguage":"pt-BR","potentialAction":[{"@type":"ReadAction","target":["https:\/\/www.federassantas.org.br\/novosite\/secretario-de-saude-diz-que-isolamento-social-em-minas-deve-ser-mantido-ate-junho\/"]}]},{"@type":"ImageObject","inLanguage":"pt-BR","@id":"https:\/\/www.federassantas.org.br\/novosite\/secretario-de-saude-diz-que-isolamento-social-em-minas-deve-ser-mantido-ate-junho\/#primaryimage","url":"","contentUrl":""},{"@type":"BreadcrumbList","@id":"https:\/\/www.federassantas.org.br\/novosite\/secretario-de-saude-diz-que-isolamento-social-em-minas-deve-ser-mantido-ate-junho\/#breadcrumb","itemListElement":[{"@type":"ListItem","position":1,"name":"In\u00edcio","item":"https:\/\/www.federassantas.org.br\/novosite\/"},{"@type":"ListItem","position":2,"name":"Secret\u00e1rio de Sa\u00fade diz que isolamento social em Minas deve ser mantido at\u00e9 junho"}]},{"@type":"WebSite","@id":"https:\/\/www.federassantas.org.br\/novosite\/#website","url":"https:\/\/www.federassantas.org.br\/novosite\/","name":"Federassantas","description":"Fed. das Santas Casas e Hospitais Filantr\u00f3picos de MG","publisher":{"@id":"https:\/\/www.federassantas.org.br\/novosite\/#organization"},"potentialAction":[{"@type":"SearchAction","target":{"@type":"EntryPoint","urlTemplate":"https:\/\/www.federassantas.org.br\/novosite\/?s={search_term_string}"},"query-input":{"@type":"PropertyValueSpecification","valueRequired":true,"valueName":"search_term_string"}}],"inLanguage":"pt-BR"},{"@type":"Organization","@id":"https:\/\/www.federassantas.org.br\/novosite\/#organization","name":"Federassantas","url":"https:\/\/www.federassantas.org.br\/novosite\/","logo":{"@type":"ImageObject","inLanguage":"pt-BR","@id":"https:\/\/www.federassantas.org.br\/novosite\/#\/schema\/logo\/image\/","url":"https:\/\/www.federassantas.org.br\/novosite\/wp-content\/uploads\/2021\/12\/logo.png","contentUrl":"https:\/\/www.federassantas.org.br\/novosite\/wp-content\/uploads\/2021\/12\/logo.png","width":243,"height":59,"caption":"Federassantas"},"image":{"@id":"https:\/\/www.federassantas.org.br\/novosite\/#\/schema\/logo\/image\/"}},{"@type":"Person","@id":"https:\/\/www.federassantas.org.br\/novosite\/#\/schema\/person\/75fed98158349313fe56175f232f513c","name":"admin-federas","image":{"@type":"ImageObject","inLanguage":"pt-BR","@id":"https:\/\/www.federassantas.org.br\/novosite\/#\/schema\/person\/image\/","url":"https:\/\/secure.gravatar.com\/avatar\/2a02d7dda59fe8dc6b7ffd3f652e2efede5ccf0dd89dfdc8137c5517f3de8407?s=96&d=mm&r=g","contentUrl":"https:\/\/secure.gravatar.com\/avatar\/2a02d7dda59fe8dc6b7ffd3f652e2efede5ccf0dd89dfdc8137c5517f3de8407?s=96&d=mm&r=g","caption":"admin-federas"},"sameAs":["https:\/\/www.federassantas.org.br\/novosite\/"],"url":"https:\/\/www.federassantas.org.br\/novosite\/author\/admin-federas\/"}]}},"_links":{"self":[{"href":"https:\/\/www.federassantas.org.br\/novosite\/wp-json\/wp\/v2\/posts\/18390","targetHints":{"allow":["GET"]}}],"collection":[{"href":"https:\/\/www.federassantas.org.br\/novosite\/wp-json\/wp\/v2\/posts"}],"about":[{"href":"https:\/\/www.federassantas.org.br\/novosite\/wp-json\/wp\/v2\/types\/post"}],"author":[{"embeddable":true,"href":"https:\/\/www.federassantas.org.br\/novosite\/wp-json\/wp\/v2\/users\/1"}],"replies":[{"embeddable":true,"href":"https:\/\/www.federassantas.org.br\/novosite\/wp-json\/wp\/v2\/comments?post=18390"}],"version-history":[{"count":0,"href":"https:\/\/www.federassantas.org.br\/novosite\/wp-json\/wp\/v2\/posts\/18390\/revisions"}],"wp:featuredmedia":[{"embeddable":true,"href":"https:\/\/www.federassantas.org.br\/novosite\/wp-json\/"}],"wp:attachment":[{"href":"https:\/\/www.federassantas.org.br\/novosite\/wp-json\/wp\/v2\/media?parent=18390"}],"wp:term":[{"taxonomy":"category","embeddable":true,"href":"https:\/\/www.federassantas.org.br\/novosite\/wp-json\/wp\/v2\/categories?post=18390"},{"taxonomy":"post_tag","embeddable":true,"href":"https:\/\/www.federassantas.org.br\/novosite\/wp-json\/wp\/v2\/tags?post=18390"}],"curies":[{"name":"wp","href":"https:\/\/api.w.org\/{rel}","templated":true}]}}