{"id":18391,"date":"2020-04-14T15:11:55","date_gmt":"2020-04-14T18:11:55","guid":{"rendered":"https:\/\/federasbackup.meltcomunicacao.com.br\/?p=18391"},"modified":"2020-04-14T15:11:55","modified_gmt":"2020-04-14T18:11:55","slug":"minas-recebera-r-84-mi-para-aquisicao-de-ventiladores-pulmonares","status":"publish","type":"post","link":"https:\/\/www.federassantas.org.br\/novosite\/minas-recebera-r-84-mi-para-aquisicao-de-ventiladores-pulmonares\/","title":{"rendered":"Minas receber\u00e1 R$ 84 mi para aquisi\u00e7\u00e3o de ventiladores pulmonares"},"content":{"rendered":"<p style=\"text-align: justify;\">Por determina\u00e7\u00e3o do governador Romeu Zema, a Advocacia-Geral do Estado (AGE) conseguiu junto \u00e0 Justi\u00e7a Federal a libera\u00e7\u00e3o de\u00a0<strong>R$ 84.088.086,34 para a compra de ventiladores pulmonares contra o novo coronav\u00edrus (Covid-19)<\/strong>. O valor liberado \u00e9 parte da quantia que se encontra depositada pela Samarco a t\u00edtulo de garantia do ju\u00edzo.<\/p>\n<p style=\"text-align: justify;\">&#8220;Embora Minas Gerais ainda sofra com as consequ\u00eancias do estouro de uma barragem da mineradora em Mariana, em 2015, o recurso ser\u00e1 usado na preven\u00e7\u00e3o, controle e conten\u00e7\u00e3o do novo coronav\u00edrus, sobretudo, na compra de ventiladores pulmonares&#8221;, esclarece o advogado-geral do Estado, S\u00e9rgio Pessoa.<\/p>\n<p style=\"text-align: justify;\">A peti\u00e7\u00e3o (212788926) foi deferida pelo juiz M\u00e1rio de Paula Franco J\u00fanior, da 12\u00aa Vara Federal, e tamb\u00e9m beneficia o Estado do Esp\u00edrito Santo, que receber\u00e1 outros R$ 36 milh\u00f5es para o mesmo fim. A quantia soma, portanto, R$ 120 milh\u00f5es.<\/p>\n<p style=\"text-align: justify;\">Na peti\u00e7\u00e3o, a AGE destacou a grande dificuldade do poder p\u00fablico em todo planeta para conseguir ventiladores pulmonares, devido \u00e0 pandemia: &#8220;Neste sentido, o Estado de Minas Gerais entende que os recursos financeiros, que venham a ser disponibilizados, dever\u00e3o ser utilizados para a aquisi\u00e7\u00e3o de ventiladores pulmonares no quantitativo que se puder adquirir com o valor de R$ 84 milh\u00f5es, at\u00e9 o limite de 1,6 mil unidades, sendo que eventual saldo poder\u00e1 ter a sua utiliza\u00e7\u00e3o definida oportunamente&#8221;, explica o advogado-geral.<\/p>\n<p style=\"text-align: justify;\">O juiz M\u00e1rio de Paula Franco J\u00fanior considerou a import\u00e2ncia do pedido: &#8220;A pretens\u00e3o do \u00f3rg\u00e3o estadual de Sa\u00fade em destinar exclusivamente os recursos para aquisi\u00e7\u00e3o dos ventiladores pulmonares \u00e9 extremamente adequada e pertinente, pois, al\u00e9m de guardar n\u00edtida correla\u00e7\u00e3o tem\u00e1tica com as medidas emergenciais de preven\u00e7\u00e3o, controle e combate a Covid-19, representa, ap\u00f3s o fim da pandemia, um enorme legado para o SUS e seus usu\u00e1rios, j\u00e1 que se tratam de bens de consumo duradouro\u201d, destacou em sua homologa\u00e7\u00e3o.<\/p>\n<p class=\"author\" style=\"text-align: justify;\"><em>Fonte: <a href=\"https:\/\/www.saude.mg.gov.br\/component\/gmg\/story\/12469-minas-recebera-r-84-mi-para-aquisicao-de-ventiladores-pulmonares\">Ag\u00eancia Minas<\/a><\/em><\/p>\n","protected":false},"excerpt":{"rendered":"<p>Por determina\u00e7\u00e3o do governador Romeu Zema, a Advocacia-Geral do Estado (AGE) conseguiu junto \u00e0 Justi\u00e7a Federal a libera\u00e7\u00e3o de\u00a0R$ 84.088.086,34 para a compra de ventiladores pulmonares contra o novo coronav\u00edrus (Covid-19). O valor liberado \u00e9 parte da quantia que se encontra depositada pela Samarco a t\u00edtulo de garantia do ju\u00edzo. &#8220;Embora Minas Gerais ainda sofra [&hellip;]<\/p>\n","protected":false},"author":1,"featured_media":18392,"comment_status":"open","ping_status":"open","sticky":false,"template":"","format":"standard","meta":{"footnotes":""},"categories":[140,143],"tags":[],"class_list":["post-18391","post","type-post","status-publish","format-standard","has-post-thumbnail","hentry","category-noticias","category-noticias-publicas"],"yoast_head":"<!-- This site is optimized with the Yoast SEO plugin v26.9 - https:\/\/yoast.com\/product\/yoast-seo-wordpress\/ -->\n<title>Minas receber\u00e1 R$ 84 mi para aquisi\u00e7\u00e3o de ventiladores pulmonares - Federassantas<\/title>\n<meta name=\"robots\" content=\"index, follow, max-snippet:-1, max-image-preview:large, max-video-preview:-1\" \/>\n<link rel=\"canonical\" href=\"https:\/\/www.federassantas.org.br\/novosite\/minas-recebera-r-84-mi-para-aquisicao-de-ventiladores-pulmonares\/\" \/>\n<meta property=\"og:locale\" content=\"pt_BR\" \/>\n<meta property=\"og:type\" content=\"article\" \/>\n<meta property=\"og:title\" content=\"Minas receber\u00e1 R$ 84 mi para aquisi\u00e7\u00e3o de ventiladores pulmonares - Federassantas\" \/>\n<meta property=\"og:description\" content=\"Por determina\u00e7\u00e3o do governador Romeu Zema, a Advocacia-Geral do Estado (AGE) conseguiu junto \u00e0 Justi\u00e7a Federal a libera\u00e7\u00e3o de\u00a0R$ 84.088.086,34 para a compra de ventiladores pulmonares contra o novo coronav\u00edrus (Covid-19). O valor liberado \u00e9 parte da quantia que se encontra depositada pela Samarco a t\u00edtulo de garantia do ju\u00edzo. &#8220;Embora Minas Gerais ainda sofra [&hellip;]\" \/>\n<meta property=\"og:url\" content=\"https:\/\/www.federassantas.org.br\/novosite\/minas-recebera-r-84-mi-para-aquisicao-de-ventiladores-pulmonares\/\" \/>\n<meta property=\"og:site_name\" content=\"Federassantas\" \/>\n<meta property=\"article:published_time\" content=\"2020-04-14T18:11:55+00:00\" \/>\n<meta name=\"author\" content=\"admin-federas\" \/>\n<meta name=\"twitter:card\" content=\"summary_large_image\" \/>\n<meta name=\"twitter:label1\" content=\"Escrito por\" \/>\n\t<meta name=\"twitter:data1\" content=\"admin-federas\" \/>\n\t<meta name=\"twitter:label2\" content=\"Est. tempo de leitura\" \/>\n\t<meta name=\"twitter:data2\" content=\"2 minutos\" \/>\n<script type=\"application\/ld+json\" class=\"yoast-schema-graph\">{\"@context\":\"https:\/\/schema.org\",\"@graph\":[{\"@type\":\"Article\",\"@id\":\"https:\/\/www.federassantas.org.br\/novosite\/minas-recebera-r-84-mi-para-aquisicao-de-ventiladores-pulmonares\/#article\",\"isPartOf\":{\"@id\":\"https:\/\/www.federassantas.org.br\/novosite\/minas-recebera-r-84-mi-para-aquisicao-de-ventiladores-pulmonares\/\"},\"author\":{\"name\":\"admin-federas\",\"@id\":\"https:\/\/www.federassantas.org.br\/novosite\/#\/schema\/person\/75fed98158349313fe56175f232f513c\"},\"headline\":\"Minas receber\u00e1 R$ 84 mi para aquisi\u00e7\u00e3o de ventiladores pulmonares\",\"datePublished\":\"2020-04-14T18:11:55+00:00\",\"mainEntityOfPage\":{\"@id\":\"https:\/\/www.federassantas.org.br\/novosite\/minas-recebera-r-84-mi-para-aquisicao-de-ventiladores-pulmonares\/\"},\"wordCount\":338,\"commentCount\":0,\"publisher\":{\"@id\":\"https:\/\/www.federassantas.org.br\/novosite\/#organization\"},\"image\":{\"@id\":\"https:\/\/www.federassantas.org.br\/novosite\/minas-recebera-r-84-mi-para-aquisicao-de-ventiladores-pulmonares\/#primaryimage\"},\"thumbnailUrl\":\"\",\"articleSection\":[\"Not\u00edcias\",\"Not\u00edcias P\u00fablicas\"],\"inLanguage\":\"pt-BR\",\"potentialAction\":[{\"@type\":\"CommentAction\",\"name\":\"Comment\",\"target\":[\"https:\/\/www.federassantas.org.br\/novosite\/minas-recebera-r-84-mi-para-aquisicao-de-ventiladores-pulmonares\/#respond\"]}]},{\"@type\":\"WebPage\",\"@id\":\"https:\/\/www.federassantas.org.br\/novosite\/minas-recebera-r-84-mi-para-aquisicao-de-ventiladores-pulmonares\/\",\"url\":\"https:\/\/www.federassantas.org.br\/novosite\/minas-recebera-r-84-mi-para-aquisicao-de-ventiladores-pulmonares\/\",\"name\":\"Minas receber\u00e1 R$ 84 mi para aquisi\u00e7\u00e3o de ventiladores pulmonares - Federassantas\",\"isPartOf\":{\"@id\":\"https:\/\/www.federassantas.org.br\/novosite\/#website\"},\"primaryImageOfPage\":{\"@id\":\"https:\/\/www.federassantas.org.br\/novosite\/minas-recebera-r-84-mi-para-aquisicao-de-ventiladores-pulmonares\/#primaryimage\"},\"image\":{\"@id\":\"https:\/\/www.federassantas.org.br\/novosite\/minas-recebera-r-84-mi-para-aquisicao-de-ventiladores-pulmonares\/#primaryimage\"},\"thumbnailUrl\":\"\",\"datePublished\":\"2020-04-14T18:11:55+00:00\",\"breadcrumb\":{\"@id\":\"https:\/\/www.federassantas.org.br\/novosite\/minas-recebera-r-84-mi-para-aquisicao-de-ventiladores-pulmonares\/#breadcrumb\"},\"inLanguage\":\"pt-BR\",\"potentialAction\":[{\"@type\":\"ReadAction\",\"target\":[\"https:\/\/www.federassantas.org.br\/novosite\/minas-recebera-r-84-mi-para-aquisicao-de-ventiladores-pulmonares\/\"]}]},{\"@type\":\"ImageObject\",\"inLanguage\":\"pt-BR\",\"@id\":\"https:\/\/www.federassantas.org.br\/novosite\/minas-recebera-r-84-mi-para-aquisicao-de-ventiladores-pulmonares\/#primaryimage\",\"url\":\"\",\"contentUrl\":\"\"},{\"@type\":\"BreadcrumbList\",\"@id\":\"https:\/\/www.federassantas.org.br\/novosite\/minas-recebera-r-84-mi-para-aquisicao-de-ventiladores-pulmonares\/#breadcrumb\",\"itemListElement\":[{\"@type\":\"ListItem\",\"position\":1,\"name\":\"In\u00edcio\",\"item\":\"https:\/\/www.federassantas.org.br\/novosite\/\"},{\"@type\":\"ListItem\",\"position\":2,\"name\":\"Minas receber\u00e1 R$ 84 mi para aquisi\u00e7\u00e3o de ventiladores pulmonares\"}]},{\"@type\":\"WebSite\",\"@id\":\"https:\/\/www.federassantas.org.br\/novosite\/#website\",\"url\":\"https:\/\/www.federassantas.org.br\/novosite\/\",\"name\":\"Federassantas\",\"description\":\"Fed. das Santas Casas e Hospitais Filantr\u00f3picos de MG\",\"publisher\":{\"@id\":\"https:\/\/www.federassantas.org.br\/novosite\/#organization\"},\"potentialAction\":[{\"@type\":\"SearchAction\",\"target\":{\"@type\":\"EntryPoint\",\"urlTemplate\":\"https:\/\/www.federassantas.org.br\/novosite\/?s={search_term_string}\"},\"query-input\":{\"@type\":\"PropertyValueSpecification\",\"valueRequired\":true,\"valueName\":\"search_term_string\"}}],\"inLanguage\":\"pt-BR\"},{\"@type\":\"Organization\",\"@id\":\"https:\/\/www.federassantas.org.br\/novosite\/#organization\",\"name\":\"Federassantas\",\"url\":\"https:\/\/www.federassantas.org.br\/novosite\/\",\"logo\":{\"@type\":\"ImageObject\",\"inLanguage\":\"pt-BR\",\"@id\":\"https:\/\/www.federassantas.org.br\/novosite\/#\/schema\/logo\/image\/\",\"url\":\"https:\/\/www.federassantas.org.br\/novosite\/wp-content\/uploads\/2021\/12\/logo.png\",\"contentUrl\":\"https:\/\/www.federassantas.org.br\/novosite\/wp-content\/uploads\/2021\/12\/logo.png\",\"width\":243,\"height\":59,\"caption\":\"Federassantas\"},\"image\":{\"@id\":\"https:\/\/www.federassantas.org.br\/novosite\/#\/schema\/logo\/image\/\"}},{\"@type\":\"Person\",\"@id\":\"https:\/\/www.federassantas.org.br\/novosite\/#\/schema\/person\/75fed98158349313fe56175f232f513c\",\"name\":\"admin-federas\",\"image\":{\"@type\":\"ImageObject\",\"inLanguage\":\"pt-BR\",\"@id\":\"https:\/\/www.federassantas.org.br\/novosite\/#\/schema\/person\/image\/\",\"url\":\"https:\/\/secure.gravatar.com\/avatar\/2a02d7dda59fe8dc6b7ffd3f652e2efede5ccf0dd89dfdc8137c5517f3de8407?s=96&d=mm&r=g\",\"contentUrl\":\"https:\/\/secure.gravatar.com\/avatar\/2a02d7dda59fe8dc6b7ffd3f652e2efede5ccf0dd89dfdc8137c5517f3de8407?s=96&d=mm&r=g\",\"caption\":\"admin-federas\"},\"sameAs\":[\"https:\/\/www.federassantas.org.br\/novosite\/\"],\"url\":\"https:\/\/www.federassantas.org.br\/novosite\/author\/admin-federas\/\"}]}<\/script>\n<!-- \/ Yoast SEO plugin. -->","yoast_head_json":{"title":"Minas receber\u00e1 R$ 84 mi para aquisi\u00e7\u00e3o de ventiladores pulmonares - Federassantas","robots":{"index":"index","follow":"follow","max-snippet":"max-snippet:-1","max-image-preview":"max-image-preview:large","max-video-preview":"max-video-preview:-1"},"canonical":"https:\/\/www.federassantas.org.br\/novosite\/minas-recebera-r-84-mi-para-aquisicao-de-ventiladores-pulmonares\/","og_locale":"pt_BR","og_type":"article","og_title":"Minas receber\u00e1 R$ 84 mi para aquisi\u00e7\u00e3o de ventiladores pulmonares - Federassantas","og_description":"Por determina\u00e7\u00e3o do governador Romeu Zema, a Advocacia-Geral do Estado (AGE) conseguiu junto \u00e0 Justi\u00e7a Federal a libera\u00e7\u00e3o de\u00a0R$ 84.088.086,34 para a compra de ventiladores pulmonares contra o novo coronav\u00edrus (Covid-19). O valor liberado \u00e9 parte da quantia que se encontra depositada pela Samarco a t\u00edtulo de garantia do ju\u00edzo. &#8220;Embora Minas Gerais ainda sofra [&hellip;]","og_url":"https:\/\/www.federassantas.org.br\/novosite\/minas-recebera-r-84-mi-para-aquisicao-de-ventiladores-pulmonares\/","og_site_name":"Federassantas","article_published_time":"2020-04-14T18:11:55+00:00","author":"admin-federas","twitter_card":"summary_large_image","twitter_misc":{"Escrito por":"admin-federas","Est. tempo de leitura":"2 minutos"},"schema":{"@context":"https:\/\/schema.org","@graph":[{"@type":"Article","@id":"https:\/\/www.federassantas.org.br\/novosite\/minas-recebera-r-84-mi-para-aquisicao-de-ventiladores-pulmonares\/#article","isPartOf":{"@id":"https:\/\/www.federassantas.org.br\/novosite\/minas-recebera-r-84-mi-para-aquisicao-de-ventiladores-pulmonares\/"},"author":{"name":"admin-federas","@id":"https:\/\/www.federassantas.org.br\/novosite\/#\/schema\/person\/75fed98158349313fe56175f232f513c"},"headline":"Minas receber\u00e1 R$ 84 mi para aquisi\u00e7\u00e3o de ventiladores pulmonares","datePublished":"2020-04-14T18:11:55+00:00","mainEntityOfPage":{"@id":"https:\/\/www.federassantas.org.br\/novosite\/minas-recebera-r-84-mi-para-aquisicao-de-ventiladores-pulmonares\/"},"wordCount":338,"commentCount":0,"publisher":{"@id":"https:\/\/www.federassantas.org.br\/novosite\/#organization"},"image":{"@id":"https:\/\/www.federassantas.org.br\/novosite\/minas-recebera-r-84-mi-para-aquisicao-de-ventiladores-pulmonares\/#primaryimage"},"thumbnailUrl":"","articleSection":["Not\u00edcias","Not\u00edcias P\u00fablicas"],"inLanguage":"pt-BR","potentialAction":[{"@type":"CommentAction","name":"Comment","target":["https:\/\/www.federassantas.org.br\/novosite\/minas-recebera-r-84-mi-para-aquisicao-de-ventiladores-pulmonares\/#respond"]}]},{"@type":"WebPage","@id":"https:\/\/www.federassantas.org.br\/novosite\/minas-recebera-r-84-mi-para-aquisicao-de-ventiladores-pulmonares\/","url":"https:\/\/www.federassantas.org.br\/novosite\/minas-recebera-r-84-mi-para-aquisicao-de-ventiladores-pulmonares\/","name":"Minas receber\u00e1 R$ 84 mi para aquisi\u00e7\u00e3o de ventiladores pulmonares - Federassantas","isPartOf":{"@id":"https:\/\/www.federassantas.org.br\/novosite\/#website"},"primaryImageOfPage":{"@id":"https:\/\/www.federassantas.org.br\/novosite\/minas-recebera-r-84-mi-para-aquisicao-de-ventiladores-pulmonares\/#primaryimage"},"image":{"@id":"https:\/\/www.federassantas.org.br\/novosite\/minas-recebera-r-84-mi-para-aquisicao-de-ventiladores-pulmonares\/#primaryimage"},"thumbnailUrl":"","datePublished":"2020-04-14T18:11:55+00:00","breadcrumb":{"@id":"https:\/\/www.federassantas.org.br\/novosite\/minas-recebera-r-84-mi-para-aquisicao-de-ventiladores-pulmonares\/#breadcrumb"},"inLanguage":"pt-BR","potentialAction":[{"@type":"ReadAction","target":["https:\/\/www.federassantas.org.br\/novosite\/minas-recebera-r-84-mi-para-aquisicao-de-ventiladores-pulmonares\/"]}]},{"@type":"ImageObject","inLanguage":"pt-BR","@id":"https:\/\/www.federassantas.org.br\/novosite\/minas-recebera-r-84-mi-para-aquisicao-de-ventiladores-pulmonares\/#primaryimage","url":"","contentUrl":""},{"@type":"BreadcrumbList","@id":"https:\/\/www.federassantas.org.br\/novosite\/minas-recebera-r-84-mi-para-aquisicao-de-ventiladores-pulmonares\/#breadcrumb","itemListElement":[{"@type":"ListItem","position":1,"name":"In\u00edcio","item":"https:\/\/www.federassantas.org.br\/novosite\/"},{"@type":"ListItem","position":2,"name":"Minas receber\u00e1 R$ 84 mi para aquisi\u00e7\u00e3o de ventiladores pulmonares"}]},{"@type":"WebSite","@id":"https:\/\/www.federassantas.org.br\/novosite\/#website","url":"https:\/\/www.federassantas.org.br\/novosite\/","name":"Federassantas","description":"Fed. das Santas Casas e Hospitais Filantr\u00f3picos de MG","publisher":{"@id":"https:\/\/www.federassantas.org.br\/novosite\/#organization"},"potentialAction":[{"@type":"SearchAction","target":{"@type":"EntryPoint","urlTemplate":"https:\/\/www.federassantas.org.br\/novosite\/?s={search_term_string}"},"query-input":{"@type":"PropertyValueSpecification","valueRequired":true,"valueName":"search_term_string"}}],"inLanguage":"pt-BR"},{"@type":"Organization","@id":"https:\/\/www.federassantas.org.br\/novosite\/#organization","name":"Federassantas","url":"https:\/\/www.federassantas.org.br\/novosite\/","logo":{"@type":"ImageObject","inLanguage":"pt-BR","@id":"https:\/\/www.federassantas.org.br\/novosite\/#\/schema\/logo\/image\/","url":"https:\/\/www.federassantas.org.br\/novosite\/wp-content\/uploads\/2021\/12\/logo.png","contentUrl":"https:\/\/www.federassantas.org.br\/novosite\/wp-content\/uploads\/2021\/12\/logo.png","width":243,"height":59,"caption":"Federassantas"},"image":{"@id":"https:\/\/www.federassantas.org.br\/novosite\/#\/schema\/logo\/image\/"}},{"@type":"Person","@id":"https:\/\/www.federassantas.org.br\/novosite\/#\/schema\/person\/75fed98158349313fe56175f232f513c","name":"admin-federas","image":{"@type":"ImageObject","inLanguage":"pt-BR","@id":"https:\/\/www.federassantas.org.br\/novosite\/#\/schema\/person\/image\/","url":"https:\/\/secure.gravatar.com\/avatar\/2a02d7dda59fe8dc6b7ffd3f652e2efede5ccf0dd89dfdc8137c5517f3de8407?s=96&d=mm&r=g","contentUrl":"https:\/\/secure.gravatar.com\/avatar\/2a02d7dda59fe8dc6b7ffd3f652e2efede5ccf0dd89dfdc8137c5517f3de8407?s=96&d=mm&r=g","caption":"admin-federas"},"sameAs":["https:\/\/www.federassantas.org.br\/novosite\/"],"url":"https:\/\/www.federassantas.org.br\/novosite\/author\/admin-federas\/"}]}},"_links":{"self":[{"href":"https:\/\/www.federassantas.org.br\/novosite\/wp-json\/wp\/v2\/posts\/18391","targetHints":{"allow":["GET"]}}],"collection":[{"href":"https:\/\/www.federassantas.org.br\/novosite\/wp-json\/wp\/v2\/posts"}],"about":[{"href":"https:\/\/www.federassantas.org.br\/novosite\/wp-json\/wp\/v2\/types\/post"}],"author":[{"embeddable":true,"href":"https:\/\/www.federassantas.org.br\/novosite\/wp-json\/wp\/v2\/users\/1"}],"replies":[{"embeddable":true,"href":"https:\/\/www.federassantas.org.br\/novosite\/wp-json\/wp\/v2\/comments?post=18391"}],"version-history":[{"count":0,"href":"https:\/\/www.federassantas.org.br\/novosite\/wp-json\/wp\/v2\/posts\/18391\/revisions"}],"wp:featuredmedia":[{"embeddable":true,"href":"https:\/\/www.federassantas.org.br\/novosite\/wp-json\/"}],"wp:attachment":[{"href":"https:\/\/www.federassantas.org.br\/novosite\/wp-json\/wp\/v2\/media?parent=18391"}],"wp:term":[{"taxonomy":"category","embeddable":true,"href":"https:\/\/www.federassantas.org.br\/novosite\/wp-json\/wp\/v2\/categories?post=18391"},{"taxonomy":"post_tag","embeddable":true,"href":"https:\/\/www.federassantas.org.br\/novosite\/wp-json\/wp\/v2\/tags?post=18391"}],"curies":[{"name":"wp","href":"https:\/\/api.w.org\/{rel}","templated":true}]}}