{"id":18406,"date":"2020-04-15T13:00:01","date_gmt":"2020-04-15T16:00:01","guid":{"rendered":"https:\/\/federasbackup.meltcomunicacao.com.br\/?p=18406"},"modified":"2020-04-15T13:00:01","modified_gmt":"2020-04-15T16:00:01","slug":"federassantas-convoca-filiados-para-assembleia-geral-ordinaria","status":"publish","type":"post","link":"https:\/\/www.federassantas.org.br\/novosite\/federassantas-convoca-filiados-para-assembleia-geral-ordinaria\/","title":{"rendered":"Federassantas convoca filiados para Assembleia Geral Ordin\u00e1ria"},"content":{"rendered":"<p style=\"text-align: justify;\">A Presidente da Federassantas, K\u00e1tia Rocha, convoca os gestores das institui\u00e7\u00f5es filiados para a Assembleia Geral Ordin\u00e1ria, que ser\u00e1 realizada no dia <strong>20 de abril de 2020<\/strong>, \u00e0s quatorze horas em primeira convoca\u00e7\u00e3o e \u00e0s quatorze horas e quinze minutos em segunda e \u00faltima convoca\u00e7\u00e3o, em sua sede \u00e0 Rua Maranh\u00e3o n. 339, 11\u00ba andar, Belo Horizonte\/MG, para cumprimento da seguintes pautas:<\/p>\n<p style=\"text-align: justify;\">1) Aprecia\u00e7\u00e3o e aprova\u00e7\u00e3o das contas e relat\u00f3rio da Diretoria do exerc\u00edcio de 2019;<\/p>\n<p style=\"text-align: justify;\">2) Elei\u00e7\u00e3o direta da Diretoria e do Conselho Fiscal;<\/p>\n<p style=\"text-align: justify;\">Em raz\u00e3o do cen\u00e1rio de pandemia, a FEDERASSANTAS buscou meios alternativos para viabilizar a realiza\u00e7\u00e3o da elei\u00e7\u00e3o e presta\u00e7\u00e3o de contas sem a necessidade de comparecimento pessoal dos filiados, desde que cumpridos requisitos extraordin\u00e1rios.<\/p>\n<p style=\"text-align: justify;\">Diante da ocasi\u00e3o de isolamento social e da possibilidade de comparecimento de mais de 180 pessoas representando os hospitais filiados, a Diretoria entendeu por bem autorizar a transmiss\u00e3o da assembleia com a finalidade de permitir o acompanhamento dos trabalhos e dar transpar\u00eancia \u00e0s atividades. Todavia, o exerc\u00edcio do direito ao voto ser\u00e1 preservado \u00e0queles participantes presentes no local, diante da exig\u00eancia do Cart\u00f3rio de Registro Civil das Pessoas Jur\u00eddicas de Belo Horizonte\/MG de obten\u00e7\u00e3o das assinaturas de todos os votantes presentes.<\/p>\n<p style=\"text-align: justify;\">Acesse o <strong>edital completo<\/strong>, informa\u00e7\u00f5es do<strong> registro de chapas<\/strong> e\u00a0<strong>crit\u00e9rios para vota\u00e7\u00f5es<\/strong> no documento abaixo:<\/p>\n<p><a href=\"http:\/\/federasbackup.meltcomunicacao.com.br\/wp-content\/uploads\/2020\/04\/Edital-de-Convocac\u0327a\u0303o-20.04.2020-Federassantas.pdf\">Edital de Convocac\u0327a\u0303o 20.04.2020 &#8211; Federassantas<\/a><\/p>\n<p>&nbsp;<\/p>\n<p style=\"text-align: justify;\"><em>A transmiss\u00e3o da Assembleia Geral Ordin\u00e1ria ser\u00e1 realizada pela plataforma Hangouts Meet. Seguem abaixo orienta\u00e7\u00f5es e o link para conex\u00e3o:<\/em><\/p>\n<p style=\"text-align: justify;\"><em><a href=\"https:\/\/meet.google.com\/cvn-sbkj-qky\">https:\/\/meet.google.com\/cvn-sbkj-qky<\/a><\/em><\/p>\n<p style=\"text-align: justify;\"><em>Para quem for participar pelo <strong>computador<\/strong>, basta clicar ou transcrever o link.<\/em><\/p>\n<p style=\"text-align: justify;\"><em>Para quem for participar pelo <strong>celular,<\/strong> ser\u00e1 necess\u00e1rio baixar o aplicativo do Hangouts Meet.<\/em><\/p>\n<p style=\"text-align: justify;\">\n","protected":false},"excerpt":{"rendered":"<p>A Presidente da Federassantas, K\u00e1tia Rocha, convoca os gestores das institui\u00e7\u00f5es filiados para a Assembleia Geral Ordin\u00e1ria, que ser\u00e1 realizada no dia 20 de abril de 2020, \u00e0s quatorze horas em primeira convoca\u00e7\u00e3o e \u00e0s quatorze horas e quinze minutos em segunda e \u00faltima convoca\u00e7\u00e3o, em sua sede \u00e0 Rua Maranh\u00e3o n. 339, 11\u00ba andar, [&hellip;]<\/p>\n","protected":false},"author":1,"featured_media":18412,"comment_status":"open","ping_status":"open","sticky":false,"template":"","format":"standard","meta":{"footnotes":""},"categories":[140,141],"tags":[],"class_list":["post-18406","post","type-post","status-publish","format-standard","has-post-thumbnail","hentry","category-noticias","category-noticias-federassantas"],"yoast_head":"<!-- This site is optimized with the Yoast SEO plugin v26.9 - https:\/\/yoast.com\/product\/yoast-seo-wordpress\/ -->\n<title>Federassantas convoca filiados para Assembleia Geral Ordin\u00e1ria - Federassantas<\/title>\n<meta name=\"robots\" content=\"index, follow, max-snippet:-1, max-image-preview:large, max-video-preview:-1\" \/>\n<link rel=\"canonical\" href=\"https:\/\/www.federassantas.org.br\/novosite\/federassantas-convoca-filiados-para-assembleia-geral-ordinaria\/\" \/>\n<meta property=\"og:locale\" content=\"pt_BR\" \/>\n<meta property=\"og:type\" content=\"article\" \/>\n<meta property=\"og:title\" content=\"Federassantas convoca filiados para Assembleia Geral Ordin\u00e1ria - Federassantas\" \/>\n<meta property=\"og:description\" content=\"A Presidente da Federassantas, K\u00e1tia Rocha, convoca os gestores das institui\u00e7\u00f5es filiados para a Assembleia Geral Ordin\u00e1ria, que ser\u00e1 realizada no dia 20 de abril de 2020, \u00e0s quatorze horas em primeira convoca\u00e7\u00e3o e \u00e0s quatorze horas e quinze minutos em segunda e \u00faltima convoca\u00e7\u00e3o, em sua sede \u00e0 Rua Maranh\u00e3o n. 339, 11\u00ba andar, [&hellip;]\" \/>\n<meta property=\"og:url\" content=\"https:\/\/www.federassantas.org.br\/novosite\/federassantas-convoca-filiados-para-assembleia-geral-ordinaria\/\" \/>\n<meta property=\"og:site_name\" content=\"Federassantas\" \/>\n<meta property=\"article:published_time\" content=\"2020-04-15T16:00:01+00:00\" \/>\n<meta name=\"author\" content=\"admin-federas\" \/>\n<meta name=\"twitter:card\" content=\"summary_large_image\" \/>\n<meta name=\"twitter:label1\" content=\"Escrito por\" \/>\n\t<meta name=\"twitter:data1\" content=\"admin-federas\" \/>\n\t<meta name=\"twitter:label2\" content=\"Est. tempo de leitura\" \/>\n\t<meta name=\"twitter:data2\" content=\"2 minutos\" \/>\n<script type=\"application\/ld+json\" class=\"yoast-schema-graph\">{\"@context\":\"https:\/\/schema.org\",\"@graph\":[{\"@type\":\"Article\",\"@id\":\"https:\/\/www.federassantas.org.br\/novosite\/federassantas-convoca-filiados-para-assembleia-geral-ordinaria\/#article\",\"isPartOf\":{\"@id\":\"https:\/\/www.federassantas.org.br\/novosite\/federassantas-convoca-filiados-para-assembleia-geral-ordinaria\/\"},\"author\":{\"name\":\"admin-federas\",\"@id\":\"https:\/\/www.federassantas.org.br\/novosite\/#\/schema\/person\/75fed98158349313fe56175f232f513c\"},\"headline\":\"Federassantas convoca filiados para Assembleia Geral Ordin\u00e1ria\",\"datePublished\":\"2020-04-15T16:00:01+00:00\",\"mainEntityOfPage\":{\"@id\":\"https:\/\/www.federassantas.org.br\/novosite\/federassantas-convoca-filiados-para-assembleia-geral-ordinaria\/\"},\"wordCount\":309,\"commentCount\":0,\"publisher\":{\"@id\":\"https:\/\/www.federassantas.org.br\/novosite\/#organization\"},\"image\":{\"@id\":\"https:\/\/www.federassantas.org.br\/novosite\/federassantas-convoca-filiados-para-assembleia-geral-ordinaria\/#primaryimage\"},\"thumbnailUrl\":\"\",\"articleSection\":[\"Not\u00edcias\",\"Not\u00edcias Federassantas\"],\"inLanguage\":\"pt-BR\",\"potentialAction\":[{\"@type\":\"CommentAction\",\"name\":\"Comment\",\"target\":[\"https:\/\/www.federassantas.org.br\/novosite\/federassantas-convoca-filiados-para-assembleia-geral-ordinaria\/#respond\"]}]},{\"@type\":\"WebPage\",\"@id\":\"https:\/\/www.federassantas.org.br\/novosite\/federassantas-convoca-filiados-para-assembleia-geral-ordinaria\/\",\"url\":\"https:\/\/www.federassantas.org.br\/novosite\/federassantas-convoca-filiados-para-assembleia-geral-ordinaria\/\",\"name\":\"Federassantas convoca filiados para Assembleia Geral Ordin\u00e1ria - Federassantas\",\"isPartOf\":{\"@id\":\"https:\/\/www.federassantas.org.br\/novosite\/#website\"},\"primaryImageOfPage\":{\"@id\":\"https:\/\/www.federassantas.org.br\/novosite\/federassantas-convoca-filiados-para-assembleia-geral-ordinaria\/#primaryimage\"},\"image\":{\"@id\":\"https:\/\/www.federassantas.org.br\/novosite\/federassantas-convoca-filiados-para-assembleia-geral-ordinaria\/#primaryimage\"},\"thumbnailUrl\":\"\",\"datePublished\":\"2020-04-15T16:00:01+00:00\",\"breadcrumb\":{\"@id\":\"https:\/\/www.federassantas.org.br\/novosite\/federassantas-convoca-filiados-para-assembleia-geral-ordinaria\/#breadcrumb\"},\"inLanguage\":\"pt-BR\",\"potentialAction\":[{\"@type\":\"ReadAction\",\"target\":[\"https:\/\/www.federassantas.org.br\/novosite\/federassantas-convoca-filiados-para-assembleia-geral-ordinaria\/\"]}]},{\"@type\":\"ImageObject\",\"inLanguage\":\"pt-BR\",\"@id\":\"https:\/\/www.federassantas.org.br\/novosite\/federassantas-convoca-filiados-para-assembleia-geral-ordinaria\/#primaryimage\",\"url\":\"\",\"contentUrl\":\"\"},{\"@type\":\"BreadcrumbList\",\"@id\":\"https:\/\/www.federassantas.org.br\/novosite\/federassantas-convoca-filiados-para-assembleia-geral-ordinaria\/#breadcrumb\",\"itemListElement\":[{\"@type\":\"ListItem\",\"position\":1,\"name\":\"In\u00edcio\",\"item\":\"https:\/\/www.federassantas.org.br\/novosite\/\"},{\"@type\":\"ListItem\",\"position\":2,\"name\":\"Federassantas convoca filiados para Assembleia Geral Ordin\u00e1ria\"}]},{\"@type\":\"WebSite\",\"@id\":\"https:\/\/www.federassantas.org.br\/novosite\/#website\",\"url\":\"https:\/\/www.federassantas.org.br\/novosite\/\",\"name\":\"Federassantas\",\"description\":\"Fed. das Santas Casas e Hospitais Filantr\u00f3picos de MG\",\"publisher\":{\"@id\":\"https:\/\/www.federassantas.org.br\/novosite\/#organization\"},\"potentialAction\":[{\"@type\":\"SearchAction\",\"target\":{\"@type\":\"EntryPoint\",\"urlTemplate\":\"https:\/\/www.federassantas.org.br\/novosite\/?s={search_term_string}\"},\"query-input\":{\"@type\":\"PropertyValueSpecification\",\"valueRequired\":true,\"valueName\":\"search_term_string\"}}],\"inLanguage\":\"pt-BR\"},{\"@type\":\"Organization\",\"@id\":\"https:\/\/www.federassantas.org.br\/novosite\/#organization\",\"name\":\"Federassantas\",\"url\":\"https:\/\/www.federassantas.org.br\/novosite\/\",\"logo\":{\"@type\":\"ImageObject\",\"inLanguage\":\"pt-BR\",\"@id\":\"https:\/\/www.federassantas.org.br\/novosite\/#\/schema\/logo\/image\/\",\"url\":\"https:\/\/www.federassantas.org.br\/novosite\/wp-content\/uploads\/2021\/12\/logo.png\",\"contentUrl\":\"https:\/\/www.federassantas.org.br\/novosite\/wp-content\/uploads\/2021\/12\/logo.png\",\"width\":243,\"height\":59,\"caption\":\"Federassantas\"},\"image\":{\"@id\":\"https:\/\/www.federassantas.org.br\/novosite\/#\/schema\/logo\/image\/\"}},{\"@type\":\"Person\",\"@id\":\"https:\/\/www.federassantas.org.br\/novosite\/#\/schema\/person\/75fed98158349313fe56175f232f513c\",\"name\":\"admin-federas\",\"image\":{\"@type\":\"ImageObject\",\"inLanguage\":\"pt-BR\",\"@id\":\"https:\/\/www.federassantas.org.br\/novosite\/#\/schema\/person\/image\/\",\"url\":\"https:\/\/secure.gravatar.com\/avatar\/2a02d7dda59fe8dc6b7ffd3f652e2efede5ccf0dd89dfdc8137c5517f3de8407?s=96&d=mm&r=g\",\"contentUrl\":\"https:\/\/secure.gravatar.com\/avatar\/2a02d7dda59fe8dc6b7ffd3f652e2efede5ccf0dd89dfdc8137c5517f3de8407?s=96&d=mm&r=g\",\"caption\":\"admin-federas\"},\"sameAs\":[\"https:\/\/www.federassantas.org.br\/novosite\/\"],\"url\":\"https:\/\/www.federassantas.org.br\/novosite\/author\/admin-federas\/\"}]}<\/script>\n<!-- \/ Yoast SEO plugin. -->","yoast_head_json":{"title":"Federassantas convoca filiados para Assembleia Geral Ordin\u00e1ria - Federassantas","robots":{"index":"index","follow":"follow","max-snippet":"max-snippet:-1","max-image-preview":"max-image-preview:large","max-video-preview":"max-video-preview:-1"},"canonical":"https:\/\/www.federassantas.org.br\/novosite\/federassantas-convoca-filiados-para-assembleia-geral-ordinaria\/","og_locale":"pt_BR","og_type":"article","og_title":"Federassantas convoca filiados para Assembleia Geral Ordin\u00e1ria - Federassantas","og_description":"A Presidente da Federassantas, K\u00e1tia Rocha, convoca os gestores das institui\u00e7\u00f5es filiados para a Assembleia Geral Ordin\u00e1ria, que ser\u00e1 realizada no dia 20 de abril de 2020, \u00e0s quatorze horas em primeira convoca\u00e7\u00e3o e \u00e0s quatorze horas e quinze minutos em segunda e \u00faltima convoca\u00e7\u00e3o, em sua sede \u00e0 Rua Maranh\u00e3o n. 339, 11\u00ba andar, [&hellip;]","og_url":"https:\/\/www.federassantas.org.br\/novosite\/federassantas-convoca-filiados-para-assembleia-geral-ordinaria\/","og_site_name":"Federassantas","article_published_time":"2020-04-15T16:00:01+00:00","author":"admin-federas","twitter_card":"summary_large_image","twitter_misc":{"Escrito por":"admin-federas","Est. tempo de leitura":"2 minutos"},"schema":{"@context":"https:\/\/schema.org","@graph":[{"@type":"Article","@id":"https:\/\/www.federassantas.org.br\/novosite\/federassantas-convoca-filiados-para-assembleia-geral-ordinaria\/#article","isPartOf":{"@id":"https:\/\/www.federassantas.org.br\/novosite\/federassantas-convoca-filiados-para-assembleia-geral-ordinaria\/"},"author":{"name":"admin-federas","@id":"https:\/\/www.federassantas.org.br\/novosite\/#\/schema\/person\/75fed98158349313fe56175f232f513c"},"headline":"Federassantas convoca filiados para Assembleia Geral Ordin\u00e1ria","datePublished":"2020-04-15T16:00:01+00:00","mainEntityOfPage":{"@id":"https:\/\/www.federassantas.org.br\/novosite\/federassantas-convoca-filiados-para-assembleia-geral-ordinaria\/"},"wordCount":309,"commentCount":0,"publisher":{"@id":"https:\/\/www.federassantas.org.br\/novosite\/#organization"},"image":{"@id":"https:\/\/www.federassantas.org.br\/novosite\/federassantas-convoca-filiados-para-assembleia-geral-ordinaria\/#primaryimage"},"thumbnailUrl":"","articleSection":["Not\u00edcias","Not\u00edcias Federassantas"],"inLanguage":"pt-BR","potentialAction":[{"@type":"CommentAction","name":"Comment","target":["https:\/\/www.federassantas.org.br\/novosite\/federassantas-convoca-filiados-para-assembleia-geral-ordinaria\/#respond"]}]},{"@type":"WebPage","@id":"https:\/\/www.federassantas.org.br\/novosite\/federassantas-convoca-filiados-para-assembleia-geral-ordinaria\/","url":"https:\/\/www.federassantas.org.br\/novosite\/federassantas-convoca-filiados-para-assembleia-geral-ordinaria\/","name":"Federassantas convoca filiados para Assembleia Geral Ordin\u00e1ria - Federassantas","isPartOf":{"@id":"https:\/\/www.federassantas.org.br\/novosite\/#website"},"primaryImageOfPage":{"@id":"https:\/\/www.federassantas.org.br\/novosite\/federassantas-convoca-filiados-para-assembleia-geral-ordinaria\/#primaryimage"},"image":{"@id":"https:\/\/www.federassantas.org.br\/novosite\/federassantas-convoca-filiados-para-assembleia-geral-ordinaria\/#primaryimage"},"thumbnailUrl":"","datePublished":"2020-04-15T16:00:01+00:00","breadcrumb":{"@id":"https:\/\/www.federassantas.org.br\/novosite\/federassantas-convoca-filiados-para-assembleia-geral-ordinaria\/#breadcrumb"},"inLanguage":"pt-BR","potentialAction":[{"@type":"ReadAction","target":["https:\/\/www.federassantas.org.br\/novosite\/federassantas-convoca-filiados-para-assembleia-geral-ordinaria\/"]}]},{"@type":"ImageObject","inLanguage":"pt-BR","@id":"https:\/\/www.federassantas.org.br\/novosite\/federassantas-convoca-filiados-para-assembleia-geral-ordinaria\/#primaryimage","url":"","contentUrl":""},{"@type":"BreadcrumbList","@id":"https:\/\/www.federassantas.org.br\/novosite\/federassantas-convoca-filiados-para-assembleia-geral-ordinaria\/#breadcrumb","itemListElement":[{"@type":"ListItem","position":1,"name":"In\u00edcio","item":"https:\/\/www.federassantas.org.br\/novosite\/"},{"@type":"ListItem","position":2,"name":"Federassantas convoca filiados para Assembleia Geral Ordin\u00e1ria"}]},{"@type":"WebSite","@id":"https:\/\/www.federassantas.org.br\/novosite\/#website","url":"https:\/\/www.federassantas.org.br\/novosite\/","name":"Federassantas","description":"Fed. das Santas Casas e Hospitais Filantr\u00f3picos de MG","publisher":{"@id":"https:\/\/www.federassantas.org.br\/novosite\/#organization"},"potentialAction":[{"@type":"SearchAction","target":{"@type":"EntryPoint","urlTemplate":"https:\/\/www.federassantas.org.br\/novosite\/?s={search_term_string}"},"query-input":{"@type":"PropertyValueSpecification","valueRequired":true,"valueName":"search_term_string"}}],"inLanguage":"pt-BR"},{"@type":"Organization","@id":"https:\/\/www.federassantas.org.br\/novosite\/#organization","name":"Federassantas","url":"https:\/\/www.federassantas.org.br\/novosite\/","logo":{"@type":"ImageObject","inLanguage":"pt-BR","@id":"https:\/\/www.federassantas.org.br\/novosite\/#\/schema\/logo\/image\/","url":"https:\/\/www.federassantas.org.br\/novosite\/wp-content\/uploads\/2021\/12\/logo.png","contentUrl":"https:\/\/www.federassantas.org.br\/novosite\/wp-content\/uploads\/2021\/12\/logo.png","width":243,"height":59,"caption":"Federassantas"},"image":{"@id":"https:\/\/www.federassantas.org.br\/novosite\/#\/schema\/logo\/image\/"}},{"@type":"Person","@id":"https:\/\/www.federassantas.org.br\/novosite\/#\/schema\/person\/75fed98158349313fe56175f232f513c","name":"admin-federas","image":{"@type":"ImageObject","inLanguage":"pt-BR","@id":"https:\/\/www.federassantas.org.br\/novosite\/#\/schema\/person\/image\/","url":"https:\/\/secure.gravatar.com\/avatar\/2a02d7dda59fe8dc6b7ffd3f652e2efede5ccf0dd89dfdc8137c5517f3de8407?s=96&d=mm&r=g","contentUrl":"https:\/\/secure.gravatar.com\/avatar\/2a02d7dda59fe8dc6b7ffd3f652e2efede5ccf0dd89dfdc8137c5517f3de8407?s=96&d=mm&r=g","caption":"admin-federas"},"sameAs":["https:\/\/www.federassantas.org.br\/novosite\/"],"url":"https:\/\/www.federassantas.org.br\/novosite\/author\/admin-federas\/"}]}},"_links":{"self":[{"href":"https:\/\/www.federassantas.org.br\/novosite\/wp-json\/wp\/v2\/posts\/18406","targetHints":{"allow":["GET"]}}],"collection":[{"href":"https:\/\/www.federassantas.org.br\/novosite\/wp-json\/wp\/v2\/posts"}],"about":[{"href":"https:\/\/www.federassantas.org.br\/novosite\/wp-json\/wp\/v2\/types\/post"}],"author":[{"embeddable":true,"href":"https:\/\/www.federassantas.org.br\/novosite\/wp-json\/wp\/v2\/users\/1"}],"replies":[{"embeddable":true,"href":"https:\/\/www.federassantas.org.br\/novosite\/wp-json\/wp\/v2\/comments?post=18406"}],"version-history":[{"count":0,"href":"https:\/\/www.federassantas.org.br\/novosite\/wp-json\/wp\/v2\/posts\/18406\/revisions"}],"wp:featuredmedia":[{"embeddable":true,"href":"https:\/\/www.federassantas.org.br\/novosite\/wp-json\/"}],"wp:attachment":[{"href":"https:\/\/www.federassantas.org.br\/novosite\/wp-json\/wp\/v2\/media?parent=18406"}],"wp:term":[{"taxonomy":"category","embeddable":true,"href":"https:\/\/www.federassantas.org.br\/novosite\/wp-json\/wp\/v2\/categories?post=18406"},{"taxonomy":"post_tag","embeddable":true,"href":"https:\/\/www.federassantas.org.br\/novosite\/wp-json\/wp\/v2\/tags?post=18406"}],"curies":[{"name":"wp","href":"https:\/\/api.w.org\/{rel}","templated":true}]}}