{"id":18414,"date":"2020-04-15T17:25:15","date_gmt":"2020-04-15T20:25:15","guid":{"rendered":"https:\/\/federasbackup.meltcomunicacao.com.br\/?p=18414"},"modified":"2020-04-15T17:25:15","modified_gmt":"2020-04-15T20:25:15","slug":"governo-de-minas-conclui-segunda-etapa-da-construcao-do-hospital-de-campanha-no-expominas","status":"publish","type":"post","link":"https:\/\/www.federassantas.org.br\/novosite\/governo-de-minas-conclui-segunda-etapa-da-construcao-do-hospital-de-campanha-no-expominas\/","title":{"rendered":"Governo de Minas conclui segunda etapa da constru\u00e7\u00e3o do Hospital de Campanha no Expominas"},"content":{"rendered":"<p style=\"text-align: justify;\">Foi conclu\u00edda, nesta quarta-feira (15\/4), a segunda etapa da constru\u00e7\u00e3o do Hospital de Campanha no Expominas, em Belo Horizonte. A a\u00e7\u00e3o \u00e9 uma das iniciativas do Governo de Minas no enfrentamento ao coronav\u00edrus, antecipando as necessidades que possam surgir com a pandemia da Covid-19. O hospital foi projetado para oferecer 740 leitos de enfermaria e 28 de estabiliza\u00e7\u00e3o, totalizando 768 vagas. A previs\u00e3o \u00e9 de que a unidade esteja preparada para receber pacientes no fim de abril.<\/p>\n<p style=\"text-align: justify;\">A segunda fase da montagem contempla o mobili\u00e1rio e enxoval hospitalar, adequa\u00e7\u00e3o el\u00e9trica, rede de esgoto hospitalar e in\u00edcio da instala\u00e7\u00e3o gasom\u00e9trica. Os leitos foram divididos em tr\u00eas blocos, que ser\u00e3o colocados em opera\u00e7\u00e3o gradualmente. Nesta quarta-feira (15\/4) foi entregue o Bloco Amarelo, que conta com 260 leitos de enfermaria e 28 de estabiliza\u00e7\u00e3o. Conforme planejamento, os outros dois blocos ser\u00e3o ativados mediante necessidade, sendo eles o Bloco Azul, com 220 leitos de enfermaria, e o Bloco Verde, contendo 260 leitos, tamb\u00e9m de enfermaria.<\/p>\n<p style=\"text-align: justify;\">O governador Romeu Zema destacou que o objetivo do Hospital de Campanha \u00e9 ampliar a capacidade de atendimento do sistema p\u00fablico de sa\u00fade de todo o Estado, especialmente da Regi\u00e3o Metropolitana de Belo Horizonte (RMBH). A finalidade \u00e9 criar condi\u00e7\u00f5es aos hospitais convencionais para atender sobretudo os casos graves e que precisam de Centro de Terapia Intensiva (CTI). Em caso de lota\u00e7\u00e3o das enfermarias dos hospitais convencionais da RMBH, poder\u00e3o ser solicitadas ao Hospital de Campanha vagas de cl\u00ednica m\u00e9dica para finaliza\u00e7\u00e3o dos tratamentos.<\/p>\n<p style=\"text-align: justify;\">\u201cEste hospital visa aliviar o nosso sistema de sa\u00fade, caso n\u00f3s tenhamos uma sobrecarga. Agrade\u00e7o a prontid\u00e3o, agilidade e compet\u00eancia da Pol\u00edcia Militar e do Corpo de Bombeiros para fazer em t\u00e3o pouco tempo um hospital deste porte. Tamb\u00e9m agrade\u00e7o \u00e0 Fiemg e aos empres\u00e1rios que colaboraram. N\u00f3s s\u00f3 conseguimos fazer o hospital neste tempo t\u00e3o curto e t\u00e3o bem montado porque o Estado teve o apoio da sociedade civil. Estamos entregando a primeira etapa, com 28 leitos de estabiliza\u00e7\u00e3o e 260 de enfermaria. Gostaria que n\u00e3o fossem utilizados, mas n\u00f3s n\u00e3o vamos arriscar em passar por uma crise t\u00e3o grande sem termos leitos adicionais\u201d, afirmou Romeu Zema.<\/p>\n<p style=\"text-align: justify;\">A unidade de sa\u00fade funcionar\u00e1 sob o conceito de hospital fechado, ou seja, para a admiss\u00e3o de pacientes referenciados e com Autoriza\u00e7\u00e3o de Interna\u00e7\u00e3o Hospitalar (AIH), preferencialmente do Sistema \u00danico de Sa\u00fade (SUS) e acometidos pela Covid-19.<\/p>\n<p style=\"text-align: justify;\">Zema ainda ressaltou o esfor\u00e7o do governo para preparar o sistema de sa\u00fade para o enfrentamento da crise. Segundo ele, cerca de 4% dos leitos de Unidade de Terapia Intensiva (UTI) no estado est\u00e3o sendo utilizados por v\u00edtimas do coronav\u00edrus, o que demonstra o resultado das a\u00e7\u00f5es de preven\u00e7\u00e3o em Minas.<\/p>\n<p style=\"text-align: justify;\">\u201cEstamos ainda em uma situa\u00e7\u00e3o confort\u00e1vel, talvez fruto das medidas que tomamos. N\u00f3s nos antecipamos, sa\u00edmos antes de outros Estados que j\u00e1 estavam em est\u00e1gio mais avan\u00e7ado de contamina\u00e7\u00e3o, e isso se mostrou muito acertado. Minas Gerais hoje est\u00e1 com uma curva que est\u00e1 caminhando para ficar horizontal, mas nada indica que esta tend\u00eancia tende a permanecer, como j\u00e1 aconteceu em outros pa\u00edses. Estamos tomando todos os cuidados para que isso n\u00e3o ocorra aqui\u201d, disse o governador.<\/p>\n<p style=\"text-align: justify;\">Romeu Zema afirmou, ainda, que o Executivo segue empenhado em liberar novos leitos em todo o estado, al\u00e9m de trabalhar junto ao legislativo mineiro e o governo federal para buscar novos investimentos e medidas de compensa\u00e7\u00e3o causadas pela crise da Covid-19.<\/p>\n<p style=\"text-align: justify;\">\u201cAl\u00e9m deste hospital, v\u00e1rias medidas foram e est\u00e3o sendo tomadas. N\u00f3s fizemos um levantamento de todas as unidades hospitalares do estado e em muitas delas encontramos alas e leitos ociosos. Tudo isto est\u00e1 sendo colocado em disponibilidade caso venha a ser necess\u00e1rio. Vamos conseguir deixar pelo menos mais 2 mil leitos adicionais, o que \u00e9 um n\u00famero consider\u00e1vel\u201d, finalizou.<\/p>\n<figure id=\"attachment_18415\" aria-describedby=\"caption-attachment-18415\" style=\"width: 300px\" class=\"wp-caption alignnone\"><img fetchpriority=\"high\" decoding=\"async\" class=\"wp-image-18415 size-medium\" src=\"http:\/\/federasbackup.meltcomunicacao.com.br\/wp-content\/uploads\/2020\/04\/15-4-_Pedro_gontijo_-_Imprensa_MG_4-300x200.jpg\" alt=\"\" width=\"300\" height=\"200\" \/><figcaption id=\"caption-attachment-18415\" class=\"wp-caption-text\">Fotos: Pedro Gontijo &#8211; Imprensa MG 8<\/figcaption><\/figure>\n<p style=\"text-align: justify;\">Veja a reportagem completa em\u00a0<a href=\"https:\/\/www.saude.mg.gov.br\/component\/gmg\/story\/12494-governo-de-minas-conclui-segunda-etapa-da-construcao-do-hospital-de-campanha-no-expominas\">SES\/MG<\/a><\/p>\n","protected":false},"excerpt":{"rendered":"<p>Foi conclu\u00edda, nesta quarta-feira (15\/4), a segunda etapa da constru\u00e7\u00e3o do Hospital de Campanha no Expominas, em Belo Horizonte. A a\u00e7\u00e3o \u00e9 uma das iniciativas do Governo de Minas no enfrentamento ao coronav\u00edrus, antecipando as necessidades que possam surgir com a pandemia da Covid-19. O hospital foi projetado para oferecer 740 leitos de enfermaria e [&hellip;]<\/p>\n","protected":false},"author":1,"featured_media":18416,"comment_status":"open","ping_status":"open","sticky":false,"template":"","format":"standard","meta":{"footnotes":""},"categories":[140,143],"tags":[],"class_list":["post-18414","post","type-post","status-publish","format-standard","has-post-thumbnail","hentry","category-noticias","category-noticias-publicas"],"yoast_head":"<!-- This site is optimized with the Yoast SEO plugin v26.9 - https:\/\/yoast.com\/product\/yoast-seo-wordpress\/ -->\n<title>Governo de Minas conclui segunda etapa da constru\u00e7\u00e3o do Hospital de Campanha no Expominas - Federassantas<\/title>\n<meta name=\"robots\" content=\"index, follow, max-snippet:-1, max-image-preview:large, max-video-preview:-1\" \/>\n<link rel=\"canonical\" href=\"https:\/\/www.federassantas.org.br\/novosite\/governo-de-minas-conclui-segunda-etapa-da-construcao-do-hospital-de-campanha-no-expominas\/\" \/>\n<meta property=\"og:locale\" content=\"pt_BR\" \/>\n<meta property=\"og:type\" content=\"article\" \/>\n<meta property=\"og:title\" content=\"Governo de Minas conclui segunda etapa da constru\u00e7\u00e3o do Hospital de Campanha no Expominas - Federassantas\" \/>\n<meta property=\"og:description\" content=\"Foi conclu\u00edda, nesta quarta-feira (15\/4), a segunda etapa da constru\u00e7\u00e3o do Hospital de Campanha no Expominas, em Belo Horizonte. A a\u00e7\u00e3o \u00e9 uma das iniciativas do Governo de Minas no enfrentamento ao coronav\u00edrus, antecipando as necessidades que possam surgir com a pandemia da Covid-19. O hospital foi projetado para oferecer 740 leitos de enfermaria e [&hellip;]\" \/>\n<meta property=\"og:url\" content=\"https:\/\/www.federassantas.org.br\/novosite\/governo-de-minas-conclui-segunda-etapa-da-construcao-do-hospital-de-campanha-no-expominas\/\" \/>\n<meta property=\"og:site_name\" content=\"Federassantas\" \/>\n<meta property=\"article:published_time\" content=\"2020-04-15T20:25:15+00:00\" \/>\n<meta name=\"author\" content=\"admin-federas\" \/>\n<meta name=\"twitter:card\" content=\"summary_large_image\" \/>\n<meta name=\"twitter:label1\" content=\"Escrito por\" \/>\n\t<meta name=\"twitter:data1\" content=\"admin-federas\" \/>\n\t<meta name=\"twitter:label2\" content=\"Est. tempo de leitura\" \/>\n\t<meta name=\"twitter:data2\" content=\"3 minutos\" \/>\n<script type=\"application\/ld+json\" class=\"yoast-schema-graph\">{\"@context\":\"https:\/\/schema.org\",\"@graph\":[{\"@type\":\"Article\",\"@id\":\"https:\/\/www.federassantas.org.br\/novosite\/governo-de-minas-conclui-segunda-etapa-da-construcao-do-hospital-de-campanha-no-expominas\/#article\",\"isPartOf\":{\"@id\":\"https:\/\/www.federassantas.org.br\/novosite\/governo-de-minas-conclui-segunda-etapa-da-construcao-do-hospital-de-campanha-no-expominas\/\"},\"author\":{\"name\":\"admin-federas\",\"@id\":\"https:\/\/www.federassantas.org.br\/novosite\/#\/schema\/person\/75fed98158349313fe56175f232f513c\"},\"headline\":\"Governo de Minas conclui segunda etapa da constru\u00e7\u00e3o do Hospital de Campanha no Expominas\",\"datePublished\":\"2020-04-15T20:25:15+00:00\",\"mainEntityOfPage\":{\"@id\":\"https:\/\/www.federassantas.org.br\/novosite\/governo-de-minas-conclui-segunda-etapa-da-construcao-do-hospital-de-campanha-no-expominas\/\"},\"wordCount\":710,\"commentCount\":0,\"publisher\":{\"@id\":\"https:\/\/www.federassantas.org.br\/novosite\/#organization\"},\"image\":{\"@id\":\"https:\/\/www.federassantas.org.br\/novosite\/governo-de-minas-conclui-segunda-etapa-da-construcao-do-hospital-de-campanha-no-expominas\/#primaryimage\"},\"thumbnailUrl\":\"\",\"articleSection\":[\"Not\u00edcias\",\"Not\u00edcias P\u00fablicas\"],\"inLanguage\":\"pt-BR\",\"potentialAction\":[{\"@type\":\"CommentAction\",\"name\":\"Comment\",\"target\":[\"https:\/\/www.federassantas.org.br\/novosite\/governo-de-minas-conclui-segunda-etapa-da-construcao-do-hospital-de-campanha-no-expominas\/#respond\"]}]},{\"@type\":\"WebPage\",\"@id\":\"https:\/\/www.federassantas.org.br\/novosite\/governo-de-minas-conclui-segunda-etapa-da-construcao-do-hospital-de-campanha-no-expominas\/\",\"url\":\"https:\/\/www.federassantas.org.br\/novosite\/governo-de-minas-conclui-segunda-etapa-da-construcao-do-hospital-de-campanha-no-expominas\/\",\"name\":\"Governo de Minas conclui segunda etapa da constru\u00e7\u00e3o do Hospital de Campanha no Expominas - Federassantas\",\"isPartOf\":{\"@id\":\"https:\/\/www.federassantas.org.br\/novosite\/#website\"},\"primaryImageOfPage\":{\"@id\":\"https:\/\/www.federassantas.org.br\/novosite\/governo-de-minas-conclui-segunda-etapa-da-construcao-do-hospital-de-campanha-no-expominas\/#primaryimage\"},\"image\":{\"@id\":\"https:\/\/www.federassantas.org.br\/novosite\/governo-de-minas-conclui-segunda-etapa-da-construcao-do-hospital-de-campanha-no-expominas\/#primaryimage\"},\"thumbnailUrl\":\"\",\"datePublished\":\"2020-04-15T20:25:15+00:00\",\"breadcrumb\":{\"@id\":\"https:\/\/www.federassantas.org.br\/novosite\/governo-de-minas-conclui-segunda-etapa-da-construcao-do-hospital-de-campanha-no-expominas\/#breadcrumb\"},\"inLanguage\":\"pt-BR\",\"potentialAction\":[{\"@type\":\"ReadAction\",\"target\":[\"https:\/\/www.federassantas.org.br\/novosite\/governo-de-minas-conclui-segunda-etapa-da-construcao-do-hospital-de-campanha-no-expominas\/\"]}]},{\"@type\":\"ImageObject\",\"inLanguage\":\"pt-BR\",\"@id\":\"https:\/\/www.federassantas.org.br\/novosite\/governo-de-minas-conclui-segunda-etapa-da-construcao-do-hospital-de-campanha-no-expominas\/#primaryimage\",\"url\":\"\",\"contentUrl\":\"\"},{\"@type\":\"BreadcrumbList\",\"@id\":\"https:\/\/www.federassantas.org.br\/novosite\/governo-de-minas-conclui-segunda-etapa-da-construcao-do-hospital-de-campanha-no-expominas\/#breadcrumb\",\"itemListElement\":[{\"@type\":\"ListItem\",\"position\":1,\"name\":\"In\u00edcio\",\"item\":\"https:\/\/www.federassantas.org.br\/novosite\/\"},{\"@type\":\"ListItem\",\"position\":2,\"name\":\"Governo de Minas conclui segunda etapa da constru\u00e7\u00e3o do Hospital de Campanha no Expominas\"}]},{\"@type\":\"WebSite\",\"@id\":\"https:\/\/www.federassantas.org.br\/novosite\/#website\",\"url\":\"https:\/\/www.federassantas.org.br\/novosite\/\",\"name\":\"Federassantas\",\"description\":\"Fed. das Santas Casas e Hospitais Filantr\u00f3picos de MG\",\"publisher\":{\"@id\":\"https:\/\/www.federassantas.org.br\/novosite\/#organization\"},\"potentialAction\":[{\"@type\":\"SearchAction\",\"target\":{\"@type\":\"EntryPoint\",\"urlTemplate\":\"https:\/\/www.federassantas.org.br\/novosite\/?s={search_term_string}\"},\"query-input\":{\"@type\":\"PropertyValueSpecification\",\"valueRequired\":true,\"valueName\":\"search_term_string\"}}],\"inLanguage\":\"pt-BR\"},{\"@type\":\"Organization\",\"@id\":\"https:\/\/www.federassantas.org.br\/novosite\/#organization\",\"name\":\"Federassantas\",\"url\":\"https:\/\/www.federassantas.org.br\/novosite\/\",\"logo\":{\"@type\":\"ImageObject\",\"inLanguage\":\"pt-BR\",\"@id\":\"https:\/\/www.federassantas.org.br\/novosite\/#\/schema\/logo\/image\/\",\"url\":\"https:\/\/www.federassantas.org.br\/novosite\/wp-content\/uploads\/2021\/12\/logo.png\",\"contentUrl\":\"https:\/\/www.federassantas.org.br\/novosite\/wp-content\/uploads\/2021\/12\/logo.png\",\"width\":243,\"height\":59,\"caption\":\"Federassantas\"},\"image\":{\"@id\":\"https:\/\/www.federassantas.org.br\/novosite\/#\/schema\/logo\/image\/\"}},{\"@type\":\"Person\",\"@id\":\"https:\/\/www.federassantas.org.br\/novosite\/#\/schema\/person\/75fed98158349313fe56175f232f513c\",\"name\":\"admin-federas\",\"image\":{\"@type\":\"ImageObject\",\"inLanguage\":\"pt-BR\",\"@id\":\"https:\/\/www.federassantas.org.br\/novosite\/#\/schema\/person\/image\/\",\"url\":\"https:\/\/secure.gravatar.com\/avatar\/2a02d7dda59fe8dc6b7ffd3f652e2efede5ccf0dd89dfdc8137c5517f3de8407?s=96&d=mm&r=g\",\"contentUrl\":\"https:\/\/secure.gravatar.com\/avatar\/2a02d7dda59fe8dc6b7ffd3f652e2efede5ccf0dd89dfdc8137c5517f3de8407?s=96&d=mm&r=g\",\"caption\":\"admin-federas\"},\"sameAs\":[\"https:\/\/www.federassantas.org.br\/novosite\/\"],\"url\":\"https:\/\/www.federassantas.org.br\/novosite\/author\/admin-federas\/\"}]}<\/script>\n<!-- \/ Yoast SEO plugin. -->","yoast_head_json":{"title":"Governo de Minas conclui segunda etapa da constru\u00e7\u00e3o do Hospital de Campanha no Expominas - Federassantas","robots":{"index":"index","follow":"follow","max-snippet":"max-snippet:-1","max-image-preview":"max-image-preview:large","max-video-preview":"max-video-preview:-1"},"canonical":"https:\/\/www.federassantas.org.br\/novosite\/governo-de-minas-conclui-segunda-etapa-da-construcao-do-hospital-de-campanha-no-expominas\/","og_locale":"pt_BR","og_type":"article","og_title":"Governo de Minas conclui segunda etapa da constru\u00e7\u00e3o do Hospital de Campanha no Expominas - Federassantas","og_description":"Foi conclu\u00edda, nesta quarta-feira (15\/4), a segunda etapa da constru\u00e7\u00e3o do Hospital de Campanha no Expominas, em Belo Horizonte. A a\u00e7\u00e3o \u00e9 uma das iniciativas do Governo de Minas no enfrentamento ao coronav\u00edrus, antecipando as necessidades que possam surgir com a pandemia da Covid-19. O hospital foi projetado para oferecer 740 leitos de enfermaria e [&hellip;]","og_url":"https:\/\/www.federassantas.org.br\/novosite\/governo-de-minas-conclui-segunda-etapa-da-construcao-do-hospital-de-campanha-no-expominas\/","og_site_name":"Federassantas","article_published_time":"2020-04-15T20:25:15+00:00","author":"admin-federas","twitter_card":"summary_large_image","twitter_misc":{"Escrito por":"admin-federas","Est. tempo de leitura":"3 minutos"},"schema":{"@context":"https:\/\/schema.org","@graph":[{"@type":"Article","@id":"https:\/\/www.federassantas.org.br\/novosite\/governo-de-minas-conclui-segunda-etapa-da-construcao-do-hospital-de-campanha-no-expominas\/#article","isPartOf":{"@id":"https:\/\/www.federassantas.org.br\/novosite\/governo-de-minas-conclui-segunda-etapa-da-construcao-do-hospital-de-campanha-no-expominas\/"},"author":{"name":"admin-federas","@id":"https:\/\/www.federassantas.org.br\/novosite\/#\/schema\/person\/75fed98158349313fe56175f232f513c"},"headline":"Governo de Minas conclui segunda etapa da constru\u00e7\u00e3o do Hospital de Campanha no Expominas","datePublished":"2020-04-15T20:25:15+00:00","mainEntityOfPage":{"@id":"https:\/\/www.federassantas.org.br\/novosite\/governo-de-minas-conclui-segunda-etapa-da-construcao-do-hospital-de-campanha-no-expominas\/"},"wordCount":710,"commentCount":0,"publisher":{"@id":"https:\/\/www.federassantas.org.br\/novosite\/#organization"},"image":{"@id":"https:\/\/www.federassantas.org.br\/novosite\/governo-de-minas-conclui-segunda-etapa-da-construcao-do-hospital-de-campanha-no-expominas\/#primaryimage"},"thumbnailUrl":"","articleSection":["Not\u00edcias","Not\u00edcias P\u00fablicas"],"inLanguage":"pt-BR","potentialAction":[{"@type":"CommentAction","name":"Comment","target":["https:\/\/www.federassantas.org.br\/novosite\/governo-de-minas-conclui-segunda-etapa-da-construcao-do-hospital-de-campanha-no-expominas\/#respond"]}]},{"@type":"WebPage","@id":"https:\/\/www.federassantas.org.br\/novosite\/governo-de-minas-conclui-segunda-etapa-da-construcao-do-hospital-de-campanha-no-expominas\/","url":"https:\/\/www.federassantas.org.br\/novosite\/governo-de-minas-conclui-segunda-etapa-da-construcao-do-hospital-de-campanha-no-expominas\/","name":"Governo de Minas conclui segunda etapa da constru\u00e7\u00e3o do Hospital de Campanha no Expominas - Federassantas","isPartOf":{"@id":"https:\/\/www.federassantas.org.br\/novosite\/#website"},"primaryImageOfPage":{"@id":"https:\/\/www.federassantas.org.br\/novosite\/governo-de-minas-conclui-segunda-etapa-da-construcao-do-hospital-de-campanha-no-expominas\/#primaryimage"},"image":{"@id":"https:\/\/www.federassantas.org.br\/novosite\/governo-de-minas-conclui-segunda-etapa-da-construcao-do-hospital-de-campanha-no-expominas\/#primaryimage"},"thumbnailUrl":"","datePublished":"2020-04-15T20:25:15+00:00","breadcrumb":{"@id":"https:\/\/www.federassantas.org.br\/novosite\/governo-de-minas-conclui-segunda-etapa-da-construcao-do-hospital-de-campanha-no-expominas\/#breadcrumb"},"inLanguage":"pt-BR","potentialAction":[{"@type":"ReadAction","target":["https:\/\/www.federassantas.org.br\/novosite\/governo-de-minas-conclui-segunda-etapa-da-construcao-do-hospital-de-campanha-no-expominas\/"]}]},{"@type":"ImageObject","inLanguage":"pt-BR","@id":"https:\/\/www.federassantas.org.br\/novosite\/governo-de-minas-conclui-segunda-etapa-da-construcao-do-hospital-de-campanha-no-expominas\/#primaryimage","url":"","contentUrl":""},{"@type":"BreadcrumbList","@id":"https:\/\/www.federassantas.org.br\/novosite\/governo-de-minas-conclui-segunda-etapa-da-construcao-do-hospital-de-campanha-no-expominas\/#breadcrumb","itemListElement":[{"@type":"ListItem","position":1,"name":"In\u00edcio","item":"https:\/\/www.federassantas.org.br\/novosite\/"},{"@type":"ListItem","position":2,"name":"Governo de Minas conclui segunda etapa da constru\u00e7\u00e3o do Hospital de Campanha no Expominas"}]},{"@type":"WebSite","@id":"https:\/\/www.federassantas.org.br\/novosite\/#website","url":"https:\/\/www.federassantas.org.br\/novosite\/","name":"Federassantas","description":"Fed. das Santas Casas e Hospitais Filantr\u00f3picos de MG","publisher":{"@id":"https:\/\/www.federassantas.org.br\/novosite\/#organization"},"potentialAction":[{"@type":"SearchAction","target":{"@type":"EntryPoint","urlTemplate":"https:\/\/www.federassantas.org.br\/novosite\/?s={search_term_string}"},"query-input":{"@type":"PropertyValueSpecification","valueRequired":true,"valueName":"search_term_string"}}],"inLanguage":"pt-BR"},{"@type":"Organization","@id":"https:\/\/www.federassantas.org.br\/novosite\/#organization","name":"Federassantas","url":"https:\/\/www.federassantas.org.br\/novosite\/","logo":{"@type":"ImageObject","inLanguage":"pt-BR","@id":"https:\/\/www.federassantas.org.br\/novosite\/#\/schema\/logo\/image\/","url":"https:\/\/www.federassantas.org.br\/novosite\/wp-content\/uploads\/2021\/12\/logo.png","contentUrl":"https:\/\/www.federassantas.org.br\/novosite\/wp-content\/uploads\/2021\/12\/logo.png","width":243,"height":59,"caption":"Federassantas"},"image":{"@id":"https:\/\/www.federassantas.org.br\/novosite\/#\/schema\/logo\/image\/"}},{"@type":"Person","@id":"https:\/\/www.federassantas.org.br\/novosite\/#\/schema\/person\/75fed98158349313fe56175f232f513c","name":"admin-federas","image":{"@type":"ImageObject","inLanguage":"pt-BR","@id":"https:\/\/www.federassantas.org.br\/novosite\/#\/schema\/person\/image\/","url":"https:\/\/secure.gravatar.com\/avatar\/2a02d7dda59fe8dc6b7ffd3f652e2efede5ccf0dd89dfdc8137c5517f3de8407?s=96&d=mm&r=g","contentUrl":"https:\/\/secure.gravatar.com\/avatar\/2a02d7dda59fe8dc6b7ffd3f652e2efede5ccf0dd89dfdc8137c5517f3de8407?s=96&d=mm&r=g","caption":"admin-federas"},"sameAs":["https:\/\/www.federassantas.org.br\/novosite\/"],"url":"https:\/\/www.federassantas.org.br\/novosite\/author\/admin-federas\/"}]}},"_links":{"self":[{"href":"https:\/\/www.federassantas.org.br\/novosite\/wp-json\/wp\/v2\/posts\/18414","targetHints":{"allow":["GET"]}}],"collection":[{"href":"https:\/\/www.federassantas.org.br\/novosite\/wp-json\/wp\/v2\/posts"}],"about":[{"href":"https:\/\/www.federassantas.org.br\/novosite\/wp-json\/wp\/v2\/types\/post"}],"author":[{"embeddable":true,"href":"https:\/\/www.federassantas.org.br\/novosite\/wp-json\/wp\/v2\/users\/1"}],"replies":[{"embeddable":true,"href":"https:\/\/www.federassantas.org.br\/novosite\/wp-json\/wp\/v2\/comments?post=18414"}],"version-history":[{"count":0,"href":"https:\/\/www.federassantas.org.br\/novosite\/wp-json\/wp\/v2\/posts\/18414\/revisions"}],"wp:featuredmedia":[{"embeddable":true,"href":"https:\/\/www.federassantas.org.br\/novosite\/wp-json\/"}],"wp:attachment":[{"href":"https:\/\/www.federassantas.org.br\/novosite\/wp-json\/wp\/v2\/media?parent=18414"}],"wp:term":[{"taxonomy":"category","embeddable":true,"href":"https:\/\/www.federassantas.org.br\/novosite\/wp-json\/wp\/v2\/categories?post=18414"},{"taxonomy":"post_tag","embeddable":true,"href":"https:\/\/www.federassantas.org.br\/novosite\/wp-json\/wp\/v2\/tags?post=18414"}],"curies":[{"name":"wp","href":"https:\/\/api.w.org\/{rel}","templated":true}]}}