{"id":18422,"date":"2020-04-16T11:50:15","date_gmt":"2020-04-16T14:50:15","guid":{"rendered":"https:\/\/federasbackup.meltcomunicacao.com.br\/?p=18422"},"modified":"2020-04-16T11:50:15","modified_gmt":"2020-04-16T14:50:15","slug":"uso-da-telemedicina-durante-pandemia-e-sancionado","status":"publish","type":"post","link":"https:\/\/www.federassantas.org.br\/novosite\/uso-da-telemedicina-durante-pandemia-e-sancionado\/","title":{"rendered":"Uso da telemedicina durante pandemia \u00e9 sancionado"},"content":{"rendered":"<p style=\"text-align: justify;\">O projeto de lei que libera o uso de telemedicina em car\u00e1ter emergencial, enquanto durar a crise ocasionada pelo coronav\u00edrus (Covid-19), foi sancionado pelo presidente Jair Bolsonaro, com vetos. A nova lei (13.989\/20) foi <a href=\"http:\/\/www.in.gov.br\/en\/web\/dou\/-\/lei-n-13.989-de-15-de-abril-de-2020-252726328\">publicada<\/a> nesta quinta-feira (16), no Di\u00e1rio Oficial da Uni\u00e3o.<\/p>\n<p style=\"text-align: justify;\">Segundo a lei, o m\u00e9dico dever\u00e1 informar ao paciente todas as limita\u00e7\u00f5es sobre o uso da telemedicina. As consultas seguir\u00e3o os mesmos padr\u00f5es normativos e \u00e9ticos do atendimento presencial, inclusive em rela\u00e7\u00e3o ao valor cobrado.<\/p>\n<p style=\"text-align: justify;\">A proposta foi aprovada em mar\u00e7o pela <a href=\"https:\/\/www.camara.leg.br\/noticias\/648408-CAMARA-APROVA-PROJETO-QUE-AUTORIZA-TELEMEDICINA-DURANTE-PANDEMIA-DE-CORONAVIRUS\">C\u00e2mara dos Deputados<\/a> e pelo <a href=\"https:\/\/www12.senado.leg.br\/noticias\/materias\/2020\/03\/31\/senado-aprova-uso-da-telemedicina-durante-pandemia-de-covid-19\">Senado<\/a>. O projeto foi apresentado pela deputada <a href=\"https:\/\/www.camara.leg.br\/deputados\/204528\">Adriana Ventura (Novo-SP)<\/a> e relatado pelo deputado <a href=\"https:\/\/www.camara.leg.br\/deputados\/204518\">Dr. Frederico (Patriota-MG)<\/a>.<\/p>\n<p style=\"text-align: justify;\"><strong>Vetos<\/strong><br \/>\nBolsonaro <a href=\"http:\/\/www.in.gov.br\/en\/web\/dou\/-\/despachos-do-presidente-da-republica-252726486\">vetou<\/a> dois dispositivos do projeto. O primeiro transferia para o Conselho Federal de Medicina (CFM) a regulamenta\u00e7\u00e3o da telemedicina ap\u00f3s o fim da pandemia. O presidente alegou que a regulamenta\u00e7\u00e3o deve ser tratada por uma nova lei.<\/p>\n<p style=\"text-align: justify;\">O segundo ponto validava as receitas m\u00e9dicas virtuais, desde que possu\u00edssem assinatura com certifica\u00e7\u00e3o digital (assinatura eletr\u00f4nica) ou apenas digitalizada. O presidente afirmou que a medida geraria risco sanit\u00e1rio \u00e0 popula\u00e7\u00e3o por equiparar uma assinatura que utiliza criptografia e possui validade jur\u00eddica a outra de f\u00e1cil adultera\u00e7\u00e3o.<\/p>\n<p style=\"text-align: justify;\">Bolsonaro disse ainda, no texto do veto, que a manuten\u00e7\u00e3o do dispositivo \u201cpoderia gerar o colapso no sistema atual de controle de venda de medicamentos controlados, abrindo espa\u00e7o para uma disparada no consumo de opioides e outras drogas do g\u00eanero\u201d.<\/p>\n<p style=\"text-align: justify;\">Os vetos ser\u00e3o analisados agora pelo Congresso Nacional, que poder\u00e1 mant\u00ea-los ou derrub\u00e1-los. A sess\u00e3o ainda ser\u00e1 marcada.<\/p>\n<p style=\"text-align: justify;\">Fonte: <a href=\"https:\/\/www.camara.leg.br\/noticias\/654549-uso-da-telemedicina-durante-pandemia-e-sancionado-com-vetos-por-bolsonaro\/\">Ag\u00eancia C\u00e2mara de Not\u00edcias<\/a><\/p>\n","protected":false},"excerpt":{"rendered":"<p>O projeto de lei que libera o uso de telemedicina em car\u00e1ter emergencial, enquanto durar a crise ocasionada pelo coronav\u00edrus (Covid-19), foi sancionado pelo presidente Jair Bolsonaro, com vetos. A nova lei (13.989\/20) foi publicada nesta quinta-feira (16), no Di\u00e1rio Oficial da Uni\u00e3o. Segundo a lei, o m\u00e9dico dever\u00e1 informar ao paciente todas as limita\u00e7\u00f5es [&hellip;]<\/p>\n","protected":false},"author":1,"featured_media":18420,"comment_status":"open","ping_status":"open","sticky":false,"template":"","format":"standard","meta":{"footnotes":""},"categories":[140],"tags":[],"class_list":["post-18422","post","type-post","status-publish","format-standard","has-post-thumbnail","hentry","category-noticias"],"yoast_head":"<!-- This site is optimized with the Yoast SEO plugin v26.9 - https:\/\/yoast.com\/product\/yoast-seo-wordpress\/ -->\n<title>Uso da telemedicina durante pandemia \u00e9 sancionado - Federassantas<\/title>\n<meta name=\"robots\" content=\"index, follow, max-snippet:-1, max-image-preview:large, max-video-preview:-1\" \/>\n<link rel=\"canonical\" href=\"https:\/\/www.federassantas.org.br\/novosite\/uso-da-telemedicina-durante-pandemia-e-sancionado\/\" \/>\n<meta property=\"og:locale\" content=\"pt_BR\" \/>\n<meta property=\"og:type\" content=\"article\" \/>\n<meta property=\"og:title\" content=\"Uso da telemedicina durante pandemia \u00e9 sancionado - Federassantas\" \/>\n<meta property=\"og:description\" content=\"O projeto de lei que libera o uso de telemedicina em car\u00e1ter emergencial, enquanto durar a crise ocasionada pelo coronav\u00edrus (Covid-19), foi sancionado pelo presidente Jair Bolsonaro, com vetos. A nova lei (13.989\/20) foi publicada nesta quinta-feira (16), no Di\u00e1rio Oficial da Uni\u00e3o. Segundo a lei, o m\u00e9dico dever\u00e1 informar ao paciente todas as limita\u00e7\u00f5es [&hellip;]\" \/>\n<meta property=\"og:url\" content=\"https:\/\/www.federassantas.org.br\/novosite\/uso-da-telemedicina-durante-pandemia-e-sancionado\/\" \/>\n<meta property=\"og:site_name\" content=\"Federassantas\" \/>\n<meta property=\"article:published_time\" content=\"2020-04-16T14:50:15+00:00\" \/>\n<meta name=\"author\" content=\"admin-federas\" \/>\n<meta name=\"twitter:card\" content=\"summary_large_image\" \/>\n<meta name=\"twitter:label1\" content=\"Escrito por\" \/>\n\t<meta name=\"twitter:data1\" content=\"admin-federas\" \/>\n\t<meta name=\"twitter:label2\" content=\"Est. tempo de leitura\" \/>\n\t<meta name=\"twitter:data2\" content=\"1 minuto\" \/>\n<script type=\"application\/ld+json\" class=\"yoast-schema-graph\">{\"@context\":\"https:\/\/schema.org\",\"@graph\":[{\"@type\":\"Article\",\"@id\":\"https:\/\/www.federassantas.org.br\/novosite\/uso-da-telemedicina-durante-pandemia-e-sancionado\/#article\",\"isPartOf\":{\"@id\":\"https:\/\/www.federassantas.org.br\/novosite\/uso-da-telemedicina-durante-pandemia-e-sancionado\/\"},\"author\":{\"name\":\"admin-federas\",\"@id\":\"https:\/\/www.federassantas.org.br\/novosite\/#\/schema\/person\/75fed98158349313fe56175f232f513c\"},\"headline\":\"Uso da telemedicina durante pandemia \u00e9 sancionado\",\"datePublished\":\"2020-04-16T14:50:15+00:00\",\"mainEntityOfPage\":{\"@id\":\"https:\/\/www.federassantas.org.br\/novosite\/uso-da-telemedicina-durante-pandemia-e-sancionado\/\"},\"wordCount\":292,\"commentCount\":0,\"publisher\":{\"@id\":\"https:\/\/www.federassantas.org.br\/novosite\/#organization\"},\"image\":{\"@id\":\"https:\/\/www.federassantas.org.br\/novosite\/uso-da-telemedicina-durante-pandemia-e-sancionado\/#primaryimage\"},\"thumbnailUrl\":\"\",\"articleSection\":[\"Not\u00edcias\"],\"inLanguage\":\"pt-BR\",\"potentialAction\":[{\"@type\":\"CommentAction\",\"name\":\"Comment\",\"target\":[\"https:\/\/www.federassantas.org.br\/novosite\/uso-da-telemedicina-durante-pandemia-e-sancionado\/#respond\"]}]},{\"@type\":\"WebPage\",\"@id\":\"https:\/\/www.federassantas.org.br\/novosite\/uso-da-telemedicina-durante-pandemia-e-sancionado\/\",\"url\":\"https:\/\/www.federassantas.org.br\/novosite\/uso-da-telemedicina-durante-pandemia-e-sancionado\/\",\"name\":\"Uso da telemedicina durante pandemia \u00e9 sancionado - Federassantas\",\"isPartOf\":{\"@id\":\"https:\/\/www.federassantas.org.br\/novosite\/#website\"},\"primaryImageOfPage\":{\"@id\":\"https:\/\/www.federassantas.org.br\/novosite\/uso-da-telemedicina-durante-pandemia-e-sancionado\/#primaryimage\"},\"image\":{\"@id\":\"https:\/\/www.federassantas.org.br\/novosite\/uso-da-telemedicina-durante-pandemia-e-sancionado\/#primaryimage\"},\"thumbnailUrl\":\"\",\"datePublished\":\"2020-04-16T14:50:15+00:00\",\"breadcrumb\":{\"@id\":\"https:\/\/www.federassantas.org.br\/novosite\/uso-da-telemedicina-durante-pandemia-e-sancionado\/#breadcrumb\"},\"inLanguage\":\"pt-BR\",\"potentialAction\":[{\"@type\":\"ReadAction\",\"target\":[\"https:\/\/www.federassantas.org.br\/novosite\/uso-da-telemedicina-durante-pandemia-e-sancionado\/\"]}]},{\"@type\":\"ImageObject\",\"inLanguage\":\"pt-BR\",\"@id\":\"https:\/\/www.federassantas.org.br\/novosite\/uso-da-telemedicina-durante-pandemia-e-sancionado\/#primaryimage\",\"url\":\"\",\"contentUrl\":\"\"},{\"@type\":\"BreadcrumbList\",\"@id\":\"https:\/\/www.federassantas.org.br\/novosite\/uso-da-telemedicina-durante-pandemia-e-sancionado\/#breadcrumb\",\"itemListElement\":[{\"@type\":\"ListItem\",\"position\":1,\"name\":\"In\u00edcio\",\"item\":\"https:\/\/www.federassantas.org.br\/novosite\/\"},{\"@type\":\"ListItem\",\"position\":2,\"name\":\"Uso da telemedicina durante pandemia \u00e9 sancionado\"}]},{\"@type\":\"WebSite\",\"@id\":\"https:\/\/www.federassantas.org.br\/novosite\/#website\",\"url\":\"https:\/\/www.federassantas.org.br\/novosite\/\",\"name\":\"Federassantas\",\"description\":\"Fed. das Santas Casas e Hospitais Filantr\u00f3picos de MG\",\"publisher\":{\"@id\":\"https:\/\/www.federassantas.org.br\/novosite\/#organization\"},\"potentialAction\":[{\"@type\":\"SearchAction\",\"target\":{\"@type\":\"EntryPoint\",\"urlTemplate\":\"https:\/\/www.federassantas.org.br\/novosite\/?s={search_term_string}\"},\"query-input\":{\"@type\":\"PropertyValueSpecification\",\"valueRequired\":true,\"valueName\":\"search_term_string\"}}],\"inLanguage\":\"pt-BR\"},{\"@type\":\"Organization\",\"@id\":\"https:\/\/www.federassantas.org.br\/novosite\/#organization\",\"name\":\"Federassantas\",\"url\":\"https:\/\/www.federassantas.org.br\/novosite\/\",\"logo\":{\"@type\":\"ImageObject\",\"inLanguage\":\"pt-BR\",\"@id\":\"https:\/\/www.federassantas.org.br\/novosite\/#\/schema\/logo\/image\/\",\"url\":\"https:\/\/www.federassantas.org.br\/novosite\/wp-content\/uploads\/2021\/12\/logo.png\",\"contentUrl\":\"https:\/\/www.federassantas.org.br\/novosite\/wp-content\/uploads\/2021\/12\/logo.png\",\"width\":243,\"height\":59,\"caption\":\"Federassantas\"},\"image\":{\"@id\":\"https:\/\/www.federassantas.org.br\/novosite\/#\/schema\/logo\/image\/\"}},{\"@type\":\"Person\",\"@id\":\"https:\/\/www.federassantas.org.br\/novosite\/#\/schema\/person\/75fed98158349313fe56175f232f513c\",\"name\":\"admin-federas\",\"image\":{\"@type\":\"ImageObject\",\"inLanguage\":\"pt-BR\",\"@id\":\"https:\/\/www.federassantas.org.br\/novosite\/#\/schema\/person\/image\/\",\"url\":\"https:\/\/secure.gravatar.com\/avatar\/2a02d7dda59fe8dc6b7ffd3f652e2efede5ccf0dd89dfdc8137c5517f3de8407?s=96&d=mm&r=g\",\"contentUrl\":\"https:\/\/secure.gravatar.com\/avatar\/2a02d7dda59fe8dc6b7ffd3f652e2efede5ccf0dd89dfdc8137c5517f3de8407?s=96&d=mm&r=g\",\"caption\":\"admin-federas\"},\"sameAs\":[\"https:\/\/www.federassantas.org.br\/novosite\/\"],\"url\":\"https:\/\/www.federassantas.org.br\/novosite\/author\/admin-federas\/\"}]}<\/script>\n<!-- \/ Yoast SEO plugin. -->","yoast_head_json":{"title":"Uso da telemedicina durante pandemia \u00e9 sancionado - Federassantas","robots":{"index":"index","follow":"follow","max-snippet":"max-snippet:-1","max-image-preview":"max-image-preview:large","max-video-preview":"max-video-preview:-1"},"canonical":"https:\/\/www.federassantas.org.br\/novosite\/uso-da-telemedicina-durante-pandemia-e-sancionado\/","og_locale":"pt_BR","og_type":"article","og_title":"Uso da telemedicina durante pandemia \u00e9 sancionado - Federassantas","og_description":"O projeto de lei que libera o uso de telemedicina em car\u00e1ter emergencial, enquanto durar a crise ocasionada pelo coronav\u00edrus (Covid-19), foi sancionado pelo presidente Jair Bolsonaro, com vetos. A nova lei (13.989\/20) foi publicada nesta quinta-feira (16), no Di\u00e1rio Oficial da Uni\u00e3o. Segundo a lei, o m\u00e9dico dever\u00e1 informar ao paciente todas as limita\u00e7\u00f5es [&hellip;]","og_url":"https:\/\/www.federassantas.org.br\/novosite\/uso-da-telemedicina-durante-pandemia-e-sancionado\/","og_site_name":"Federassantas","article_published_time":"2020-04-16T14:50:15+00:00","author":"admin-federas","twitter_card":"summary_large_image","twitter_misc":{"Escrito por":"admin-federas","Est. tempo de leitura":"1 minuto"},"schema":{"@context":"https:\/\/schema.org","@graph":[{"@type":"Article","@id":"https:\/\/www.federassantas.org.br\/novosite\/uso-da-telemedicina-durante-pandemia-e-sancionado\/#article","isPartOf":{"@id":"https:\/\/www.federassantas.org.br\/novosite\/uso-da-telemedicina-durante-pandemia-e-sancionado\/"},"author":{"name":"admin-federas","@id":"https:\/\/www.federassantas.org.br\/novosite\/#\/schema\/person\/75fed98158349313fe56175f232f513c"},"headline":"Uso da telemedicina durante pandemia \u00e9 sancionado","datePublished":"2020-04-16T14:50:15+00:00","mainEntityOfPage":{"@id":"https:\/\/www.federassantas.org.br\/novosite\/uso-da-telemedicina-durante-pandemia-e-sancionado\/"},"wordCount":292,"commentCount":0,"publisher":{"@id":"https:\/\/www.federassantas.org.br\/novosite\/#organization"},"image":{"@id":"https:\/\/www.federassantas.org.br\/novosite\/uso-da-telemedicina-durante-pandemia-e-sancionado\/#primaryimage"},"thumbnailUrl":"","articleSection":["Not\u00edcias"],"inLanguage":"pt-BR","potentialAction":[{"@type":"CommentAction","name":"Comment","target":["https:\/\/www.federassantas.org.br\/novosite\/uso-da-telemedicina-durante-pandemia-e-sancionado\/#respond"]}]},{"@type":"WebPage","@id":"https:\/\/www.federassantas.org.br\/novosite\/uso-da-telemedicina-durante-pandemia-e-sancionado\/","url":"https:\/\/www.federassantas.org.br\/novosite\/uso-da-telemedicina-durante-pandemia-e-sancionado\/","name":"Uso da telemedicina durante pandemia \u00e9 sancionado - Federassantas","isPartOf":{"@id":"https:\/\/www.federassantas.org.br\/novosite\/#website"},"primaryImageOfPage":{"@id":"https:\/\/www.federassantas.org.br\/novosite\/uso-da-telemedicina-durante-pandemia-e-sancionado\/#primaryimage"},"image":{"@id":"https:\/\/www.federassantas.org.br\/novosite\/uso-da-telemedicina-durante-pandemia-e-sancionado\/#primaryimage"},"thumbnailUrl":"","datePublished":"2020-04-16T14:50:15+00:00","breadcrumb":{"@id":"https:\/\/www.federassantas.org.br\/novosite\/uso-da-telemedicina-durante-pandemia-e-sancionado\/#breadcrumb"},"inLanguage":"pt-BR","potentialAction":[{"@type":"ReadAction","target":["https:\/\/www.federassantas.org.br\/novosite\/uso-da-telemedicina-durante-pandemia-e-sancionado\/"]}]},{"@type":"ImageObject","inLanguage":"pt-BR","@id":"https:\/\/www.federassantas.org.br\/novosite\/uso-da-telemedicina-durante-pandemia-e-sancionado\/#primaryimage","url":"","contentUrl":""},{"@type":"BreadcrumbList","@id":"https:\/\/www.federassantas.org.br\/novosite\/uso-da-telemedicina-durante-pandemia-e-sancionado\/#breadcrumb","itemListElement":[{"@type":"ListItem","position":1,"name":"In\u00edcio","item":"https:\/\/www.federassantas.org.br\/novosite\/"},{"@type":"ListItem","position":2,"name":"Uso da telemedicina durante pandemia \u00e9 sancionado"}]},{"@type":"WebSite","@id":"https:\/\/www.federassantas.org.br\/novosite\/#website","url":"https:\/\/www.federassantas.org.br\/novosite\/","name":"Federassantas","description":"Fed. das Santas Casas e Hospitais Filantr\u00f3picos de MG","publisher":{"@id":"https:\/\/www.federassantas.org.br\/novosite\/#organization"},"potentialAction":[{"@type":"SearchAction","target":{"@type":"EntryPoint","urlTemplate":"https:\/\/www.federassantas.org.br\/novosite\/?s={search_term_string}"},"query-input":{"@type":"PropertyValueSpecification","valueRequired":true,"valueName":"search_term_string"}}],"inLanguage":"pt-BR"},{"@type":"Organization","@id":"https:\/\/www.federassantas.org.br\/novosite\/#organization","name":"Federassantas","url":"https:\/\/www.federassantas.org.br\/novosite\/","logo":{"@type":"ImageObject","inLanguage":"pt-BR","@id":"https:\/\/www.federassantas.org.br\/novosite\/#\/schema\/logo\/image\/","url":"https:\/\/www.federassantas.org.br\/novosite\/wp-content\/uploads\/2021\/12\/logo.png","contentUrl":"https:\/\/www.federassantas.org.br\/novosite\/wp-content\/uploads\/2021\/12\/logo.png","width":243,"height":59,"caption":"Federassantas"},"image":{"@id":"https:\/\/www.federassantas.org.br\/novosite\/#\/schema\/logo\/image\/"}},{"@type":"Person","@id":"https:\/\/www.federassantas.org.br\/novosite\/#\/schema\/person\/75fed98158349313fe56175f232f513c","name":"admin-federas","image":{"@type":"ImageObject","inLanguage":"pt-BR","@id":"https:\/\/www.federassantas.org.br\/novosite\/#\/schema\/person\/image\/","url":"https:\/\/secure.gravatar.com\/avatar\/2a02d7dda59fe8dc6b7ffd3f652e2efede5ccf0dd89dfdc8137c5517f3de8407?s=96&d=mm&r=g","contentUrl":"https:\/\/secure.gravatar.com\/avatar\/2a02d7dda59fe8dc6b7ffd3f652e2efede5ccf0dd89dfdc8137c5517f3de8407?s=96&d=mm&r=g","caption":"admin-federas"},"sameAs":["https:\/\/www.federassantas.org.br\/novosite\/"],"url":"https:\/\/www.federassantas.org.br\/novosite\/author\/admin-federas\/"}]}},"_links":{"self":[{"href":"https:\/\/www.federassantas.org.br\/novosite\/wp-json\/wp\/v2\/posts\/18422","targetHints":{"allow":["GET"]}}],"collection":[{"href":"https:\/\/www.federassantas.org.br\/novosite\/wp-json\/wp\/v2\/posts"}],"about":[{"href":"https:\/\/www.federassantas.org.br\/novosite\/wp-json\/wp\/v2\/types\/post"}],"author":[{"embeddable":true,"href":"https:\/\/www.federassantas.org.br\/novosite\/wp-json\/wp\/v2\/users\/1"}],"replies":[{"embeddable":true,"href":"https:\/\/www.federassantas.org.br\/novosite\/wp-json\/wp\/v2\/comments?post=18422"}],"version-history":[{"count":0,"href":"https:\/\/www.federassantas.org.br\/novosite\/wp-json\/wp\/v2\/posts\/18422\/revisions"}],"wp:featuredmedia":[{"embeddable":true,"href":"https:\/\/www.federassantas.org.br\/novosite\/wp-json\/"}],"wp:attachment":[{"href":"https:\/\/www.federassantas.org.br\/novosite\/wp-json\/wp\/v2\/media?parent=18422"}],"wp:term":[{"taxonomy":"category","embeddable":true,"href":"https:\/\/www.federassantas.org.br\/novosite\/wp-json\/wp\/v2\/categories?post=18422"},{"taxonomy":"post_tag","embeddable":true,"href":"https:\/\/www.federassantas.org.br\/novosite\/wp-json\/wp\/v2\/tags?post=18422"}],"curies":[{"name":"wp","href":"https:\/\/api.w.org\/{rel}","templated":true}]}}