{"id":18437,"date":"2020-04-16T18:27:48","date_gmt":"2020-04-16T21:27:48","guid":{"rendered":"https:\/\/federasbackup.meltcomunicacao.com.br\/?p=18437"},"modified":"2020-04-16T18:27:48","modified_gmt":"2020-04-16T21:27:48","slug":"governo-anuncia-oncologista-nelson-teich-como-novo-ministro-da-saude","status":"publish","type":"post","link":"https:\/\/www.federassantas.org.br\/novosite\/governo-anuncia-oncologista-nelson-teich-como-novo-ministro-da-saude\/","title":{"rendered":"Governo anuncia oncologista Nelson Teich como novo Ministro da Sa\u00fade"},"content":{"rendered":"<p class=\"content-head__subtitle\" style=\"text-align: justify;\"><em>M\u00e9dico substitui Luiz Henrique Mandetta, demitido por diverg\u00eancias com o presidente, e passa a comandar minist\u00e9rio em meio \u00e0 pandemia do novo coronav\u00edrus<\/em><\/p>\n<div class=\"mc-column content-text active-extra-styles \" style=\"text-align: justify;\" data-block-type=\"unstyled\" data-block-weight=\"28\" data-block-id=\"2\">\n<p class=\"content-text__container \" data-track-category=\"Link no Texto\" data-track-links=\"\">O presidente\u00a0Jair Bolsonaro\u00a0fez um pronunciamento nesta quinta-feira (16) no Pal\u00e1cio do Planalto no qual anunciou o oncologista\u00a0Nelson Luiz Sperle Teich\u00a0como novo ministro da Sa\u00fade.<\/p>\n<\/div>\n<div class=\"wall protected-content\" style=\"text-align: justify;\">\n<div class=\"mc-column content-text active-extra-styles \" data-block-type=\"unstyled\" data-block-weight=\"17\" data-block-id=\"3\">\n<p class=\"content-text__container \" data-track-category=\"Link no Texto\" data-track-links=\"\">Nelson Teich assume o cargo em meio \u00e0\u00a0pandemia\u00a0do novo coronav\u00edrus. Ele substituir\u00e1\u00a0Luiz Henrique Mandetta.<\/p>\n<div class=\"mc-column content-text active-extra-styles\" data-block-type=\"raw\" data-block-weight=\"4\" data-block-id=\"23\">\n<div class=\"content-intertitle\">\n<p><strong>Perfil do novo ministro<\/strong><\/p>\n<\/div>\n<\/div>\n<div class=\"mc-column content-text active-extra-styles \" data-block-type=\"unstyled\" data-block-weight=\"37\" data-block-id=\"24\">\n<p class=\"content-text__container \" data-track-category=\"Link no Texto\" data-track-links=\"\">Nelson Teich foi respons\u00e1vel nos anos 1990 pela funda\u00e7\u00e3o do Centro de Oncologia Integrado (Grupo COI), onde atuou at\u00e9 2018. Atualmente, segundo o perfil dele em uma rede social, trabalha como consultor em gest\u00e3o de sa\u00fade.<\/p>\n<\/div>\n<div class=\"mc-column content-text active-extra-styles \" data-block-type=\"unstyled\" data-block-weight=\"37\" data-block-id=\"25\">\n<p class=\"content-text__container \" data-track-category=\"Link no Texto\" data-track-links=\"\">De setembro do ano passado at\u00e9 janeiro deste ano, tamb\u00e9m de acordo com o perfil, Teich prestou orienta\u00e7\u00f5es \u00e0 Secretaria de Ci\u00eancia, Tecnologia e Insumos Estrat\u00e9gicos em Sa\u00fade (SCTIE) do Minist\u00e9rio da Sa\u00fade, comandada por Denizar Vianna.<\/p>\n<\/div>\n<div class=\"mc-column content-text active-extra-styles \" data-block-type=\"unstyled\" data-block-weight=\"62\" data-block-id=\"26\">\n<p class=\"content-text__container \" data-track-category=\"Link no Texto\" data-track-links=\"\">O novo ministro \u00e9 formado em medicina pela Universidade Estadual do Rio de Janeiro, Teich foi residente de Oncologia no Instituto Nacional do C\u00e2ncer. Na sequ\u00eancia, focou sua forma\u00e7\u00e3o na \u00e1rea de gest\u00e3o da sa\u00fade, ao cursar um MBA na Universidade Federal do Rio de Janeiro (UFRJ) e um mestrado na Universidade de York (Reino Unido) voltados para o tema.<\/p>\n<\/div>\n<div class=\"mc-column content-text active-extra-styles \" data-block-type=\"unstyled\" data-block-weight=\"55\" data-block-id=\"28\">\n<p class=\"content-text__container \" data-track-category=\"Link no Texto\" data-track-links=\"\">Em 2010 e 2011, ele prestou consultoria para o Hospital Israelita Albert Einstein, em S\u00e3o Paulo, tamb\u00e9m focada em gest\u00e3o da sa\u00fade. Teich foi um dos s\u00f3cios-fundadores do MDI Instituto de Educa\u00e7\u00e3o e Pesquisa, onde foi s\u00f3cio do atual secret\u00e1rio de Ci\u00eancia, Tecnologia e Insumos Estrat\u00e9gicos em Sa\u00fade (SCTIE) do Minist\u00e9rio da Sa\u00fade, Denizar Vianna.<\/p>\n<\/div>\n<div class=\"mc-column content-text active-extra-styles \" data-block-type=\"unstyled\" data-block-weight=\"18\" data-block-id=\"29\">\n<p class=\"content-text__container \" data-track-category=\"Link no Texto\" data-track-links=\"\">Nas \u00faltimas semanas, o oncologista tem utilizado rede social para compartilhar artigos que escreveu sobre o coronav\u00edrus.<\/p>\n<\/div>\n<div class=\"mc-column content-text active-extra-styles \" data-block-type=\"unstyled\" data-block-weight=\"37\" data-block-id=\"30\">\n<p class=\"content-text__container \" data-track-category=\"Link no Texto\" data-track-links=\"\">Em 24 de mar\u00e7o, no artigo intitulado &#8220;COVID-19: Histeria ou Sabedoria?&#8221;, o m\u00e9dico destaca as dificuldades enfrentadas pelo gestor de sa\u00fade em meio \u00e0 pandemia e cita pontos que devem ser considerados nas tomadas de decis\u00e3o.<\/p>\n<\/div>\n<\/div>\n<\/div>\n<p style=\"text-align: justify;\">Saiba mais em <a href=\"https:\/\/g1.globo.com\/politica\/noticia\/2020\/04\/16\/bolsonaro-anuncia-nelson-teich-como-novo-ministro-da-saude.ghtml\">https:\/\/g1.globo.com\/politica\/noticia\/2020\/04\/16\/bolsonaro-anuncia-nelson-teich-como-novo-ministro-da-saude.ghtml<\/a><\/p>\n","protected":false},"excerpt":{"rendered":"<p>M\u00e9dico substitui Luiz Henrique Mandetta, demitido por diverg\u00eancias com o presidente, e passa a comandar minist\u00e9rio em meio \u00e0 pandemia do novo coronav\u00edrus O presidente\u00a0Jair Bolsonaro\u00a0fez um pronunciamento nesta quinta-feira (16) no Pal\u00e1cio do Planalto no qual anunciou o oncologista\u00a0Nelson Luiz Sperle Teich\u00a0como novo ministro da Sa\u00fade. Nelson Teich assume o cargo em meio \u00e0\u00a0pandemia\u00a0do [&hellip;]<\/p>\n","protected":false},"author":1,"featured_media":18438,"comment_status":"open","ping_status":"open","sticky":false,"template":"","format":"standard","meta":{"footnotes":""},"categories":[140],"tags":[],"class_list":["post-18437","post","type-post","status-publish","format-standard","has-post-thumbnail","hentry","category-noticias"],"yoast_head":"<!-- This site is optimized with the Yoast SEO plugin v26.9 - https:\/\/yoast.com\/product\/yoast-seo-wordpress\/ -->\n<title>Governo anuncia oncologista Nelson Teich como novo Ministro da Sa\u00fade - Federassantas<\/title>\n<meta name=\"robots\" content=\"index, follow, max-snippet:-1, max-image-preview:large, max-video-preview:-1\" \/>\n<link rel=\"canonical\" href=\"https:\/\/www.federassantas.org.br\/novosite\/governo-anuncia-oncologista-nelson-teich-como-novo-ministro-da-saude\/\" \/>\n<meta property=\"og:locale\" content=\"pt_BR\" \/>\n<meta property=\"og:type\" content=\"article\" \/>\n<meta property=\"og:title\" content=\"Governo anuncia oncologista Nelson Teich como novo Ministro da Sa\u00fade - Federassantas\" \/>\n<meta property=\"og:description\" content=\"M\u00e9dico substitui Luiz Henrique Mandetta, demitido por diverg\u00eancias com o presidente, e passa a comandar minist\u00e9rio em meio \u00e0 pandemia do novo coronav\u00edrus O presidente\u00a0Jair Bolsonaro\u00a0fez um pronunciamento nesta quinta-feira (16) no Pal\u00e1cio do Planalto no qual anunciou o oncologista\u00a0Nelson Luiz Sperle Teich\u00a0como novo ministro da Sa\u00fade. Nelson Teich assume o cargo em meio \u00e0\u00a0pandemia\u00a0do [&hellip;]\" \/>\n<meta property=\"og:url\" content=\"https:\/\/www.federassantas.org.br\/novosite\/governo-anuncia-oncologista-nelson-teich-como-novo-ministro-da-saude\/\" \/>\n<meta property=\"og:site_name\" content=\"Federassantas\" \/>\n<meta property=\"article:published_time\" content=\"2020-04-16T21:27:48+00:00\" \/>\n<meta name=\"author\" content=\"admin-federas\" \/>\n<meta name=\"twitter:card\" content=\"summary_large_image\" \/>\n<meta name=\"twitter:label1\" content=\"Escrito por\" \/>\n\t<meta name=\"twitter:data1\" content=\"admin-federas\" \/>\n\t<meta name=\"twitter:label2\" content=\"Est. tempo de leitura\" \/>\n\t<meta name=\"twitter:data2\" content=\"2 minutos\" \/>\n<script type=\"application\/ld+json\" class=\"yoast-schema-graph\">{\"@context\":\"https:\/\/schema.org\",\"@graph\":[{\"@type\":\"Article\",\"@id\":\"https:\/\/www.federassantas.org.br\/novosite\/governo-anuncia-oncologista-nelson-teich-como-novo-ministro-da-saude\/#article\",\"isPartOf\":{\"@id\":\"https:\/\/www.federassantas.org.br\/novosite\/governo-anuncia-oncologista-nelson-teich-como-novo-ministro-da-saude\/\"},\"author\":{\"name\":\"admin-federas\",\"@id\":\"https:\/\/www.federassantas.org.br\/novosite\/#\/schema\/person\/75fed98158349313fe56175f232f513c\"},\"headline\":\"Governo anuncia oncologista Nelson Teich como novo Ministro da Sa\u00fade\",\"datePublished\":\"2020-04-16T21:27:48+00:00\",\"mainEntityOfPage\":{\"@id\":\"https:\/\/www.federassantas.org.br\/novosite\/governo-anuncia-oncologista-nelson-teich-como-novo-ministro-da-saude\/\"},\"wordCount\":365,\"commentCount\":0,\"publisher\":{\"@id\":\"https:\/\/www.federassantas.org.br\/novosite\/#organization\"},\"image\":{\"@id\":\"https:\/\/www.federassantas.org.br\/novosite\/governo-anuncia-oncologista-nelson-teich-como-novo-ministro-da-saude\/#primaryimage\"},\"thumbnailUrl\":\"\",\"articleSection\":[\"Not\u00edcias\"],\"inLanguage\":\"pt-BR\",\"potentialAction\":[{\"@type\":\"CommentAction\",\"name\":\"Comment\",\"target\":[\"https:\/\/www.federassantas.org.br\/novosite\/governo-anuncia-oncologista-nelson-teich-como-novo-ministro-da-saude\/#respond\"]}]},{\"@type\":\"WebPage\",\"@id\":\"https:\/\/www.federassantas.org.br\/novosite\/governo-anuncia-oncologista-nelson-teich-como-novo-ministro-da-saude\/\",\"url\":\"https:\/\/www.federassantas.org.br\/novosite\/governo-anuncia-oncologista-nelson-teich-como-novo-ministro-da-saude\/\",\"name\":\"Governo anuncia oncologista Nelson Teich como novo Ministro da Sa\u00fade - Federassantas\",\"isPartOf\":{\"@id\":\"https:\/\/www.federassantas.org.br\/novosite\/#website\"},\"primaryImageOfPage\":{\"@id\":\"https:\/\/www.federassantas.org.br\/novosite\/governo-anuncia-oncologista-nelson-teich-como-novo-ministro-da-saude\/#primaryimage\"},\"image\":{\"@id\":\"https:\/\/www.federassantas.org.br\/novosite\/governo-anuncia-oncologista-nelson-teich-como-novo-ministro-da-saude\/#primaryimage\"},\"thumbnailUrl\":\"\",\"datePublished\":\"2020-04-16T21:27:48+00:00\",\"breadcrumb\":{\"@id\":\"https:\/\/www.federassantas.org.br\/novosite\/governo-anuncia-oncologista-nelson-teich-como-novo-ministro-da-saude\/#breadcrumb\"},\"inLanguage\":\"pt-BR\",\"potentialAction\":[{\"@type\":\"ReadAction\",\"target\":[\"https:\/\/www.federassantas.org.br\/novosite\/governo-anuncia-oncologista-nelson-teich-como-novo-ministro-da-saude\/\"]}]},{\"@type\":\"ImageObject\",\"inLanguage\":\"pt-BR\",\"@id\":\"https:\/\/www.federassantas.org.br\/novosite\/governo-anuncia-oncologista-nelson-teich-como-novo-ministro-da-saude\/#primaryimage\",\"url\":\"\",\"contentUrl\":\"\"},{\"@type\":\"BreadcrumbList\",\"@id\":\"https:\/\/www.federassantas.org.br\/novosite\/governo-anuncia-oncologista-nelson-teich-como-novo-ministro-da-saude\/#breadcrumb\",\"itemListElement\":[{\"@type\":\"ListItem\",\"position\":1,\"name\":\"In\u00edcio\",\"item\":\"https:\/\/www.federassantas.org.br\/novosite\/\"},{\"@type\":\"ListItem\",\"position\":2,\"name\":\"Governo anuncia oncologista Nelson Teich como novo Ministro da Sa\u00fade\"}]},{\"@type\":\"WebSite\",\"@id\":\"https:\/\/www.federassantas.org.br\/novosite\/#website\",\"url\":\"https:\/\/www.federassantas.org.br\/novosite\/\",\"name\":\"Federassantas\",\"description\":\"Fed. das Santas Casas e Hospitais Filantr\u00f3picos de MG\",\"publisher\":{\"@id\":\"https:\/\/www.federassantas.org.br\/novosite\/#organization\"},\"potentialAction\":[{\"@type\":\"SearchAction\",\"target\":{\"@type\":\"EntryPoint\",\"urlTemplate\":\"https:\/\/www.federassantas.org.br\/novosite\/?s={search_term_string}\"},\"query-input\":{\"@type\":\"PropertyValueSpecification\",\"valueRequired\":true,\"valueName\":\"search_term_string\"}}],\"inLanguage\":\"pt-BR\"},{\"@type\":\"Organization\",\"@id\":\"https:\/\/www.federassantas.org.br\/novosite\/#organization\",\"name\":\"Federassantas\",\"url\":\"https:\/\/www.federassantas.org.br\/novosite\/\",\"logo\":{\"@type\":\"ImageObject\",\"inLanguage\":\"pt-BR\",\"@id\":\"https:\/\/www.federassantas.org.br\/novosite\/#\/schema\/logo\/image\/\",\"url\":\"https:\/\/www.federassantas.org.br\/novosite\/wp-content\/uploads\/2021\/12\/logo.png\",\"contentUrl\":\"https:\/\/www.federassantas.org.br\/novosite\/wp-content\/uploads\/2021\/12\/logo.png\",\"width\":243,\"height\":59,\"caption\":\"Federassantas\"},\"image\":{\"@id\":\"https:\/\/www.federassantas.org.br\/novosite\/#\/schema\/logo\/image\/\"}},{\"@type\":\"Person\",\"@id\":\"https:\/\/www.federassantas.org.br\/novosite\/#\/schema\/person\/75fed98158349313fe56175f232f513c\",\"name\":\"admin-federas\",\"image\":{\"@type\":\"ImageObject\",\"inLanguage\":\"pt-BR\",\"@id\":\"https:\/\/www.federassantas.org.br\/novosite\/#\/schema\/person\/image\/\",\"url\":\"https:\/\/secure.gravatar.com\/avatar\/2a02d7dda59fe8dc6b7ffd3f652e2efede5ccf0dd89dfdc8137c5517f3de8407?s=96&d=mm&r=g\",\"contentUrl\":\"https:\/\/secure.gravatar.com\/avatar\/2a02d7dda59fe8dc6b7ffd3f652e2efede5ccf0dd89dfdc8137c5517f3de8407?s=96&d=mm&r=g\",\"caption\":\"admin-federas\"},\"sameAs\":[\"https:\/\/www.federassantas.org.br\/novosite\/\"],\"url\":\"https:\/\/www.federassantas.org.br\/novosite\/author\/admin-federas\/\"}]}<\/script>\n<!-- \/ Yoast SEO plugin. -->","yoast_head_json":{"title":"Governo anuncia oncologista Nelson Teich como novo Ministro da Sa\u00fade - Federassantas","robots":{"index":"index","follow":"follow","max-snippet":"max-snippet:-1","max-image-preview":"max-image-preview:large","max-video-preview":"max-video-preview:-1"},"canonical":"https:\/\/www.federassantas.org.br\/novosite\/governo-anuncia-oncologista-nelson-teich-como-novo-ministro-da-saude\/","og_locale":"pt_BR","og_type":"article","og_title":"Governo anuncia oncologista Nelson Teich como novo Ministro da Sa\u00fade - Federassantas","og_description":"M\u00e9dico substitui Luiz Henrique Mandetta, demitido por diverg\u00eancias com o presidente, e passa a comandar minist\u00e9rio em meio \u00e0 pandemia do novo coronav\u00edrus O presidente\u00a0Jair Bolsonaro\u00a0fez um pronunciamento nesta quinta-feira (16) no Pal\u00e1cio do Planalto no qual anunciou o oncologista\u00a0Nelson Luiz Sperle Teich\u00a0como novo ministro da Sa\u00fade. Nelson Teich assume o cargo em meio \u00e0\u00a0pandemia\u00a0do [&hellip;]","og_url":"https:\/\/www.federassantas.org.br\/novosite\/governo-anuncia-oncologista-nelson-teich-como-novo-ministro-da-saude\/","og_site_name":"Federassantas","article_published_time":"2020-04-16T21:27:48+00:00","author":"admin-federas","twitter_card":"summary_large_image","twitter_misc":{"Escrito por":"admin-federas","Est. tempo de leitura":"2 minutos"},"schema":{"@context":"https:\/\/schema.org","@graph":[{"@type":"Article","@id":"https:\/\/www.federassantas.org.br\/novosite\/governo-anuncia-oncologista-nelson-teich-como-novo-ministro-da-saude\/#article","isPartOf":{"@id":"https:\/\/www.federassantas.org.br\/novosite\/governo-anuncia-oncologista-nelson-teich-como-novo-ministro-da-saude\/"},"author":{"name":"admin-federas","@id":"https:\/\/www.federassantas.org.br\/novosite\/#\/schema\/person\/75fed98158349313fe56175f232f513c"},"headline":"Governo anuncia oncologista Nelson Teich como novo Ministro da Sa\u00fade","datePublished":"2020-04-16T21:27:48+00:00","mainEntityOfPage":{"@id":"https:\/\/www.federassantas.org.br\/novosite\/governo-anuncia-oncologista-nelson-teich-como-novo-ministro-da-saude\/"},"wordCount":365,"commentCount":0,"publisher":{"@id":"https:\/\/www.federassantas.org.br\/novosite\/#organization"},"image":{"@id":"https:\/\/www.federassantas.org.br\/novosite\/governo-anuncia-oncologista-nelson-teich-como-novo-ministro-da-saude\/#primaryimage"},"thumbnailUrl":"","articleSection":["Not\u00edcias"],"inLanguage":"pt-BR","potentialAction":[{"@type":"CommentAction","name":"Comment","target":["https:\/\/www.federassantas.org.br\/novosite\/governo-anuncia-oncologista-nelson-teich-como-novo-ministro-da-saude\/#respond"]}]},{"@type":"WebPage","@id":"https:\/\/www.federassantas.org.br\/novosite\/governo-anuncia-oncologista-nelson-teich-como-novo-ministro-da-saude\/","url":"https:\/\/www.federassantas.org.br\/novosite\/governo-anuncia-oncologista-nelson-teich-como-novo-ministro-da-saude\/","name":"Governo anuncia oncologista Nelson Teich como novo Ministro da Sa\u00fade - Federassantas","isPartOf":{"@id":"https:\/\/www.federassantas.org.br\/novosite\/#website"},"primaryImageOfPage":{"@id":"https:\/\/www.federassantas.org.br\/novosite\/governo-anuncia-oncologista-nelson-teich-como-novo-ministro-da-saude\/#primaryimage"},"image":{"@id":"https:\/\/www.federassantas.org.br\/novosite\/governo-anuncia-oncologista-nelson-teich-como-novo-ministro-da-saude\/#primaryimage"},"thumbnailUrl":"","datePublished":"2020-04-16T21:27:48+00:00","breadcrumb":{"@id":"https:\/\/www.federassantas.org.br\/novosite\/governo-anuncia-oncologista-nelson-teich-como-novo-ministro-da-saude\/#breadcrumb"},"inLanguage":"pt-BR","potentialAction":[{"@type":"ReadAction","target":["https:\/\/www.federassantas.org.br\/novosite\/governo-anuncia-oncologista-nelson-teich-como-novo-ministro-da-saude\/"]}]},{"@type":"ImageObject","inLanguage":"pt-BR","@id":"https:\/\/www.federassantas.org.br\/novosite\/governo-anuncia-oncologista-nelson-teich-como-novo-ministro-da-saude\/#primaryimage","url":"","contentUrl":""},{"@type":"BreadcrumbList","@id":"https:\/\/www.federassantas.org.br\/novosite\/governo-anuncia-oncologista-nelson-teich-como-novo-ministro-da-saude\/#breadcrumb","itemListElement":[{"@type":"ListItem","position":1,"name":"In\u00edcio","item":"https:\/\/www.federassantas.org.br\/novosite\/"},{"@type":"ListItem","position":2,"name":"Governo anuncia oncologista Nelson Teich como novo Ministro da Sa\u00fade"}]},{"@type":"WebSite","@id":"https:\/\/www.federassantas.org.br\/novosite\/#website","url":"https:\/\/www.federassantas.org.br\/novosite\/","name":"Federassantas","description":"Fed. das Santas Casas e Hospitais Filantr\u00f3picos de MG","publisher":{"@id":"https:\/\/www.federassantas.org.br\/novosite\/#organization"},"potentialAction":[{"@type":"SearchAction","target":{"@type":"EntryPoint","urlTemplate":"https:\/\/www.federassantas.org.br\/novosite\/?s={search_term_string}"},"query-input":{"@type":"PropertyValueSpecification","valueRequired":true,"valueName":"search_term_string"}}],"inLanguage":"pt-BR"},{"@type":"Organization","@id":"https:\/\/www.federassantas.org.br\/novosite\/#organization","name":"Federassantas","url":"https:\/\/www.federassantas.org.br\/novosite\/","logo":{"@type":"ImageObject","inLanguage":"pt-BR","@id":"https:\/\/www.federassantas.org.br\/novosite\/#\/schema\/logo\/image\/","url":"https:\/\/www.federassantas.org.br\/novosite\/wp-content\/uploads\/2021\/12\/logo.png","contentUrl":"https:\/\/www.federassantas.org.br\/novosite\/wp-content\/uploads\/2021\/12\/logo.png","width":243,"height":59,"caption":"Federassantas"},"image":{"@id":"https:\/\/www.federassantas.org.br\/novosite\/#\/schema\/logo\/image\/"}},{"@type":"Person","@id":"https:\/\/www.federassantas.org.br\/novosite\/#\/schema\/person\/75fed98158349313fe56175f232f513c","name":"admin-federas","image":{"@type":"ImageObject","inLanguage":"pt-BR","@id":"https:\/\/www.federassantas.org.br\/novosite\/#\/schema\/person\/image\/","url":"https:\/\/secure.gravatar.com\/avatar\/2a02d7dda59fe8dc6b7ffd3f652e2efede5ccf0dd89dfdc8137c5517f3de8407?s=96&d=mm&r=g","contentUrl":"https:\/\/secure.gravatar.com\/avatar\/2a02d7dda59fe8dc6b7ffd3f652e2efede5ccf0dd89dfdc8137c5517f3de8407?s=96&d=mm&r=g","caption":"admin-federas"},"sameAs":["https:\/\/www.federassantas.org.br\/novosite\/"],"url":"https:\/\/www.federassantas.org.br\/novosite\/author\/admin-federas\/"}]}},"_links":{"self":[{"href":"https:\/\/www.federassantas.org.br\/novosite\/wp-json\/wp\/v2\/posts\/18437","targetHints":{"allow":["GET"]}}],"collection":[{"href":"https:\/\/www.federassantas.org.br\/novosite\/wp-json\/wp\/v2\/posts"}],"about":[{"href":"https:\/\/www.federassantas.org.br\/novosite\/wp-json\/wp\/v2\/types\/post"}],"author":[{"embeddable":true,"href":"https:\/\/www.federassantas.org.br\/novosite\/wp-json\/wp\/v2\/users\/1"}],"replies":[{"embeddable":true,"href":"https:\/\/www.federassantas.org.br\/novosite\/wp-json\/wp\/v2\/comments?post=18437"}],"version-history":[{"count":0,"href":"https:\/\/www.federassantas.org.br\/novosite\/wp-json\/wp\/v2\/posts\/18437\/revisions"}],"wp:featuredmedia":[{"embeddable":true,"href":"https:\/\/www.federassantas.org.br\/novosite\/wp-json\/"}],"wp:attachment":[{"href":"https:\/\/www.federassantas.org.br\/novosite\/wp-json\/wp\/v2\/media?parent=18437"}],"wp:term":[{"taxonomy":"category","embeddable":true,"href":"https:\/\/www.federassantas.org.br\/novosite\/wp-json\/wp\/v2\/categories?post=18437"},{"taxonomy":"post_tag","embeddable":true,"href":"https:\/\/www.federassantas.org.br\/novosite\/wp-json\/wp\/v2\/tags?post=18437"}],"curies":[{"name":"wp","href":"https:\/\/api.w.org\/{rel}","templated":true}]}}