{"id":18441,"date":"2020-04-20T18:33:28","date_gmt":"2020-04-20T21:33:28","guid":{"rendered":"https:\/\/federasbackup.meltcomunicacao.com.br\/?p=18441"},"modified":"2020-04-20T18:33:28","modified_gmt":"2020-04-20T21:33:28","slug":"cmb-conquista-a-suspensao-e-prorrogacao-dos-prazos-de-pagamento-das-prestacoes-de-linha-de-credito","status":"publish","type":"post","link":"https:\/\/www.federassantas.org.br\/novosite\/cmb-conquista-a-suspensao-e-prorrogacao-dos-prazos-de-pagamento-das-prestacoes-de-linha-de-credito\/","title":{"rendered":"CMB conquista a suspens\u00e3o e prorroga\u00e7\u00e3o dos prazos de pagamento das presta\u00e7\u00f5es de linha de cr\u00e9dito"},"content":{"rendered":"<p style=\"text-align: justify;\"><em>Por Mirocles V\u00e9ras, presidente da CMB<\/em><\/p>\n<p style=\"text-align: justify;\">A CMB\u00a0 n\u00e3o tem medido esfor\u00e7os para levar \u00e0s autoridades os pleitos do setor filantr\u00f3pico, embasados nas evid\u00eancias que mostram o importante papel dessas institui\u00e7\u00f5es no enfrentamento a este momento t\u00e3o desafiador, de uma das piores crises mundiais de sa\u00fade da hist\u00f3ria. E o intenso trabalho come\u00e7a a colher os resultados.<\/p>\n<p style=\"text-align: justify;\">Um de nossos pleitos refere-se \u00e0s linhas de cr\u00e9dito. O elevad\u00edssimo grau das dificuldades financeiras vivenciadas por nossas institui\u00e7\u00f5es fez com que elas, no decorrer dos anos, recorressem \u00e0 essa alternativa voltada especificamente para o setor hospitalar. Os empr\u00e9stimos, por\u00e9m, possuem valores vultuosos e, mesmo diante da garantia ofertada aos bancos de recebimento diretamente do Fundo Nacional de Sa\u00fade, os hospitais nunca se viram beneficiados por taxas de juros sensivelmente menores do que aquelas praticadas no mercado. No entanto, sem uma alternativa, restavam \u00e0s institui\u00e7\u00f5es contratar o cr\u00e9dito banc\u00e1rio sempre em seu limite m\u00e1ximo dispon\u00edvel, isto \u00e9, esgotando a margem consign\u00e1vel, de modo que as mutu\u00e1rias apresentam efetivo comprometimento de mais de um ter\u00e7o das suas receitas SUS com o pagamento das parcelas mensais dos empr\u00e9stimos. Essa situa\u00e7\u00e3o se torna ainda mais grave quando se observa que s\u00e3o institui\u00e7\u00f5es que se dedicam majoritariamente ao Poder P\u00fablico, operando, por conseguinte, em cont\u00ednuo e crescente d\u00e9ficit financeiro.<\/p>\n<p style=\"text-align: justify;\">Diante disso, em 26 de mar\u00e7o, a CMB encaminhou of\u00edcio ao ent\u00e3o ministro da Sa\u00fade, Luiz Henrique Mandetta \u2013 uma vez que o Minist\u00e9rio \u00e9 interveniente anuente das opera\u00e7\u00f5es de cr\u00e9dito fundada em receb\u00edveis SUS, pedindo pela imediata suspens\u00e3o do desconto de quaisquer parcelas voltadas ao pagamento dos empr\u00e9stimos contra\u00eddos por entidades filantr\u00f3picas junto ao sistema banc\u00e1rio, garantindo \u00e0quelas institui\u00e7\u00f5es a plena disposi\u00e7\u00e3o da totalidade dos seus recursos financeiros provenientes do atendimento SUS, indispens\u00e1veis \u00e0 sua sobreviv\u00eancia no momento de maior necessidade como o que estamos enfrentando com a pandemia do coronav\u00edrus. O mesmo pedido foi encaminhado ao presidente da Rep\u00fablica, Jair Messias Bolsonaro.<\/p>\n<p style=\"text-align: justify;\">O Minist\u00e9rio da Sa\u00fade nos retornou que n\u00e3o tem poder para interferir em uma rela\u00e7\u00e3o que \u00e9 da institui\u00e7\u00e3o financeira com o hospital que busca captar os recursos, e nos orientou a tratarmos diretamente com os bancos as suspens\u00f5es dos pagamentos destas parcelas. E foi o que fizemos. Encaminhamos o pedido \u00e0s institui\u00e7\u00f5es banc\u00e1rias, especialmente \u00e0 Caixa Econ\u00f4mica Federal, contando com o importante refor\u00e7o e apoio do deputado federal Antonio Brito, que nos ajudou grandemente, intermediando as conversa\u00e7\u00f5es com a Caixa. Brito, que preside a Frente Parlamentar das Santas Casas, na C\u00e2mara Federal, tem estado ao nosso lado na caminhada, defendendo nossas reivindica\u00e7\u00f5es.<\/p>\n<p style=\"text-align: justify;\">Ecoamos tamb\u00e9m o nosso clamor, sobre a urg\u00eancia do pleito para socorrer as nossas necessidades, em artigo publicado em 8 de abril, no jornal O Estado de S.Paulo \u2013 um dos\u00a0 maiores ve\u00edculos de imprensa do pa\u00eds. No texto, mostramos \u00e0s autoridades e aos brasileiros que, embora em 27 de mar\u00e7o tenha sido anunciada a diminui\u00e7\u00e3o dos juros de uma linha de cr\u00e9dito especial operacionalizada pela Caixa Econ\u00f4mica Federal, para injetar at\u00e9 R$ 7 bilh\u00f5es para manter os hospitais operando plenamente durante a pandemia, as condi\u00e7\u00f5es impostas est\u00e3o impedindo que os recursos cheguem \u00e0s institui\u00e7\u00f5es filantr\u00f3picas, que seguem endividadas e sem capacidade de financiar satisfatoriamente as opera\u00e7\u00f5es, sobretudo com a nova realidade do mercado de insumos de sa\u00fade.<\/p>\n<p style=\"text-align: justify;\">Buscamos todos os meios poss\u00edveis para sermos vistos e ouvidos, e enfim, a luta se transformou em vit\u00f3ria. Com imensa satisfa\u00e7\u00e3o, fomos informados de que a Caixa Econ\u00f4mica Federal j\u00e1 est\u00e1 trabalhando em atendimento aos nossos pleitos e formalizando os aditivos contratuais para a suspens\u00e3o e prorroga\u00e7\u00e3o dos prazos de pagamento das presta\u00e7\u00f5es. Com isso, estar\u00e1 suspenso por dois meses o desconto das parcelas.<\/p>\n<p style=\"text-align: justify;\">Obtivemos essa conquista, mas o trabalho da CMB continua, de forma intensa, para que outras necessidades do nosso setor filantr\u00f3pico, que tanto faz pela sa\u00fade do povo brasileiro, tenham solu\u00e7\u00f5es que nos permitam fazer muito mais.<\/p>\n<p>Fonte: <a href=\"https:\/\/www.cmb.org.br\/cmb\/index.php\/noticias\/2917-comunicado-cmb-conquista-a-suspensao-e-prorrogacao-dos-prazos-de-pagamento-das-prestacoes-de-linha-de-credito\">CMB<\/a><\/p>\n","protected":false},"excerpt":{"rendered":"<p>Por Mirocles V\u00e9ras, presidente da CMB A CMB\u00a0 n\u00e3o tem medido esfor\u00e7os para levar \u00e0s autoridades os pleitos do setor filantr\u00f3pico, embasados nas evid\u00eancias que mostram o importante papel dessas institui\u00e7\u00f5es no enfrentamento a este momento t\u00e3o desafiador, de uma das piores crises mundiais de sa\u00fade da hist\u00f3ria. E o intenso trabalho come\u00e7a a colher [&hellip;]<\/p>\n","protected":false},"author":1,"featured_media":18442,"comment_status":"open","ping_status":"open","sticky":false,"template":"","format":"standard","meta":{"footnotes":""},"categories":[140,141],"tags":[],"class_list":["post-18441","post","type-post","status-publish","format-standard","has-post-thumbnail","hentry","category-noticias","category-noticias-federassantas"],"yoast_head":"<!-- This site is optimized with the Yoast SEO plugin v26.9 - https:\/\/yoast.com\/product\/yoast-seo-wordpress\/ -->\n<title>CMB conquista a suspens\u00e3o e prorroga\u00e7\u00e3o dos prazos de pagamento das presta\u00e7\u00f5es de linha de cr\u00e9dito - Federassantas<\/title>\n<meta name=\"robots\" content=\"index, follow, max-snippet:-1, max-image-preview:large, max-video-preview:-1\" \/>\n<link rel=\"canonical\" href=\"https:\/\/www.federassantas.org.br\/novosite\/cmb-conquista-a-suspensao-e-prorrogacao-dos-prazos-de-pagamento-das-prestacoes-de-linha-de-credito\/\" \/>\n<meta property=\"og:locale\" content=\"pt_BR\" \/>\n<meta property=\"og:type\" content=\"article\" \/>\n<meta property=\"og:title\" content=\"CMB conquista a suspens\u00e3o e prorroga\u00e7\u00e3o dos prazos de pagamento das presta\u00e7\u00f5es de linha de cr\u00e9dito - Federassantas\" \/>\n<meta property=\"og:description\" content=\"Por Mirocles V\u00e9ras, presidente da CMB A CMB\u00a0 n\u00e3o tem medido esfor\u00e7os para levar \u00e0s autoridades os pleitos do setor filantr\u00f3pico, embasados nas evid\u00eancias que mostram o importante papel dessas institui\u00e7\u00f5es no enfrentamento a este momento t\u00e3o desafiador, de uma das piores crises mundiais de sa\u00fade da hist\u00f3ria. E o intenso trabalho come\u00e7a a colher [&hellip;]\" \/>\n<meta property=\"og:url\" content=\"https:\/\/www.federassantas.org.br\/novosite\/cmb-conquista-a-suspensao-e-prorrogacao-dos-prazos-de-pagamento-das-prestacoes-de-linha-de-credito\/\" \/>\n<meta property=\"og:site_name\" content=\"Federassantas\" \/>\n<meta property=\"article:published_time\" content=\"2020-04-20T21:33:28+00:00\" \/>\n<meta name=\"author\" content=\"admin-federas\" \/>\n<meta name=\"twitter:card\" content=\"summary_large_image\" \/>\n<meta name=\"twitter:label1\" content=\"Escrito por\" \/>\n\t<meta name=\"twitter:data1\" content=\"admin-federas\" \/>\n\t<meta name=\"twitter:label2\" content=\"Est. tempo de leitura\" \/>\n\t<meta name=\"twitter:data2\" content=\"4 minutos\" \/>\n<script type=\"application\/ld+json\" class=\"yoast-schema-graph\">{\"@context\":\"https:\/\/schema.org\",\"@graph\":[{\"@type\":\"Article\",\"@id\":\"https:\/\/www.federassantas.org.br\/novosite\/cmb-conquista-a-suspensao-e-prorrogacao-dos-prazos-de-pagamento-das-prestacoes-de-linha-de-credito\/#article\",\"isPartOf\":{\"@id\":\"https:\/\/www.federassantas.org.br\/novosite\/cmb-conquista-a-suspensao-e-prorrogacao-dos-prazos-de-pagamento-das-prestacoes-de-linha-de-credito\/\"},\"author\":{\"name\":\"admin-federas\",\"@id\":\"https:\/\/www.federassantas.org.br\/novosite\/#\/schema\/person\/75fed98158349313fe56175f232f513c\"},\"headline\":\"CMB conquista a suspens\u00e3o e prorroga\u00e7\u00e3o dos prazos de pagamento das presta\u00e7\u00f5es de linha de cr\u00e9dito\",\"datePublished\":\"2020-04-20T21:33:28+00:00\",\"mainEntityOfPage\":{\"@id\":\"https:\/\/www.federassantas.org.br\/novosite\/cmb-conquista-a-suspensao-e-prorrogacao-dos-prazos-de-pagamento-das-prestacoes-de-linha-de-credito\/\"},\"wordCount\":736,\"commentCount\":0,\"publisher\":{\"@id\":\"https:\/\/www.federassantas.org.br\/novosite\/#organization\"},\"image\":{\"@id\":\"https:\/\/www.federassantas.org.br\/novosite\/cmb-conquista-a-suspensao-e-prorrogacao-dos-prazos-de-pagamento-das-prestacoes-de-linha-de-credito\/#primaryimage\"},\"thumbnailUrl\":\"\",\"articleSection\":[\"Not\u00edcias\",\"Not\u00edcias Federassantas\"],\"inLanguage\":\"pt-BR\",\"potentialAction\":[{\"@type\":\"CommentAction\",\"name\":\"Comment\",\"target\":[\"https:\/\/www.federassantas.org.br\/novosite\/cmb-conquista-a-suspensao-e-prorrogacao-dos-prazos-de-pagamento-das-prestacoes-de-linha-de-credito\/#respond\"]}]},{\"@type\":\"WebPage\",\"@id\":\"https:\/\/www.federassantas.org.br\/novosite\/cmb-conquista-a-suspensao-e-prorrogacao-dos-prazos-de-pagamento-das-prestacoes-de-linha-de-credito\/\",\"url\":\"https:\/\/www.federassantas.org.br\/novosite\/cmb-conquista-a-suspensao-e-prorrogacao-dos-prazos-de-pagamento-das-prestacoes-de-linha-de-credito\/\",\"name\":\"CMB conquista a suspens\u00e3o e prorroga\u00e7\u00e3o dos prazos de pagamento das presta\u00e7\u00f5es de linha de cr\u00e9dito - Federassantas\",\"isPartOf\":{\"@id\":\"https:\/\/www.federassantas.org.br\/novosite\/#website\"},\"primaryImageOfPage\":{\"@id\":\"https:\/\/www.federassantas.org.br\/novosite\/cmb-conquista-a-suspensao-e-prorrogacao-dos-prazos-de-pagamento-das-prestacoes-de-linha-de-credito\/#primaryimage\"},\"image\":{\"@id\":\"https:\/\/www.federassantas.org.br\/novosite\/cmb-conquista-a-suspensao-e-prorrogacao-dos-prazos-de-pagamento-das-prestacoes-de-linha-de-credito\/#primaryimage\"},\"thumbnailUrl\":\"\",\"datePublished\":\"2020-04-20T21:33:28+00:00\",\"breadcrumb\":{\"@id\":\"https:\/\/www.federassantas.org.br\/novosite\/cmb-conquista-a-suspensao-e-prorrogacao-dos-prazos-de-pagamento-das-prestacoes-de-linha-de-credito\/#breadcrumb\"},\"inLanguage\":\"pt-BR\",\"potentialAction\":[{\"@type\":\"ReadAction\",\"target\":[\"https:\/\/www.federassantas.org.br\/novosite\/cmb-conquista-a-suspensao-e-prorrogacao-dos-prazos-de-pagamento-das-prestacoes-de-linha-de-credito\/\"]}]},{\"@type\":\"ImageObject\",\"inLanguage\":\"pt-BR\",\"@id\":\"https:\/\/www.federassantas.org.br\/novosite\/cmb-conquista-a-suspensao-e-prorrogacao-dos-prazos-de-pagamento-das-prestacoes-de-linha-de-credito\/#primaryimage\",\"url\":\"\",\"contentUrl\":\"\"},{\"@type\":\"BreadcrumbList\",\"@id\":\"https:\/\/www.federassantas.org.br\/novosite\/cmb-conquista-a-suspensao-e-prorrogacao-dos-prazos-de-pagamento-das-prestacoes-de-linha-de-credito\/#breadcrumb\",\"itemListElement\":[{\"@type\":\"ListItem\",\"position\":1,\"name\":\"In\u00edcio\",\"item\":\"https:\/\/www.federassantas.org.br\/novosite\/\"},{\"@type\":\"ListItem\",\"position\":2,\"name\":\"CMB conquista a suspens\u00e3o e prorroga\u00e7\u00e3o dos prazos de pagamento das presta\u00e7\u00f5es de linha de cr\u00e9dito\"}]},{\"@type\":\"WebSite\",\"@id\":\"https:\/\/www.federassantas.org.br\/novosite\/#website\",\"url\":\"https:\/\/www.federassantas.org.br\/novosite\/\",\"name\":\"Federassantas\",\"description\":\"Fed. das Santas Casas e Hospitais Filantr\u00f3picos de MG\",\"publisher\":{\"@id\":\"https:\/\/www.federassantas.org.br\/novosite\/#organization\"},\"potentialAction\":[{\"@type\":\"SearchAction\",\"target\":{\"@type\":\"EntryPoint\",\"urlTemplate\":\"https:\/\/www.federassantas.org.br\/novosite\/?s={search_term_string}\"},\"query-input\":{\"@type\":\"PropertyValueSpecification\",\"valueRequired\":true,\"valueName\":\"search_term_string\"}}],\"inLanguage\":\"pt-BR\"},{\"@type\":\"Organization\",\"@id\":\"https:\/\/www.federassantas.org.br\/novosite\/#organization\",\"name\":\"Federassantas\",\"url\":\"https:\/\/www.federassantas.org.br\/novosite\/\",\"logo\":{\"@type\":\"ImageObject\",\"inLanguage\":\"pt-BR\",\"@id\":\"https:\/\/www.federassantas.org.br\/novosite\/#\/schema\/logo\/image\/\",\"url\":\"https:\/\/www.federassantas.org.br\/novosite\/wp-content\/uploads\/2021\/12\/logo.png\",\"contentUrl\":\"https:\/\/www.federassantas.org.br\/novosite\/wp-content\/uploads\/2021\/12\/logo.png\",\"width\":243,\"height\":59,\"caption\":\"Federassantas\"},\"image\":{\"@id\":\"https:\/\/www.federassantas.org.br\/novosite\/#\/schema\/logo\/image\/\"}},{\"@type\":\"Person\",\"@id\":\"https:\/\/www.federassantas.org.br\/novosite\/#\/schema\/person\/75fed98158349313fe56175f232f513c\",\"name\":\"admin-federas\",\"image\":{\"@type\":\"ImageObject\",\"inLanguage\":\"pt-BR\",\"@id\":\"https:\/\/www.federassantas.org.br\/novosite\/#\/schema\/person\/image\/\",\"url\":\"https:\/\/secure.gravatar.com\/avatar\/2a02d7dda59fe8dc6b7ffd3f652e2efede5ccf0dd89dfdc8137c5517f3de8407?s=96&d=mm&r=g\",\"contentUrl\":\"https:\/\/secure.gravatar.com\/avatar\/2a02d7dda59fe8dc6b7ffd3f652e2efede5ccf0dd89dfdc8137c5517f3de8407?s=96&d=mm&r=g\",\"caption\":\"admin-federas\"},\"sameAs\":[\"https:\/\/www.federassantas.org.br\/novosite\/\"],\"url\":\"https:\/\/www.federassantas.org.br\/novosite\/author\/admin-federas\/\"}]}<\/script>\n<!-- \/ Yoast SEO plugin. -->","yoast_head_json":{"title":"CMB conquista a suspens\u00e3o e prorroga\u00e7\u00e3o dos prazos de pagamento das presta\u00e7\u00f5es de linha de cr\u00e9dito - Federassantas","robots":{"index":"index","follow":"follow","max-snippet":"max-snippet:-1","max-image-preview":"max-image-preview:large","max-video-preview":"max-video-preview:-1"},"canonical":"https:\/\/www.federassantas.org.br\/novosite\/cmb-conquista-a-suspensao-e-prorrogacao-dos-prazos-de-pagamento-das-prestacoes-de-linha-de-credito\/","og_locale":"pt_BR","og_type":"article","og_title":"CMB conquista a suspens\u00e3o e prorroga\u00e7\u00e3o dos prazos de pagamento das presta\u00e7\u00f5es de linha de cr\u00e9dito - Federassantas","og_description":"Por Mirocles V\u00e9ras, presidente da CMB A CMB\u00a0 n\u00e3o tem medido esfor\u00e7os para levar \u00e0s autoridades os pleitos do setor filantr\u00f3pico, embasados nas evid\u00eancias que mostram o importante papel dessas institui\u00e7\u00f5es no enfrentamento a este momento t\u00e3o desafiador, de uma das piores crises mundiais de sa\u00fade da hist\u00f3ria. E o intenso trabalho come\u00e7a a colher [&hellip;]","og_url":"https:\/\/www.federassantas.org.br\/novosite\/cmb-conquista-a-suspensao-e-prorrogacao-dos-prazos-de-pagamento-das-prestacoes-de-linha-de-credito\/","og_site_name":"Federassantas","article_published_time":"2020-04-20T21:33:28+00:00","author":"admin-federas","twitter_card":"summary_large_image","twitter_misc":{"Escrito por":"admin-federas","Est. tempo de leitura":"4 minutos"},"schema":{"@context":"https:\/\/schema.org","@graph":[{"@type":"Article","@id":"https:\/\/www.federassantas.org.br\/novosite\/cmb-conquista-a-suspensao-e-prorrogacao-dos-prazos-de-pagamento-das-prestacoes-de-linha-de-credito\/#article","isPartOf":{"@id":"https:\/\/www.federassantas.org.br\/novosite\/cmb-conquista-a-suspensao-e-prorrogacao-dos-prazos-de-pagamento-das-prestacoes-de-linha-de-credito\/"},"author":{"name":"admin-federas","@id":"https:\/\/www.federassantas.org.br\/novosite\/#\/schema\/person\/75fed98158349313fe56175f232f513c"},"headline":"CMB conquista a suspens\u00e3o e prorroga\u00e7\u00e3o dos prazos de pagamento das presta\u00e7\u00f5es de linha de cr\u00e9dito","datePublished":"2020-04-20T21:33:28+00:00","mainEntityOfPage":{"@id":"https:\/\/www.federassantas.org.br\/novosite\/cmb-conquista-a-suspensao-e-prorrogacao-dos-prazos-de-pagamento-das-prestacoes-de-linha-de-credito\/"},"wordCount":736,"commentCount":0,"publisher":{"@id":"https:\/\/www.federassantas.org.br\/novosite\/#organization"},"image":{"@id":"https:\/\/www.federassantas.org.br\/novosite\/cmb-conquista-a-suspensao-e-prorrogacao-dos-prazos-de-pagamento-das-prestacoes-de-linha-de-credito\/#primaryimage"},"thumbnailUrl":"","articleSection":["Not\u00edcias","Not\u00edcias Federassantas"],"inLanguage":"pt-BR","potentialAction":[{"@type":"CommentAction","name":"Comment","target":["https:\/\/www.federassantas.org.br\/novosite\/cmb-conquista-a-suspensao-e-prorrogacao-dos-prazos-de-pagamento-das-prestacoes-de-linha-de-credito\/#respond"]}]},{"@type":"WebPage","@id":"https:\/\/www.federassantas.org.br\/novosite\/cmb-conquista-a-suspensao-e-prorrogacao-dos-prazos-de-pagamento-das-prestacoes-de-linha-de-credito\/","url":"https:\/\/www.federassantas.org.br\/novosite\/cmb-conquista-a-suspensao-e-prorrogacao-dos-prazos-de-pagamento-das-prestacoes-de-linha-de-credito\/","name":"CMB conquista a suspens\u00e3o e prorroga\u00e7\u00e3o dos prazos de pagamento das presta\u00e7\u00f5es de linha de cr\u00e9dito - Federassantas","isPartOf":{"@id":"https:\/\/www.federassantas.org.br\/novosite\/#website"},"primaryImageOfPage":{"@id":"https:\/\/www.federassantas.org.br\/novosite\/cmb-conquista-a-suspensao-e-prorrogacao-dos-prazos-de-pagamento-das-prestacoes-de-linha-de-credito\/#primaryimage"},"image":{"@id":"https:\/\/www.federassantas.org.br\/novosite\/cmb-conquista-a-suspensao-e-prorrogacao-dos-prazos-de-pagamento-das-prestacoes-de-linha-de-credito\/#primaryimage"},"thumbnailUrl":"","datePublished":"2020-04-20T21:33:28+00:00","breadcrumb":{"@id":"https:\/\/www.federassantas.org.br\/novosite\/cmb-conquista-a-suspensao-e-prorrogacao-dos-prazos-de-pagamento-das-prestacoes-de-linha-de-credito\/#breadcrumb"},"inLanguage":"pt-BR","potentialAction":[{"@type":"ReadAction","target":["https:\/\/www.federassantas.org.br\/novosite\/cmb-conquista-a-suspensao-e-prorrogacao-dos-prazos-de-pagamento-das-prestacoes-de-linha-de-credito\/"]}]},{"@type":"ImageObject","inLanguage":"pt-BR","@id":"https:\/\/www.federassantas.org.br\/novosite\/cmb-conquista-a-suspensao-e-prorrogacao-dos-prazos-de-pagamento-das-prestacoes-de-linha-de-credito\/#primaryimage","url":"","contentUrl":""},{"@type":"BreadcrumbList","@id":"https:\/\/www.federassantas.org.br\/novosite\/cmb-conquista-a-suspensao-e-prorrogacao-dos-prazos-de-pagamento-das-prestacoes-de-linha-de-credito\/#breadcrumb","itemListElement":[{"@type":"ListItem","position":1,"name":"In\u00edcio","item":"https:\/\/www.federassantas.org.br\/novosite\/"},{"@type":"ListItem","position":2,"name":"CMB conquista a suspens\u00e3o e prorroga\u00e7\u00e3o dos prazos de pagamento das presta\u00e7\u00f5es de linha de cr\u00e9dito"}]},{"@type":"WebSite","@id":"https:\/\/www.federassantas.org.br\/novosite\/#website","url":"https:\/\/www.federassantas.org.br\/novosite\/","name":"Federassantas","description":"Fed. das Santas Casas e Hospitais Filantr\u00f3picos de MG","publisher":{"@id":"https:\/\/www.federassantas.org.br\/novosite\/#organization"},"potentialAction":[{"@type":"SearchAction","target":{"@type":"EntryPoint","urlTemplate":"https:\/\/www.federassantas.org.br\/novosite\/?s={search_term_string}"},"query-input":{"@type":"PropertyValueSpecification","valueRequired":true,"valueName":"search_term_string"}}],"inLanguage":"pt-BR"},{"@type":"Organization","@id":"https:\/\/www.federassantas.org.br\/novosite\/#organization","name":"Federassantas","url":"https:\/\/www.federassantas.org.br\/novosite\/","logo":{"@type":"ImageObject","inLanguage":"pt-BR","@id":"https:\/\/www.federassantas.org.br\/novosite\/#\/schema\/logo\/image\/","url":"https:\/\/www.federassantas.org.br\/novosite\/wp-content\/uploads\/2021\/12\/logo.png","contentUrl":"https:\/\/www.federassantas.org.br\/novosite\/wp-content\/uploads\/2021\/12\/logo.png","width":243,"height":59,"caption":"Federassantas"},"image":{"@id":"https:\/\/www.federassantas.org.br\/novosite\/#\/schema\/logo\/image\/"}},{"@type":"Person","@id":"https:\/\/www.federassantas.org.br\/novosite\/#\/schema\/person\/75fed98158349313fe56175f232f513c","name":"admin-federas","image":{"@type":"ImageObject","inLanguage":"pt-BR","@id":"https:\/\/www.federassantas.org.br\/novosite\/#\/schema\/person\/image\/","url":"https:\/\/secure.gravatar.com\/avatar\/2a02d7dda59fe8dc6b7ffd3f652e2efede5ccf0dd89dfdc8137c5517f3de8407?s=96&d=mm&r=g","contentUrl":"https:\/\/secure.gravatar.com\/avatar\/2a02d7dda59fe8dc6b7ffd3f652e2efede5ccf0dd89dfdc8137c5517f3de8407?s=96&d=mm&r=g","caption":"admin-federas"},"sameAs":["https:\/\/www.federassantas.org.br\/novosite\/"],"url":"https:\/\/www.federassantas.org.br\/novosite\/author\/admin-federas\/"}]}},"_links":{"self":[{"href":"https:\/\/www.federassantas.org.br\/novosite\/wp-json\/wp\/v2\/posts\/18441","targetHints":{"allow":["GET"]}}],"collection":[{"href":"https:\/\/www.federassantas.org.br\/novosite\/wp-json\/wp\/v2\/posts"}],"about":[{"href":"https:\/\/www.federassantas.org.br\/novosite\/wp-json\/wp\/v2\/types\/post"}],"author":[{"embeddable":true,"href":"https:\/\/www.federassantas.org.br\/novosite\/wp-json\/wp\/v2\/users\/1"}],"replies":[{"embeddable":true,"href":"https:\/\/www.federassantas.org.br\/novosite\/wp-json\/wp\/v2\/comments?post=18441"}],"version-history":[{"count":0,"href":"https:\/\/www.federassantas.org.br\/novosite\/wp-json\/wp\/v2\/posts\/18441\/revisions"}],"wp:featuredmedia":[{"embeddable":true,"href":"https:\/\/www.federassantas.org.br\/novosite\/wp-json\/"}],"wp:attachment":[{"href":"https:\/\/www.federassantas.org.br\/novosite\/wp-json\/wp\/v2\/media?parent=18441"}],"wp:term":[{"taxonomy":"category","embeddable":true,"href":"https:\/\/www.federassantas.org.br\/novosite\/wp-json\/wp\/v2\/categories?post=18441"},{"taxonomy":"post_tag","embeddable":true,"href":"https:\/\/www.federassantas.org.br\/novosite\/wp-json\/wp\/v2\/tags?post=18441"}],"curies":[{"name":"wp","href":"https:\/\/api.w.org\/{rel}","templated":true}]}}