{"id":18487,"date":"2020-05-04T14:26:26","date_gmt":"2020-05-04T17:26:26","guid":{"rendered":"https:\/\/federasbackup.meltcomunicacao.com.br\/?p=18487"},"modified":"2020-05-04T14:26:26","modified_gmt":"2020-05-04T17:26:26","slug":"minas-tem-90-mortes-e-2-347-casos-confirmados-da-covid-19","status":"publish","type":"post","link":"https:\/\/www.federassantas.org.br\/novosite\/minas-tem-90-mortes-e-2-347-casos-confirmados-da-covid-19\/","title":{"rendered":"Minas tem 90 mortes e 2.347 casos confirmados da COVID-19"},"content":{"rendered":"<p><em>Em 24 horas, foi registrada mais uma morte, em Barbacena, e 229 novos casos da doen\u00e7a. O estado tem 2.347 casos confirmados e 89 mil suspeitos<\/em><\/p>\n<p>O n\u00famero de mortes em Minas pela COVID-19 passou de<strong> 89 para 90<\/strong> nas \u00faltimas 24 horas. De acordo com o boletim epidemiol\u00f3gico da <strong>Secretaria de Estado de Sa\u00fade (SES)<\/strong>, divulgado nesta segunda (4), foram confirmados 2.347 casos no estado. O \u00f3bito foi registrado em Barbacena, um homem de 61 anos. Seguem em investiga\u00e7\u00e3o outras 86 mortes, que podem ter sido causadas pelo novo coronav\u00edrus no estado.<\/p>\n<p>Belo Horizonte registrou o maior n\u00famero de casos (825) e mortes (20). A capital \u00e9 seguida por Uberl\u00e2ndia com 132 casos confirmados e oito mortes e de Juiz de Fora com 175 casos confirmados e seis mortes.<\/p>\n<p>Foram confirmados casos da COVID-19 em 176 munic\u00edpios mineiros. Com a morte confirmada em Barbacena, passa para 48 o n\u00famero de cidades em que foram registradas mortes pela doen\u00e7a.<\/p>\n<p><strong>Fonte:<\/strong> <a href=\"https:\/\/www.em.com.br\/app\/noticia\/gerais\/2020\/05\/04\/interna_gerais,1144156\/minas-tem-90-mortes-e-2-347-casos-confirmados-da-covid-19.shtml\">Estado de Minas<\/a><\/p>\n","protected":false},"excerpt":{"rendered":"<p>Em 24 horas, foi registrada mais uma morte, em Barbacena, e 229 novos casos da doen\u00e7a. O estado tem 2.347 casos confirmados e 89 mil suspeitos O n\u00famero de mortes em Minas pela COVID-19 passou de 89 para 90 nas \u00faltimas 24 horas. De acordo com o boletim epidemiol\u00f3gico da Secretaria de Estado de Sa\u00fade [&hellip;]<\/p>\n","protected":false},"author":1,"featured_media":18488,"comment_status":"open","ping_status":"open","sticky":false,"template":"","format":"standard","meta":{"footnotes":""},"categories":[140],"tags":[],"class_list":["post-18487","post","type-post","status-publish","format-standard","has-post-thumbnail","hentry","category-noticias"],"yoast_head":"<!-- This site is optimized with the Yoast SEO plugin v26.9 - https:\/\/yoast.com\/product\/yoast-seo-wordpress\/ -->\n<title>Minas tem 90 mortes e 2.347 casos confirmados da COVID-19 - Federassantas<\/title>\n<meta name=\"robots\" content=\"index, follow, max-snippet:-1, max-image-preview:large, max-video-preview:-1\" \/>\n<link rel=\"canonical\" href=\"https:\/\/www.federassantas.org.br\/novosite\/minas-tem-90-mortes-e-2-347-casos-confirmados-da-covid-19\/\" \/>\n<meta property=\"og:locale\" content=\"pt_BR\" \/>\n<meta property=\"og:type\" content=\"article\" \/>\n<meta property=\"og:title\" content=\"Minas tem 90 mortes e 2.347 casos confirmados da COVID-19 - Federassantas\" \/>\n<meta property=\"og:description\" content=\"Em 24 horas, foi registrada mais uma morte, em Barbacena, e 229 novos casos da doen\u00e7a. O estado tem 2.347 casos confirmados e 89 mil suspeitos O n\u00famero de mortes em Minas pela COVID-19 passou de 89 para 90 nas \u00faltimas 24 horas. De acordo com o boletim epidemiol\u00f3gico da Secretaria de Estado de Sa\u00fade [&hellip;]\" \/>\n<meta property=\"og:url\" content=\"https:\/\/www.federassantas.org.br\/novosite\/minas-tem-90-mortes-e-2-347-casos-confirmados-da-covid-19\/\" \/>\n<meta property=\"og:site_name\" content=\"Federassantas\" \/>\n<meta property=\"article:published_time\" content=\"2020-05-04T17:26:26+00:00\" \/>\n<meta name=\"author\" content=\"admin-federas\" \/>\n<meta name=\"twitter:card\" content=\"summary_large_image\" \/>\n<meta name=\"twitter:label1\" content=\"Escrito por\" \/>\n\t<meta name=\"twitter:data1\" content=\"admin-federas\" \/>\n\t<meta name=\"twitter:label2\" content=\"Est. tempo de leitura\" \/>\n\t<meta name=\"twitter:data2\" content=\"1 minuto\" \/>\n<script type=\"application\/ld+json\" class=\"yoast-schema-graph\">{\"@context\":\"https:\/\/schema.org\",\"@graph\":[{\"@type\":\"Article\",\"@id\":\"https:\/\/www.federassantas.org.br\/novosite\/minas-tem-90-mortes-e-2-347-casos-confirmados-da-covid-19\/#article\",\"isPartOf\":{\"@id\":\"https:\/\/www.federassantas.org.br\/novosite\/minas-tem-90-mortes-e-2-347-casos-confirmados-da-covid-19\/\"},\"author\":{\"name\":\"admin-federas\",\"@id\":\"https:\/\/www.federassantas.org.br\/novosite\/#\/schema\/person\/75fed98158349313fe56175f232f513c\"},\"headline\":\"Minas tem 90 mortes e 2.347 casos confirmados da COVID-19\",\"datePublished\":\"2020-05-04T17:26:26+00:00\",\"mainEntityOfPage\":{\"@id\":\"https:\/\/www.federassantas.org.br\/novosite\/minas-tem-90-mortes-e-2-347-casos-confirmados-da-covid-19\/\"},\"wordCount\":164,\"commentCount\":0,\"publisher\":{\"@id\":\"https:\/\/www.federassantas.org.br\/novosite\/#organization\"},\"image\":{\"@id\":\"https:\/\/www.federassantas.org.br\/novosite\/minas-tem-90-mortes-e-2-347-casos-confirmados-da-covid-19\/#primaryimage\"},\"thumbnailUrl\":\"\",\"articleSection\":[\"Not\u00edcias\"],\"inLanguage\":\"pt-BR\",\"potentialAction\":[{\"@type\":\"CommentAction\",\"name\":\"Comment\",\"target\":[\"https:\/\/www.federassantas.org.br\/novosite\/minas-tem-90-mortes-e-2-347-casos-confirmados-da-covid-19\/#respond\"]}]},{\"@type\":\"WebPage\",\"@id\":\"https:\/\/www.federassantas.org.br\/novosite\/minas-tem-90-mortes-e-2-347-casos-confirmados-da-covid-19\/\",\"url\":\"https:\/\/www.federassantas.org.br\/novosite\/minas-tem-90-mortes-e-2-347-casos-confirmados-da-covid-19\/\",\"name\":\"Minas tem 90 mortes e 2.347 casos confirmados da COVID-19 - Federassantas\",\"isPartOf\":{\"@id\":\"https:\/\/www.federassantas.org.br\/novosite\/#website\"},\"primaryImageOfPage\":{\"@id\":\"https:\/\/www.federassantas.org.br\/novosite\/minas-tem-90-mortes-e-2-347-casos-confirmados-da-covid-19\/#primaryimage\"},\"image\":{\"@id\":\"https:\/\/www.federassantas.org.br\/novosite\/minas-tem-90-mortes-e-2-347-casos-confirmados-da-covid-19\/#primaryimage\"},\"thumbnailUrl\":\"\",\"datePublished\":\"2020-05-04T17:26:26+00:00\",\"breadcrumb\":{\"@id\":\"https:\/\/www.federassantas.org.br\/novosite\/minas-tem-90-mortes-e-2-347-casos-confirmados-da-covid-19\/#breadcrumb\"},\"inLanguage\":\"pt-BR\",\"potentialAction\":[{\"@type\":\"ReadAction\",\"target\":[\"https:\/\/www.federassantas.org.br\/novosite\/minas-tem-90-mortes-e-2-347-casos-confirmados-da-covid-19\/\"]}]},{\"@type\":\"ImageObject\",\"inLanguage\":\"pt-BR\",\"@id\":\"https:\/\/www.federassantas.org.br\/novosite\/minas-tem-90-mortes-e-2-347-casos-confirmados-da-covid-19\/#primaryimage\",\"url\":\"\",\"contentUrl\":\"\"},{\"@type\":\"BreadcrumbList\",\"@id\":\"https:\/\/www.federassantas.org.br\/novosite\/minas-tem-90-mortes-e-2-347-casos-confirmados-da-covid-19\/#breadcrumb\",\"itemListElement\":[{\"@type\":\"ListItem\",\"position\":1,\"name\":\"In\u00edcio\",\"item\":\"https:\/\/www.federassantas.org.br\/novosite\/\"},{\"@type\":\"ListItem\",\"position\":2,\"name\":\"Minas tem 90 mortes e 2.347 casos confirmados da COVID-19\"}]},{\"@type\":\"WebSite\",\"@id\":\"https:\/\/www.federassantas.org.br\/novosite\/#website\",\"url\":\"https:\/\/www.federassantas.org.br\/novosite\/\",\"name\":\"Federassantas\",\"description\":\"Fed. das Santas Casas e Hospitais Filantr\u00f3picos de MG\",\"publisher\":{\"@id\":\"https:\/\/www.federassantas.org.br\/novosite\/#organization\"},\"potentialAction\":[{\"@type\":\"SearchAction\",\"target\":{\"@type\":\"EntryPoint\",\"urlTemplate\":\"https:\/\/www.federassantas.org.br\/novosite\/?s={search_term_string}\"},\"query-input\":{\"@type\":\"PropertyValueSpecification\",\"valueRequired\":true,\"valueName\":\"search_term_string\"}}],\"inLanguage\":\"pt-BR\"},{\"@type\":\"Organization\",\"@id\":\"https:\/\/www.federassantas.org.br\/novosite\/#organization\",\"name\":\"Federassantas\",\"url\":\"https:\/\/www.federassantas.org.br\/novosite\/\",\"logo\":{\"@type\":\"ImageObject\",\"inLanguage\":\"pt-BR\",\"@id\":\"https:\/\/www.federassantas.org.br\/novosite\/#\/schema\/logo\/image\/\",\"url\":\"https:\/\/www.federassantas.org.br\/novosite\/wp-content\/uploads\/2021\/12\/logo.png\",\"contentUrl\":\"https:\/\/www.federassantas.org.br\/novosite\/wp-content\/uploads\/2021\/12\/logo.png\",\"width\":243,\"height\":59,\"caption\":\"Federassantas\"},\"image\":{\"@id\":\"https:\/\/www.federassantas.org.br\/novosite\/#\/schema\/logo\/image\/\"}},{\"@type\":\"Person\",\"@id\":\"https:\/\/www.federassantas.org.br\/novosite\/#\/schema\/person\/75fed98158349313fe56175f232f513c\",\"name\":\"admin-federas\",\"image\":{\"@type\":\"ImageObject\",\"inLanguage\":\"pt-BR\",\"@id\":\"https:\/\/www.federassantas.org.br\/novosite\/#\/schema\/person\/image\/\",\"url\":\"https:\/\/secure.gravatar.com\/avatar\/2a02d7dda59fe8dc6b7ffd3f652e2efede5ccf0dd89dfdc8137c5517f3de8407?s=96&d=mm&r=g\",\"contentUrl\":\"https:\/\/secure.gravatar.com\/avatar\/2a02d7dda59fe8dc6b7ffd3f652e2efede5ccf0dd89dfdc8137c5517f3de8407?s=96&d=mm&r=g\",\"caption\":\"admin-federas\"},\"sameAs\":[\"https:\/\/www.federassantas.org.br\/novosite\/\"],\"url\":\"https:\/\/www.federassantas.org.br\/novosite\/author\/admin-federas\/\"}]}<\/script>\n<!-- \/ Yoast SEO plugin. -->","yoast_head_json":{"title":"Minas tem 90 mortes e 2.347 casos confirmados da COVID-19 - Federassantas","robots":{"index":"index","follow":"follow","max-snippet":"max-snippet:-1","max-image-preview":"max-image-preview:large","max-video-preview":"max-video-preview:-1"},"canonical":"https:\/\/www.federassantas.org.br\/novosite\/minas-tem-90-mortes-e-2-347-casos-confirmados-da-covid-19\/","og_locale":"pt_BR","og_type":"article","og_title":"Minas tem 90 mortes e 2.347 casos confirmados da COVID-19 - Federassantas","og_description":"Em 24 horas, foi registrada mais uma morte, em Barbacena, e 229 novos casos da doen\u00e7a. O estado tem 2.347 casos confirmados e 89 mil suspeitos O n\u00famero de mortes em Minas pela COVID-19 passou de 89 para 90 nas \u00faltimas 24 horas. De acordo com o boletim epidemiol\u00f3gico da Secretaria de Estado de Sa\u00fade [&hellip;]","og_url":"https:\/\/www.federassantas.org.br\/novosite\/minas-tem-90-mortes-e-2-347-casos-confirmados-da-covid-19\/","og_site_name":"Federassantas","article_published_time":"2020-05-04T17:26:26+00:00","author":"admin-federas","twitter_card":"summary_large_image","twitter_misc":{"Escrito por":"admin-federas","Est. tempo de leitura":"1 minuto"},"schema":{"@context":"https:\/\/schema.org","@graph":[{"@type":"Article","@id":"https:\/\/www.federassantas.org.br\/novosite\/minas-tem-90-mortes-e-2-347-casos-confirmados-da-covid-19\/#article","isPartOf":{"@id":"https:\/\/www.federassantas.org.br\/novosite\/minas-tem-90-mortes-e-2-347-casos-confirmados-da-covid-19\/"},"author":{"name":"admin-federas","@id":"https:\/\/www.federassantas.org.br\/novosite\/#\/schema\/person\/75fed98158349313fe56175f232f513c"},"headline":"Minas tem 90 mortes e 2.347 casos confirmados da COVID-19","datePublished":"2020-05-04T17:26:26+00:00","mainEntityOfPage":{"@id":"https:\/\/www.federassantas.org.br\/novosite\/minas-tem-90-mortes-e-2-347-casos-confirmados-da-covid-19\/"},"wordCount":164,"commentCount":0,"publisher":{"@id":"https:\/\/www.federassantas.org.br\/novosite\/#organization"},"image":{"@id":"https:\/\/www.federassantas.org.br\/novosite\/minas-tem-90-mortes-e-2-347-casos-confirmados-da-covid-19\/#primaryimage"},"thumbnailUrl":"","articleSection":["Not\u00edcias"],"inLanguage":"pt-BR","potentialAction":[{"@type":"CommentAction","name":"Comment","target":["https:\/\/www.federassantas.org.br\/novosite\/minas-tem-90-mortes-e-2-347-casos-confirmados-da-covid-19\/#respond"]}]},{"@type":"WebPage","@id":"https:\/\/www.federassantas.org.br\/novosite\/minas-tem-90-mortes-e-2-347-casos-confirmados-da-covid-19\/","url":"https:\/\/www.federassantas.org.br\/novosite\/minas-tem-90-mortes-e-2-347-casos-confirmados-da-covid-19\/","name":"Minas tem 90 mortes e 2.347 casos confirmados da COVID-19 - Federassantas","isPartOf":{"@id":"https:\/\/www.federassantas.org.br\/novosite\/#website"},"primaryImageOfPage":{"@id":"https:\/\/www.federassantas.org.br\/novosite\/minas-tem-90-mortes-e-2-347-casos-confirmados-da-covid-19\/#primaryimage"},"image":{"@id":"https:\/\/www.federassantas.org.br\/novosite\/minas-tem-90-mortes-e-2-347-casos-confirmados-da-covid-19\/#primaryimage"},"thumbnailUrl":"","datePublished":"2020-05-04T17:26:26+00:00","breadcrumb":{"@id":"https:\/\/www.federassantas.org.br\/novosite\/minas-tem-90-mortes-e-2-347-casos-confirmados-da-covid-19\/#breadcrumb"},"inLanguage":"pt-BR","potentialAction":[{"@type":"ReadAction","target":["https:\/\/www.federassantas.org.br\/novosite\/minas-tem-90-mortes-e-2-347-casos-confirmados-da-covid-19\/"]}]},{"@type":"ImageObject","inLanguage":"pt-BR","@id":"https:\/\/www.federassantas.org.br\/novosite\/minas-tem-90-mortes-e-2-347-casos-confirmados-da-covid-19\/#primaryimage","url":"","contentUrl":""},{"@type":"BreadcrumbList","@id":"https:\/\/www.federassantas.org.br\/novosite\/minas-tem-90-mortes-e-2-347-casos-confirmados-da-covid-19\/#breadcrumb","itemListElement":[{"@type":"ListItem","position":1,"name":"In\u00edcio","item":"https:\/\/www.federassantas.org.br\/novosite\/"},{"@type":"ListItem","position":2,"name":"Minas tem 90 mortes e 2.347 casos confirmados da COVID-19"}]},{"@type":"WebSite","@id":"https:\/\/www.federassantas.org.br\/novosite\/#website","url":"https:\/\/www.federassantas.org.br\/novosite\/","name":"Federassantas","description":"Fed. das Santas Casas e Hospitais Filantr\u00f3picos de MG","publisher":{"@id":"https:\/\/www.federassantas.org.br\/novosite\/#organization"},"potentialAction":[{"@type":"SearchAction","target":{"@type":"EntryPoint","urlTemplate":"https:\/\/www.federassantas.org.br\/novosite\/?s={search_term_string}"},"query-input":{"@type":"PropertyValueSpecification","valueRequired":true,"valueName":"search_term_string"}}],"inLanguage":"pt-BR"},{"@type":"Organization","@id":"https:\/\/www.federassantas.org.br\/novosite\/#organization","name":"Federassantas","url":"https:\/\/www.federassantas.org.br\/novosite\/","logo":{"@type":"ImageObject","inLanguage":"pt-BR","@id":"https:\/\/www.federassantas.org.br\/novosite\/#\/schema\/logo\/image\/","url":"https:\/\/www.federassantas.org.br\/novosite\/wp-content\/uploads\/2021\/12\/logo.png","contentUrl":"https:\/\/www.federassantas.org.br\/novosite\/wp-content\/uploads\/2021\/12\/logo.png","width":243,"height":59,"caption":"Federassantas"},"image":{"@id":"https:\/\/www.federassantas.org.br\/novosite\/#\/schema\/logo\/image\/"}},{"@type":"Person","@id":"https:\/\/www.federassantas.org.br\/novosite\/#\/schema\/person\/75fed98158349313fe56175f232f513c","name":"admin-federas","image":{"@type":"ImageObject","inLanguage":"pt-BR","@id":"https:\/\/www.federassantas.org.br\/novosite\/#\/schema\/person\/image\/","url":"https:\/\/secure.gravatar.com\/avatar\/2a02d7dda59fe8dc6b7ffd3f652e2efede5ccf0dd89dfdc8137c5517f3de8407?s=96&d=mm&r=g","contentUrl":"https:\/\/secure.gravatar.com\/avatar\/2a02d7dda59fe8dc6b7ffd3f652e2efede5ccf0dd89dfdc8137c5517f3de8407?s=96&d=mm&r=g","caption":"admin-federas"},"sameAs":["https:\/\/www.federassantas.org.br\/novosite\/"],"url":"https:\/\/www.federassantas.org.br\/novosite\/author\/admin-federas\/"}]}},"_links":{"self":[{"href":"https:\/\/www.federassantas.org.br\/novosite\/wp-json\/wp\/v2\/posts\/18487","targetHints":{"allow":["GET"]}}],"collection":[{"href":"https:\/\/www.federassantas.org.br\/novosite\/wp-json\/wp\/v2\/posts"}],"about":[{"href":"https:\/\/www.federassantas.org.br\/novosite\/wp-json\/wp\/v2\/types\/post"}],"author":[{"embeddable":true,"href":"https:\/\/www.federassantas.org.br\/novosite\/wp-json\/wp\/v2\/users\/1"}],"replies":[{"embeddable":true,"href":"https:\/\/www.federassantas.org.br\/novosite\/wp-json\/wp\/v2\/comments?post=18487"}],"version-history":[{"count":0,"href":"https:\/\/www.federassantas.org.br\/novosite\/wp-json\/wp\/v2\/posts\/18487\/revisions"}],"wp:featuredmedia":[{"embeddable":true,"href":"https:\/\/www.federassantas.org.br\/novosite\/wp-json\/"}],"wp:attachment":[{"href":"https:\/\/www.federassantas.org.br\/novosite\/wp-json\/wp\/v2\/media?parent=18487"}],"wp:term":[{"taxonomy":"category","embeddable":true,"href":"https:\/\/www.federassantas.org.br\/novosite\/wp-json\/wp\/v2\/categories?post=18487"},{"taxonomy":"post_tag","embeddable":true,"href":"https:\/\/www.federassantas.org.br\/novosite\/wp-json\/wp\/v2\/tags?post=18487"}],"curies":[{"name":"wp","href":"https:\/\/api.w.org\/{rel}","templated":true}]}}