{"id":18497,"date":"2020-05-04T15:03:20","date_gmt":"2020-05-04T18:03:20","guid":{"rendered":"https:\/\/federasbackup.meltcomunicacao.com.br\/?p=18497"},"modified":"2020-05-04T15:03:20","modified_gmt":"2020-05-04T18:03:20","slug":"medicos-do-hospital-ibiapaba-cebams-distribuem-mais-de-1000-mascaras-no-centro-de-barbacena","status":"publish","type":"post","link":"https:\/\/www.federassantas.org.br\/novosite\/medicos-do-hospital-ibiapaba-cebams-distribuem-mais-de-1000-mascaras-no-centro-de-barbacena\/","title":{"rendered":"M\u00e9dicos do Hospital Ibiapaba CEBAMS distribuem mais de 1000 m\u00e1scaras no centro de Barbacena"},"content":{"rendered":"<p><em>A a\u00e7\u00e3o vai ser realizada outra vez na pr\u00f3xima quarta-feira 06 de maio<\/em><\/p>\n<p>Na tarde do dia 30\/04 os m\u00e9dicos do<strong> Corpo Cl\u00ednico do Hospital Ibiapaba CEBAMS<\/strong> realizaram uma a\u00e7\u00e3o social no centro de <strong>Barbacena<\/strong> para conscientizar a popula\u00e7\u00e3o sobre a import\u00e2ncia do uso de m\u00e1scaras. Os m\u00e9dicos tamb\u00e9m entregaram panfletos com informa\u00e7\u00f5es sobre a import\u00e2ncia da lavagem das m\u00e3os, do uso da m\u00e1scara e do isolamento social como formas de conter o cont\u00e1gio pelo COVID-19.<\/p>\n<p>Ao todo, mais de 1000 m\u00e1scaras foram entregues. Pessoas que estavam aguardando na fila de um banco para sacar o Aux\u00edlio Emergencial da Pandemia foram alertadas pelos m\u00e9dicos da import\u00e2ncia de manter a dist\u00e2ncia de outras pessoas e do uso das m\u00e1scaras.<\/p>\n<p>As a\u00e7\u00f5es n\u00e3o pararam a\u00ed. Em diversas ruas de Barbacena, outdoors foram colocados com mensagens educativas para a popula\u00e7\u00e3o sobre o enfrentamento da pandemia. Todos os materiais foram obtidos atrav\u00e9s de doa\u00e7\u00f5es dos m\u00e9dicos e parcerias com entidades e empresas.<\/p>\n<p>Segundo o urologista Jos\u00e9 Geraldo Coutinho, o aumento da pandemia exige que os m\u00e9dicos do<strong> Hospital Ibiapaba CEBAMS<\/strong> alertem a popula\u00e7\u00e3o sobre os perigos do Coronav\u00edrus. \u201cObservamos a cada dia o aumento da curva de cont\u00e1gio. Por isso viemos \u00e0s ruas hoje para pedir \u00e0 popula\u00e7\u00e3o que se previna, evitando que essa curva cres\u00e7a mais\u201d.<\/p>\n<p>O pneumologista do <strong>Hospital Ibiapaba CEBAMS<\/strong>, Edson Rezende, diz que o risco de contamina\u00e7\u00e3o aumentou: \u201cN\u00f3s estamos no \u00e1pice da pandemia. Portanto, os casos e os riscos de contamina\u00e7\u00e3o aumentaram. Por isso \u00e9 muito importante que as pessoas fiquem em casa e se protejam\u201d.<\/p>\n<p>O otorrinolaringologista do Corpo Cl\u00ednico do Hospital, Alfredo Lopes, diz que a a\u00e7\u00e3o ajuda a orientar a popula\u00e7\u00e3o para que se previna adequadamente:<\/p>\n<p>\u201cN\u00f3s queremos orientar a popula\u00e7\u00e3o de uma maneira que todos possam saber da import\u00e2ncia do uso de m\u00e1scaras, de ficar em casa e de lavar as m\u00e3os para evitar o cont\u00e1gio dessa doen\u00e7a\u201d, completou.<\/p>\n<p>&nbsp;<\/p>\n<p><strong>Fonte:<\/strong> <a href=\"http:\/\/www.ibiapaba.com.br\/noticias\/medicos-do-hospital-ibiapaba-cebams-distribuem-mais-de-1000-mascaras-no-centro-de-barbacena\">Hospital Ibiapaba CEBAMS<\/a><\/p>\n","protected":false},"excerpt":{"rendered":"<p>A a\u00e7\u00e3o vai ser realizada outra vez na pr\u00f3xima quarta-feira 06 de maio Na tarde do dia 30\/04 os m\u00e9dicos do Corpo Cl\u00ednico do Hospital Ibiapaba CEBAMS realizaram uma a\u00e7\u00e3o social no centro de Barbacena para conscientizar a popula\u00e7\u00e3o sobre a import\u00e2ncia do uso de m\u00e1scaras. Os m\u00e9dicos tamb\u00e9m entregaram panfletos com informa\u00e7\u00f5es sobre a [&hellip;]<\/p>\n","protected":false},"author":1,"featured_media":18498,"comment_status":"open","ping_status":"open","sticky":false,"template":"","format":"standard","meta":{"footnotes":""},"categories":[140,139],"tags":[],"class_list":["post-18497","post","type-post","status-publish","format-standard","has-post-thumbnail","hentry","category-noticias","category-noticias-filiados"],"yoast_head":"<!-- This site is optimized with the Yoast SEO plugin v26.9 - https:\/\/yoast.com\/product\/yoast-seo-wordpress\/ -->\n<title>M\u00e9dicos do Hospital Ibiapaba CEBAMS distribuem mais de 1000 m\u00e1scaras no centro de Barbacena - Federassantas<\/title>\n<meta name=\"robots\" content=\"index, follow, max-snippet:-1, max-image-preview:large, max-video-preview:-1\" \/>\n<link rel=\"canonical\" href=\"https:\/\/www.federassantas.org.br\/novosite\/medicos-do-hospital-ibiapaba-cebams-distribuem-mais-de-1000-mascaras-no-centro-de-barbacena\/\" \/>\n<meta property=\"og:locale\" content=\"pt_BR\" \/>\n<meta property=\"og:type\" content=\"article\" \/>\n<meta property=\"og:title\" content=\"M\u00e9dicos do Hospital Ibiapaba CEBAMS distribuem mais de 1000 m\u00e1scaras no centro de Barbacena - Federassantas\" \/>\n<meta property=\"og:description\" content=\"A a\u00e7\u00e3o vai ser realizada outra vez na pr\u00f3xima quarta-feira 06 de maio Na tarde do dia 30\/04 os m\u00e9dicos do Corpo Cl\u00ednico do Hospital Ibiapaba CEBAMS realizaram uma a\u00e7\u00e3o social no centro de Barbacena para conscientizar a popula\u00e7\u00e3o sobre a import\u00e2ncia do uso de m\u00e1scaras. Os m\u00e9dicos tamb\u00e9m entregaram panfletos com informa\u00e7\u00f5es sobre a [&hellip;]\" \/>\n<meta property=\"og:url\" content=\"https:\/\/www.federassantas.org.br\/novosite\/medicos-do-hospital-ibiapaba-cebams-distribuem-mais-de-1000-mascaras-no-centro-de-barbacena\/\" \/>\n<meta property=\"og:site_name\" content=\"Federassantas\" \/>\n<meta property=\"article:published_time\" content=\"2020-05-04T18:03:20+00:00\" \/>\n<meta property=\"og:image\" content=\"https:\/\/www.federassantas.org.br\/novosite\/wp-content\/uploads\/2020\/05\/Site_AcaoRua_300420.jpeg\" \/>\n\t<meta property=\"og:image:width\" content=\"1024\" \/>\n\t<meta property=\"og:image:height\" content=\"498\" \/>\n\t<meta property=\"og:image:type\" content=\"image\/jpeg\" \/>\n<meta name=\"author\" content=\"admin-federas\" \/>\n<meta name=\"twitter:card\" content=\"summary_large_image\" \/>\n<meta name=\"twitter:label1\" content=\"Escrito por\" \/>\n\t<meta name=\"twitter:data1\" content=\"admin-federas\" \/>\n\t<meta name=\"twitter:label2\" content=\"Est. tempo de leitura\" \/>\n\t<meta name=\"twitter:data2\" content=\"2 minutos\" \/>\n<script type=\"application\/ld+json\" class=\"yoast-schema-graph\">{\"@context\":\"https:\/\/schema.org\",\"@graph\":[{\"@type\":\"Article\",\"@id\":\"https:\/\/www.federassantas.org.br\/novosite\/medicos-do-hospital-ibiapaba-cebams-distribuem-mais-de-1000-mascaras-no-centro-de-barbacena\/#article\",\"isPartOf\":{\"@id\":\"https:\/\/www.federassantas.org.br\/novosite\/medicos-do-hospital-ibiapaba-cebams-distribuem-mais-de-1000-mascaras-no-centro-de-barbacena\/\"},\"author\":{\"name\":\"admin-federas\",\"@id\":\"https:\/\/www.federassantas.org.br\/novosite\/#\/schema\/person\/75fed98158349313fe56175f232f513c\"},\"headline\":\"M\u00e9dicos do Hospital Ibiapaba CEBAMS distribuem mais de 1000 m\u00e1scaras no centro de Barbacena\",\"datePublished\":\"2020-05-04T18:03:20+00:00\",\"mainEntityOfPage\":{\"@id\":\"https:\/\/www.federassantas.org.br\/novosite\/medicos-do-hospital-ibiapaba-cebams-distribuem-mais-de-1000-mascaras-no-centro-de-barbacena\/\"},\"wordCount\":375,\"commentCount\":0,\"publisher\":{\"@id\":\"https:\/\/www.federassantas.org.br\/novosite\/#organization\"},\"image\":{\"@id\":\"https:\/\/www.federassantas.org.br\/novosite\/medicos-do-hospital-ibiapaba-cebams-distribuem-mais-de-1000-mascaras-no-centro-de-barbacena\/#primaryimage\"},\"thumbnailUrl\":\"https:\/\/www.federassantas.org.br\/novosite\/wp-content\/uploads\/2020\/05\/Site_AcaoRua_300420.jpeg\",\"articleSection\":[\"Not\u00edcias\",\"Not\u00edcias filiados\"],\"inLanguage\":\"pt-BR\",\"potentialAction\":[{\"@type\":\"CommentAction\",\"name\":\"Comment\",\"target\":[\"https:\/\/www.federassantas.org.br\/novosite\/medicos-do-hospital-ibiapaba-cebams-distribuem-mais-de-1000-mascaras-no-centro-de-barbacena\/#respond\"]}]},{\"@type\":\"WebPage\",\"@id\":\"https:\/\/www.federassantas.org.br\/novosite\/medicos-do-hospital-ibiapaba-cebams-distribuem-mais-de-1000-mascaras-no-centro-de-barbacena\/\",\"url\":\"https:\/\/www.federassantas.org.br\/novosite\/medicos-do-hospital-ibiapaba-cebams-distribuem-mais-de-1000-mascaras-no-centro-de-barbacena\/\",\"name\":\"M\u00e9dicos do Hospital Ibiapaba CEBAMS distribuem mais de 1000 m\u00e1scaras no centro de Barbacena - Federassantas\",\"isPartOf\":{\"@id\":\"https:\/\/www.federassantas.org.br\/novosite\/#website\"},\"primaryImageOfPage\":{\"@id\":\"https:\/\/www.federassantas.org.br\/novosite\/medicos-do-hospital-ibiapaba-cebams-distribuem-mais-de-1000-mascaras-no-centro-de-barbacena\/#primaryimage\"},\"image\":{\"@id\":\"https:\/\/www.federassantas.org.br\/novosite\/medicos-do-hospital-ibiapaba-cebams-distribuem-mais-de-1000-mascaras-no-centro-de-barbacena\/#primaryimage\"},\"thumbnailUrl\":\"https:\/\/www.federassantas.org.br\/novosite\/wp-content\/uploads\/2020\/05\/Site_AcaoRua_300420.jpeg\",\"datePublished\":\"2020-05-04T18:03:20+00:00\",\"breadcrumb\":{\"@id\":\"https:\/\/www.federassantas.org.br\/novosite\/medicos-do-hospital-ibiapaba-cebams-distribuem-mais-de-1000-mascaras-no-centro-de-barbacena\/#breadcrumb\"},\"inLanguage\":\"pt-BR\",\"potentialAction\":[{\"@type\":\"ReadAction\",\"target\":[\"https:\/\/www.federassantas.org.br\/novosite\/medicos-do-hospital-ibiapaba-cebams-distribuem-mais-de-1000-mascaras-no-centro-de-barbacena\/\"]}]},{\"@type\":\"ImageObject\",\"inLanguage\":\"pt-BR\",\"@id\":\"https:\/\/www.federassantas.org.br\/novosite\/medicos-do-hospital-ibiapaba-cebams-distribuem-mais-de-1000-mascaras-no-centro-de-barbacena\/#primaryimage\",\"url\":\"https:\/\/www.federassantas.org.br\/novosite\/wp-content\/uploads\/2020\/05\/Site_AcaoRua_300420.jpeg\",\"contentUrl\":\"https:\/\/www.federassantas.org.br\/novosite\/wp-content\/uploads\/2020\/05\/Site_AcaoRua_300420.jpeg\",\"width\":1024,\"height\":498},{\"@type\":\"BreadcrumbList\",\"@id\":\"https:\/\/www.federassantas.org.br\/novosite\/medicos-do-hospital-ibiapaba-cebams-distribuem-mais-de-1000-mascaras-no-centro-de-barbacena\/#breadcrumb\",\"itemListElement\":[{\"@type\":\"ListItem\",\"position\":1,\"name\":\"In\u00edcio\",\"item\":\"https:\/\/www.federassantas.org.br\/novosite\/\"},{\"@type\":\"ListItem\",\"position\":2,\"name\":\"M\u00e9dicos do Hospital Ibiapaba CEBAMS distribuem mais de 1000 m\u00e1scaras no centro de Barbacena\"}]},{\"@type\":\"WebSite\",\"@id\":\"https:\/\/www.federassantas.org.br\/novosite\/#website\",\"url\":\"https:\/\/www.federassantas.org.br\/novosite\/\",\"name\":\"Federassantas\",\"description\":\"Fed. das Santas Casas e Hospitais Filantr\u00f3picos de MG\",\"publisher\":{\"@id\":\"https:\/\/www.federassantas.org.br\/novosite\/#organization\"},\"potentialAction\":[{\"@type\":\"SearchAction\",\"target\":{\"@type\":\"EntryPoint\",\"urlTemplate\":\"https:\/\/www.federassantas.org.br\/novosite\/?s={search_term_string}\"},\"query-input\":{\"@type\":\"PropertyValueSpecification\",\"valueRequired\":true,\"valueName\":\"search_term_string\"}}],\"inLanguage\":\"pt-BR\"},{\"@type\":\"Organization\",\"@id\":\"https:\/\/www.federassantas.org.br\/novosite\/#organization\",\"name\":\"Federassantas\",\"url\":\"https:\/\/www.federassantas.org.br\/novosite\/\",\"logo\":{\"@type\":\"ImageObject\",\"inLanguage\":\"pt-BR\",\"@id\":\"https:\/\/www.federassantas.org.br\/novosite\/#\/schema\/logo\/image\/\",\"url\":\"https:\/\/www.federassantas.org.br\/novosite\/wp-content\/uploads\/2021\/12\/logo.png\",\"contentUrl\":\"https:\/\/www.federassantas.org.br\/novosite\/wp-content\/uploads\/2021\/12\/logo.png\",\"width\":243,\"height\":59,\"caption\":\"Federassantas\"},\"image\":{\"@id\":\"https:\/\/www.federassantas.org.br\/novosite\/#\/schema\/logo\/image\/\"}},{\"@type\":\"Person\",\"@id\":\"https:\/\/www.federassantas.org.br\/novosite\/#\/schema\/person\/75fed98158349313fe56175f232f513c\",\"name\":\"admin-federas\",\"image\":{\"@type\":\"ImageObject\",\"inLanguage\":\"pt-BR\",\"@id\":\"https:\/\/www.federassantas.org.br\/novosite\/#\/schema\/person\/image\/\",\"url\":\"https:\/\/secure.gravatar.com\/avatar\/2a02d7dda59fe8dc6b7ffd3f652e2efede5ccf0dd89dfdc8137c5517f3de8407?s=96&d=mm&r=g\",\"contentUrl\":\"https:\/\/secure.gravatar.com\/avatar\/2a02d7dda59fe8dc6b7ffd3f652e2efede5ccf0dd89dfdc8137c5517f3de8407?s=96&d=mm&r=g\",\"caption\":\"admin-federas\"},\"sameAs\":[\"https:\/\/www.federassantas.org.br\/novosite\/\"],\"url\":\"https:\/\/www.federassantas.org.br\/novosite\/author\/admin-federas\/\"}]}<\/script>\n<!-- \/ Yoast SEO plugin. -->","yoast_head_json":{"title":"M\u00e9dicos do Hospital Ibiapaba CEBAMS distribuem mais de 1000 m\u00e1scaras no centro de Barbacena - Federassantas","robots":{"index":"index","follow":"follow","max-snippet":"max-snippet:-1","max-image-preview":"max-image-preview:large","max-video-preview":"max-video-preview:-1"},"canonical":"https:\/\/www.federassantas.org.br\/novosite\/medicos-do-hospital-ibiapaba-cebams-distribuem-mais-de-1000-mascaras-no-centro-de-barbacena\/","og_locale":"pt_BR","og_type":"article","og_title":"M\u00e9dicos do Hospital Ibiapaba CEBAMS distribuem mais de 1000 m\u00e1scaras no centro de Barbacena - Federassantas","og_description":"A a\u00e7\u00e3o vai ser realizada outra vez na pr\u00f3xima quarta-feira 06 de maio Na tarde do dia 30\/04 os m\u00e9dicos do Corpo Cl\u00ednico do Hospital Ibiapaba CEBAMS realizaram uma a\u00e7\u00e3o social no centro de Barbacena para conscientizar a popula\u00e7\u00e3o sobre a import\u00e2ncia do uso de m\u00e1scaras. Os m\u00e9dicos tamb\u00e9m entregaram panfletos com informa\u00e7\u00f5es sobre a [&hellip;]","og_url":"https:\/\/www.federassantas.org.br\/novosite\/medicos-do-hospital-ibiapaba-cebams-distribuem-mais-de-1000-mascaras-no-centro-de-barbacena\/","og_site_name":"Federassantas","article_published_time":"2020-05-04T18:03:20+00:00","og_image":[{"width":1024,"height":498,"url":"https:\/\/www.federassantas.org.br\/novosite\/wp-content\/uploads\/2020\/05\/Site_AcaoRua_300420.jpeg","type":"image\/jpeg"}],"author":"admin-federas","twitter_card":"summary_large_image","twitter_misc":{"Escrito por":"admin-federas","Est. tempo de leitura":"2 minutos"},"schema":{"@context":"https:\/\/schema.org","@graph":[{"@type":"Article","@id":"https:\/\/www.federassantas.org.br\/novosite\/medicos-do-hospital-ibiapaba-cebams-distribuem-mais-de-1000-mascaras-no-centro-de-barbacena\/#article","isPartOf":{"@id":"https:\/\/www.federassantas.org.br\/novosite\/medicos-do-hospital-ibiapaba-cebams-distribuem-mais-de-1000-mascaras-no-centro-de-barbacena\/"},"author":{"name":"admin-federas","@id":"https:\/\/www.federassantas.org.br\/novosite\/#\/schema\/person\/75fed98158349313fe56175f232f513c"},"headline":"M\u00e9dicos do Hospital Ibiapaba CEBAMS distribuem mais de 1000 m\u00e1scaras no centro de Barbacena","datePublished":"2020-05-04T18:03:20+00:00","mainEntityOfPage":{"@id":"https:\/\/www.federassantas.org.br\/novosite\/medicos-do-hospital-ibiapaba-cebams-distribuem-mais-de-1000-mascaras-no-centro-de-barbacena\/"},"wordCount":375,"commentCount":0,"publisher":{"@id":"https:\/\/www.federassantas.org.br\/novosite\/#organization"},"image":{"@id":"https:\/\/www.federassantas.org.br\/novosite\/medicos-do-hospital-ibiapaba-cebams-distribuem-mais-de-1000-mascaras-no-centro-de-barbacena\/#primaryimage"},"thumbnailUrl":"https:\/\/www.federassantas.org.br\/novosite\/wp-content\/uploads\/2020\/05\/Site_AcaoRua_300420.jpeg","articleSection":["Not\u00edcias","Not\u00edcias filiados"],"inLanguage":"pt-BR","potentialAction":[{"@type":"CommentAction","name":"Comment","target":["https:\/\/www.federassantas.org.br\/novosite\/medicos-do-hospital-ibiapaba-cebams-distribuem-mais-de-1000-mascaras-no-centro-de-barbacena\/#respond"]}]},{"@type":"WebPage","@id":"https:\/\/www.federassantas.org.br\/novosite\/medicos-do-hospital-ibiapaba-cebams-distribuem-mais-de-1000-mascaras-no-centro-de-barbacena\/","url":"https:\/\/www.federassantas.org.br\/novosite\/medicos-do-hospital-ibiapaba-cebams-distribuem-mais-de-1000-mascaras-no-centro-de-barbacena\/","name":"M\u00e9dicos do Hospital Ibiapaba CEBAMS distribuem mais de 1000 m\u00e1scaras no centro de Barbacena - Federassantas","isPartOf":{"@id":"https:\/\/www.federassantas.org.br\/novosite\/#website"},"primaryImageOfPage":{"@id":"https:\/\/www.federassantas.org.br\/novosite\/medicos-do-hospital-ibiapaba-cebams-distribuem-mais-de-1000-mascaras-no-centro-de-barbacena\/#primaryimage"},"image":{"@id":"https:\/\/www.federassantas.org.br\/novosite\/medicos-do-hospital-ibiapaba-cebams-distribuem-mais-de-1000-mascaras-no-centro-de-barbacena\/#primaryimage"},"thumbnailUrl":"https:\/\/www.federassantas.org.br\/novosite\/wp-content\/uploads\/2020\/05\/Site_AcaoRua_300420.jpeg","datePublished":"2020-05-04T18:03:20+00:00","breadcrumb":{"@id":"https:\/\/www.federassantas.org.br\/novosite\/medicos-do-hospital-ibiapaba-cebams-distribuem-mais-de-1000-mascaras-no-centro-de-barbacena\/#breadcrumb"},"inLanguage":"pt-BR","potentialAction":[{"@type":"ReadAction","target":["https:\/\/www.federassantas.org.br\/novosite\/medicos-do-hospital-ibiapaba-cebams-distribuem-mais-de-1000-mascaras-no-centro-de-barbacena\/"]}]},{"@type":"ImageObject","inLanguage":"pt-BR","@id":"https:\/\/www.federassantas.org.br\/novosite\/medicos-do-hospital-ibiapaba-cebams-distribuem-mais-de-1000-mascaras-no-centro-de-barbacena\/#primaryimage","url":"https:\/\/www.federassantas.org.br\/novosite\/wp-content\/uploads\/2020\/05\/Site_AcaoRua_300420.jpeg","contentUrl":"https:\/\/www.federassantas.org.br\/novosite\/wp-content\/uploads\/2020\/05\/Site_AcaoRua_300420.jpeg","width":1024,"height":498},{"@type":"BreadcrumbList","@id":"https:\/\/www.federassantas.org.br\/novosite\/medicos-do-hospital-ibiapaba-cebams-distribuem-mais-de-1000-mascaras-no-centro-de-barbacena\/#breadcrumb","itemListElement":[{"@type":"ListItem","position":1,"name":"In\u00edcio","item":"https:\/\/www.federassantas.org.br\/novosite\/"},{"@type":"ListItem","position":2,"name":"M\u00e9dicos do Hospital Ibiapaba CEBAMS distribuem mais de 1000 m\u00e1scaras no centro de Barbacena"}]},{"@type":"WebSite","@id":"https:\/\/www.federassantas.org.br\/novosite\/#website","url":"https:\/\/www.federassantas.org.br\/novosite\/","name":"Federassantas","description":"Fed. das Santas Casas e Hospitais Filantr\u00f3picos de MG","publisher":{"@id":"https:\/\/www.federassantas.org.br\/novosite\/#organization"},"potentialAction":[{"@type":"SearchAction","target":{"@type":"EntryPoint","urlTemplate":"https:\/\/www.federassantas.org.br\/novosite\/?s={search_term_string}"},"query-input":{"@type":"PropertyValueSpecification","valueRequired":true,"valueName":"search_term_string"}}],"inLanguage":"pt-BR"},{"@type":"Organization","@id":"https:\/\/www.federassantas.org.br\/novosite\/#organization","name":"Federassantas","url":"https:\/\/www.federassantas.org.br\/novosite\/","logo":{"@type":"ImageObject","inLanguage":"pt-BR","@id":"https:\/\/www.federassantas.org.br\/novosite\/#\/schema\/logo\/image\/","url":"https:\/\/www.federassantas.org.br\/novosite\/wp-content\/uploads\/2021\/12\/logo.png","contentUrl":"https:\/\/www.federassantas.org.br\/novosite\/wp-content\/uploads\/2021\/12\/logo.png","width":243,"height":59,"caption":"Federassantas"},"image":{"@id":"https:\/\/www.federassantas.org.br\/novosite\/#\/schema\/logo\/image\/"}},{"@type":"Person","@id":"https:\/\/www.federassantas.org.br\/novosite\/#\/schema\/person\/75fed98158349313fe56175f232f513c","name":"admin-federas","image":{"@type":"ImageObject","inLanguage":"pt-BR","@id":"https:\/\/www.federassantas.org.br\/novosite\/#\/schema\/person\/image\/","url":"https:\/\/secure.gravatar.com\/avatar\/2a02d7dda59fe8dc6b7ffd3f652e2efede5ccf0dd89dfdc8137c5517f3de8407?s=96&d=mm&r=g","contentUrl":"https:\/\/secure.gravatar.com\/avatar\/2a02d7dda59fe8dc6b7ffd3f652e2efede5ccf0dd89dfdc8137c5517f3de8407?s=96&d=mm&r=g","caption":"admin-federas"},"sameAs":["https:\/\/www.federassantas.org.br\/novosite\/"],"url":"https:\/\/www.federassantas.org.br\/novosite\/author\/admin-federas\/"}]}},"_links":{"self":[{"href":"https:\/\/www.federassantas.org.br\/novosite\/wp-json\/wp\/v2\/posts\/18497","targetHints":{"allow":["GET"]}}],"collection":[{"href":"https:\/\/www.federassantas.org.br\/novosite\/wp-json\/wp\/v2\/posts"}],"about":[{"href":"https:\/\/www.federassantas.org.br\/novosite\/wp-json\/wp\/v2\/types\/post"}],"author":[{"embeddable":true,"href":"https:\/\/www.federassantas.org.br\/novosite\/wp-json\/wp\/v2\/users\/1"}],"replies":[{"embeddable":true,"href":"https:\/\/www.federassantas.org.br\/novosite\/wp-json\/wp\/v2\/comments?post=18497"}],"version-history":[{"count":0,"href":"https:\/\/www.federassantas.org.br\/novosite\/wp-json\/wp\/v2\/posts\/18497\/revisions"}],"wp:featuredmedia":[{"embeddable":true,"href":"https:\/\/www.federassantas.org.br\/novosite\/wp-json\/wp\/v2\/media\/18498"}],"wp:attachment":[{"href":"https:\/\/www.federassantas.org.br\/novosite\/wp-json\/wp\/v2\/media?parent=18497"}],"wp:term":[{"taxonomy":"category","embeddable":true,"href":"https:\/\/www.federassantas.org.br\/novosite\/wp-json\/wp\/v2\/categories?post=18497"},{"taxonomy":"post_tag","embeddable":true,"href":"https:\/\/www.federassantas.org.br\/novosite\/wp-json\/wp\/v2\/tags?post=18497"}],"curies":[{"name":"wp","href":"https:\/\/api.w.org\/{rel}","templated":true}]}}