{"id":18509,"date":"2020-05-07T16:34:51","date_gmt":"2020-05-07T19:34:51","guid":{"rendered":"https:\/\/federasbackup.meltcomunicacao.com.br\/?p=18509"},"modified":"2020-05-07T16:34:51","modified_gmt":"2020-05-07T19:34:51","slug":"nota-de-esclarecimento-doacao-banco-safra","status":"publish","type":"post","link":"https:\/\/www.federassantas.org.br\/novosite\/nota-de-esclarecimento-doacao-banco-safra\/","title":{"rendered":"Nota de esclarecimento &#8211; Doa\u00e7\u00e3o Banco Safra"},"content":{"rendered":"<p>J\u00e1 h\u00e1 algum tempo a<strong> Federassantas<\/strong> tenta receber a doa\u00e7\u00e3o que solicitou ao<strong> Banco Safra<\/strong>. A institui\u00e7\u00e3o financeira chegou a anunciar, em 07 de abril, para a imprensa, que doaria \u00e0 Federassantas <strong>R$100.000,00<\/strong> destinados aos hospitais beneficentes. No entanto, uma das exig\u00eancias do banco para a libera\u00e7\u00e3o do recurso \u00e9 a necessidade de a institui\u00e7\u00e3o possuir o <strong>Certificado das entidades beneficentes de assist\u00eancia social (Cebas)<\/strong>, o qual a Federassantas n\u00e3o possui.<\/p>\n<p>V\u00e1rias alternativas foram avaliadas para viabilizar a libera\u00e7\u00e3o desse recurso por meio da Federassantas, mas sem sucesso. Dessa forma, caso a doa\u00e7\u00e3o seja mantida, a escolha da institui\u00e7\u00e3o ou institui\u00e7\u00f5es agraciadas ficar\u00e1 a crit\u00e9rio \u00fanico e exclusivamente do pr\u00f3prio Banco.<\/p>\n","protected":false},"excerpt":{"rendered":"<p>J\u00e1 h\u00e1 algum tempo a Federassantas tenta receber a doa\u00e7\u00e3o que solicitou ao Banco Safra. A institui\u00e7\u00e3o financeira chegou a anunciar, em 07 de abril, para a imprensa, que doaria \u00e0 Federassantas R$100.000,00 destinados aos hospitais beneficentes. No entanto, uma das exig\u00eancias do banco para a libera\u00e7\u00e3o do recurso \u00e9 a necessidade de a institui\u00e7\u00e3o [&hellip;]<\/p>\n","protected":false},"author":1,"featured_media":18510,"comment_status":"open","ping_status":"open","sticky":false,"template":"","format":"standard","meta":{"footnotes":""},"categories":[140,141],"tags":[],"class_list":["post-18509","post","type-post","status-publish","format-standard","has-post-thumbnail","hentry","category-noticias","category-noticias-federassantas"],"yoast_head":"<!-- This site is optimized with the Yoast SEO plugin v26.9 - https:\/\/yoast.com\/product\/yoast-seo-wordpress\/ -->\n<title>Nota de esclarecimento - Doa\u00e7\u00e3o Banco Safra - Federassantas<\/title>\n<meta name=\"robots\" content=\"index, follow, max-snippet:-1, max-image-preview:large, max-video-preview:-1\" \/>\n<link rel=\"canonical\" href=\"https:\/\/www.federassantas.org.br\/novosite\/nota-de-esclarecimento-doacao-banco-safra\/\" \/>\n<meta property=\"og:locale\" content=\"pt_BR\" \/>\n<meta property=\"og:type\" content=\"article\" \/>\n<meta property=\"og:title\" content=\"Nota de esclarecimento - Doa\u00e7\u00e3o Banco Safra - Federassantas\" \/>\n<meta property=\"og:description\" content=\"J\u00e1 h\u00e1 algum tempo a Federassantas tenta receber a doa\u00e7\u00e3o que solicitou ao Banco Safra. A institui\u00e7\u00e3o financeira chegou a anunciar, em 07 de abril, para a imprensa, que doaria \u00e0 Federassantas R$100.000,00 destinados aos hospitais beneficentes. No entanto, uma das exig\u00eancias do banco para a libera\u00e7\u00e3o do recurso \u00e9 a necessidade de a institui\u00e7\u00e3o [&hellip;]\" \/>\n<meta property=\"og:url\" content=\"https:\/\/www.federassantas.org.br\/novosite\/nota-de-esclarecimento-doacao-banco-safra\/\" \/>\n<meta property=\"og:site_name\" content=\"Federassantas\" \/>\n<meta property=\"article:published_time\" content=\"2020-05-07T19:34:51+00:00\" \/>\n<meta name=\"author\" content=\"admin-federas\" \/>\n<meta name=\"twitter:card\" content=\"summary_large_image\" \/>\n<meta name=\"twitter:label1\" content=\"Escrito por\" \/>\n\t<meta name=\"twitter:data1\" content=\"admin-federas\" \/>\n\t<meta name=\"twitter:label2\" content=\"Est. tempo de leitura\" \/>\n\t<meta name=\"twitter:data2\" content=\"1 minuto\" \/>\n<script type=\"application\/ld+json\" class=\"yoast-schema-graph\">{\"@context\":\"https:\/\/schema.org\",\"@graph\":[{\"@type\":\"Article\",\"@id\":\"https:\/\/www.federassantas.org.br\/novosite\/nota-de-esclarecimento-doacao-banco-safra\/#article\",\"isPartOf\":{\"@id\":\"https:\/\/www.federassantas.org.br\/novosite\/nota-de-esclarecimento-doacao-banco-safra\/\"},\"author\":{\"name\":\"admin-federas\",\"@id\":\"https:\/\/www.federassantas.org.br\/novosite\/#\/schema\/person\/75fed98158349313fe56175f232f513c\"},\"headline\":\"Nota de esclarecimento &#8211; Doa\u00e7\u00e3o Banco Safra\",\"datePublished\":\"2020-05-07T19:34:51+00:00\",\"mainEntityOfPage\":{\"@id\":\"https:\/\/www.federassantas.org.br\/novosite\/nota-de-esclarecimento-doacao-banco-safra\/\"},\"wordCount\":130,\"commentCount\":0,\"publisher\":{\"@id\":\"https:\/\/www.federassantas.org.br\/novosite\/#organization\"},\"image\":{\"@id\":\"https:\/\/www.federassantas.org.br\/novosite\/nota-de-esclarecimento-doacao-banco-safra\/#primaryimage\"},\"thumbnailUrl\":\"\",\"articleSection\":[\"Not\u00edcias\",\"Not\u00edcias Federassantas\"],\"inLanguage\":\"pt-BR\",\"potentialAction\":[{\"@type\":\"CommentAction\",\"name\":\"Comment\",\"target\":[\"https:\/\/www.federassantas.org.br\/novosite\/nota-de-esclarecimento-doacao-banco-safra\/#respond\"]}]},{\"@type\":\"WebPage\",\"@id\":\"https:\/\/www.federassantas.org.br\/novosite\/nota-de-esclarecimento-doacao-banco-safra\/\",\"url\":\"https:\/\/www.federassantas.org.br\/novosite\/nota-de-esclarecimento-doacao-banco-safra\/\",\"name\":\"Nota de esclarecimento - Doa\u00e7\u00e3o Banco Safra - Federassantas\",\"isPartOf\":{\"@id\":\"https:\/\/www.federassantas.org.br\/novosite\/#website\"},\"primaryImageOfPage\":{\"@id\":\"https:\/\/www.federassantas.org.br\/novosite\/nota-de-esclarecimento-doacao-banco-safra\/#primaryimage\"},\"image\":{\"@id\":\"https:\/\/www.federassantas.org.br\/novosite\/nota-de-esclarecimento-doacao-banco-safra\/#primaryimage\"},\"thumbnailUrl\":\"\",\"datePublished\":\"2020-05-07T19:34:51+00:00\",\"breadcrumb\":{\"@id\":\"https:\/\/www.federassantas.org.br\/novosite\/nota-de-esclarecimento-doacao-banco-safra\/#breadcrumb\"},\"inLanguage\":\"pt-BR\",\"potentialAction\":[{\"@type\":\"ReadAction\",\"target\":[\"https:\/\/www.federassantas.org.br\/novosite\/nota-de-esclarecimento-doacao-banco-safra\/\"]}]},{\"@type\":\"ImageObject\",\"inLanguage\":\"pt-BR\",\"@id\":\"https:\/\/www.federassantas.org.br\/novosite\/nota-de-esclarecimento-doacao-banco-safra\/#primaryimage\",\"url\":\"\",\"contentUrl\":\"\"},{\"@type\":\"BreadcrumbList\",\"@id\":\"https:\/\/www.federassantas.org.br\/novosite\/nota-de-esclarecimento-doacao-banco-safra\/#breadcrumb\",\"itemListElement\":[{\"@type\":\"ListItem\",\"position\":1,\"name\":\"In\u00edcio\",\"item\":\"https:\/\/www.federassantas.org.br\/novosite\/\"},{\"@type\":\"ListItem\",\"position\":2,\"name\":\"Nota de esclarecimento &#8211; Doa\u00e7\u00e3o Banco Safra\"}]},{\"@type\":\"WebSite\",\"@id\":\"https:\/\/www.federassantas.org.br\/novosite\/#website\",\"url\":\"https:\/\/www.federassantas.org.br\/novosite\/\",\"name\":\"Federassantas\",\"description\":\"Fed. das Santas Casas e Hospitais Filantr\u00f3picos de MG\",\"publisher\":{\"@id\":\"https:\/\/www.federassantas.org.br\/novosite\/#organization\"},\"potentialAction\":[{\"@type\":\"SearchAction\",\"target\":{\"@type\":\"EntryPoint\",\"urlTemplate\":\"https:\/\/www.federassantas.org.br\/novosite\/?s={search_term_string}\"},\"query-input\":{\"@type\":\"PropertyValueSpecification\",\"valueRequired\":true,\"valueName\":\"search_term_string\"}}],\"inLanguage\":\"pt-BR\"},{\"@type\":\"Organization\",\"@id\":\"https:\/\/www.federassantas.org.br\/novosite\/#organization\",\"name\":\"Federassantas\",\"url\":\"https:\/\/www.federassantas.org.br\/novosite\/\",\"logo\":{\"@type\":\"ImageObject\",\"inLanguage\":\"pt-BR\",\"@id\":\"https:\/\/www.federassantas.org.br\/novosite\/#\/schema\/logo\/image\/\",\"url\":\"https:\/\/www.federassantas.org.br\/novosite\/wp-content\/uploads\/2021\/12\/logo.png\",\"contentUrl\":\"https:\/\/www.federassantas.org.br\/novosite\/wp-content\/uploads\/2021\/12\/logo.png\",\"width\":243,\"height\":59,\"caption\":\"Federassantas\"},\"image\":{\"@id\":\"https:\/\/www.federassantas.org.br\/novosite\/#\/schema\/logo\/image\/\"}},{\"@type\":\"Person\",\"@id\":\"https:\/\/www.federassantas.org.br\/novosite\/#\/schema\/person\/75fed98158349313fe56175f232f513c\",\"name\":\"admin-federas\",\"image\":{\"@type\":\"ImageObject\",\"inLanguage\":\"pt-BR\",\"@id\":\"https:\/\/www.federassantas.org.br\/novosite\/#\/schema\/person\/image\/\",\"url\":\"https:\/\/secure.gravatar.com\/avatar\/2a02d7dda59fe8dc6b7ffd3f652e2efede5ccf0dd89dfdc8137c5517f3de8407?s=96&d=mm&r=g\",\"contentUrl\":\"https:\/\/secure.gravatar.com\/avatar\/2a02d7dda59fe8dc6b7ffd3f652e2efede5ccf0dd89dfdc8137c5517f3de8407?s=96&d=mm&r=g\",\"caption\":\"admin-federas\"},\"sameAs\":[\"https:\/\/www.federassantas.org.br\/novosite\/\"],\"url\":\"https:\/\/www.federassantas.org.br\/novosite\/author\/admin-federas\/\"}]}<\/script>\n<!-- \/ Yoast SEO plugin. -->","yoast_head_json":{"title":"Nota de esclarecimento - Doa\u00e7\u00e3o Banco Safra - Federassantas","robots":{"index":"index","follow":"follow","max-snippet":"max-snippet:-1","max-image-preview":"max-image-preview:large","max-video-preview":"max-video-preview:-1"},"canonical":"https:\/\/www.federassantas.org.br\/novosite\/nota-de-esclarecimento-doacao-banco-safra\/","og_locale":"pt_BR","og_type":"article","og_title":"Nota de esclarecimento - Doa\u00e7\u00e3o Banco Safra - Federassantas","og_description":"J\u00e1 h\u00e1 algum tempo a Federassantas tenta receber a doa\u00e7\u00e3o que solicitou ao Banco Safra. A institui\u00e7\u00e3o financeira chegou a anunciar, em 07 de abril, para a imprensa, que doaria \u00e0 Federassantas R$100.000,00 destinados aos hospitais beneficentes. No entanto, uma das exig\u00eancias do banco para a libera\u00e7\u00e3o do recurso \u00e9 a necessidade de a institui\u00e7\u00e3o [&hellip;]","og_url":"https:\/\/www.federassantas.org.br\/novosite\/nota-de-esclarecimento-doacao-banco-safra\/","og_site_name":"Federassantas","article_published_time":"2020-05-07T19:34:51+00:00","author":"admin-federas","twitter_card":"summary_large_image","twitter_misc":{"Escrito por":"admin-federas","Est. tempo de leitura":"1 minuto"},"schema":{"@context":"https:\/\/schema.org","@graph":[{"@type":"Article","@id":"https:\/\/www.federassantas.org.br\/novosite\/nota-de-esclarecimento-doacao-banco-safra\/#article","isPartOf":{"@id":"https:\/\/www.federassantas.org.br\/novosite\/nota-de-esclarecimento-doacao-banco-safra\/"},"author":{"name":"admin-federas","@id":"https:\/\/www.federassantas.org.br\/novosite\/#\/schema\/person\/75fed98158349313fe56175f232f513c"},"headline":"Nota de esclarecimento &#8211; Doa\u00e7\u00e3o Banco Safra","datePublished":"2020-05-07T19:34:51+00:00","mainEntityOfPage":{"@id":"https:\/\/www.federassantas.org.br\/novosite\/nota-de-esclarecimento-doacao-banco-safra\/"},"wordCount":130,"commentCount":0,"publisher":{"@id":"https:\/\/www.federassantas.org.br\/novosite\/#organization"},"image":{"@id":"https:\/\/www.federassantas.org.br\/novosite\/nota-de-esclarecimento-doacao-banco-safra\/#primaryimage"},"thumbnailUrl":"","articleSection":["Not\u00edcias","Not\u00edcias Federassantas"],"inLanguage":"pt-BR","potentialAction":[{"@type":"CommentAction","name":"Comment","target":["https:\/\/www.federassantas.org.br\/novosite\/nota-de-esclarecimento-doacao-banco-safra\/#respond"]}]},{"@type":"WebPage","@id":"https:\/\/www.federassantas.org.br\/novosite\/nota-de-esclarecimento-doacao-banco-safra\/","url":"https:\/\/www.federassantas.org.br\/novosite\/nota-de-esclarecimento-doacao-banco-safra\/","name":"Nota de esclarecimento - Doa\u00e7\u00e3o Banco Safra - Federassantas","isPartOf":{"@id":"https:\/\/www.federassantas.org.br\/novosite\/#website"},"primaryImageOfPage":{"@id":"https:\/\/www.federassantas.org.br\/novosite\/nota-de-esclarecimento-doacao-banco-safra\/#primaryimage"},"image":{"@id":"https:\/\/www.federassantas.org.br\/novosite\/nota-de-esclarecimento-doacao-banco-safra\/#primaryimage"},"thumbnailUrl":"","datePublished":"2020-05-07T19:34:51+00:00","breadcrumb":{"@id":"https:\/\/www.federassantas.org.br\/novosite\/nota-de-esclarecimento-doacao-banco-safra\/#breadcrumb"},"inLanguage":"pt-BR","potentialAction":[{"@type":"ReadAction","target":["https:\/\/www.federassantas.org.br\/novosite\/nota-de-esclarecimento-doacao-banco-safra\/"]}]},{"@type":"ImageObject","inLanguage":"pt-BR","@id":"https:\/\/www.federassantas.org.br\/novosite\/nota-de-esclarecimento-doacao-banco-safra\/#primaryimage","url":"","contentUrl":""},{"@type":"BreadcrumbList","@id":"https:\/\/www.federassantas.org.br\/novosite\/nota-de-esclarecimento-doacao-banco-safra\/#breadcrumb","itemListElement":[{"@type":"ListItem","position":1,"name":"In\u00edcio","item":"https:\/\/www.federassantas.org.br\/novosite\/"},{"@type":"ListItem","position":2,"name":"Nota de esclarecimento &#8211; Doa\u00e7\u00e3o Banco Safra"}]},{"@type":"WebSite","@id":"https:\/\/www.federassantas.org.br\/novosite\/#website","url":"https:\/\/www.federassantas.org.br\/novosite\/","name":"Federassantas","description":"Fed. das Santas Casas e Hospitais Filantr\u00f3picos de MG","publisher":{"@id":"https:\/\/www.federassantas.org.br\/novosite\/#organization"},"potentialAction":[{"@type":"SearchAction","target":{"@type":"EntryPoint","urlTemplate":"https:\/\/www.federassantas.org.br\/novosite\/?s={search_term_string}"},"query-input":{"@type":"PropertyValueSpecification","valueRequired":true,"valueName":"search_term_string"}}],"inLanguage":"pt-BR"},{"@type":"Organization","@id":"https:\/\/www.federassantas.org.br\/novosite\/#organization","name":"Federassantas","url":"https:\/\/www.federassantas.org.br\/novosite\/","logo":{"@type":"ImageObject","inLanguage":"pt-BR","@id":"https:\/\/www.federassantas.org.br\/novosite\/#\/schema\/logo\/image\/","url":"https:\/\/www.federassantas.org.br\/novosite\/wp-content\/uploads\/2021\/12\/logo.png","contentUrl":"https:\/\/www.federassantas.org.br\/novosite\/wp-content\/uploads\/2021\/12\/logo.png","width":243,"height":59,"caption":"Federassantas"},"image":{"@id":"https:\/\/www.federassantas.org.br\/novosite\/#\/schema\/logo\/image\/"}},{"@type":"Person","@id":"https:\/\/www.federassantas.org.br\/novosite\/#\/schema\/person\/75fed98158349313fe56175f232f513c","name":"admin-federas","image":{"@type":"ImageObject","inLanguage":"pt-BR","@id":"https:\/\/www.federassantas.org.br\/novosite\/#\/schema\/person\/image\/","url":"https:\/\/secure.gravatar.com\/avatar\/2a02d7dda59fe8dc6b7ffd3f652e2efede5ccf0dd89dfdc8137c5517f3de8407?s=96&d=mm&r=g","contentUrl":"https:\/\/secure.gravatar.com\/avatar\/2a02d7dda59fe8dc6b7ffd3f652e2efede5ccf0dd89dfdc8137c5517f3de8407?s=96&d=mm&r=g","caption":"admin-federas"},"sameAs":["https:\/\/www.federassantas.org.br\/novosite\/"],"url":"https:\/\/www.federassantas.org.br\/novosite\/author\/admin-federas\/"}]}},"_links":{"self":[{"href":"https:\/\/www.federassantas.org.br\/novosite\/wp-json\/wp\/v2\/posts\/18509","targetHints":{"allow":["GET"]}}],"collection":[{"href":"https:\/\/www.federassantas.org.br\/novosite\/wp-json\/wp\/v2\/posts"}],"about":[{"href":"https:\/\/www.federassantas.org.br\/novosite\/wp-json\/wp\/v2\/types\/post"}],"author":[{"embeddable":true,"href":"https:\/\/www.federassantas.org.br\/novosite\/wp-json\/wp\/v2\/users\/1"}],"replies":[{"embeddable":true,"href":"https:\/\/www.federassantas.org.br\/novosite\/wp-json\/wp\/v2\/comments?post=18509"}],"version-history":[{"count":0,"href":"https:\/\/www.federassantas.org.br\/novosite\/wp-json\/wp\/v2\/posts\/18509\/revisions"}],"wp:featuredmedia":[{"embeddable":true,"href":"https:\/\/www.federassantas.org.br\/novosite\/wp-json\/"}],"wp:attachment":[{"href":"https:\/\/www.federassantas.org.br\/novosite\/wp-json\/wp\/v2\/media?parent=18509"}],"wp:term":[{"taxonomy":"category","embeddable":true,"href":"https:\/\/www.federassantas.org.br\/novosite\/wp-json\/wp\/v2\/categories?post=18509"},{"taxonomy":"post_tag","embeddable":true,"href":"https:\/\/www.federassantas.org.br\/novosite\/wp-json\/wp\/v2\/tags?post=18509"}],"curies":[{"name":"wp","href":"https:\/\/api.w.org\/{rel}","templated":true}]}}