{"id":18512,"date":"2020-05-07T17:44:30","date_gmt":"2020-05-07T20:44:30","guid":{"rendered":"https:\/\/federasbackup.meltcomunicacao.com.br\/?p=18512"},"modified":"2020-05-07T17:44:30","modified_gmt":"2020-05-07T20:44:30","slug":"federassantas-alerta-para-a-importancia-dos-hospitais-filantropicos-registrarem-internacoes-por-covid-19-em-plataforma-do-sus","status":"publish","type":"post","link":"https:\/\/www.federassantas.org.br\/novosite\/federassantas-alerta-para-a-importancia-dos-hospitais-filantropicos-registrarem-internacoes-por-covid-19-em-plataforma-do-sus\/","title":{"rendered":"Federassantas alerta para a import\u00e2ncia dos Hospitais Filantr\u00f3picos registrarem interna\u00e7\u00f5es por COVID-19 em plataforma do SUS"},"content":{"rendered":"<p>Com a <strong>portaria N\u00ba 758, de 9 de abril de 2020<\/strong>, que define a obrigatoriedade do registro, di\u00e1rio, de interna\u00e7\u00f5es hospitalares dos casos suspeitos e confirmados de Covid-19, todos os estabelecimentos de sa\u00fade p\u00fablicos e privados, que prestam servi\u00e7os no SUS, devem informar, diariamente, todas as interna\u00e7\u00f5es hospitalares ou de observa\u00e7\u00e3o.<\/p>\n<p>Entende-se como interna\u00e7\u00e3o hospitalar o cuidado prestado ao paciente em local espec\u00edfico dos estabelecimentos de sa\u00fade, com perman\u00eancia que ultrapasse 24h corridas, incluindo estabelecimentos de sa\u00fade de caracter\u00edstica hospitalar ou outro estabelecimento que possua leitos de interna\u00e7\u00e3o ou observa\u00e7\u00e3o.<\/p>\n<p>O preenchimento deve ser feito nesse link: <a href=\"https:\/\/notifica.saude.gov.br\/\">https:\/\/notifica.saude.gov.br\/ <\/a><\/p>\n<p>A Federassantas solicita que seus filiados cumpram o preenchimento j\u00e1 que essas informa\u00e7\u00f5es s\u00e3o fundamentais para ado\u00e7\u00e3o de pol\u00edticas p\u00fablicas que podem garantir melhor forma de controle e combate ao COVID-19 e poss\u00edveis investimentos necess\u00e1rios para a infraestrutura das institui\u00e7\u00f5es, que est\u00e3o recebendo esses pacientes.<\/p>\n","protected":false},"excerpt":{"rendered":"<p>Com a portaria N\u00ba 758, de 9 de abril de 2020, que define a obrigatoriedade do registro, di\u00e1rio, de interna\u00e7\u00f5es hospitalares dos casos suspeitos e confirmados de Covid-19, todos os estabelecimentos de sa\u00fade p\u00fablicos e privados, que prestam servi\u00e7os no SUS, devem informar, diariamente, todas as interna\u00e7\u00f5es hospitalares ou de observa\u00e7\u00e3o. Entende-se como interna\u00e7\u00e3o hospitalar [&hellip;]<\/p>\n","protected":false},"author":1,"featured_media":18513,"comment_status":"open","ping_status":"open","sticky":false,"template":"","format":"standard","meta":{"footnotes":""},"categories":[140,141],"tags":[],"class_list":["post-18512","post","type-post","status-publish","format-standard","has-post-thumbnail","hentry","category-noticias","category-noticias-federassantas"],"yoast_head":"<!-- This site is optimized with the Yoast SEO plugin v26.9 - https:\/\/yoast.com\/product\/yoast-seo-wordpress\/ -->\n<title>Federassantas alerta para a import\u00e2ncia dos Hospitais Filantr\u00f3picos registrarem interna\u00e7\u00f5es por COVID-19 em plataforma do SUS - Federassantas<\/title>\n<meta name=\"robots\" content=\"index, follow, max-snippet:-1, max-image-preview:large, max-video-preview:-1\" \/>\n<link rel=\"canonical\" href=\"https:\/\/www.federassantas.org.br\/novosite\/federassantas-alerta-para-a-importancia-dos-hospitais-filantropicos-registrarem-internacoes-por-covid-19-em-plataforma-do-sus\/\" \/>\n<meta property=\"og:locale\" content=\"pt_BR\" \/>\n<meta property=\"og:type\" content=\"article\" \/>\n<meta property=\"og:title\" content=\"Federassantas alerta para a import\u00e2ncia dos Hospitais Filantr\u00f3picos registrarem interna\u00e7\u00f5es por COVID-19 em plataforma do SUS - Federassantas\" \/>\n<meta property=\"og:description\" content=\"Com a portaria N\u00ba 758, de 9 de abril de 2020, que define a obrigatoriedade do registro, di\u00e1rio, de interna\u00e7\u00f5es hospitalares dos casos suspeitos e confirmados de Covid-19, todos os estabelecimentos de sa\u00fade p\u00fablicos e privados, que prestam servi\u00e7os no SUS, devem informar, diariamente, todas as interna\u00e7\u00f5es hospitalares ou de observa\u00e7\u00e3o. Entende-se como interna\u00e7\u00e3o hospitalar [&hellip;]\" \/>\n<meta property=\"og:url\" content=\"https:\/\/www.federassantas.org.br\/novosite\/federassantas-alerta-para-a-importancia-dos-hospitais-filantropicos-registrarem-internacoes-por-covid-19-em-plataforma-do-sus\/\" \/>\n<meta property=\"og:site_name\" content=\"Federassantas\" \/>\n<meta property=\"article:published_time\" content=\"2020-05-07T20:44:30+00:00\" \/>\n<meta name=\"author\" content=\"admin-federas\" \/>\n<meta name=\"twitter:card\" content=\"summary_large_image\" \/>\n<meta name=\"twitter:label1\" content=\"Escrito por\" \/>\n\t<meta name=\"twitter:data1\" content=\"admin-federas\" \/>\n\t<meta name=\"twitter:label2\" content=\"Est. tempo de leitura\" \/>\n\t<meta name=\"twitter:data2\" content=\"1 minuto\" \/>\n<script type=\"application\/ld+json\" class=\"yoast-schema-graph\">{\"@context\":\"https:\/\/schema.org\",\"@graph\":[{\"@type\":\"Article\",\"@id\":\"https:\/\/www.federassantas.org.br\/novosite\/federassantas-alerta-para-a-importancia-dos-hospitais-filantropicos-registrarem-internacoes-por-covid-19-em-plataforma-do-sus\/#article\",\"isPartOf\":{\"@id\":\"https:\/\/www.federassantas.org.br\/novosite\/federassantas-alerta-para-a-importancia-dos-hospitais-filantropicos-registrarem-internacoes-por-covid-19-em-plataforma-do-sus\/\"},\"author\":{\"name\":\"admin-federas\",\"@id\":\"https:\/\/www.federassantas.org.br\/novosite\/#\/schema\/person\/75fed98158349313fe56175f232f513c\"},\"headline\":\"Federassantas alerta para a import\u00e2ncia dos Hospitais Filantr\u00f3picos registrarem interna\u00e7\u00f5es por COVID-19 em plataforma do SUS\",\"datePublished\":\"2020-05-07T20:44:30+00:00\",\"mainEntityOfPage\":{\"@id\":\"https:\/\/www.federassantas.org.br\/novosite\/federassantas-alerta-para-a-importancia-dos-hospitais-filantropicos-registrarem-internacoes-por-covid-19-em-plataforma-do-sus\/\"},\"wordCount\":187,\"commentCount\":0,\"publisher\":{\"@id\":\"https:\/\/www.federassantas.org.br\/novosite\/#organization\"},\"image\":{\"@id\":\"https:\/\/www.federassantas.org.br\/novosite\/federassantas-alerta-para-a-importancia-dos-hospitais-filantropicos-registrarem-internacoes-por-covid-19-em-plataforma-do-sus\/#primaryimage\"},\"thumbnailUrl\":\"\",\"articleSection\":[\"Not\u00edcias\",\"Not\u00edcias Federassantas\"],\"inLanguage\":\"pt-BR\",\"potentialAction\":[{\"@type\":\"CommentAction\",\"name\":\"Comment\",\"target\":[\"https:\/\/www.federassantas.org.br\/novosite\/federassantas-alerta-para-a-importancia-dos-hospitais-filantropicos-registrarem-internacoes-por-covid-19-em-plataforma-do-sus\/#respond\"]}]},{\"@type\":\"WebPage\",\"@id\":\"https:\/\/www.federassantas.org.br\/novosite\/federassantas-alerta-para-a-importancia-dos-hospitais-filantropicos-registrarem-internacoes-por-covid-19-em-plataforma-do-sus\/\",\"url\":\"https:\/\/www.federassantas.org.br\/novosite\/federassantas-alerta-para-a-importancia-dos-hospitais-filantropicos-registrarem-internacoes-por-covid-19-em-plataforma-do-sus\/\",\"name\":\"Federassantas alerta para a import\u00e2ncia dos Hospitais Filantr\u00f3picos registrarem interna\u00e7\u00f5es por COVID-19 em plataforma do SUS - Federassantas\",\"isPartOf\":{\"@id\":\"https:\/\/www.federassantas.org.br\/novosite\/#website\"},\"primaryImageOfPage\":{\"@id\":\"https:\/\/www.federassantas.org.br\/novosite\/federassantas-alerta-para-a-importancia-dos-hospitais-filantropicos-registrarem-internacoes-por-covid-19-em-plataforma-do-sus\/#primaryimage\"},\"image\":{\"@id\":\"https:\/\/www.federassantas.org.br\/novosite\/federassantas-alerta-para-a-importancia-dos-hospitais-filantropicos-registrarem-internacoes-por-covid-19-em-plataforma-do-sus\/#primaryimage\"},\"thumbnailUrl\":\"\",\"datePublished\":\"2020-05-07T20:44:30+00:00\",\"breadcrumb\":{\"@id\":\"https:\/\/www.federassantas.org.br\/novosite\/federassantas-alerta-para-a-importancia-dos-hospitais-filantropicos-registrarem-internacoes-por-covid-19-em-plataforma-do-sus\/#breadcrumb\"},\"inLanguage\":\"pt-BR\",\"potentialAction\":[{\"@type\":\"ReadAction\",\"target\":[\"https:\/\/www.federassantas.org.br\/novosite\/federassantas-alerta-para-a-importancia-dos-hospitais-filantropicos-registrarem-internacoes-por-covid-19-em-plataforma-do-sus\/\"]}]},{\"@type\":\"ImageObject\",\"inLanguage\":\"pt-BR\",\"@id\":\"https:\/\/www.federassantas.org.br\/novosite\/federassantas-alerta-para-a-importancia-dos-hospitais-filantropicos-registrarem-internacoes-por-covid-19-em-plataforma-do-sus\/#primaryimage\",\"url\":\"\",\"contentUrl\":\"\"},{\"@type\":\"BreadcrumbList\",\"@id\":\"https:\/\/www.federassantas.org.br\/novosite\/federassantas-alerta-para-a-importancia-dos-hospitais-filantropicos-registrarem-internacoes-por-covid-19-em-plataforma-do-sus\/#breadcrumb\",\"itemListElement\":[{\"@type\":\"ListItem\",\"position\":1,\"name\":\"In\u00edcio\",\"item\":\"https:\/\/www.federassantas.org.br\/novosite\/\"},{\"@type\":\"ListItem\",\"position\":2,\"name\":\"Federassantas alerta para a import\u00e2ncia dos Hospitais Filantr\u00f3picos registrarem interna\u00e7\u00f5es por COVID-19 em plataforma do SUS\"}]},{\"@type\":\"WebSite\",\"@id\":\"https:\/\/www.federassantas.org.br\/novosite\/#website\",\"url\":\"https:\/\/www.federassantas.org.br\/novosite\/\",\"name\":\"Federassantas\",\"description\":\"Fed. das Santas Casas e Hospitais Filantr\u00f3picos de MG\",\"publisher\":{\"@id\":\"https:\/\/www.federassantas.org.br\/novosite\/#organization\"},\"potentialAction\":[{\"@type\":\"SearchAction\",\"target\":{\"@type\":\"EntryPoint\",\"urlTemplate\":\"https:\/\/www.federassantas.org.br\/novosite\/?s={search_term_string}\"},\"query-input\":{\"@type\":\"PropertyValueSpecification\",\"valueRequired\":true,\"valueName\":\"search_term_string\"}}],\"inLanguage\":\"pt-BR\"},{\"@type\":\"Organization\",\"@id\":\"https:\/\/www.federassantas.org.br\/novosite\/#organization\",\"name\":\"Federassantas\",\"url\":\"https:\/\/www.federassantas.org.br\/novosite\/\",\"logo\":{\"@type\":\"ImageObject\",\"inLanguage\":\"pt-BR\",\"@id\":\"https:\/\/www.federassantas.org.br\/novosite\/#\/schema\/logo\/image\/\",\"url\":\"https:\/\/www.federassantas.org.br\/novosite\/wp-content\/uploads\/2021\/12\/logo.png\",\"contentUrl\":\"https:\/\/www.federassantas.org.br\/novosite\/wp-content\/uploads\/2021\/12\/logo.png\",\"width\":243,\"height\":59,\"caption\":\"Federassantas\"},\"image\":{\"@id\":\"https:\/\/www.federassantas.org.br\/novosite\/#\/schema\/logo\/image\/\"}},{\"@type\":\"Person\",\"@id\":\"https:\/\/www.federassantas.org.br\/novosite\/#\/schema\/person\/75fed98158349313fe56175f232f513c\",\"name\":\"admin-federas\",\"image\":{\"@type\":\"ImageObject\",\"inLanguage\":\"pt-BR\",\"@id\":\"https:\/\/www.federassantas.org.br\/novosite\/#\/schema\/person\/image\/\",\"url\":\"https:\/\/secure.gravatar.com\/avatar\/2a02d7dda59fe8dc6b7ffd3f652e2efede5ccf0dd89dfdc8137c5517f3de8407?s=96&d=mm&r=g\",\"contentUrl\":\"https:\/\/secure.gravatar.com\/avatar\/2a02d7dda59fe8dc6b7ffd3f652e2efede5ccf0dd89dfdc8137c5517f3de8407?s=96&d=mm&r=g\",\"caption\":\"admin-federas\"},\"sameAs\":[\"https:\/\/www.federassantas.org.br\/novosite\/\"],\"url\":\"https:\/\/www.federassantas.org.br\/novosite\/author\/admin-federas\/\"}]}<\/script>\n<!-- \/ Yoast SEO plugin. -->","yoast_head_json":{"title":"Federassantas alerta para a import\u00e2ncia dos Hospitais Filantr\u00f3picos registrarem interna\u00e7\u00f5es por COVID-19 em plataforma do SUS - Federassantas","robots":{"index":"index","follow":"follow","max-snippet":"max-snippet:-1","max-image-preview":"max-image-preview:large","max-video-preview":"max-video-preview:-1"},"canonical":"https:\/\/www.federassantas.org.br\/novosite\/federassantas-alerta-para-a-importancia-dos-hospitais-filantropicos-registrarem-internacoes-por-covid-19-em-plataforma-do-sus\/","og_locale":"pt_BR","og_type":"article","og_title":"Federassantas alerta para a import\u00e2ncia dos Hospitais Filantr\u00f3picos registrarem interna\u00e7\u00f5es por COVID-19 em plataforma do SUS - Federassantas","og_description":"Com a portaria N\u00ba 758, de 9 de abril de 2020, que define a obrigatoriedade do registro, di\u00e1rio, de interna\u00e7\u00f5es hospitalares dos casos suspeitos e confirmados de Covid-19, todos os estabelecimentos de sa\u00fade p\u00fablicos e privados, que prestam servi\u00e7os no SUS, devem informar, diariamente, todas as interna\u00e7\u00f5es hospitalares ou de observa\u00e7\u00e3o. Entende-se como interna\u00e7\u00e3o hospitalar [&hellip;]","og_url":"https:\/\/www.federassantas.org.br\/novosite\/federassantas-alerta-para-a-importancia-dos-hospitais-filantropicos-registrarem-internacoes-por-covid-19-em-plataforma-do-sus\/","og_site_name":"Federassantas","article_published_time":"2020-05-07T20:44:30+00:00","author":"admin-federas","twitter_card":"summary_large_image","twitter_misc":{"Escrito por":"admin-federas","Est. tempo de leitura":"1 minuto"},"schema":{"@context":"https:\/\/schema.org","@graph":[{"@type":"Article","@id":"https:\/\/www.federassantas.org.br\/novosite\/federassantas-alerta-para-a-importancia-dos-hospitais-filantropicos-registrarem-internacoes-por-covid-19-em-plataforma-do-sus\/#article","isPartOf":{"@id":"https:\/\/www.federassantas.org.br\/novosite\/federassantas-alerta-para-a-importancia-dos-hospitais-filantropicos-registrarem-internacoes-por-covid-19-em-plataforma-do-sus\/"},"author":{"name":"admin-federas","@id":"https:\/\/www.federassantas.org.br\/novosite\/#\/schema\/person\/75fed98158349313fe56175f232f513c"},"headline":"Federassantas alerta para a import\u00e2ncia dos Hospitais Filantr\u00f3picos registrarem interna\u00e7\u00f5es por COVID-19 em plataforma do SUS","datePublished":"2020-05-07T20:44:30+00:00","mainEntityOfPage":{"@id":"https:\/\/www.federassantas.org.br\/novosite\/federassantas-alerta-para-a-importancia-dos-hospitais-filantropicos-registrarem-internacoes-por-covid-19-em-plataforma-do-sus\/"},"wordCount":187,"commentCount":0,"publisher":{"@id":"https:\/\/www.federassantas.org.br\/novosite\/#organization"},"image":{"@id":"https:\/\/www.federassantas.org.br\/novosite\/federassantas-alerta-para-a-importancia-dos-hospitais-filantropicos-registrarem-internacoes-por-covid-19-em-plataforma-do-sus\/#primaryimage"},"thumbnailUrl":"","articleSection":["Not\u00edcias","Not\u00edcias Federassantas"],"inLanguage":"pt-BR","potentialAction":[{"@type":"CommentAction","name":"Comment","target":["https:\/\/www.federassantas.org.br\/novosite\/federassantas-alerta-para-a-importancia-dos-hospitais-filantropicos-registrarem-internacoes-por-covid-19-em-plataforma-do-sus\/#respond"]}]},{"@type":"WebPage","@id":"https:\/\/www.federassantas.org.br\/novosite\/federassantas-alerta-para-a-importancia-dos-hospitais-filantropicos-registrarem-internacoes-por-covid-19-em-plataforma-do-sus\/","url":"https:\/\/www.federassantas.org.br\/novosite\/federassantas-alerta-para-a-importancia-dos-hospitais-filantropicos-registrarem-internacoes-por-covid-19-em-plataforma-do-sus\/","name":"Federassantas alerta para a import\u00e2ncia dos Hospitais Filantr\u00f3picos registrarem interna\u00e7\u00f5es por COVID-19 em plataforma do SUS - Federassantas","isPartOf":{"@id":"https:\/\/www.federassantas.org.br\/novosite\/#website"},"primaryImageOfPage":{"@id":"https:\/\/www.federassantas.org.br\/novosite\/federassantas-alerta-para-a-importancia-dos-hospitais-filantropicos-registrarem-internacoes-por-covid-19-em-plataforma-do-sus\/#primaryimage"},"image":{"@id":"https:\/\/www.federassantas.org.br\/novosite\/federassantas-alerta-para-a-importancia-dos-hospitais-filantropicos-registrarem-internacoes-por-covid-19-em-plataforma-do-sus\/#primaryimage"},"thumbnailUrl":"","datePublished":"2020-05-07T20:44:30+00:00","breadcrumb":{"@id":"https:\/\/www.federassantas.org.br\/novosite\/federassantas-alerta-para-a-importancia-dos-hospitais-filantropicos-registrarem-internacoes-por-covid-19-em-plataforma-do-sus\/#breadcrumb"},"inLanguage":"pt-BR","potentialAction":[{"@type":"ReadAction","target":["https:\/\/www.federassantas.org.br\/novosite\/federassantas-alerta-para-a-importancia-dos-hospitais-filantropicos-registrarem-internacoes-por-covid-19-em-plataforma-do-sus\/"]}]},{"@type":"ImageObject","inLanguage":"pt-BR","@id":"https:\/\/www.federassantas.org.br\/novosite\/federassantas-alerta-para-a-importancia-dos-hospitais-filantropicos-registrarem-internacoes-por-covid-19-em-plataforma-do-sus\/#primaryimage","url":"","contentUrl":""},{"@type":"BreadcrumbList","@id":"https:\/\/www.federassantas.org.br\/novosite\/federassantas-alerta-para-a-importancia-dos-hospitais-filantropicos-registrarem-internacoes-por-covid-19-em-plataforma-do-sus\/#breadcrumb","itemListElement":[{"@type":"ListItem","position":1,"name":"In\u00edcio","item":"https:\/\/www.federassantas.org.br\/novosite\/"},{"@type":"ListItem","position":2,"name":"Federassantas alerta para a import\u00e2ncia dos Hospitais Filantr\u00f3picos registrarem interna\u00e7\u00f5es por COVID-19 em plataforma do SUS"}]},{"@type":"WebSite","@id":"https:\/\/www.federassantas.org.br\/novosite\/#website","url":"https:\/\/www.federassantas.org.br\/novosite\/","name":"Federassantas","description":"Fed. das Santas Casas e Hospitais Filantr\u00f3picos de MG","publisher":{"@id":"https:\/\/www.federassantas.org.br\/novosite\/#organization"},"potentialAction":[{"@type":"SearchAction","target":{"@type":"EntryPoint","urlTemplate":"https:\/\/www.federassantas.org.br\/novosite\/?s={search_term_string}"},"query-input":{"@type":"PropertyValueSpecification","valueRequired":true,"valueName":"search_term_string"}}],"inLanguage":"pt-BR"},{"@type":"Organization","@id":"https:\/\/www.federassantas.org.br\/novosite\/#organization","name":"Federassantas","url":"https:\/\/www.federassantas.org.br\/novosite\/","logo":{"@type":"ImageObject","inLanguage":"pt-BR","@id":"https:\/\/www.federassantas.org.br\/novosite\/#\/schema\/logo\/image\/","url":"https:\/\/www.federassantas.org.br\/novosite\/wp-content\/uploads\/2021\/12\/logo.png","contentUrl":"https:\/\/www.federassantas.org.br\/novosite\/wp-content\/uploads\/2021\/12\/logo.png","width":243,"height":59,"caption":"Federassantas"},"image":{"@id":"https:\/\/www.federassantas.org.br\/novosite\/#\/schema\/logo\/image\/"}},{"@type":"Person","@id":"https:\/\/www.federassantas.org.br\/novosite\/#\/schema\/person\/75fed98158349313fe56175f232f513c","name":"admin-federas","image":{"@type":"ImageObject","inLanguage":"pt-BR","@id":"https:\/\/www.federassantas.org.br\/novosite\/#\/schema\/person\/image\/","url":"https:\/\/secure.gravatar.com\/avatar\/2a02d7dda59fe8dc6b7ffd3f652e2efede5ccf0dd89dfdc8137c5517f3de8407?s=96&d=mm&r=g","contentUrl":"https:\/\/secure.gravatar.com\/avatar\/2a02d7dda59fe8dc6b7ffd3f652e2efede5ccf0dd89dfdc8137c5517f3de8407?s=96&d=mm&r=g","caption":"admin-federas"},"sameAs":["https:\/\/www.federassantas.org.br\/novosite\/"],"url":"https:\/\/www.federassantas.org.br\/novosite\/author\/admin-federas\/"}]}},"_links":{"self":[{"href":"https:\/\/www.federassantas.org.br\/novosite\/wp-json\/wp\/v2\/posts\/18512","targetHints":{"allow":["GET"]}}],"collection":[{"href":"https:\/\/www.federassantas.org.br\/novosite\/wp-json\/wp\/v2\/posts"}],"about":[{"href":"https:\/\/www.federassantas.org.br\/novosite\/wp-json\/wp\/v2\/types\/post"}],"author":[{"embeddable":true,"href":"https:\/\/www.federassantas.org.br\/novosite\/wp-json\/wp\/v2\/users\/1"}],"replies":[{"embeddable":true,"href":"https:\/\/www.federassantas.org.br\/novosite\/wp-json\/wp\/v2\/comments?post=18512"}],"version-history":[{"count":0,"href":"https:\/\/www.federassantas.org.br\/novosite\/wp-json\/wp\/v2\/posts\/18512\/revisions"}],"wp:featuredmedia":[{"embeddable":true,"href":"https:\/\/www.federassantas.org.br\/novosite\/wp-json\/"}],"wp:attachment":[{"href":"https:\/\/www.federassantas.org.br\/novosite\/wp-json\/wp\/v2\/media?parent=18512"}],"wp:term":[{"taxonomy":"category","embeddable":true,"href":"https:\/\/www.federassantas.org.br\/novosite\/wp-json\/wp\/v2\/categories?post=18512"},{"taxonomy":"post_tag","embeddable":true,"href":"https:\/\/www.federassantas.org.br\/novosite\/wp-json\/wp\/v2\/tags?post=18512"}],"curies":[{"name":"wp","href":"https:\/\/api.w.org\/{rel}","templated":true}]}}