{"id":18528,"date":"2020-05-12T12:45:20","date_gmt":"2020-05-12T15:45:20","guid":{"rendered":"https:\/\/federasbackup.meltcomunicacao.com.br\/?p=18528"},"modified":"2020-05-12T12:45:20","modified_gmt":"2020-05-12T15:45:20","slug":"por-que-a-realidade-do-coronavirus-em-minas-esta-mascarada","status":"publish","type":"post","link":"https:\/\/www.federassantas.org.br\/novosite\/por-que-a-realidade-do-coronavirus-em-minas-esta-mascarada\/","title":{"rendered":"Por que a realidade do coronav\u00edrus em Minas est\u00e1 mascarada"},"content":{"rendered":"<p class=\"txt-gray mb-0 center-wall\" style=\"text-align: justify;\"><em>Volume de resultados pendentes de confirma\u00e7\u00e3o de coronav\u00edrus no estado \u00e9 um dos maiores do pa\u00eds, apontando defasagem nos registros de contamina\u00e7\u00e3o e mortes<\/em><\/p>\n<p style=\"text-align: justify;\">Os baixos \u00edndices de doentes e mortos pela COVID-19 em Minas Gerais s\u00e3o defasados pelo grande volume de diagn\u00f3sticos pendentes. Por meio da compila\u00e7\u00e3o de bases de dados oficiais, a reportagem do Estado de Minas identificou que o volume de resultados \u201ca confirmar\u201d em Minas \u00e9 dos maiores do Brasil, fato endossado por especialistas e que engrossa a subnotifica\u00e7\u00e3o de registros de contamina\u00e7\u00e3o e morte pelo novo coronav\u00edrus (Sars-Cov-2), bem como os descartados. Pelas informa\u00e7\u00f5es transmitidas pela Secretaria de Estado de Sa\u00fade (SES-MG) ao Minist\u00e9rio da Sa\u00fade (MS), Minas seria o quarto estado com menos mortes proporcionais \u00e0 popula\u00e7\u00e3o e um dos que menos doentes apresenta. Mas, quando esse n\u00famero \u00e9 confrontado pelo ritmo de diagn\u00f3sticos de casos pendentes, a confian\u00e7a estat\u00edstica e o desempenho estadual despencam.<\/p>\n<p style=\"text-align: justify;\">Um dos mais importantes quadros de interna\u00e7\u00e3o provocada pela COVID-19 \u00e9 o da s\u00edndrome respirat\u00f3ria aguda grave (SRAG), quando h\u00e1 comprometimento da respira\u00e7\u00e3o. Mas s\u00f3 com exames \u00e9 poss\u00edvel comprovar que a causa da s\u00edndrome seja o novo coronav\u00edrus. Quando se observa o n\u00famero de mortes por SRAG fornecido pelo MS, Minas Gerais tem a 18\u00aa pior taxa de confirma\u00e7\u00e3o para COVID-19, com 29% de exames pendentes no \u00faltimo levantamento do MS, de 4 de maio. Ou seja, 1\/3 (65) dos quadros de mortos pela SRAG (225) est\u00e1 sem diagn\u00f3stico e pode ter sido causado pela COVID-19. Esse \u00edndice \u00e9 o dobro do Distrito Federal (12,5%), pior do que estados com maior n\u00famero de casos comprovados, como S\u00e3o Paulo (17,9%) ou Amazonas (8,4%), e semelhante ao do Rio de Janeiro (28,6%).<\/p>\n<p>Veja reportagem completa em\u00a0<a href=\"https:\/\/www.em.com.br\/app\/noticia\/gerais\/2020\/05\/10\/interna_gerais,1145961\/por-que-a-realidade-do-coronavirus-em-minas-esta-mascarada.shtml\">https:\/\/www.em.com.br\/app\/noticia\/gerais\/2020\/05\/10\/interna_gerais,1145961\/por-que-a-realidade-do-coronavirus-em-minas-esta-mascarada.shtml<\/a><\/p>\n","protected":false},"excerpt":{"rendered":"<p>Volume de resultados pendentes de confirma\u00e7\u00e3o de coronav\u00edrus no estado \u00e9 um dos maiores do pa\u00eds, apontando defasagem nos registros de contamina\u00e7\u00e3o e mortes Os baixos \u00edndices de doentes e mortos pela COVID-19 em Minas Gerais s\u00e3o defasados pelo grande volume de diagn\u00f3sticos pendentes. Por meio da compila\u00e7\u00e3o de bases de dados oficiais, a reportagem [&hellip;]<\/p>\n","protected":false},"author":1,"featured_media":18529,"comment_status":"open","ping_status":"open","sticky":false,"template":"","format":"standard","meta":{"footnotes":""},"categories":[140],"tags":[],"class_list":["post-18528","post","type-post","status-publish","format-standard","has-post-thumbnail","hentry","category-noticias"],"yoast_head":"<!-- This site is optimized with the Yoast SEO plugin v26.9 - https:\/\/yoast.com\/product\/yoast-seo-wordpress\/ -->\n<title>Por que a realidade do coronav\u00edrus em Minas est\u00e1 mascarada - Federassantas<\/title>\n<meta name=\"robots\" content=\"index, follow, max-snippet:-1, max-image-preview:large, max-video-preview:-1\" \/>\n<link rel=\"canonical\" href=\"https:\/\/www.federassantas.org.br\/novosite\/por-que-a-realidade-do-coronavirus-em-minas-esta-mascarada\/\" \/>\n<meta property=\"og:locale\" content=\"pt_BR\" \/>\n<meta property=\"og:type\" content=\"article\" \/>\n<meta property=\"og:title\" content=\"Por que a realidade do coronav\u00edrus em Minas est\u00e1 mascarada - Federassantas\" \/>\n<meta property=\"og:description\" content=\"Volume de resultados pendentes de confirma\u00e7\u00e3o de coronav\u00edrus no estado \u00e9 um dos maiores do pa\u00eds, apontando defasagem nos registros de contamina\u00e7\u00e3o e mortes Os baixos \u00edndices de doentes e mortos pela COVID-19 em Minas Gerais s\u00e3o defasados pelo grande volume de diagn\u00f3sticos pendentes. Por meio da compila\u00e7\u00e3o de bases de dados oficiais, a reportagem [&hellip;]\" \/>\n<meta property=\"og:url\" content=\"https:\/\/www.federassantas.org.br\/novosite\/por-que-a-realidade-do-coronavirus-em-minas-esta-mascarada\/\" \/>\n<meta property=\"og:site_name\" content=\"Federassantas\" \/>\n<meta property=\"article:published_time\" content=\"2020-05-12T15:45:20+00:00\" \/>\n<meta name=\"author\" content=\"admin-federas\" \/>\n<meta name=\"twitter:card\" content=\"summary_large_image\" \/>\n<meta name=\"twitter:label1\" content=\"Escrito por\" \/>\n\t<meta name=\"twitter:data1\" content=\"admin-federas\" \/>\n\t<meta name=\"twitter:label2\" content=\"Est. tempo de leitura\" \/>\n\t<meta name=\"twitter:data2\" content=\"2 minutos\" \/>\n<script type=\"application\/ld+json\" class=\"yoast-schema-graph\">{\"@context\":\"https:\/\/schema.org\",\"@graph\":[{\"@type\":\"Article\",\"@id\":\"https:\/\/www.federassantas.org.br\/novosite\/por-que-a-realidade-do-coronavirus-em-minas-esta-mascarada\/#article\",\"isPartOf\":{\"@id\":\"https:\/\/www.federassantas.org.br\/novosite\/por-que-a-realidade-do-coronavirus-em-minas-esta-mascarada\/\"},\"author\":{\"name\":\"admin-federas\",\"@id\":\"https:\/\/www.federassantas.org.br\/novosite\/#\/schema\/person\/75fed98158349313fe56175f232f513c\"},\"headline\":\"Por que a realidade do coronav\u00edrus em Minas est\u00e1 mascarada\",\"datePublished\":\"2020-05-12T15:45:20+00:00\",\"mainEntityOfPage\":{\"@id\":\"https:\/\/www.federassantas.org.br\/novosite\/por-que-a-realidade-do-coronavirus-em-minas-esta-mascarada\/\"},\"wordCount\":323,\"commentCount\":0,\"publisher\":{\"@id\":\"https:\/\/www.federassantas.org.br\/novosite\/#organization\"},\"image\":{\"@id\":\"https:\/\/www.federassantas.org.br\/novosite\/por-que-a-realidade-do-coronavirus-em-minas-esta-mascarada\/#primaryimage\"},\"thumbnailUrl\":\"\",\"articleSection\":[\"Not\u00edcias\"],\"inLanguage\":\"pt-BR\",\"potentialAction\":[{\"@type\":\"CommentAction\",\"name\":\"Comment\",\"target\":[\"https:\/\/www.federassantas.org.br\/novosite\/por-que-a-realidade-do-coronavirus-em-minas-esta-mascarada\/#respond\"]}]},{\"@type\":\"WebPage\",\"@id\":\"https:\/\/www.federassantas.org.br\/novosite\/por-que-a-realidade-do-coronavirus-em-minas-esta-mascarada\/\",\"url\":\"https:\/\/www.federassantas.org.br\/novosite\/por-que-a-realidade-do-coronavirus-em-minas-esta-mascarada\/\",\"name\":\"Por que a realidade do coronav\u00edrus em Minas est\u00e1 mascarada - Federassantas\",\"isPartOf\":{\"@id\":\"https:\/\/www.federassantas.org.br\/novosite\/#website\"},\"primaryImageOfPage\":{\"@id\":\"https:\/\/www.federassantas.org.br\/novosite\/por-que-a-realidade-do-coronavirus-em-minas-esta-mascarada\/#primaryimage\"},\"image\":{\"@id\":\"https:\/\/www.federassantas.org.br\/novosite\/por-que-a-realidade-do-coronavirus-em-minas-esta-mascarada\/#primaryimage\"},\"thumbnailUrl\":\"\",\"datePublished\":\"2020-05-12T15:45:20+00:00\",\"breadcrumb\":{\"@id\":\"https:\/\/www.federassantas.org.br\/novosite\/por-que-a-realidade-do-coronavirus-em-minas-esta-mascarada\/#breadcrumb\"},\"inLanguage\":\"pt-BR\",\"potentialAction\":[{\"@type\":\"ReadAction\",\"target\":[\"https:\/\/www.federassantas.org.br\/novosite\/por-que-a-realidade-do-coronavirus-em-minas-esta-mascarada\/\"]}]},{\"@type\":\"ImageObject\",\"inLanguage\":\"pt-BR\",\"@id\":\"https:\/\/www.federassantas.org.br\/novosite\/por-que-a-realidade-do-coronavirus-em-minas-esta-mascarada\/#primaryimage\",\"url\":\"\",\"contentUrl\":\"\"},{\"@type\":\"BreadcrumbList\",\"@id\":\"https:\/\/www.federassantas.org.br\/novosite\/por-que-a-realidade-do-coronavirus-em-minas-esta-mascarada\/#breadcrumb\",\"itemListElement\":[{\"@type\":\"ListItem\",\"position\":1,\"name\":\"In\u00edcio\",\"item\":\"https:\/\/www.federassantas.org.br\/novosite\/\"},{\"@type\":\"ListItem\",\"position\":2,\"name\":\"Por que a realidade do coronav\u00edrus em Minas est\u00e1 mascarada\"}]},{\"@type\":\"WebSite\",\"@id\":\"https:\/\/www.federassantas.org.br\/novosite\/#website\",\"url\":\"https:\/\/www.federassantas.org.br\/novosite\/\",\"name\":\"Federassantas\",\"description\":\"Fed. das Santas Casas e Hospitais Filantr\u00f3picos de MG\",\"publisher\":{\"@id\":\"https:\/\/www.federassantas.org.br\/novosite\/#organization\"},\"potentialAction\":[{\"@type\":\"SearchAction\",\"target\":{\"@type\":\"EntryPoint\",\"urlTemplate\":\"https:\/\/www.federassantas.org.br\/novosite\/?s={search_term_string}\"},\"query-input\":{\"@type\":\"PropertyValueSpecification\",\"valueRequired\":true,\"valueName\":\"search_term_string\"}}],\"inLanguage\":\"pt-BR\"},{\"@type\":\"Organization\",\"@id\":\"https:\/\/www.federassantas.org.br\/novosite\/#organization\",\"name\":\"Federassantas\",\"url\":\"https:\/\/www.federassantas.org.br\/novosite\/\",\"logo\":{\"@type\":\"ImageObject\",\"inLanguage\":\"pt-BR\",\"@id\":\"https:\/\/www.federassantas.org.br\/novosite\/#\/schema\/logo\/image\/\",\"url\":\"https:\/\/www.federassantas.org.br\/novosite\/wp-content\/uploads\/2021\/12\/logo.png\",\"contentUrl\":\"https:\/\/www.federassantas.org.br\/novosite\/wp-content\/uploads\/2021\/12\/logo.png\",\"width\":243,\"height\":59,\"caption\":\"Federassantas\"},\"image\":{\"@id\":\"https:\/\/www.federassantas.org.br\/novosite\/#\/schema\/logo\/image\/\"}},{\"@type\":\"Person\",\"@id\":\"https:\/\/www.federassantas.org.br\/novosite\/#\/schema\/person\/75fed98158349313fe56175f232f513c\",\"name\":\"admin-federas\",\"image\":{\"@type\":\"ImageObject\",\"inLanguage\":\"pt-BR\",\"@id\":\"https:\/\/www.federassantas.org.br\/novosite\/#\/schema\/person\/image\/\",\"url\":\"https:\/\/secure.gravatar.com\/avatar\/2a02d7dda59fe8dc6b7ffd3f652e2efede5ccf0dd89dfdc8137c5517f3de8407?s=96&d=mm&r=g\",\"contentUrl\":\"https:\/\/secure.gravatar.com\/avatar\/2a02d7dda59fe8dc6b7ffd3f652e2efede5ccf0dd89dfdc8137c5517f3de8407?s=96&d=mm&r=g\",\"caption\":\"admin-federas\"},\"sameAs\":[\"https:\/\/www.federassantas.org.br\/novosite\/\"],\"url\":\"https:\/\/www.federassantas.org.br\/novosite\/author\/admin-federas\/\"}]}<\/script>\n<!-- \/ Yoast SEO plugin. -->","yoast_head_json":{"title":"Por que a realidade do coronav\u00edrus em Minas est\u00e1 mascarada - Federassantas","robots":{"index":"index","follow":"follow","max-snippet":"max-snippet:-1","max-image-preview":"max-image-preview:large","max-video-preview":"max-video-preview:-1"},"canonical":"https:\/\/www.federassantas.org.br\/novosite\/por-que-a-realidade-do-coronavirus-em-minas-esta-mascarada\/","og_locale":"pt_BR","og_type":"article","og_title":"Por que a realidade do coronav\u00edrus em Minas est\u00e1 mascarada - Federassantas","og_description":"Volume de resultados pendentes de confirma\u00e7\u00e3o de coronav\u00edrus no estado \u00e9 um dos maiores do pa\u00eds, apontando defasagem nos registros de contamina\u00e7\u00e3o e mortes Os baixos \u00edndices de doentes e mortos pela COVID-19 em Minas Gerais s\u00e3o defasados pelo grande volume de diagn\u00f3sticos pendentes. Por meio da compila\u00e7\u00e3o de bases de dados oficiais, a reportagem [&hellip;]","og_url":"https:\/\/www.federassantas.org.br\/novosite\/por-que-a-realidade-do-coronavirus-em-minas-esta-mascarada\/","og_site_name":"Federassantas","article_published_time":"2020-05-12T15:45:20+00:00","author":"admin-federas","twitter_card":"summary_large_image","twitter_misc":{"Escrito por":"admin-federas","Est. tempo de leitura":"2 minutos"},"schema":{"@context":"https:\/\/schema.org","@graph":[{"@type":"Article","@id":"https:\/\/www.federassantas.org.br\/novosite\/por-que-a-realidade-do-coronavirus-em-minas-esta-mascarada\/#article","isPartOf":{"@id":"https:\/\/www.federassantas.org.br\/novosite\/por-que-a-realidade-do-coronavirus-em-minas-esta-mascarada\/"},"author":{"name":"admin-federas","@id":"https:\/\/www.federassantas.org.br\/novosite\/#\/schema\/person\/75fed98158349313fe56175f232f513c"},"headline":"Por que a realidade do coronav\u00edrus em Minas est\u00e1 mascarada","datePublished":"2020-05-12T15:45:20+00:00","mainEntityOfPage":{"@id":"https:\/\/www.federassantas.org.br\/novosite\/por-que-a-realidade-do-coronavirus-em-minas-esta-mascarada\/"},"wordCount":323,"commentCount":0,"publisher":{"@id":"https:\/\/www.federassantas.org.br\/novosite\/#organization"},"image":{"@id":"https:\/\/www.federassantas.org.br\/novosite\/por-que-a-realidade-do-coronavirus-em-minas-esta-mascarada\/#primaryimage"},"thumbnailUrl":"","articleSection":["Not\u00edcias"],"inLanguage":"pt-BR","potentialAction":[{"@type":"CommentAction","name":"Comment","target":["https:\/\/www.federassantas.org.br\/novosite\/por-que-a-realidade-do-coronavirus-em-minas-esta-mascarada\/#respond"]}]},{"@type":"WebPage","@id":"https:\/\/www.federassantas.org.br\/novosite\/por-que-a-realidade-do-coronavirus-em-minas-esta-mascarada\/","url":"https:\/\/www.federassantas.org.br\/novosite\/por-que-a-realidade-do-coronavirus-em-minas-esta-mascarada\/","name":"Por que a realidade do coronav\u00edrus em Minas est\u00e1 mascarada - Federassantas","isPartOf":{"@id":"https:\/\/www.federassantas.org.br\/novosite\/#website"},"primaryImageOfPage":{"@id":"https:\/\/www.federassantas.org.br\/novosite\/por-que-a-realidade-do-coronavirus-em-minas-esta-mascarada\/#primaryimage"},"image":{"@id":"https:\/\/www.federassantas.org.br\/novosite\/por-que-a-realidade-do-coronavirus-em-minas-esta-mascarada\/#primaryimage"},"thumbnailUrl":"","datePublished":"2020-05-12T15:45:20+00:00","breadcrumb":{"@id":"https:\/\/www.federassantas.org.br\/novosite\/por-que-a-realidade-do-coronavirus-em-minas-esta-mascarada\/#breadcrumb"},"inLanguage":"pt-BR","potentialAction":[{"@type":"ReadAction","target":["https:\/\/www.federassantas.org.br\/novosite\/por-que-a-realidade-do-coronavirus-em-minas-esta-mascarada\/"]}]},{"@type":"ImageObject","inLanguage":"pt-BR","@id":"https:\/\/www.federassantas.org.br\/novosite\/por-que-a-realidade-do-coronavirus-em-minas-esta-mascarada\/#primaryimage","url":"","contentUrl":""},{"@type":"BreadcrumbList","@id":"https:\/\/www.federassantas.org.br\/novosite\/por-que-a-realidade-do-coronavirus-em-minas-esta-mascarada\/#breadcrumb","itemListElement":[{"@type":"ListItem","position":1,"name":"In\u00edcio","item":"https:\/\/www.federassantas.org.br\/novosite\/"},{"@type":"ListItem","position":2,"name":"Por que a realidade do coronav\u00edrus em Minas est\u00e1 mascarada"}]},{"@type":"WebSite","@id":"https:\/\/www.federassantas.org.br\/novosite\/#website","url":"https:\/\/www.federassantas.org.br\/novosite\/","name":"Federassantas","description":"Fed. das Santas Casas e Hospitais Filantr\u00f3picos de MG","publisher":{"@id":"https:\/\/www.federassantas.org.br\/novosite\/#organization"},"potentialAction":[{"@type":"SearchAction","target":{"@type":"EntryPoint","urlTemplate":"https:\/\/www.federassantas.org.br\/novosite\/?s={search_term_string}"},"query-input":{"@type":"PropertyValueSpecification","valueRequired":true,"valueName":"search_term_string"}}],"inLanguage":"pt-BR"},{"@type":"Organization","@id":"https:\/\/www.federassantas.org.br\/novosite\/#organization","name":"Federassantas","url":"https:\/\/www.federassantas.org.br\/novosite\/","logo":{"@type":"ImageObject","inLanguage":"pt-BR","@id":"https:\/\/www.federassantas.org.br\/novosite\/#\/schema\/logo\/image\/","url":"https:\/\/www.federassantas.org.br\/novosite\/wp-content\/uploads\/2021\/12\/logo.png","contentUrl":"https:\/\/www.federassantas.org.br\/novosite\/wp-content\/uploads\/2021\/12\/logo.png","width":243,"height":59,"caption":"Federassantas"},"image":{"@id":"https:\/\/www.federassantas.org.br\/novosite\/#\/schema\/logo\/image\/"}},{"@type":"Person","@id":"https:\/\/www.federassantas.org.br\/novosite\/#\/schema\/person\/75fed98158349313fe56175f232f513c","name":"admin-federas","image":{"@type":"ImageObject","inLanguage":"pt-BR","@id":"https:\/\/www.federassantas.org.br\/novosite\/#\/schema\/person\/image\/","url":"https:\/\/secure.gravatar.com\/avatar\/2a02d7dda59fe8dc6b7ffd3f652e2efede5ccf0dd89dfdc8137c5517f3de8407?s=96&d=mm&r=g","contentUrl":"https:\/\/secure.gravatar.com\/avatar\/2a02d7dda59fe8dc6b7ffd3f652e2efede5ccf0dd89dfdc8137c5517f3de8407?s=96&d=mm&r=g","caption":"admin-federas"},"sameAs":["https:\/\/www.federassantas.org.br\/novosite\/"],"url":"https:\/\/www.federassantas.org.br\/novosite\/author\/admin-federas\/"}]}},"_links":{"self":[{"href":"https:\/\/www.federassantas.org.br\/novosite\/wp-json\/wp\/v2\/posts\/18528","targetHints":{"allow":["GET"]}}],"collection":[{"href":"https:\/\/www.federassantas.org.br\/novosite\/wp-json\/wp\/v2\/posts"}],"about":[{"href":"https:\/\/www.federassantas.org.br\/novosite\/wp-json\/wp\/v2\/types\/post"}],"author":[{"embeddable":true,"href":"https:\/\/www.federassantas.org.br\/novosite\/wp-json\/wp\/v2\/users\/1"}],"replies":[{"embeddable":true,"href":"https:\/\/www.federassantas.org.br\/novosite\/wp-json\/wp\/v2\/comments?post=18528"}],"version-history":[{"count":0,"href":"https:\/\/www.federassantas.org.br\/novosite\/wp-json\/wp\/v2\/posts\/18528\/revisions"}],"wp:featuredmedia":[{"embeddable":true,"href":"https:\/\/www.federassantas.org.br\/novosite\/wp-json\/"}],"wp:attachment":[{"href":"https:\/\/www.federassantas.org.br\/novosite\/wp-json\/wp\/v2\/media?parent=18528"}],"wp:term":[{"taxonomy":"category","embeddable":true,"href":"https:\/\/www.federassantas.org.br\/novosite\/wp-json\/wp\/v2\/categories?post=18528"},{"taxonomy":"post_tag","embeddable":true,"href":"https:\/\/www.federassantas.org.br\/novosite\/wp-json\/wp\/v2\/tags?post=18528"}],"curies":[{"name":"wp","href":"https:\/\/api.w.org\/{rel}","templated":true}]}}