{"id":18541,"date":"2020-05-13T18:20:14","date_gmt":"2020-05-13T21:20:14","guid":{"rendered":"https:\/\/federasbackup.meltcomunicacao.com.br\/?p=18541"},"modified":"2020-05-13T18:20:14","modified_gmt":"2020-05-13T21:20:14","slug":"federassantas-participa-de-reuniao-especial-da-almg-para-discutir-enfrentamento-a-covid-19","status":"publish","type":"post","link":"https:\/\/www.federassantas.org.br\/novosite\/federassantas-participa-de-reuniao-especial-da-almg-para-discutir-enfrentamento-a-covid-19\/","title":{"rendered":"Federassantas participa de reuni\u00e3o especial da ALMG para discutir enfrentamento \u00e0 Covid-19"},"content":{"rendered":"<p style=\"text-align: justify;\">Foi realizada hoje (13\/05), na Assembleia Legislativa do Minas Gerais, uma reuni\u00e3o especial para discutir a estrutura da rede de atendimento hospitalar no estado para o enfrentamento \u00e0 Covid-19, bem como a testagem da popula\u00e7\u00e3o para o novo coronav\u00edrus.<\/p>\n<p>Durante a reuni\u00e3o, a presidente da Federassantas, Dra. K\u00e1tia Rocha, apresentou aos participantes e espectadores a situa\u00e7\u00e3o das institui\u00e7\u00f5es filantr\u00f3picas de Minas frente aos atendimentos dos pacientes com Covid-19.<\/p>\n<p style=\"text-align: justify;\">Na abertura de sua fala, a presidente alertou para a necessidade de cria\u00e7\u00e3o de um plano de contig\u00eancia, por parte da Secretaria Estadual de Sa\u00fade, que aponte a defini\u00e7\u00e3o de pap\u00e9is dos hospitais de refer\u00eancia no atendimento \u00e0 Covid-19, bem como a transfer\u00eancia de recursos para essas institui\u00e7\u00f5es.<\/p>\n<p style=\"text-align: justify;\">De acordo com a presidente, \u00e9 necess\u00e1rio maior atua\u00e7\u00e3o do Estado no que diz respeito ao financiamento das estruturas e equipamentos de prote\u00e7\u00e3o dos profissionais. A presidente declarou que o Estado deve buscar recursos federais que j\u00e1 est\u00e3o dispon\u00edveis como, por exemplo, os R$ 150 milh\u00f5es do Fundo Estadual de Sa\u00fade. Na ocasi\u00e3o, K\u00e1tia alertou que a Federassantas j\u00e1 tomou provid\u00eancias junto ao Minist\u00e9rio P\u00fablico e cobrou um posicionamento do Estado.<\/p>\n<p style=\"text-align: justify;\">Durante a reuni\u00e3o, a presidente afirmou que cerca de 77% dos leitos SUS em Minas est\u00e3o nos hospitais filant\u00f3picos e que estas institui\u00e7\u00f5es t\u00eam grande potencial de colaborar aos atendimentos na rede p\u00fablica. Para isso, a presidente ressaltou a import\u00e2ncia e fortalecimento da rede filantr\u00f3pica, bem como a disponibiliza\u00e7\u00e3o de recursos para prote\u00e7\u00e3o dos profissionais, investimento em estrutura de leitos e aquisi\u00e7\u00e3o de equipamentos. Ela lembrou ainda da necessidade de executar, em tempo h\u00e1bil, recursos de emendas parlamentares, uma vez que o estado se encontra em situa\u00e7\u00e3o de calamidade.<\/p>\n<p style=\"text-align: justify;\">A reuni\u00e3o foi realizada via videoconfer\u00eancia e contou com a presen\u00e7a do presidente da Assembleia Legislativa, deputado Agostinho Patrus, presidente da Comiss\u00e3o de Sa\u00fade, deputado Carlos Pimenta e do representante da Fhemig, F\u00e1bio Beccheretti Vitor, no Plen\u00e1rio. Tamb\u00e9m participaram da reuniao o presidente da Funed, Maur\u00edcio Abreu Santos, e parlamentares convidados.<\/p>\n<p>*Foto: ALMG<\/p>\n<p><img fetchpriority=\"high\" decoding=\"async\" class=\"alignnone wp-image-18545\" src=\"http:\/\/federasbackup.meltcomunicacao.com.br\/wp-content\/uploads\/2020\/05\/KATIA-300x169.jpg\" alt=\"\" width=\"346\" height=\"195\"><\/p>\n","protected":false},"excerpt":{"rendered":"<p>Foi realizada hoje (13\/05), na Assembleia Legislativa do Minas Gerais, uma reuni\u00e3o especial para discutir a estrutura da rede de atendimento hospitalar no estado para o enfrentamento \u00e0 Covid-19, bem como a testagem da popula\u00e7\u00e3o para o novo coronav\u00edrus. Durante a reuni\u00e3o, a presidente da Federassantas, Dra. K\u00e1tia Rocha, apresentou aos participantes e espectadores a [&hellip;]<\/p>\n","protected":false},"author":1,"featured_media":18543,"comment_status":"open","ping_status":"open","sticky":false,"template":"","format":"standard","meta":{"footnotes":""},"categories":[140,141],"tags":[],"class_list":["post-18541","post","type-post","status-publish","format-standard","has-post-thumbnail","hentry","category-noticias","category-noticias-federassantas"],"yoast_head":"<!-- This site is optimized with the Yoast SEO plugin v26.9 - https:\/\/yoast.com\/product\/yoast-seo-wordpress\/ -->\n<title>Federassantas participa de reuni\u00e3o especial da ALMG para discutir enfrentamento \u00e0 Covid-19 - Federassantas<\/title>\n<meta name=\"robots\" content=\"index, follow, max-snippet:-1, max-image-preview:large, max-video-preview:-1\" \/>\n<link rel=\"canonical\" href=\"https:\/\/www.federassantas.org.br\/novosite\/federassantas-participa-de-reuniao-especial-da-almg-para-discutir-enfrentamento-a-covid-19\/\" \/>\n<meta property=\"og:locale\" content=\"pt_BR\" \/>\n<meta property=\"og:type\" content=\"article\" \/>\n<meta property=\"og:title\" content=\"Federassantas participa de reuni\u00e3o especial da ALMG para discutir enfrentamento \u00e0 Covid-19 - Federassantas\" \/>\n<meta property=\"og:description\" content=\"Foi realizada hoje (13\/05), na Assembleia Legislativa do Minas Gerais, uma reuni\u00e3o especial para discutir a estrutura da rede de atendimento hospitalar no estado para o enfrentamento \u00e0 Covid-19, bem como a testagem da popula\u00e7\u00e3o para o novo coronav\u00edrus. Durante a reuni\u00e3o, a presidente da Federassantas, Dra. K\u00e1tia Rocha, apresentou aos participantes e espectadores a [&hellip;]\" \/>\n<meta property=\"og:url\" content=\"https:\/\/www.federassantas.org.br\/novosite\/federassantas-participa-de-reuniao-especial-da-almg-para-discutir-enfrentamento-a-covid-19\/\" \/>\n<meta property=\"og:site_name\" content=\"Federassantas\" \/>\n<meta property=\"article:published_time\" content=\"2020-05-13T21:20:14+00:00\" \/>\n<meta name=\"author\" content=\"admin-federas\" \/>\n<meta name=\"twitter:card\" content=\"summary_large_image\" \/>\n<meta name=\"twitter:label1\" content=\"Escrito por\" \/>\n\t<meta name=\"twitter:data1\" content=\"admin-federas\" \/>\n\t<meta name=\"twitter:label2\" content=\"Est. tempo de leitura\" \/>\n\t<meta name=\"twitter:data2\" content=\"2 minutos\" \/>\n<script type=\"application\/ld+json\" class=\"yoast-schema-graph\">{\"@context\":\"https:\/\/schema.org\",\"@graph\":[{\"@type\":\"Article\",\"@id\":\"https:\/\/www.federassantas.org.br\/novosite\/federassantas-participa-de-reuniao-especial-da-almg-para-discutir-enfrentamento-a-covid-19\/#article\",\"isPartOf\":{\"@id\":\"https:\/\/www.federassantas.org.br\/novosite\/federassantas-participa-de-reuniao-especial-da-almg-para-discutir-enfrentamento-a-covid-19\/\"},\"author\":{\"name\":\"admin-federas\",\"@id\":\"https:\/\/www.federassantas.org.br\/novosite\/#\/schema\/person\/75fed98158349313fe56175f232f513c\"},\"headline\":\"Federassantas participa de reuni\u00e3o especial da ALMG para discutir enfrentamento \u00e0 Covid-19\",\"datePublished\":\"2020-05-13T21:20:14+00:00\",\"mainEntityOfPage\":{\"@id\":\"https:\/\/www.federassantas.org.br\/novosite\/federassantas-participa-de-reuniao-especial-da-almg-para-discutir-enfrentamento-a-covid-19\/\"},\"wordCount\":385,\"commentCount\":0,\"publisher\":{\"@id\":\"https:\/\/www.federassantas.org.br\/novosite\/#organization\"},\"image\":{\"@id\":\"https:\/\/www.federassantas.org.br\/novosite\/federassantas-participa-de-reuniao-especial-da-almg-para-discutir-enfrentamento-a-covid-19\/#primaryimage\"},\"thumbnailUrl\":\"\",\"articleSection\":[\"Not\u00edcias\",\"Not\u00edcias Federassantas\"],\"inLanguage\":\"pt-BR\",\"potentialAction\":[{\"@type\":\"CommentAction\",\"name\":\"Comment\",\"target\":[\"https:\/\/www.federassantas.org.br\/novosite\/federassantas-participa-de-reuniao-especial-da-almg-para-discutir-enfrentamento-a-covid-19\/#respond\"]}]},{\"@type\":\"WebPage\",\"@id\":\"https:\/\/www.federassantas.org.br\/novosite\/federassantas-participa-de-reuniao-especial-da-almg-para-discutir-enfrentamento-a-covid-19\/\",\"url\":\"https:\/\/www.federassantas.org.br\/novosite\/federassantas-participa-de-reuniao-especial-da-almg-para-discutir-enfrentamento-a-covid-19\/\",\"name\":\"Federassantas participa de reuni\u00e3o especial da ALMG para discutir enfrentamento \u00e0 Covid-19 - Federassantas\",\"isPartOf\":{\"@id\":\"https:\/\/www.federassantas.org.br\/novosite\/#website\"},\"primaryImageOfPage\":{\"@id\":\"https:\/\/www.federassantas.org.br\/novosite\/federassantas-participa-de-reuniao-especial-da-almg-para-discutir-enfrentamento-a-covid-19\/#primaryimage\"},\"image\":{\"@id\":\"https:\/\/www.federassantas.org.br\/novosite\/federassantas-participa-de-reuniao-especial-da-almg-para-discutir-enfrentamento-a-covid-19\/#primaryimage\"},\"thumbnailUrl\":\"\",\"datePublished\":\"2020-05-13T21:20:14+00:00\",\"breadcrumb\":{\"@id\":\"https:\/\/www.federassantas.org.br\/novosite\/federassantas-participa-de-reuniao-especial-da-almg-para-discutir-enfrentamento-a-covid-19\/#breadcrumb\"},\"inLanguage\":\"pt-BR\",\"potentialAction\":[{\"@type\":\"ReadAction\",\"target\":[\"https:\/\/www.federassantas.org.br\/novosite\/federassantas-participa-de-reuniao-especial-da-almg-para-discutir-enfrentamento-a-covid-19\/\"]}]},{\"@type\":\"ImageObject\",\"inLanguage\":\"pt-BR\",\"@id\":\"https:\/\/www.federassantas.org.br\/novosite\/federassantas-participa-de-reuniao-especial-da-almg-para-discutir-enfrentamento-a-covid-19\/#primaryimage\",\"url\":\"\",\"contentUrl\":\"\"},{\"@type\":\"BreadcrumbList\",\"@id\":\"https:\/\/www.federassantas.org.br\/novosite\/federassantas-participa-de-reuniao-especial-da-almg-para-discutir-enfrentamento-a-covid-19\/#breadcrumb\",\"itemListElement\":[{\"@type\":\"ListItem\",\"position\":1,\"name\":\"In\u00edcio\",\"item\":\"https:\/\/www.federassantas.org.br\/novosite\/\"},{\"@type\":\"ListItem\",\"position\":2,\"name\":\"Federassantas participa de reuni\u00e3o especial da ALMG para discutir enfrentamento \u00e0 Covid-19\"}]},{\"@type\":\"WebSite\",\"@id\":\"https:\/\/www.federassantas.org.br\/novosite\/#website\",\"url\":\"https:\/\/www.federassantas.org.br\/novosite\/\",\"name\":\"Federassantas\",\"description\":\"Fed. das Santas Casas e Hospitais Filantr\u00f3picos de MG\",\"publisher\":{\"@id\":\"https:\/\/www.federassantas.org.br\/novosite\/#organization\"},\"potentialAction\":[{\"@type\":\"SearchAction\",\"target\":{\"@type\":\"EntryPoint\",\"urlTemplate\":\"https:\/\/www.federassantas.org.br\/novosite\/?s={search_term_string}\"},\"query-input\":{\"@type\":\"PropertyValueSpecification\",\"valueRequired\":true,\"valueName\":\"search_term_string\"}}],\"inLanguage\":\"pt-BR\"},{\"@type\":\"Organization\",\"@id\":\"https:\/\/www.federassantas.org.br\/novosite\/#organization\",\"name\":\"Federassantas\",\"url\":\"https:\/\/www.federassantas.org.br\/novosite\/\",\"logo\":{\"@type\":\"ImageObject\",\"inLanguage\":\"pt-BR\",\"@id\":\"https:\/\/www.federassantas.org.br\/novosite\/#\/schema\/logo\/image\/\",\"url\":\"https:\/\/www.federassantas.org.br\/novosite\/wp-content\/uploads\/2021\/12\/logo.png\",\"contentUrl\":\"https:\/\/www.federassantas.org.br\/novosite\/wp-content\/uploads\/2021\/12\/logo.png\",\"width\":243,\"height\":59,\"caption\":\"Federassantas\"},\"image\":{\"@id\":\"https:\/\/www.federassantas.org.br\/novosite\/#\/schema\/logo\/image\/\"}},{\"@type\":\"Person\",\"@id\":\"https:\/\/www.federassantas.org.br\/novosite\/#\/schema\/person\/75fed98158349313fe56175f232f513c\",\"name\":\"admin-federas\",\"image\":{\"@type\":\"ImageObject\",\"inLanguage\":\"pt-BR\",\"@id\":\"https:\/\/www.federassantas.org.br\/novosite\/#\/schema\/person\/image\/\",\"url\":\"https:\/\/secure.gravatar.com\/avatar\/2a02d7dda59fe8dc6b7ffd3f652e2efede5ccf0dd89dfdc8137c5517f3de8407?s=96&d=mm&r=g\",\"contentUrl\":\"https:\/\/secure.gravatar.com\/avatar\/2a02d7dda59fe8dc6b7ffd3f652e2efede5ccf0dd89dfdc8137c5517f3de8407?s=96&d=mm&r=g\",\"caption\":\"admin-federas\"},\"sameAs\":[\"https:\/\/www.federassantas.org.br\/novosite\/\"],\"url\":\"https:\/\/www.federassantas.org.br\/novosite\/author\/admin-federas\/\"}]}<\/script>\n<!-- \/ Yoast SEO plugin. -->","yoast_head_json":{"title":"Federassantas participa de reuni\u00e3o especial da ALMG para discutir enfrentamento \u00e0 Covid-19 - Federassantas","robots":{"index":"index","follow":"follow","max-snippet":"max-snippet:-1","max-image-preview":"max-image-preview:large","max-video-preview":"max-video-preview:-1"},"canonical":"https:\/\/www.federassantas.org.br\/novosite\/federassantas-participa-de-reuniao-especial-da-almg-para-discutir-enfrentamento-a-covid-19\/","og_locale":"pt_BR","og_type":"article","og_title":"Federassantas participa de reuni\u00e3o especial da ALMG para discutir enfrentamento \u00e0 Covid-19 - Federassantas","og_description":"Foi realizada hoje (13\/05), na Assembleia Legislativa do Minas Gerais, uma reuni\u00e3o especial para discutir a estrutura da rede de atendimento hospitalar no estado para o enfrentamento \u00e0 Covid-19, bem como a testagem da popula\u00e7\u00e3o para o novo coronav\u00edrus. Durante a reuni\u00e3o, a presidente da Federassantas, Dra. K\u00e1tia Rocha, apresentou aos participantes e espectadores a [&hellip;]","og_url":"https:\/\/www.federassantas.org.br\/novosite\/federassantas-participa-de-reuniao-especial-da-almg-para-discutir-enfrentamento-a-covid-19\/","og_site_name":"Federassantas","article_published_time":"2020-05-13T21:20:14+00:00","author":"admin-federas","twitter_card":"summary_large_image","twitter_misc":{"Escrito por":"admin-federas","Est. tempo de leitura":"2 minutos"},"schema":{"@context":"https:\/\/schema.org","@graph":[{"@type":"Article","@id":"https:\/\/www.federassantas.org.br\/novosite\/federassantas-participa-de-reuniao-especial-da-almg-para-discutir-enfrentamento-a-covid-19\/#article","isPartOf":{"@id":"https:\/\/www.federassantas.org.br\/novosite\/federassantas-participa-de-reuniao-especial-da-almg-para-discutir-enfrentamento-a-covid-19\/"},"author":{"name":"admin-federas","@id":"https:\/\/www.federassantas.org.br\/novosite\/#\/schema\/person\/75fed98158349313fe56175f232f513c"},"headline":"Federassantas participa de reuni\u00e3o especial da ALMG para discutir enfrentamento \u00e0 Covid-19","datePublished":"2020-05-13T21:20:14+00:00","mainEntityOfPage":{"@id":"https:\/\/www.federassantas.org.br\/novosite\/federassantas-participa-de-reuniao-especial-da-almg-para-discutir-enfrentamento-a-covid-19\/"},"wordCount":385,"commentCount":0,"publisher":{"@id":"https:\/\/www.federassantas.org.br\/novosite\/#organization"},"image":{"@id":"https:\/\/www.federassantas.org.br\/novosite\/federassantas-participa-de-reuniao-especial-da-almg-para-discutir-enfrentamento-a-covid-19\/#primaryimage"},"thumbnailUrl":"","articleSection":["Not\u00edcias","Not\u00edcias Federassantas"],"inLanguage":"pt-BR","potentialAction":[{"@type":"CommentAction","name":"Comment","target":["https:\/\/www.federassantas.org.br\/novosite\/federassantas-participa-de-reuniao-especial-da-almg-para-discutir-enfrentamento-a-covid-19\/#respond"]}]},{"@type":"WebPage","@id":"https:\/\/www.federassantas.org.br\/novosite\/federassantas-participa-de-reuniao-especial-da-almg-para-discutir-enfrentamento-a-covid-19\/","url":"https:\/\/www.federassantas.org.br\/novosite\/federassantas-participa-de-reuniao-especial-da-almg-para-discutir-enfrentamento-a-covid-19\/","name":"Federassantas participa de reuni\u00e3o especial da ALMG para discutir enfrentamento \u00e0 Covid-19 - Federassantas","isPartOf":{"@id":"https:\/\/www.federassantas.org.br\/novosite\/#website"},"primaryImageOfPage":{"@id":"https:\/\/www.federassantas.org.br\/novosite\/federassantas-participa-de-reuniao-especial-da-almg-para-discutir-enfrentamento-a-covid-19\/#primaryimage"},"image":{"@id":"https:\/\/www.federassantas.org.br\/novosite\/federassantas-participa-de-reuniao-especial-da-almg-para-discutir-enfrentamento-a-covid-19\/#primaryimage"},"thumbnailUrl":"","datePublished":"2020-05-13T21:20:14+00:00","breadcrumb":{"@id":"https:\/\/www.federassantas.org.br\/novosite\/federassantas-participa-de-reuniao-especial-da-almg-para-discutir-enfrentamento-a-covid-19\/#breadcrumb"},"inLanguage":"pt-BR","potentialAction":[{"@type":"ReadAction","target":["https:\/\/www.federassantas.org.br\/novosite\/federassantas-participa-de-reuniao-especial-da-almg-para-discutir-enfrentamento-a-covid-19\/"]}]},{"@type":"ImageObject","inLanguage":"pt-BR","@id":"https:\/\/www.federassantas.org.br\/novosite\/federassantas-participa-de-reuniao-especial-da-almg-para-discutir-enfrentamento-a-covid-19\/#primaryimage","url":"","contentUrl":""},{"@type":"BreadcrumbList","@id":"https:\/\/www.federassantas.org.br\/novosite\/federassantas-participa-de-reuniao-especial-da-almg-para-discutir-enfrentamento-a-covid-19\/#breadcrumb","itemListElement":[{"@type":"ListItem","position":1,"name":"In\u00edcio","item":"https:\/\/www.federassantas.org.br\/novosite\/"},{"@type":"ListItem","position":2,"name":"Federassantas participa de reuni\u00e3o especial da ALMG para discutir enfrentamento \u00e0 Covid-19"}]},{"@type":"WebSite","@id":"https:\/\/www.federassantas.org.br\/novosite\/#website","url":"https:\/\/www.federassantas.org.br\/novosite\/","name":"Federassantas","description":"Fed. das Santas Casas e Hospitais Filantr\u00f3picos de MG","publisher":{"@id":"https:\/\/www.federassantas.org.br\/novosite\/#organization"},"potentialAction":[{"@type":"SearchAction","target":{"@type":"EntryPoint","urlTemplate":"https:\/\/www.federassantas.org.br\/novosite\/?s={search_term_string}"},"query-input":{"@type":"PropertyValueSpecification","valueRequired":true,"valueName":"search_term_string"}}],"inLanguage":"pt-BR"},{"@type":"Organization","@id":"https:\/\/www.federassantas.org.br\/novosite\/#organization","name":"Federassantas","url":"https:\/\/www.federassantas.org.br\/novosite\/","logo":{"@type":"ImageObject","inLanguage":"pt-BR","@id":"https:\/\/www.federassantas.org.br\/novosite\/#\/schema\/logo\/image\/","url":"https:\/\/www.federassantas.org.br\/novosite\/wp-content\/uploads\/2021\/12\/logo.png","contentUrl":"https:\/\/www.federassantas.org.br\/novosite\/wp-content\/uploads\/2021\/12\/logo.png","width":243,"height":59,"caption":"Federassantas"},"image":{"@id":"https:\/\/www.federassantas.org.br\/novosite\/#\/schema\/logo\/image\/"}},{"@type":"Person","@id":"https:\/\/www.federassantas.org.br\/novosite\/#\/schema\/person\/75fed98158349313fe56175f232f513c","name":"admin-federas","image":{"@type":"ImageObject","inLanguage":"pt-BR","@id":"https:\/\/www.federassantas.org.br\/novosite\/#\/schema\/person\/image\/","url":"https:\/\/secure.gravatar.com\/avatar\/2a02d7dda59fe8dc6b7ffd3f652e2efede5ccf0dd89dfdc8137c5517f3de8407?s=96&d=mm&r=g","contentUrl":"https:\/\/secure.gravatar.com\/avatar\/2a02d7dda59fe8dc6b7ffd3f652e2efede5ccf0dd89dfdc8137c5517f3de8407?s=96&d=mm&r=g","caption":"admin-federas"},"sameAs":["https:\/\/www.federassantas.org.br\/novosite\/"],"url":"https:\/\/www.federassantas.org.br\/novosite\/author\/admin-federas\/"}]}},"_links":{"self":[{"href":"https:\/\/www.federassantas.org.br\/novosite\/wp-json\/wp\/v2\/posts\/18541","targetHints":{"allow":["GET"]}}],"collection":[{"href":"https:\/\/www.federassantas.org.br\/novosite\/wp-json\/wp\/v2\/posts"}],"about":[{"href":"https:\/\/www.federassantas.org.br\/novosite\/wp-json\/wp\/v2\/types\/post"}],"author":[{"embeddable":true,"href":"https:\/\/www.federassantas.org.br\/novosite\/wp-json\/wp\/v2\/users\/1"}],"replies":[{"embeddable":true,"href":"https:\/\/www.federassantas.org.br\/novosite\/wp-json\/wp\/v2\/comments?post=18541"}],"version-history":[{"count":0,"href":"https:\/\/www.federassantas.org.br\/novosite\/wp-json\/wp\/v2\/posts\/18541\/revisions"}],"wp:featuredmedia":[{"embeddable":true,"href":"https:\/\/www.federassantas.org.br\/novosite\/wp-json\/"}],"wp:attachment":[{"href":"https:\/\/www.federassantas.org.br\/novosite\/wp-json\/wp\/v2\/media?parent=18541"}],"wp:term":[{"taxonomy":"category","embeddable":true,"href":"https:\/\/www.federassantas.org.br\/novosite\/wp-json\/wp\/v2\/categories?post=18541"},{"taxonomy":"post_tag","embeddable":true,"href":"https:\/\/www.federassantas.org.br\/novosite\/wp-json\/wp\/v2\/tags?post=18541"}],"curies":[{"name":"wp","href":"https:\/\/api.w.org\/{rel}","templated":true}]}}