{"id":18548,"date":"2020-05-13T18:36:08","date_gmt":"2020-05-13T21:36:08","guid":{"rendered":"https:\/\/federasbackup.meltcomunicacao.com.br\/?p=18548"},"modified":"2020-05-13T18:36:08","modified_gmt":"2020-05-13T21:36:08","slug":"setimo-pais-mais-afetado-pela-covid-19","status":"publish","type":"post","link":"https:\/\/www.federassantas.org.br\/novosite\/setimo-pais-mais-afetado-pela-covid-19\/","title":{"rendered":"setimo pa\u00eds mais afetado pela Covid-19"},"content":{"rendered":"<p class=\"selectionShareable\" style=\"text-align: justify;\">O Brasil superou a Fran\u00e7a em n\u00famero de pessoas infectadas pelo novo coronav\u00edrus e agora \u00e9 o sexto pa\u00eds mais afetado pela covid-19 no mundo, segundo compila\u00e7\u00e3o de dados feita pela Universidade Johns Hopkins, dos Estados Unidos. \u00c0s 14h desta quarta-feira, 13, o Brasil aparecia com 180.049 infec\u00e7\u00f5es e a Fran\u00e7a com 178.349.<\/p>\n<p class=\"selectionShareable\" style=\"text-align: justify;\">Os dados considerados pela Johns Hopkins v\u00eam de fontes variadas, como secretarias regionais de Sa\u00fade, e s\u00e3o atualizados m\u00faltiplas vezes ao dia, diferente da estrat\u00e9gia de divulga\u00e7\u00e3o adotada pela maioria dos pa\u00edses, que lan\u00e7am uma atualiza\u00e7\u00e3o di\u00e1ria.<\/p>\n<p class=\"selectionShareable\" style=\"text-align: justify;\">Ontem, 12, o Brasil j\u00e1 havia superado a Alemanha no total de infectados e havia se tornado o s\u00e9timo pa\u00eds com mais casos confirmados de covid-19. Agora, est\u00e3o \u00e0 frente do Pa\u00eds, segundo a universidade americana, It\u00e1lia (222.104 contaminados), Espanha (228.030 contaminados), Reino Unido (230.984 contaminados), R\u00fassia (242.271 contaminados) e Estados Unidos (1.375.949 contaminados). Globalmente, os casos de covid-19 identificados s\u00e3o 4.308.055.<\/p>\n<p>Saiba mais em https:\/\/www.metrojornal.com.br\/coronavirus-covid-19\/2020\/05\/13\/brasil-vira-6o-pais-mais-afetado-pela-covid-19.html<\/p>\n","protected":false},"excerpt":{"rendered":"<p>O Brasil superou a Fran\u00e7a em n\u00famero de pessoas infectadas pelo novo coronav\u00edrus e agora \u00e9 o sexto pa\u00eds mais afetado pela covid-19 no mundo, segundo compila\u00e7\u00e3o de dados feita pela Universidade Johns Hopkins, dos Estados Unidos. \u00c0s 14h desta quarta-feira, 13, o Brasil aparecia com 180.049 infec\u00e7\u00f5es e a Fran\u00e7a com 178.349. Os dados [&hellip;]<\/p>\n","protected":false},"author":1,"featured_media":18549,"comment_status":"open","ping_status":"open","sticky":false,"template":"","format":"standard","meta":{"footnotes":""},"categories":[140],"tags":[],"class_list":["post-18548","post","type-post","status-publish","format-standard","has-post-thumbnail","hentry","category-noticias"],"yoast_head":"<!-- This site is optimized with the Yoast SEO plugin v26.9 - https:\/\/yoast.com\/product\/yoast-seo-wordpress\/ -->\n<title>setimo pa\u00eds mais afetado pela Covid-19 - Federassantas<\/title>\n<meta name=\"robots\" content=\"index, follow, max-snippet:-1, max-image-preview:large, max-video-preview:-1\" \/>\n<link rel=\"canonical\" href=\"https:\/\/www.federassantas.org.br\/novosite\/setimo-pais-mais-afetado-pela-covid-19\/\" \/>\n<meta property=\"og:locale\" content=\"pt_BR\" \/>\n<meta property=\"og:type\" content=\"article\" \/>\n<meta property=\"og:title\" content=\"setimo pa\u00eds mais afetado pela Covid-19 - Federassantas\" \/>\n<meta property=\"og:description\" content=\"O Brasil superou a Fran\u00e7a em n\u00famero de pessoas infectadas pelo novo coronav\u00edrus e agora \u00e9 o sexto pa\u00eds mais afetado pela covid-19 no mundo, segundo compila\u00e7\u00e3o de dados feita pela Universidade Johns Hopkins, dos Estados Unidos. \u00c0s 14h desta quarta-feira, 13, o Brasil aparecia com 180.049 infec\u00e7\u00f5es e a Fran\u00e7a com 178.349. Os dados [&hellip;]\" \/>\n<meta property=\"og:url\" content=\"https:\/\/www.federassantas.org.br\/novosite\/setimo-pais-mais-afetado-pela-covid-19\/\" \/>\n<meta property=\"og:site_name\" content=\"Federassantas\" \/>\n<meta property=\"article:published_time\" content=\"2020-05-13T21:36:08+00:00\" \/>\n<meta name=\"author\" content=\"admin-federas\" \/>\n<meta name=\"twitter:card\" content=\"summary_large_image\" \/>\n<meta name=\"twitter:label1\" content=\"Escrito por\" \/>\n\t<meta name=\"twitter:data1\" content=\"admin-federas\" \/>\n\t<meta name=\"twitter:label2\" content=\"Est. tempo de leitura\" \/>\n\t<meta name=\"twitter:data2\" content=\"1 minuto\" \/>\n<script type=\"application\/ld+json\" class=\"yoast-schema-graph\">{\"@context\":\"https:\/\/schema.org\",\"@graph\":[{\"@type\":\"Article\",\"@id\":\"https:\/\/www.federassantas.org.br\/novosite\/setimo-pais-mais-afetado-pela-covid-19\/#article\",\"isPartOf\":{\"@id\":\"https:\/\/www.federassantas.org.br\/novosite\/setimo-pais-mais-afetado-pela-covid-19\/\"},\"author\":{\"name\":\"admin-federas\",\"@id\":\"https:\/\/www.federassantas.org.br\/novosite\/#\/schema\/person\/75fed98158349313fe56175f232f513c\"},\"headline\":\"setimo pa\u00eds mais afetado pela Covid-19\",\"datePublished\":\"2020-05-13T21:36:08+00:00\",\"mainEntityOfPage\":{\"@id\":\"https:\/\/www.federassantas.org.br\/novosite\/setimo-pais-mais-afetado-pela-covid-19\/\"},\"wordCount\":183,\"commentCount\":0,\"publisher\":{\"@id\":\"https:\/\/www.federassantas.org.br\/novosite\/#organization\"},\"image\":{\"@id\":\"https:\/\/www.federassantas.org.br\/novosite\/setimo-pais-mais-afetado-pela-covid-19\/#primaryimage\"},\"thumbnailUrl\":\"\",\"articleSection\":[\"Not\u00edcias\"],\"inLanguage\":\"pt-BR\",\"potentialAction\":[{\"@type\":\"CommentAction\",\"name\":\"Comment\",\"target\":[\"https:\/\/www.federassantas.org.br\/novosite\/setimo-pais-mais-afetado-pela-covid-19\/#respond\"]}]},{\"@type\":\"WebPage\",\"@id\":\"https:\/\/www.federassantas.org.br\/novosite\/setimo-pais-mais-afetado-pela-covid-19\/\",\"url\":\"https:\/\/www.federassantas.org.br\/novosite\/setimo-pais-mais-afetado-pela-covid-19\/\",\"name\":\"setimo pa\u00eds mais afetado pela Covid-19 - Federassantas\",\"isPartOf\":{\"@id\":\"https:\/\/www.federassantas.org.br\/novosite\/#website\"},\"primaryImageOfPage\":{\"@id\":\"https:\/\/www.federassantas.org.br\/novosite\/setimo-pais-mais-afetado-pela-covid-19\/#primaryimage\"},\"image\":{\"@id\":\"https:\/\/www.federassantas.org.br\/novosite\/setimo-pais-mais-afetado-pela-covid-19\/#primaryimage\"},\"thumbnailUrl\":\"\",\"datePublished\":\"2020-05-13T21:36:08+00:00\",\"breadcrumb\":{\"@id\":\"https:\/\/www.federassantas.org.br\/novosite\/setimo-pais-mais-afetado-pela-covid-19\/#breadcrumb\"},\"inLanguage\":\"pt-BR\",\"potentialAction\":[{\"@type\":\"ReadAction\",\"target\":[\"https:\/\/www.federassantas.org.br\/novosite\/setimo-pais-mais-afetado-pela-covid-19\/\"]}]},{\"@type\":\"ImageObject\",\"inLanguage\":\"pt-BR\",\"@id\":\"https:\/\/www.federassantas.org.br\/novosite\/setimo-pais-mais-afetado-pela-covid-19\/#primaryimage\",\"url\":\"\",\"contentUrl\":\"\"},{\"@type\":\"BreadcrumbList\",\"@id\":\"https:\/\/www.federassantas.org.br\/novosite\/setimo-pais-mais-afetado-pela-covid-19\/#breadcrumb\",\"itemListElement\":[{\"@type\":\"ListItem\",\"position\":1,\"name\":\"In\u00edcio\",\"item\":\"https:\/\/www.federassantas.org.br\/novosite\/\"},{\"@type\":\"ListItem\",\"position\":2,\"name\":\"setimo pa\u00eds mais afetado pela Covid-19\"}]},{\"@type\":\"WebSite\",\"@id\":\"https:\/\/www.federassantas.org.br\/novosite\/#website\",\"url\":\"https:\/\/www.federassantas.org.br\/novosite\/\",\"name\":\"Federassantas\",\"description\":\"Fed. das Santas Casas e Hospitais Filantr\u00f3picos de MG\",\"publisher\":{\"@id\":\"https:\/\/www.federassantas.org.br\/novosite\/#organization\"},\"potentialAction\":[{\"@type\":\"SearchAction\",\"target\":{\"@type\":\"EntryPoint\",\"urlTemplate\":\"https:\/\/www.federassantas.org.br\/novosite\/?s={search_term_string}\"},\"query-input\":{\"@type\":\"PropertyValueSpecification\",\"valueRequired\":true,\"valueName\":\"search_term_string\"}}],\"inLanguage\":\"pt-BR\"},{\"@type\":\"Organization\",\"@id\":\"https:\/\/www.federassantas.org.br\/novosite\/#organization\",\"name\":\"Federassantas\",\"url\":\"https:\/\/www.federassantas.org.br\/novosite\/\",\"logo\":{\"@type\":\"ImageObject\",\"inLanguage\":\"pt-BR\",\"@id\":\"https:\/\/www.federassantas.org.br\/novosite\/#\/schema\/logo\/image\/\",\"url\":\"https:\/\/www.federassantas.org.br\/novosite\/wp-content\/uploads\/2021\/12\/logo.png\",\"contentUrl\":\"https:\/\/www.federassantas.org.br\/novosite\/wp-content\/uploads\/2021\/12\/logo.png\",\"width\":243,\"height\":59,\"caption\":\"Federassantas\"},\"image\":{\"@id\":\"https:\/\/www.federassantas.org.br\/novosite\/#\/schema\/logo\/image\/\"}},{\"@type\":\"Person\",\"@id\":\"https:\/\/www.federassantas.org.br\/novosite\/#\/schema\/person\/75fed98158349313fe56175f232f513c\",\"name\":\"admin-federas\",\"image\":{\"@type\":\"ImageObject\",\"inLanguage\":\"pt-BR\",\"@id\":\"https:\/\/www.federassantas.org.br\/novosite\/#\/schema\/person\/image\/\",\"url\":\"https:\/\/secure.gravatar.com\/avatar\/2a02d7dda59fe8dc6b7ffd3f652e2efede5ccf0dd89dfdc8137c5517f3de8407?s=96&d=mm&r=g\",\"contentUrl\":\"https:\/\/secure.gravatar.com\/avatar\/2a02d7dda59fe8dc6b7ffd3f652e2efede5ccf0dd89dfdc8137c5517f3de8407?s=96&d=mm&r=g\",\"caption\":\"admin-federas\"},\"sameAs\":[\"https:\/\/www.federassantas.org.br\/novosite\/\"],\"url\":\"https:\/\/www.federassantas.org.br\/novosite\/author\/admin-federas\/\"}]}<\/script>\n<!-- \/ Yoast SEO plugin. -->","yoast_head_json":{"title":"setimo pa\u00eds mais afetado pela Covid-19 - Federassantas","robots":{"index":"index","follow":"follow","max-snippet":"max-snippet:-1","max-image-preview":"max-image-preview:large","max-video-preview":"max-video-preview:-1"},"canonical":"https:\/\/www.federassantas.org.br\/novosite\/setimo-pais-mais-afetado-pela-covid-19\/","og_locale":"pt_BR","og_type":"article","og_title":"setimo pa\u00eds mais afetado pela Covid-19 - Federassantas","og_description":"O Brasil superou a Fran\u00e7a em n\u00famero de pessoas infectadas pelo novo coronav\u00edrus e agora \u00e9 o sexto pa\u00eds mais afetado pela covid-19 no mundo, segundo compila\u00e7\u00e3o de dados feita pela Universidade Johns Hopkins, dos Estados Unidos. \u00c0s 14h desta quarta-feira, 13, o Brasil aparecia com 180.049 infec\u00e7\u00f5es e a Fran\u00e7a com 178.349. Os dados [&hellip;]","og_url":"https:\/\/www.federassantas.org.br\/novosite\/setimo-pais-mais-afetado-pela-covid-19\/","og_site_name":"Federassantas","article_published_time":"2020-05-13T21:36:08+00:00","author":"admin-federas","twitter_card":"summary_large_image","twitter_misc":{"Escrito por":"admin-federas","Est. tempo de leitura":"1 minuto"},"schema":{"@context":"https:\/\/schema.org","@graph":[{"@type":"Article","@id":"https:\/\/www.federassantas.org.br\/novosite\/setimo-pais-mais-afetado-pela-covid-19\/#article","isPartOf":{"@id":"https:\/\/www.federassantas.org.br\/novosite\/setimo-pais-mais-afetado-pela-covid-19\/"},"author":{"name":"admin-federas","@id":"https:\/\/www.federassantas.org.br\/novosite\/#\/schema\/person\/75fed98158349313fe56175f232f513c"},"headline":"setimo pa\u00eds mais afetado pela Covid-19","datePublished":"2020-05-13T21:36:08+00:00","mainEntityOfPage":{"@id":"https:\/\/www.federassantas.org.br\/novosite\/setimo-pais-mais-afetado-pela-covid-19\/"},"wordCount":183,"commentCount":0,"publisher":{"@id":"https:\/\/www.federassantas.org.br\/novosite\/#organization"},"image":{"@id":"https:\/\/www.federassantas.org.br\/novosite\/setimo-pais-mais-afetado-pela-covid-19\/#primaryimage"},"thumbnailUrl":"","articleSection":["Not\u00edcias"],"inLanguage":"pt-BR","potentialAction":[{"@type":"CommentAction","name":"Comment","target":["https:\/\/www.federassantas.org.br\/novosite\/setimo-pais-mais-afetado-pela-covid-19\/#respond"]}]},{"@type":"WebPage","@id":"https:\/\/www.federassantas.org.br\/novosite\/setimo-pais-mais-afetado-pela-covid-19\/","url":"https:\/\/www.federassantas.org.br\/novosite\/setimo-pais-mais-afetado-pela-covid-19\/","name":"setimo pa\u00eds mais afetado pela Covid-19 - Federassantas","isPartOf":{"@id":"https:\/\/www.federassantas.org.br\/novosite\/#website"},"primaryImageOfPage":{"@id":"https:\/\/www.federassantas.org.br\/novosite\/setimo-pais-mais-afetado-pela-covid-19\/#primaryimage"},"image":{"@id":"https:\/\/www.federassantas.org.br\/novosite\/setimo-pais-mais-afetado-pela-covid-19\/#primaryimage"},"thumbnailUrl":"","datePublished":"2020-05-13T21:36:08+00:00","breadcrumb":{"@id":"https:\/\/www.federassantas.org.br\/novosite\/setimo-pais-mais-afetado-pela-covid-19\/#breadcrumb"},"inLanguage":"pt-BR","potentialAction":[{"@type":"ReadAction","target":["https:\/\/www.federassantas.org.br\/novosite\/setimo-pais-mais-afetado-pela-covid-19\/"]}]},{"@type":"ImageObject","inLanguage":"pt-BR","@id":"https:\/\/www.federassantas.org.br\/novosite\/setimo-pais-mais-afetado-pela-covid-19\/#primaryimage","url":"","contentUrl":""},{"@type":"BreadcrumbList","@id":"https:\/\/www.federassantas.org.br\/novosite\/setimo-pais-mais-afetado-pela-covid-19\/#breadcrumb","itemListElement":[{"@type":"ListItem","position":1,"name":"In\u00edcio","item":"https:\/\/www.federassantas.org.br\/novosite\/"},{"@type":"ListItem","position":2,"name":"setimo pa\u00eds mais afetado pela Covid-19"}]},{"@type":"WebSite","@id":"https:\/\/www.federassantas.org.br\/novosite\/#website","url":"https:\/\/www.federassantas.org.br\/novosite\/","name":"Federassantas","description":"Fed. das Santas Casas e Hospitais Filantr\u00f3picos de MG","publisher":{"@id":"https:\/\/www.federassantas.org.br\/novosite\/#organization"},"potentialAction":[{"@type":"SearchAction","target":{"@type":"EntryPoint","urlTemplate":"https:\/\/www.federassantas.org.br\/novosite\/?s={search_term_string}"},"query-input":{"@type":"PropertyValueSpecification","valueRequired":true,"valueName":"search_term_string"}}],"inLanguage":"pt-BR"},{"@type":"Organization","@id":"https:\/\/www.federassantas.org.br\/novosite\/#organization","name":"Federassantas","url":"https:\/\/www.federassantas.org.br\/novosite\/","logo":{"@type":"ImageObject","inLanguage":"pt-BR","@id":"https:\/\/www.federassantas.org.br\/novosite\/#\/schema\/logo\/image\/","url":"https:\/\/www.federassantas.org.br\/novosite\/wp-content\/uploads\/2021\/12\/logo.png","contentUrl":"https:\/\/www.federassantas.org.br\/novosite\/wp-content\/uploads\/2021\/12\/logo.png","width":243,"height":59,"caption":"Federassantas"},"image":{"@id":"https:\/\/www.federassantas.org.br\/novosite\/#\/schema\/logo\/image\/"}},{"@type":"Person","@id":"https:\/\/www.federassantas.org.br\/novosite\/#\/schema\/person\/75fed98158349313fe56175f232f513c","name":"admin-federas","image":{"@type":"ImageObject","inLanguage":"pt-BR","@id":"https:\/\/www.federassantas.org.br\/novosite\/#\/schema\/person\/image\/","url":"https:\/\/secure.gravatar.com\/avatar\/2a02d7dda59fe8dc6b7ffd3f652e2efede5ccf0dd89dfdc8137c5517f3de8407?s=96&d=mm&r=g","contentUrl":"https:\/\/secure.gravatar.com\/avatar\/2a02d7dda59fe8dc6b7ffd3f652e2efede5ccf0dd89dfdc8137c5517f3de8407?s=96&d=mm&r=g","caption":"admin-federas"},"sameAs":["https:\/\/www.federassantas.org.br\/novosite\/"],"url":"https:\/\/www.federassantas.org.br\/novosite\/author\/admin-federas\/"}]}},"_links":{"self":[{"href":"https:\/\/www.federassantas.org.br\/novosite\/wp-json\/wp\/v2\/posts\/18548","targetHints":{"allow":["GET"]}}],"collection":[{"href":"https:\/\/www.federassantas.org.br\/novosite\/wp-json\/wp\/v2\/posts"}],"about":[{"href":"https:\/\/www.federassantas.org.br\/novosite\/wp-json\/wp\/v2\/types\/post"}],"author":[{"embeddable":true,"href":"https:\/\/www.federassantas.org.br\/novosite\/wp-json\/wp\/v2\/users\/1"}],"replies":[{"embeddable":true,"href":"https:\/\/www.federassantas.org.br\/novosite\/wp-json\/wp\/v2\/comments?post=18548"}],"version-history":[{"count":0,"href":"https:\/\/www.federassantas.org.br\/novosite\/wp-json\/wp\/v2\/posts\/18548\/revisions"}],"wp:featuredmedia":[{"embeddable":true,"href":"https:\/\/www.federassantas.org.br\/novosite\/wp-json\/"}],"wp:attachment":[{"href":"https:\/\/www.federassantas.org.br\/novosite\/wp-json\/wp\/v2\/media?parent=18548"}],"wp:term":[{"taxonomy":"category","embeddable":true,"href":"https:\/\/www.federassantas.org.br\/novosite\/wp-json\/wp\/v2\/categories?post=18548"},{"taxonomy":"post_tag","embeddable":true,"href":"https:\/\/www.federassantas.org.br\/novosite\/wp-json\/wp\/v2\/tags?post=18548"}],"curies":[{"name":"wp","href":"https:\/\/api.w.org\/{rel}","templated":true}]}}