{"id":18570,"date":"2020-05-15T12:21:05","date_gmt":"2020-05-15T15:21:05","guid":{"rendered":"https:\/\/federasbackup.meltcomunicacao.com.br\/?p=18570"},"modified":"2020-05-15T12:21:05","modified_gmt":"2020-05-15T15:21:05","slug":"novo-cronograma-para-execucao-de-emendas-estaduais","status":"publish","type":"post","link":"https:\/\/www.federassantas.org.br\/novosite\/novo-cronograma-para-execucao-de-emendas-estaduais\/","title":{"rendered":"Novo cronograma para execu\u00e7\u00e3o de emendas estaduais"},"content":{"rendered":"<p style=\"text-align: justify;\">Foi aprovado o Projeto de Lei (PL) 1.938\/20, do governador Romeu Zema. A proposi\u00e7\u00e3o institui novo cronograma de prazos e datas para ado\u00e7\u00e3o das medidas para execu\u00e7\u00e3o das programa\u00e7\u00f5es or\u00e7ament\u00e1rias inclu\u00eddas ou acrescidas por emendas na Lei Or\u00e7ament\u00e1ria Anual (LOA), exerc\u00edcio de 2020. As emendas parlamentares podem ser individuais, de blocos e de bancada.<\/p>\n<p>&#8211; Para a execu\u00e7\u00e3o do cronograma ser\u00e3o observados os prazos previstos no PROJETO DE LEI N\u00ba 1.938\/2020<\/p>\n<p>Dispon\u00edvel em: <a href=\"https:\/\/www.almg.gov.br\/atividade_parlamentar\/tramitacao_projetos\/texto.html?a=2020&amp;n=1938&amp;t=PL\">https:\/\/www.almg.gov.br\/atividade_parlamentar\/tramitacao_projetos\/texto.html?a=2020&amp;n=1938&amp;t=PL<\/a><\/p>\n","protected":false},"excerpt":{"rendered":"<p>Foi aprovado o Projeto de Lei (PL) 1.938\/20, do governador Romeu Zema. A proposi\u00e7\u00e3o institui novo cronograma de prazos e datas para ado\u00e7\u00e3o das medidas para execu\u00e7\u00e3o das programa\u00e7\u00f5es or\u00e7ament\u00e1rias inclu\u00eddas ou acrescidas por emendas na Lei Or\u00e7ament\u00e1ria Anual (LOA), exerc\u00edcio de 2020. As emendas parlamentares podem ser individuais, de blocos e de bancada. &#8211; [&hellip;]<\/p>\n","protected":false},"author":1,"featured_media":18516,"comment_status":"open","ping_status":"open","sticky":false,"template":"","format":"standard","meta":{"footnotes":""},"categories":[140,141],"tags":[],"class_list":["post-18570","post","type-post","status-publish","format-standard","has-post-thumbnail","hentry","category-noticias","category-noticias-federassantas"],"yoast_head":"<!-- This site is optimized with the Yoast SEO plugin v26.9 - https:\/\/yoast.com\/product\/yoast-seo-wordpress\/ -->\n<title>Novo cronograma para execu\u00e7\u00e3o de emendas estaduais - Federassantas<\/title>\n<meta name=\"robots\" content=\"index, follow, max-snippet:-1, max-image-preview:large, max-video-preview:-1\" \/>\n<link rel=\"canonical\" href=\"https:\/\/www.federassantas.org.br\/novosite\/novo-cronograma-para-execucao-de-emendas-estaduais\/\" \/>\n<meta property=\"og:locale\" content=\"pt_BR\" \/>\n<meta property=\"og:type\" content=\"article\" \/>\n<meta property=\"og:title\" content=\"Novo cronograma para execu\u00e7\u00e3o de emendas estaduais - Federassantas\" \/>\n<meta property=\"og:description\" content=\"Foi aprovado o Projeto de Lei (PL) 1.938\/20, do governador Romeu Zema. A proposi\u00e7\u00e3o institui novo cronograma de prazos e datas para ado\u00e7\u00e3o das medidas para execu\u00e7\u00e3o das programa\u00e7\u00f5es or\u00e7ament\u00e1rias inclu\u00eddas ou acrescidas por emendas na Lei Or\u00e7ament\u00e1ria Anual (LOA), exerc\u00edcio de 2020. As emendas parlamentares podem ser individuais, de blocos e de bancada. &#8211; [&hellip;]\" \/>\n<meta property=\"og:url\" content=\"https:\/\/www.federassantas.org.br\/novosite\/novo-cronograma-para-execucao-de-emendas-estaduais\/\" \/>\n<meta property=\"og:site_name\" content=\"Federassantas\" \/>\n<meta property=\"article:published_time\" content=\"2020-05-15T15:21:05+00:00\" \/>\n<meta name=\"author\" content=\"admin-federas\" \/>\n<meta name=\"twitter:card\" content=\"summary_large_image\" \/>\n<meta name=\"twitter:label1\" content=\"Escrito por\" \/>\n\t<meta name=\"twitter:data1\" content=\"admin-federas\" \/>\n\t<meta name=\"twitter:label2\" content=\"Est. tempo de leitura\" \/>\n\t<meta name=\"twitter:data2\" content=\"1 minuto\" \/>\n<script type=\"application\/ld+json\" class=\"yoast-schema-graph\">{\"@context\":\"https:\/\/schema.org\",\"@graph\":[{\"@type\":\"Article\",\"@id\":\"https:\/\/www.federassantas.org.br\/novosite\/novo-cronograma-para-execucao-de-emendas-estaduais\/#article\",\"isPartOf\":{\"@id\":\"https:\/\/www.federassantas.org.br\/novosite\/novo-cronograma-para-execucao-de-emendas-estaduais\/\"},\"author\":{\"name\":\"admin-federas\",\"@id\":\"https:\/\/www.federassantas.org.br\/novosite\/#\/schema\/person\/75fed98158349313fe56175f232f513c\"},\"headline\":\"Novo cronograma para execu\u00e7\u00e3o de emendas estaduais\",\"datePublished\":\"2020-05-15T15:21:05+00:00\",\"mainEntityOfPage\":{\"@id\":\"https:\/\/www.federassantas.org.br\/novosite\/novo-cronograma-para-execucao-de-emendas-estaduais\/\"},\"wordCount\":108,\"commentCount\":0,\"publisher\":{\"@id\":\"https:\/\/www.federassantas.org.br\/novosite\/#organization\"},\"image\":{\"@id\":\"https:\/\/www.federassantas.org.br\/novosite\/novo-cronograma-para-execucao-de-emendas-estaduais\/#primaryimage\"},\"thumbnailUrl\":\"\",\"articleSection\":[\"Not\u00edcias\",\"Not\u00edcias Federassantas\"],\"inLanguage\":\"pt-BR\",\"potentialAction\":[{\"@type\":\"CommentAction\",\"name\":\"Comment\",\"target\":[\"https:\/\/www.federassantas.org.br\/novosite\/novo-cronograma-para-execucao-de-emendas-estaduais\/#respond\"]}]},{\"@type\":\"WebPage\",\"@id\":\"https:\/\/www.federassantas.org.br\/novosite\/novo-cronograma-para-execucao-de-emendas-estaduais\/\",\"url\":\"https:\/\/www.federassantas.org.br\/novosite\/novo-cronograma-para-execucao-de-emendas-estaduais\/\",\"name\":\"Novo cronograma para execu\u00e7\u00e3o de emendas estaduais - Federassantas\",\"isPartOf\":{\"@id\":\"https:\/\/www.federassantas.org.br\/novosite\/#website\"},\"primaryImageOfPage\":{\"@id\":\"https:\/\/www.federassantas.org.br\/novosite\/novo-cronograma-para-execucao-de-emendas-estaduais\/#primaryimage\"},\"image\":{\"@id\":\"https:\/\/www.federassantas.org.br\/novosite\/novo-cronograma-para-execucao-de-emendas-estaduais\/#primaryimage\"},\"thumbnailUrl\":\"\",\"datePublished\":\"2020-05-15T15:21:05+00:00\",\"breadcrumb\":{\"@id\":\"https:\/\/www.federassantas.org.br\/novosite\/novo-cronograma-para-execucao-de-emendas-estaduais\/#breadcrumb\"},\"inLanguage\":\"pt-BR\",\"potentialAction\":[{\"@type\":\"ReadAction\",\"target\":[\"https:\/\/www.federassantas.org.br\/novosite\/novo-cronograma-para-execucao-de-emendas-estaduais\/\"]}]},{\"@type\":\"ImageObject\",\"inLanguage\":\"pt-BR\",\"@id\":\"https:\/\/www.federassantas.org.br\/novosite\/novo-cronograma-para-execucao-de-emendas-estaduais\/#primaryimage\",\"url\":\"\",\"contentUrl\":\"\"},{\"@type\":\"BreadcrumbList\",\"@id\":\"https:\/\/www.federassantas.org.br\/novosite\/novo-cronograma-para-execucao-de-emendas-estaduais\/#breadcrumb\",\"itemListElement\":[{\"@type\":\"ListItem\",\"position\":1,\"name\":\"In\u00edcio\",\"item\":\"https:\/\/www.federassantas.org.br\/novosite\/\"},{\"@type\":\"ListItem\",\"position\":2,\"name\":\"Novo cronograma para execu\u00e7\u00e3o de emendas estaduais\"}]},{\"@type\":\"WebSite\",\"@id\":\"https:\/\/www.federassantas.org.br\/novosite\/#website\",\"url\":\"https:\/\/www.federassantas.org.br\/novosite\/\",\"name\":\"Federassantas\",\"description\":\"Fed. das Santas Casas e Hospitais Filantr\u00f3picos de MG\",\"publisher\":{\"@id\":\"https:\/\/www.federassantas.org.br\/novosite\/#organization\"},\"potentialAction\":[{\"@type\":\"SearchAction\",\"target\":{\"@type\":\"EntryPoint\",\"urlTemplate\":\"https:\/\/www.federassantas.org.br\/novosite\/?s={search_term_string}\"},\"query-input\":{\"@type\":\"PropertyValueSpecification\",\"valueRequired\":true,\"valueName\":\"search_term_string\"}}],\"inLanguage\":\"pt-BR\"},{\"@type\":\"Organization\",\"@id\":\"https:\/\/www.federassantas.org.br\/novosite\/#organization\",\"name\":\"Federassantas\",\"url\":\"https:\/\/www.federassantas.org.br\/novosite\/\",\"logo\":{\"@type\":\"ImageObject\",\"inLanguage\":\"pt-BR\",\"@id\":\"https:\/\/www.federassantas.org.br\/novosite\/#\/schema\/logo\/image\/\",\"url\":\"https:\/\/www.federassantas.org.br\/novosite\/wp-content\/uploads\/2021\/12\/logo.png\",\"contentUrl\":\"https:\/\/www.federassantas.org.br\/novosite\/wp-content\/uploads\/2021\/12\/logo.png\",\"width\":243,\"height\":59,\"caption\":\"Federassantas\"},\"image\":{\"@id\":\"https:\/\/www.federassantas.org.br\/novosite\/#\/schema\/logo\/image\/\"}},{\"@type\":\"Person\",\"@id\":\"https:\/\/www.federassantas.org.br\/novosite\/#\/schema\/person\/75fed98158349313fe56175f232f513c\",\"name\":\"admin-federas\",\"image\":{\"@type\":\"ImageObject\",\"inLanguage\":\"pt-BR\",\"@id\":\"https:\/\/www.federassantas.org.br\/novosite\/#\/schema\/person\/image\/\",\"url\":\"https:\/\/secure.gravatar.com\/avatar\/2a02d7dda59fe8dc6b7ffd3f652e2efede5ccf0dd89dfdc8137c5517f3de8407?s=96&d=mm&r=g\",\"contentUrl\":\"https:\/\/secure.gravatar.com\/avatar\/2a02d7dda59fe8dc6b7ffd3f652e2efede5ccf0dd89dfdc8137c5517f3de8407?s=96&d=mm&r=g\",\"caption\":\"admin-federas\"},\"sameAs\":[\"https:\/\/www.federassantas.org.br\/novosite\/\"],\"url\":\"https:\/\/www.federassantas.org.br\/novosite\/author\/admin-federas\/\"}]}<\/script>\n<!-- \/ Yoast SEO plugin. -->","yoast_head_json":{"title":"Novo cronograma para execu\u00e7\u00e3o de emendas estaduais - Federassantas","robots":{"index":"index","follow":"follow","max-snippet":"max-snippet:-1","max-image-preview":"max-image-preview:large","max-video-preview":"max-video-preview:-1"},"canonical":"https:\/\/www.federassantas.org.br\/novosite\/novo-cronograma-para-execucao-de-emendas-estaduais\/","og_locale":"pt_BR","og_type":"article","og_title":"Novo cronograma para execu\u00e7\u00e3o de emendas estaduais - Federassantas","og_description":"Foi aprovado o Projeto de Lei (PL) 1.938\/20, do governador Romeu Zema. A proposi\u00e7\u00e3o institui novo cronograma de prazos e datas para ado\u00e7\u00e3o das medidas para execu\u00e7\u00e3o das programa\u00e7\u00f5es or\u00e7ament\u00e1rias inclu\u00eddas ou acrescidas por emendas na Lei Or\u00e7ament\u00e1ria Anual (LOA), exerc\u00edcio de 2020. As emendas parlamentares podem ser individuais, de blocos e de bancada. &#8211; [&hellip;]","og_url":"https:\/\/www.federassantas.org.br\/novosite\/novo-cronograma-para-execucao-de-emendas-estaduais\/","og_site_name":"Federassantas","article_published_time":"2020-05-15T15:21:05+00:00","author":"admin-federas","twitter_card":"summary_large_image","twitter_misc":{"Escrito por":"admin-federas","Est. tempo de leitura":"1 minuto"},"schema":{"@context":"https:\/\/schema.org","@graph":[{"@type":"Article","@id":"https:\/\/www.federassantas.org.br\/novosite\/novo-cronograma-para-execucao-de-emendas-estaduais\/#article","isPartOf":{"@id":"https:\/\/www.federassantas.org.br\/novosite\/novo-cronograma-para-execucao-de-emendas-estaduais\/"},"author":{"name":"admin-federas","@id":"https:\/\/www.federassantas.org.br\/novosite\/#\/schema\/person\/75fed98158349313fe56175f232f513c"},"headline":"Novo cronograma para execu\u00e7\u00e3o de emendas estaduais","datePublished":"2020-05-15T15:21:05+00:00","mainEntityOfPage":{"@id":"https:\/\/www.federassantas.org.br\/novosite\/novo-cronograma-para-execucao-de-emendas-estaduais\/"},"wordCount":108,"commentCount":0,"publisher":{"@id":"https:\/\/www.federassantas.org.br\/novosite\/#organization"},"image":{"@id":"https:\/\/www.federassantas.org.br\/novosite\/novo-cronograma-para-execucao-de-emendas-estaduais\/#primaryimage"},"thumbnailUrl":"","articleSection":["Not\u00edcias","Not\u00edcias Federassantas"],"inLanguage":"pt-BR","potentialAction":[{"@type":"CommentAction","name":"Comment","target":["https:\/\/www.federassantas.org.br\/novosite\/novo-cronograma-para-execucao-de-emendas-estaduais\/#respond"]}]},{"@type":"WebPage","@id":"https:\/\/www.federassantas.org.br\/novosite\/novo-cronograma-para-execucao-de-emendas-estaduais\/","url":"https:\/\/www.federassantas.org.br\/novosite\/novo-cronograma-para-execucao-de-emendas-estaduais\/","name":"Novo cronograma para execu\u00e7\u00e3o de emendas estaduais - Federassantas","isPartOf":{"@id":"https:\/\/www.federassantas.org.br\/novosite\/#website"},"primaryImageOfPage":{"@id":"https:\/\/www.federassantas.org.br\/novosite\/novo-cronograma-para-execucao-de-emendas-estaduais\/#primaryimage"},"image":{"@id":"https:\/\/www.federassantas.org.br\/novosite\/novo-cronograma-para-execucao-de-emendas-estaduais\/#primaryimage"},"thumbnailUrl":"","datePublished":"2020-05-15T15:21:05+00:00","breadcrumb":{"@id":"https:\/\/www.federassantas.org.br\/novosite\/novo-cronograma-para-execucao-de-emendas-estaduais\/#breadcrumb"},"inLanguage":"pt-BR","potentialAction":[{"@type":"ReadAction","target":["https:\/\/www.federassantas.org.br\/novosite\/novo-cronograma-para-execucao-de-emendas-estaduais\/"]}]},{"@type":"ImageObject","inLanguage":"pt-BR","@id":"https:\/\/www.federassantas.org.br\/novosite\/novo-cronograma-para-execucao-de-emendas-estaduais\/#primaryimage","url":"","contentUrl":""},{"@type":"BreadcrumbList","@id":"https:\/\/www.federassantas.org.br\/novosite\/novo-cronograma-para-execucao-de-emendas-estaduais\/#breadcrumb","itemListElement":[{"@type":"ListItem","position":1,"name":"In\u00edcio","item":"https:\/\/www.federassantas.org.br\/novosite\/"},{"@type":"ListItem","position":2,"name":"Novo cronograma para execu\u00e7\u00e3o de emendas estaduais"}]},{"@type":"WebSite","@id":"https:\/\/www.federassantas.org.br\/novosite\/#website","url":"https:\/\/www.federassantas.org.br\/novosite\/","name":"Federassantas","description":"Fed. das Santas Casas e Hospitais Filantr\u00f3picos de MG","publisher":{"@id":"https:\/\/www.federassantas.org.br\/novosite\/#organization"},"potentialAction":[{"@type":"SearchAction","target":{"@type":"EntryPoint","urlTemplate":"https:\/\/www.federassantas.org.br\/novosite\/?s={search_term_string}"},"query-input":{"@type":"PropertyValueSpecification","valueRequired":true,"valueName":"search_term_string"}}],"inLanguage":"pt-BR"},{"@type":"Organization","@id":"https:\/\/www.federassantas.org.br\/novosite\/#organization","name":"Federassantas","url":"https:\/\/www.federassantas.org.br\/novosite\/","logo":{"@type":"ImageObject","inLanguage":"pt-BR","@id":"https:\/\/www.federassantas.org.br\/novosite\/#\/schema\/logo\/image\/","url":"https:\/\/www.federassantas.org.br\/novosite\/wp-content\/uploads\/2021\/12\/logo.png","contentUrl":"https:\/\/www.federassantas.org.br\/novosite\/wp-content\/uploads\/2021\/12\/logo.png","width":243,"height":59,"caption":"Federassantas"},"image":{"@id":"https:\/\/www.federassantas.org.br\/novosite\/#\/schema\/logo\/image\/"}},{"@type":"Person","@id":"https:\/\/www.federassantas.org.br\/novosite\/#\/schema\/person\/75fed98158349313fe56175f232f513c","name":"admin-federas","image":{"@type":"ImageObject","inLanguage":"pt-BR","@id":"https:\/\/www.federassantas.org.br\/novosite\/#\/schema\/person\/image\/","url":"https:\/\/secure.gravatar.com\/avatar\/2a02d7dda59fe8dc6b7ffd3f652e2efede5ccf0dd89dfdc8137c5517f3de8407?s=96&d=mm&r=g","contentUrl":"https:\/\/secure.gravatar.com\/avatar\/2a02d7dda59fe8dc6b7ffd3f652e2efede5ccf0dd89dfdc8137c5517f3de8407?s=96&d=mm&r=g","caption":"admin-federas"},"sameAs":["https:\/\/www.federassantas.org.br\/novosite\/"],"url":"https:\/\/www.federassantas.org.br\/novosite\/author\/admin-federas\/"}]}},"_links":{"self":[{"href":"https:\/\/www.federassantas.org.br\/novosite\/wp-json\/wp\/v2\/posts\/18570","targetHints":{"allow":["GET"]}}],"collection":[{"href":"https:\/\/www.federassantas.org.br\/novosite\/wp-json\/wp\/v2\/posts"}],"about":[{"href":"https:\/\/www.federassantas.org.br\/novosite\/wp-json\/wp\/v2\/types\/post"}],"author":[{"embeddable":true,"href":"https:\/\/www.federassantas.org.br\/novosite\/wp-json\/wp\/v2\/users\/1"}],"replies":[{"embeddable":true,"href":"https:\/\/www.federassantas.org.br\/novosite\/wp-json\/wp\/v2\/comments?post=18570"}],"version-history":[{"count":0,"href":"https:\/\/www.federassantas.org.br\/novosite\/wp-json\/wp\/v2\/posts\/18570\/revisions"}],"wp:featuredmedia":[{"embeddable":true,"href":"https:\/\/www.federassantas.org.br\/novosite\/wp-json\/"}],"wp:attachment":[{"href":"https:\/\/www.federassantas.org.br\/novosite\/wp-json\/wp\/v2\/media?parent=18570"}],"wp:term":[{"taxonomy":"category","embeddable":true,"href":"https:\/\/www.federassantas.org.br\/novosite\/wp-json\/wp\/v2\/categories?post=18570"},{"taxonomy":"post_tag","embeddable":true,"href":"https:\/\/www.federassantas.org.br\/novosite\/wp-json\/wp\/v2\/tags?post=18570"}],"curies":[{"name":"wp","href":"https:\/\/api.w.org\/{rel}","templated":true}]}}