{"id":18621,"date":"2020-05-21T15:11:02","date_gmt":"2020-05-21T18:11:02","guid":{"rendered":"https:\/\/federasbackup.meltcomunicacao.com.br\/?p=18621"},"modified":"2020-05-21T15:11:02","modified_gmt":"2020-05-21T18:11:02","slug":"governo-de-minas-disponibiliza-mais-288-leitos-de-uti","status":"publish","type":"post","link":"https:\/\/www.federassantas.org.br\/novosite\/governo-de-minas-disponibiliza-mais-288-leitos-de-uti\/","title":{"rendered":"Governo de Minas disponibiliza mais 288 leitos de UTI"},"content":{"rendered":"<p style=\"text-align: justify;\">O governador Romeu Zema anunciou, nesta quarta-feira (20\/5), a libera\u00e7\u00e3o de mais 288 leitos de Unidade de Terapia Intensiva (UTI). Com esse incremento, j\u00e1 s\u00e3o 656 leitos reativados em todas as regi\u00f5es mineiras, totalizando 2.669 leitos de UTI na rede SUS estadual. Dessa forma, o Estado d\u00e1 mais um passo importante no enfrentamento \u00e0 pandemia, preparando-se para uma eventual inclina\u00e7\u00e3o da curva do n\u00famero de infectados.<\/p>\n<p style=\"text-align: justify;\">De acordo com Zema, a expans\u00e3o \u00e9 fruto do mapeamento dos leitos de UTI desativados em toda rede hospitalar do estado, ou leitos de UTI em que faltavam equipamentos. \u201cApesar de estarmos com a pandemia bem controlada em Minas, \u00e9 sempre prudente se preparar para uma situa\u00e7\u00e3o mais grave\u201d, alertou.<\/p>\n<p style=\"text-align: justify;\">Desde o momento em que foi confirmada a transmiss\u00e3o comunit\u00e1ria do coronav\u00edrus em Minas Gerais, o Estado tem tomado medidas visando \u00e0 maior estrutura\u00e7\u00e3o da rede de Sa\u00fade, com a amplia\u00e7\u00e3o dos leitos hospitalares. Minas contava, em fevereiro, com 2.013 leitos de UTI no SUSF\u00e1cilMG, programa estadual para regula\u00e7\u00e3o do acesso aos leitos.<\/p>\n<p style=\"text-align: justify;\">Com o esfor\u00e7o conjunto, organizado pela Secretaria de Estado de Sa\u00fade (SES-MG) junto aos munic\u00edpios, com apoio e recursos da iniciativa privada e tamb\u00e9m municipais, estadual e federal, foram agregados, na primeira quinzena de abril, 50 leitos \u00e0 Funda\u00e7\u00e3o Hospitalar do Estado de Minas Gerais (Fhemig).<\/p>\n<p style=\"text-align: justify;\">Tamb\u00e9m em abril, outros 368 foram disponibilizados em hospitais prestadores de servi\u00e7os ao SUS. Com o incremento anunciado hoje, Minas conta atualmente com 2.669 leitos de terapia intensiva na rede SUS estadual. Os 656 liberados representam 24,5% deste total.<\/p>\n<p style=\"text-align: justify;\">Veja reportagem completa em\u00a0<a href=\"https:\/\/www.saude.mg.gov.br\/component\/gmg\/story\/12750-governo-de-minas-disponibiliza-mais-288-leitos-de-uti\">https:\/\/www.saude.mg.gov.br\/component\/gmg\/story\/12750-governo-de-minas-disponibiliza-mais-288-leitos-de-uti<\/a><\/p>\n<p>Fonte:<em>\u00a0Ag\u00eancia Minas<\/em><\/p>\n","protected":false},"excerpt":{"rendered":"<p>O governador Romeu Zema anunciou, nesta quarta-feira (20\/5), a libera\u00e7\u00e3o de mais 288 leitos de Unidade de Terapia Intensiva (UTI). Com esse incremento, j\u00e1 s\u00e3o 656 leitos reativados em todas as regi\u00f5es mineiras, totalizando 2.669 leitos de UTI na rede SUS estadual. Dessa forma, o Estado d\u00e1 mais um passo importante no enfrentamento \u00e0 pandemia, [&hellip;]<\/p>\n","protected":false},"author":1,"featured_media":18622,"comment_status":"open","ping_status":"open","sticky":false,"template":"","format":"standard","meta":{"footnotes":""},"categories":[140],"tags":[],"class_list":["post-18621","post","type-post","status-publish","format-standard","has-post-thumbnail","hentry","category-noticias"],"yoast_head":"<!-- This site is optimized with the Yoast SEO plugin v26.9 - https:\/\/yoast.com\/product\/yoast-seo-wordpress\/ -->\n<title>Governo de Minas disponibiliza mais 288 leitos de UTI - Federassantas<\/title>\n<meta name=\"robots\" content=\"index, follow, max-snippet:-1, max-image-preview:large, max-video-preview:-1\" \/>\n<link rel=\"canonical\" href=\"https:\/\/www.federassantas.org.br\/novosite\/governo-de-minas-disponibiliza-mais-288-leitos-de-uti\/\" \/>\n<meta property=\"og:locale\" content=\"pt_BR\" \/>\n<meta property=\"og:type\" content=\"article\" \/>\n<meta property=\"og:title\" content=\"Governo de Minas disponibiliza mais 288 leitos de UTI - Federassantas\" \/>\n<meta property=\"og:description\" content=\"O governador Romeu Zema anunciou, nesta quarta-feira (20\/5), a libera\u00e7\u00e3o de mais 288 leitos de Unidade de Terapia Intensiva (UTI). Com esse incremento, j\u00e1 s\u00e3o 656 leitos reativados em todas as regi\u00f5es mineiras, totalizando 2.669 leitos de UTI na rede SUS estadual. Dessa forma, o Estado d\u00e1 mais um passo importante no enfrentamento \u00e0 pandemia, [&hellip;]\" \/>\n<meta property=\"og:url\" content=\"https:\/\/www.federassantas.org.br\/novosite\/governo-de-minas-disponibiliza-mais-288-leitos-de-uti\/\" \/>\n<meta property=\"og:site_name\" content=\"Federassantas\" \/>\n<meta property=\"article:published_time\" content=\"2020-05-21T18:11:02+00:00\" \/>\n<meta name=\"author\" content=\"admin-federas\" \/>\n<meta name=\"twitter:card\" content=\"summary_large_image\" \/>\n<meta name=\"twitter:label1\" content=\"Escrito por\" \/>\n\t<meta name=\"twitter:data1\" content=\"admin-federas\" \/>\n\t<meta name=\"twitter:label2\" content=\"Est. tempo de leitura\" \/>\n\t<meta name=\"twitter:data2\" content=\"1 minuto\" \/>\n<script type=\"application\/ld+json\" class=\"yoast-schema-graph\">{\"@context\":\"https:\/\/schema.org\",\"@graph\":[{\"@type\":\"Article\",\"@id\":\"https:\/\/www.federassantas.org.br\/novosite\/governo-de-minas-disponibiliza-mais-288-leitos-de-uti\/#article\",\"isPartOf\":{\"@id\":\"https:\/\/www.federassantas.org.br\/novosite\/governo-de-minas-disponibiliza-mais-288-leitos-de-uti\/\"},\"author\":{\"name\":\"admin-federas\",\"@id\":\"https:\/\/www.federassantas.org.br\/novosite\/#\/schema\/person\/75fed98158349313fe56175f232f513c\"},\"headline\":\"Governo de Minas disponibiliza mais 288 leitos de UTI\",\"datePublished\":\"2020-05-21T18:11:02+00:00\",\"mainEntityOfPage\":{\"@id\":\"https:\/\/www.federassantas.org.br\/novosite\/governo-de-minas-disponibiliza-mais-288-leitos-de-uti\/\"},\"wordCount\":288,\"commentCount\":0,\"publisher\":{\"@id\":\"https:\/\/www.federassantas.org.br\/novosite\/#organization\"},\"image\":{\"@id\":\"https:\/\/www.federassantas.org.br\/novosite\/governo-de-minas-disponibiliza-mais-288-leitos-de-uti\/#primaryimage\"},\"thumbnailUrl\":\"\",\"articleSection\":[\"Not\u00edcias\"],\"inLanguage\":\"pt-BR\",\"potentialAction\":[{\"@type\":\"CommentAction\",\"name\":\"Comment\",\"target\":[\"https:\/\/www.federassantas.org.br\/novosite\/governo-de-minas-disponibiliza-mais-288-leitos-de-uti\/#respond\"]}]},{\"@type\":\"WebPage\",\"@id\":\"https:\/\/www.federassantas.org.br\/novosite\/governo-de-minas-disponibiliza-mais-288-leitos-de-uti\/\",\"url\":\"https:\/\/www.federassantas.org.br\/novosite\/governo-de-minas-disponibiliza-mais-288-leitos-de-uti\/\",\"name\":\"Governo de Minas disponibiliza mais 288 leitos de UTI - Federassantas\",\"isPartOf\":{\"@id\":\"https:\/\/www.federassantas.org.br\/novosite\/#website\"},\"primaryImageOfPage\":{\"@id\":\"https:\/\/www.federassantas.org.br\/novosite\/governo-de-minas-disponibiliza-mais-288-leitos-de-uti\/#primaryimage\"},\"image\":{\"@id\":\"https:\/\/www.federassantas.org.br\/novosite\/governo-de-minas-disponibiliza-mais-288-leitos-de-uti\/#primaryimage\"},\"thumbnailUrl\":\"\",\"datePublished\":\"2020-05-21T18:11:02+00:00\",\"breadcrumb\":{\"@id\":\"https:\/\/www.federassantas.org.br\/novosite\/governo-de-minas-disponibiliza-mais-288-leitos-de-uti\/#breadcrumb\"},\"inLanguage\":\"pt-BR\",\"potentialAction\":[{\"@type\":\"ReadAction\",\"target\":[\"https:\/\/www.federassantas.org.br\/novosite\/governo-de-minas-disponibiliza-mais-288-leitos-de-uti\/\"]}]},{\"@type\":\"ImageObject\",\"inLanguage\":\"pt-BR\",\"@id\":\"https:\/\/www.federassantas.org.br\/novosite\/governo-de-minas-disponibiliza-mais-288-leitos-de-uti\/#primaryimage\",\"url\":\"\",\"contentUrl\":\"\"},{\"@type\":\"BreadcrumbList\",\"@id\":\"https:\/\/www.federassantas.org.br\/novosite\/governo-de-minas-disponibiliza-mais-288-leitos-de-uti\/#breadcrumb\",\"itemListElement\":[{\"@type\":\"ListItem\",\"position\":1,\"name\":\"In\u00edcio\",\"item\":\"https:\/\/www.federassantas.org.br\/novosite\/\"},{\"@type\":\"ListItem\",\"position\":2,\"name\":\"Governo de Minas disponibiliza mais 288 leitos de UTI\"}]},{\"@type\":\"WebSite\",\"@id\":\"https:\/\/www.federassantas.org.br\/novosite\/#website\",\"url\":\"https:\/\/www.federassantas.org.br\/novosite\/\",\"name\":\"Federassantas\",\"description\":\"Fed. das Santas Casas e Hospitais Filantr\u00f3picos de MG\",\"publisher\":{\"@id\":\"https:\/\/www.federassantas.org.br\/novosite\/#organization\"},\"potentialAction\":[{\"@type\":\"SearchAction\",\"target\":{\"@type\":\"EntryPoint\",\"urlTemplate\":\"https:\/\/www.federassantas.org.br\/novosite\/?s={search_term_string}\"},\"query-input\":{\"@type\":\"PropertyValueSpecification\",\"valueRequired\":true,\"valueName\":\"search_term_string\"}}],\"inLanguage\":\"pt-BR\"},{\"@type\":\"Organization\",\"@id\":\"https:\/\/www.federassantas.org.br\/novosite\/#organization\",\"name\":\"Federassantas\",\"url\":\"https:\/\/www.federassantas.org.br\/novosite\/\",\"logo\":{\"@type\":\"ImageObject\",\"inLanguage\":\"pt-BR\",\"@id\":\"https:\/\/www.federassantas.org.br\/novosite\/#\/schema\/logo\/image\/\",\"url\":\"https:\/\/www.federassantas.org.br\/novosite\/wp-content\/uploads\/2021\/12\/logo.png\",\"contentUrl\":\"https:\/\/www.federassantas.org.br\/novosite\/wp-content\/uploads\/2021\/12\/logo.png\",\"width\":243,\"height\":59,\"caption\":\"Federassantas\"},\"image\":{\"@id\":\"https:\/\/www.federassantas.org.br\/novosite\/#\/schema\/logo\/image\/\"}},{\"@type\":\"Person\",\"@id\":\"https:\/\/www.federassantas.org.br\/novosite\/#\/schema\/person\/75fed98158349313fe56175f232f513c\",\"name\":\"admin-federas\",\"image\":{\"@type\":\"ImageObject\",\"inLanguage\":\"pt-BR\",\"@id\":\"https:\/\/www.federassantas.org.br\/novosite\/#\/schema\/person\/image\/\",\"url\":\"https:\/\/secure.gravatar.com\/avatar\/2a02d7dda59fe8dc6b7ffd3f652e2efede5ccf0dd89dfdc8137c5517f3de8407?s=96&d=mm&r=g\",\"contentUrl\":\"https:\/\/secure.gravatar.com\/avatar\/2a02d7dda59fe8dc6b7ffd3f652e2efede5ccf0dd89dfdc8137c5517f3de8407?s=96&d=mm&r=g\",\"caption\":\"admin-federas\"},\"sameAs\":[\"https:\/\/www.federassantas.org.br\/novosite\/\"],\"url\":\"https:\/\/www.federassantas.org.br\/novosite\/author\/admin-federas\/\"}]}<\/script>\n<!-- \/ Yoast SEO plugin. -->","yoast_head_json":{"title":"Governo de Minas disponibiliza mais 288 leitos de UTI - Federassantas","robots":{"index":"index","follow":"follow","max-snippet":"max-snippet:-1","max-image-preview":"max-image-preview:large","max-video-preview":"max-video-preview:-1"},"canonical":"https:\/\/www.federassantas.org.br\/novosite\/governo-de-minas-disponibiliza-mais-288-leitos-de-uti\/","og_locale":"pt_BR","og_type":"article","og_title":"Governo de Minas disponibiliza mais 288 leitos de UTI - Federassantas","og_description":"O governador Romeu Zema anunciou, nesta quarta-feira (20\/5), a libera\u00e7\u00e3o de mais 288 leitos de Unidade de Terapia Intensiva (UTI). Com esse incremento, j\u00e1 s\u00e3o 656 leitos reativados em todas as regi\u00f5es mineiras, totalizando 2.669 leitos de UTI na rede SUS estadual. Dessa forma, o Estado d\u00e1 mais um passo importante no enfrentamento \u00e0 pandemia, [&hellip;]","og_url":"https:\/\/www.federassantas.org.br\/novosite\/governo-de-minas-disponibiliza-mais-288-leitos-de-uti\/","og_site_name":"Federassantas","article_published_time":"2020-05-21T18:11:02+00:00","author":"admin-federas","twitter_card":"summary_large_image","twitter_misc":{"Escrito por":"admin-federas","Est. tempo de leitura":"1 minuto"},"schema":{"@context":"https:\/\/schema.org","@graph":[{"@type":"Article","@id":"https:\/\/www.federassantas.org.br\/novosite\/governo-de-minas-disponibiliza-mais-288-leitos-de-uti\/#article","isPartOf":{"@id":"https:\/\/www.federassantas.org.br\/novosite\/governo-de-minas-disponibiliza-mais-288-leitos-de-uti\/"},"author":{"name":"admin-federas","@id":"https:\/\/www.federassantas.org.br\/novosite\/#\/schema\/person\/75fed98158349313fe56175f232f513c"},"headline":"Governo de Minas disponibiliza mais 288 leitos de UTI","datePublished":"2020-05-21T18:11:02+00:00","mainEntityOfPage":{"@id":"https:\/\/www.federassantas.org.br\/novosite\/governo-de-minas-disponibiliza-mais-288-leitos-de-uti\/"},"wordCount":288,"commentCount":0,"publisher":{"@id":"https:\/\/www.federassantas.org.br\/novosite\/#organization"},"image":{"@id":"https:\/\/www.federassantas.org.br\/novosite\/governo-de-minas-disponibiliza-mais-288-leitos-de-uti\/#primaryimage"},"thumbnailUrl":"","articleSection":["Not\u00edcias"],"inLanguage":"pt-BR","potentialAction":[{"@type":"CommentAction","name":"Comment","target":["https:\/\/www.federassantas.org.br\/novosite\/governo-de-minas-disponibiliza-mais-288-leitos-de-uti\/#respond"]}]},{"@type":"WebPage","@id":"https:\/\/www.federassantas.org.br\/novosite\/governo-de-minas-disponibiliza-mais-288-leitos-de-uti\/","url":"https:\/\/www.federassantas.org.br\/novosite\/governo-de-minas-disponibiliza-mais-288-leitos-de-uti\/","name":"Governo de Minas disponibiliza mais 288 leitos de UTI - Federassantas","isPartOf":{"@id":"https:\/\/www.federassantas.org.br\/novosite\/#website"},"primaryImageOfPage":{"@id":"https:\/\/www.federassantas.org.br\/novosite\/governo-de-minas-disponibiliza-mais-288-leitos-de-uti\/#primaryimage"},"image":{"@id":"https:\/\/www.federassantas.org.br\/novosite\/governo-de-minas-disponibiliza-mais-288-leitos-de-uti\/#primaryimage"},"thumbnailUrl":"","datePublished":"2020-05-21T18:11:02+00:00","breadcrumb":{"@id":"https:\/\/www.federassantas.org.br\/novosite\/governo-de-minas-disponibiliza-mais-288-leitos-de-uti\/#breadcrumb"},"inLanguage":"pt-BR","potentialAction":[{"@type":"ReadAction","target":["https:\/\/www.federassantas.org.br\/novosite\/governo-de-minas-disponibiliza-mais-288-leitos-de-uti\/"]}]},{"@type":"ImageObject","inLanguage":"pt-BR","@id":"https:\/\/www.federassantas.org.br\/novosite\/governo-de-minas-disponibiliza-mais-288-leitos-de-uti\/#primaryimage","url":"","contentUrl":""},{"@type":"BreadcrumbList","@id":"https:\/\/www.federassantas.org.br\/novosite\/governo-de-minas-disponibiliza-mais-288-leitos-de-uti\/#breadcrumb","itemListElement":[{"@type":"ListItem","position":1,"name":"In\u00edcio","item":"https:\/\/www.federassantas.org.br\/novosite\/"},{"@type":"ListItem","position":2,"name":"Governo de Minas disponibiliza mais 288 leitos de UTI"}]},{"@type":"WebSite","@id":"https:\/\/www.federassantas.org.br\/novosite\/#website","url":"https:\/\/www.federassantas.org.br\/novosite\/","name":"Federassantas","description":"Fed. das Santas Casas e Hospitais Filantr\u00f3picos de MG","publisher":{"@id":"https:\/\/www.federassantas.org.br\/novosite\/#organization"},"potentialAction":[{"@type":"SearchAction","target":{"@type":"EntryPoint","urlTemplate":"https:\/\/www.federassantas.org.br\/novosite\/?s={search_term_string}"},"query-input":{"@type":"PropertyValueSpecification","valueRequired":true,"valueName":"search_term_string"}}],"inLanguage":"pt-BR"},{"@type":"Organization","@id":"https:\/\/www.federassantas.org.br\/novosite\/#organization","name":"Federassantas","url":"https:\/\/www.federassantas.org.br\/novosite\/","logo":{"@type":"ImageObject","inLanguage":"pt-BR","@id":"https:\/\/www.federassantas.org.br\/novosite\/#\/schema\/logo\/image\/","url":"https:\/\/www.federassantas.org.br\/novosite\/wp-content\/uploads\/2021\/12\/logo.png","contentUrl":"https:\/\/www.federassantas.org.br\/novosite\/wp-content\/uploads\/2021\/12\/logo.png","width":243,"height":59,"caption":"Federassantas"},"image":{"@id":"https:\/\/www.federassantas.org.br\/novosite\/#\/schema\/logo\/image\/"}},{"@type":"Person","@id":"https:\/\/www.federassantas.org.br\/novosite\/#\/schema\/person\/75fed98158349313fe56175f232f513c","name":"admin-federas","image":{"@type":"ImageObject","inLanguage":"pt-BR","@id":"https:\/\/www.federassantas.org.br\/novosite\/#\/schema\/person\/image\/","url":"https:\/\/secure.gravatar.com\/avatar\/2a02d7dda59fe8dc6b7ffd3f652e2efede5ccf0dd89dfdc8137c5517f3de8407?s=96&d=mm&r=g","contentUrl":"https:\/\/secure.gravatar.com\/avatar\/2a02d7dda59fe8dc6b7ffd3f652e2efede5ccf0dd89dfdc8137c5517f3de8407?s=96&d=mm&r=g","caption":"admin-federas"},"sameAs":["https:\/\/www.federassantas.org.br\/novosite\/"],"url":"https:\/\/www.federassantas.org.br\/novosite\/author\/admin-federas\/"}]}},"_links":{"self":[{"href":"https:\/\/www.federassantas.org.br\/novosite\/wp-json\/wp\/v2\/posts\/18621","targetHints":{"allow":["GET"]}}],"collection":[{"href":"https:\/\/www.federassantas.org.br\/novosite\/wp-json\/wp\/v2\/posts"}],"about":[{"href":"https:\/\/www.federassantas.org.br\/novosite\/wp-json\/wp\/v2\/types\/post"}],"author":[{"embeddable":true,"href":"https:\/\/www.federassantas.org.br\/novosite\/wp-json\/wp\/v2\/users\/1"}],"replies":[{"embeddable":true,"href":"https:\/\/www.federassantas.org.br\/novosite\/wp-json\/wp\/v2\/comments?post=18621"}],"version-history":[{"count":0,"href":"https:\/\/www.federassantas.org.br\/novosite\/wp-json\/wp\/v2\/posts\/18621\/revisions"}],"wp:featuredmedia":[{"embeddable":true,"href":"https:\/\/www.federassantas.org.br\/novosite\/wp-json\/"}],"wp:attachment":[{"href":"https:\/\/www.federassantas.org.br\/novosite\/wp-json\/wp\/v2\/media?parent=18621"}],"wp:term":[{"taxonomy":"category","embeddable":true,"href":"https:\/\/www.federassantas.org.br\/novosite\/wp-json\/wp\/v2\/categories?post=18621"},{"taxonomy":"post_tag","embeddable":true,"href":"https:\/\/www.federassantas.org.br\/novosite\/wp-json\/wp\/v2\/tags?post=18621"}],"curies":[{"name":"wp","href":"https:\/\/api.w.org\/{rel}","templated":true}]}}