{"id":18632,"date":"2020-05-22T11:49:18","date_gmt":"2020-05-22T14:49:18","guid":{"rendered":"https:\/\/federasbackup.meltcomunicacao.com.br\/?p=18632"},"modified":"2020-05-22T11:49:18","modified_gmt":"2020-05-22T14:49:18","slug":"instituto-mario-penna-recebe-doacao-do-ministerio-publico-do-trabalho-e-inaugura-44-leitos-para-atendimento-a-covid-19","status":"publish","type":"post","link":"https:\/\/www.federassantas.org.br\/novosite\/instituto-mario-penna-recebe-doacao-do-ministerio-publico-do-trabalho-e-inaugura-44-leitos-para-atendimento-a-covid-19\/","title":{"rendered":"Instituto M\u00e1rio Penna recebe doa\u00e7\u00e3o do Minist\u00e9rio P\u00fablico do Trabalho e inaugura 44 leitos para atendimento \u00e0 Covid-19"},"content":{"rendered":"<p style=\"font-weight: 400; text-align: justify;\"><em>Ala faz uma homenagem aos atingidos pela trag\u00e9dia em Brumadinho<\/em><\/p>\n<p style=\"font-weight: 400; text-align: justify;\">O Hospital Luxemburgo, unidade do Instituto M\u00e1rio Penna, inaugurou na manh\u00e3 desta quinta-feira (21), a nova ala para atendimentos exclusivos de pacientes com o coronav\u00edrus.\u00a0O local conta com 13 novas enfermarias e 44 leitos. A constru\u00e7\u00e3o foi viabilizada\u00a0ap\u00f3s a Justi\u00e7a obrigar a mineradora Vale a depositar R$ 38 milh\u00f5es, que seriam da indeniza\u00e7\u00e3o por dano moral coletivo \u00e0s pessoas atingidas pela trag\u00e9dia.<\/p>\n<p style=\"font-weight: 400; text-align: justify;\">Por conta disso, a\u00a0ala faz uma homenagem aos atingidos pela trag\u00e9dia em Brumadinho.\u00a0Na solenidade, a dire\u00e7\u00e3o do Instituto entregou placas como forma de agradecimento ao Coronel Robespierre (Corpo de Bombeiros), ao desembargador Fernando Luiz Gon\u00e7alves (Tribunal Regional da 3\u00aa Regi\u00e3o de Minas Gerais) e Nat\u00e1lia de Oliveira, que veio representando a Avabrum (Associa\u00e7\u00e3o dos Familiares de V\u00edtimas e Atingidos do rompimento da Barragem Mina C\u00f3rrego Feij\u00e3o Brumadinho).<\/p>\n<p style=\"font-weight: 400; text-align: justify;\">O Diretor Administrativo do Instituto M\u00e1rio Penna, Marco Ant\u00f4nio Viana Leite, explicou que futuramente essa nova ala refor\u00e7ar\u00e1 o atendimento oncol\u00f3gico j\u00e1 realiza\u00e7\u00e3o pela Institui\u00e7\u00e3o.<\/p>\n<p style=\"font-weight: 400; text-align: justify;\"><strong>DEPOIMENTOS<\/strong><\/p>\n<p style=\"font-weight: 400; text-align: justify;\">\u201cEstamos muito felizes com o reconhecimento do Comit\u00ea Gestor da Avabrum. \u00c9 muito emocionante saber que esse espa\u00e7o vai salvar vidas\u201d.\u00a0\u00a0<strong>(Nat\u00e1lia de Oliveira \u2013 Avabrum)<\/strong><\/p>\n<p style=\"font-weight: 400; text-align: justify;\">\u201c\u00c9 muito relevante e gratificante para a Justi\u00e7a do Trabalho uma homenagem como essa. Isso vem como um retorno positivo da sociedade de que estamos agindo de forma correta, com efici\u00eancia e agilidade. \u00c9 gratificante saber que uma decis\u00e3o vai beneficiar v\u00e1rias pessoas de Minas Gerais\u201d.\u00a0<strong>(Desembargador Fernando Luiz Gon\u00e7alves)<\/strong><\/p>\n<p style=\"font-weight: 400; text-align: justify;\">\u201cEstamos felizes em saber da preocupa\u00e7\u00e3o do Instituto M\u00e1rio Penna em cuidar dos pacientes com a Covid-19. Atrelado a isso, a gente vem com um recurso oriundo de uma outra trag\u00e9dia. S\u00e3o duas trag\u00e9dias distintas, uma local e outra mundial. Por\u00e9m, as duas tocam os cora\u00e7\u00f5es das pessoas. Elas trazem a mesma dor. \u00c9 comovente ver o trabalho que est\u00e3o realizando e isso nos d\u00e1 uma energia de continuar o nosso trabalho e ter f\u00e9 e acreditar que essa fase vai passar. O Instituo M\u00e1rio Penna est\u00e1 de parab\u00e9ns porque o resultado que vejo aqui \u00e9 de um trabalho que envolve o cora\u00e7\u00e3o\u201d.\u00a0<strong>(<\/strong><strong>Coronel Robespierre, do Corpo de Bombeiros)<\/strong><\/p>\n<figure id=\"attachment_18633\" aria-describedby=\"caption-attachment-18633\" style=\"width: 393px\" class=\"wp-caption alignleft\"><img fetchpriority=\"high\" decoding=\"async\" class=\"wp-image-18633 \" src=\"http:\/\/federasbackup.meltcomunicacao.com.br\/wp-content\/uploads\/2020\/05\/Homenagem-300x225.jpeg\" alt=\"\" width=\"393\" height=\"295\" srcset=\"https:\/\/www.federassantas.org.br\/novosite\/wp-content\/uploads\/2020\/05\/Homenagem-300x225.jpeg 300w, https:\/\/www.federassantas.org.br\/novosite\/wp-content\/uploads\/2020\/05\/Homenagem-768x576.jpeg 768w, https:\/\/www.federassantas.org.br\/novosite\/wp-content\/uploads\/2020\/05\/Homenagem.jpeg 1024w\" sizes=\"(max-width: 393px) 100vw, 393px\" \/><figcaption id=\"caption-attachment-18633\" class=\"wp-caption-text\">Da esquerda para direita: Nat\u00e1lia de Oliveira (Avabrum),\u00a0Coronel Robespierre (Corpo de Bombeiros), Israel Gonzaga (Diretor Financeiro do Instituto M\u00e1rio Penna),\u00a0Marco Ant\u00f4nio Viana Leite (Diretor Administrativo do Instituto M\u00e1rio Penna),\u00a0Desembargador Fernando Luiz Gon\u00e7alves, Paulo Henrique Vieira (Rela\u00e7\u00f5es Institucionais do Instituto M\u00e1rio Penna).<\/figcaption><\/figure>\n<p>&nbsp;<\/p>\n<p>&nbsp;<\/p>\n<p>&nbsp;<\/p>\n<p>&nbsp;<\/p>\n<p>&nbsp;<\/p>\n<p>&nbsp;<\/p>\n<p>&nbsp;<\/p>\n<p>&nbsp;<\/p>\n<p>&nbsp;<\/p>\n<p>&nbsp;<\/p>\n<p>&nbsp;<\/p>\n<p>&nbsp;<\/p>\n<p><em>Fonte: Assessoria de Comunica\u00e7\u00e3o Instituto M\u00e1rio Penna<\/em><\/p>\n<p>&nbsp;<\/p>\n<p>&nbsp;<\/p>\n<p>&nbsp;<\/p>\n","protected":false},"excerpt":{"rendered":"<p>Ala faz uma homenagem aos atingidos pela trag\u00e9dia em Brumadinho O Hospital Luxemburgo, unidade do Instituto M\u00e1rio Penna, inaugurou na manh\u00e3 desta quinta-feira (21), a nova ala para atendimentos exclusivos de pacientes com o coronav\u00edrus.\u00a0O local conta com 13 novas enfermarias e 44 leitos. A constru\u00e7\u00e3o foi viabilizada\u00a0ap\u00f3s a Justi\u00e7a obrigar a mineradora Vale a [&hellip;]<\/p>\n","protected":false},"author":1,"featured_media":18634,"comment_status":"open","ping_status":"open","sticky":false,"template":"","format":"standard","meta":{"footnotes":""},"categories":[140,139],"tags":[],"class_list":["post-18632","post","type-post","status-publish","format-standard","has-post-thumbnail","hentry","category-noticias","category-noticias-filiados"],"yoast_head":"<!-- This site is optimized with the Yoast SEO plugin v26.9 - https:\/\/yoast.com\/product\/yoast-seo-wordpress\/ -->\n<title>Instituto M\u00e1rio Penna recebe doa\u00e7\u00e3o do Minist\u00e9rio P\u00fablico do Trabalho e inaugura 44 leitos para atendimento \u00e0 Covid-19 - Federassantas<\/title>\n<meta name=\"robots\" content=\"index, follow, max-snippet:-1, max-image-preview:large, max-video-preview:-1\" \/>\n<link rel=\"canonical\" href=\"https:\/\/www.federassantas.org.br\/novosite\/instituto-mario-penna-recebe-doacao-do-ministerio-publico-do-trabalho-e-inaugura-44-leitos-para-atendimento-a-covid-19\/\" \/>\n<meta property=\"og:locale\" content=\"pt_BR\" \/>\n<meta property=\"og:type\" content=\"article\" \/>\n<meta property=\"og:title\" content=\"Instituto M\u00e1rio Penna recebe doa\u00e7\u00e3o do Minist\u00e9rio P\u00fablico do Trabalho e inaugura 44 leitos para atendimento \u00e0 Covid-19 - Federassantas\" \/>\n<meta property=\"og:description\" content=\"Ala faz uma homenagem aos atingidos pela trag\u00e9dia em Brumadinho O Hospital Luxemburgo, unidade do Instituto M\u00e1rio Penna, inaugurou na manh\u00e3 desta quinta-feira (21), a nova ala para atendimentos exclusivos de pacientes com o coronav\u00edrus.\u00a0O local conta com 13 novas enfermarias e 44 leitos. A constru\u00e7\u00e3o foi viabilizada\u00a0ap\u00f3s a Justi\u00e7a obrigar a mineradora Vale a [&hellip;]\" \/>\n<meta property=\"og:url\" content=\"https:\/\/www.federassantas.org.br\/novosite\/instituto-mario-penna-recebe-doacao-do-ministerio-publico-do-trabalho-e-inaugura-44-leitos-para-atendimento-a-covid-19\/\" \/>\n<meta property=\"og:site_name\" content=\"Federassantas\" \/>\n<meta property=\"article:published_time\" content=\"2020-05-22T14:49:18+00:00\" \/>\n<meta property=\"og:image\" content=\"https:\/\/www.federassantas.org.br\/novosite\/wp-content\/uploads\/2020\/05\/Novos-Leitos-scaled.jpg\" \/>\n\t<meta property=\"og:image:width\" content=\"2560\" \/>\n\t<meta property=\"og:image:height\" content=\"1707\" \/>\n\t<meta property=\"og:image:type\" content=\"image\/jpeg\" \/>\n<meta name=\"author\" content=\"admin-federas\" \/>\n<meta name=\"twitter:card\" content=\"summary_large_image\" \/>\n<meta name=\"twitter:label1\" content=\"Escrito por\" \/>\n\t<meta name=\"twitter:data1\" content=\"admin-federas\" \/>\n\t<meta name=\"twitter:label2\" content=\"Est. tempo de leitura\" \/>\n\t<meta name=\"twitter:data2\" content=\"2 minutos\" \/>\n<script type=\"application\/ld+json\" class=\"yoast-schema-graph\">{\"@context\":\"https:\/\/schema.org\",\"@graph\":[{\"@type\":\"Article\",\"@id\":\"https:\/\/www.federassantas.org.br\/novosite\/instituto-mario-penna-recebe-doacao-do-ministerio-publico-do-trabalho-e-inaugura-44-leitos-para-atendimento-a-covid-19\/#article\",\"isPartOf\":{\"@id\":\"https:\/\/www.federassantas.org.br\/novosite\/instituto-mario-penna-recebe-doacao-do-ministerio-publico-do-trabalho-e-inaugura-44-leitos-para-atendimento-a-covid-19\/\"},\"author\":{\"name\":\"admin-federas\",\"@id\":\"https:\/\/www.federassantas.org.br\/novosite\/#\/schema\/person\/75fed98158349313fe56175f232f513c\"},\"headline\":\"Instituto M\u00e1rio Penna recebe doa\u00e7\u00e3o do Minist\u00e9rio P\u00fablico do Trabalho e inaugura 44 leitos para atendimento \u00e0 Covid-19\",\"datePublished\":\"2020-05-22T14:49:18+00:00\",\"mainEntityOfPage\":{\"@id\":\"https:\/\/www.federassantas.org.br\/novosite\/instituto-mario-penna-recebe-doacao-do-ministerio-publico-do-trabalho-e-inaugura-44-leitos-para-atendimento-a-covid-19\/\"},\"wordCount\":487,\"commentCount\":0,\"publisher\":{\"@id\":\"https:\/\/www.federassantas.org.br\/novosite\/#organization\"},\"image\":{\"@id\":\"https:\/\/www.federassantas.org.br\/novosite\/instituto-mario-penna-recebe-doacao-do-ministerio-publico-do-trabalho-e-inaugura-44-leitos-para-atendimento-a-covid-19\/#primaryimage\"},\"thumbnailUrl\":\"https:\/\/www.federassantas.org.br\/novosite\/wp-content\/uploads\/2020\/05\/Novos-Leitos-scaled.jpg\",\"articleSection\":[\"Not\u00edcias\",\"Not\u00edcias filiados\"],\"inLanguage\":\"pt-BR\",\"potentialAction\":[{\"@type\":\"CommentAction\",\"name\":\"Comment\",\"target\":[\"https:\/\/www.federassantas.org.br\/novosite\/instituto-mario-penna-recebe-doacao-do-ministerio-publico-do-trabalho-e-inaugura-44-leitos-para-atendimento-a-covid-19\/#respond\"]}]},{\"@type\":\"WebPage\",\"@id\":\"https:\/\/www.federassantas.org.br\/novosite\/instituto-mario-penna-recebe-doacao-do-ministerio-publico-do-trabalho-e-inaugura-44-leitos-para-atendimento-a-covid-19\/\",\"url\":\"https:\/\/www.federassantas.org.br\/novosite\/instituto-mario-penna-recebe-doacao-do-ministerio-publico-do-trabalho-e-inaugura-44-leitos-para-atendimento-a-covid-19\/\",\"name\":\"Instituto M\u00e1rio Penna recebe doa\u00e7\u00e3o do Minist\u00e9rio P\u00fablico do Trabalho e inaugura 44 leitos para atendimento \u00e0 Covid-19 - Federassantas\",\"isPartOf\":{\"@id\":\"https:\/\/www.federassantas.org.br\/novosite\/#website\"},\"primaryImageOfPage\":{\"@id\":\"https:\/\/www.federassantas.org.br\/novosite\/instituto-mario-penna-recebe-doacao-do-ministerio-publico-do-trabalho-e-inaugura-44-leitos-para-atendimento-a-covid-19\/#primaryimage\"},\"image\":{\"@id\":\"https:\/\/www.federassantas.org.br\/novosite\/instituto-mario-penna-recebe-doacao-do-ministerio-publico-do-trabalho-e-inaugura-44-leitos-para-atendimento-a-covid-19\/#primaryimage\"},\"thumbnailUrl\":\"https:\/\/www.federassantas.org.br\/novosite\/wp-content\/uploads\/2020\/05\/Novos-Leitos-scaled.jpg\",\"datePublished\":\"2020-05-22T14:49:18+00:00\",\"breadcrumb\":{\"@id\":\"https:\/\/www.federassantas.org.br\/novosite\/instituto-mario-penna-recebe-doacao-do-ministerio-publico-do-trabalho-e-inaugura-44-leitos-para-atendimento-a-covid-19\/#breadcrumb\"},\"inLanguage\":\"pt-BR\",\"potentialAction\":[{\"@type\":\"ReadAction\",\"target\":[\"https:\/\/www.federassantas.org.br\/novosite\/instituto-mario-penna-recebe-doacao-do-ministerio-publico-do-trabalho-e-inaugura-44-leitos-para-atendimento-a-covid-19\/\"]}]},{\"@type\":\"ImageObject\",\"inLanguage\":\"pt-BR\",\"@id\":\"https:\/\/www.federassantas.org.br\/novosite\/instituto-mario-penna-recebe-doacao-do-ministerio-publico-do-trabalho-e-inaugura-44-leitos-para-atendimento-a-covid-19\/#primaryimage\",\"url\":\"https:\/\/www.federassantas.org.br\/novosite\/wp-content\/uploads\/2020\/05\/Novos-Leitos-scaled.jpg\",\"contentUrl\":\"https:\/\/www.federassantas.org.br\/novosite\/wp-content\/uploads\/2020\/05\/Novos-Leitos-scaled.jpg\",\"width\":2560,\"height\":1707},{\"@type\":\"BreadcrumbList\",\"@id\":\"https:\/\/www.federassantas.org.br\/novosite\/instituto-mario-penna-recebe-doacao-do-ministerio-publico-do-trabalho-e-inaugura-44-leitos-para-atendimento-a-covid-19\/#breadcrumb\",\"itemListElement\":[{\"@type\":\"ListItem\",\"position\":1,\"name\":\"In\u00edcio\",\"item\":\"https:\/\/www.federassantas.org.br\/novosite\/\"},{\"@type\":\"ListItem\",\"position\":2,\"name\":\"Instituto M\u00e1rio Penna recebe doa\u00e7\u00e3o do Minist\u00e9rio P\u00fablico do Trabalho e inaugura 44 leitos para atendimento \u00e0 Covid-19\"}]},{\"@type\":\"WebSite\",\"@id\":\"https:\/\/www.federassantas.org.br\/novosite\/#website\",\"url\":\"https:\/\/www.federassantas.org.br\/novosite\/\",\"name\":\"Federassantas\",\"description\":\"Fed. das Santas Casas e Hospitais Filantr\u00f3picos de MG\",\"publisher\":{\"@id\":\"https:\/\/www.federassantas.org.br\/novosite\/#organization\"},\"potentialAction\":[{\"@type\":\"SearchAction\",\"target\":{\"@type\":\"EntryPoint\",\"urlTemplate\":\"https:\/\/www.federassantas.org.br\/novosite\/?s={search_term_string}\"},\"query-input\":{\"@type\":\"PropertyValueSpecification\",\"valueRequired\":true,\"valueName\":\"search_term_string\"}}],\"inLanguage\":\"pt-BR\"},{\"@type\":\"Organization\",\"@id\":\"https:\/\/www.federassantas.org.br\/novosite\/#organization\",\"name\":\"Federassantas\",\"url\":\"https:\/\/www.federassantas.org.br\/novosite\/\",\"logo\":{\"@type\":\"ImageObject\",\"inLanguage\":\"pt-BR\",\"@id\":\"https:\/\/www.federassantas.org.br\/novosite\/#\/schema\/logo\/image\/\",\"url\":\"https:\/\/www.federassantas.org.br\/novosite\/wp-content\/uploads\/2021\/12\/logo.png\",\"contentUrl\":\"https:\/\/www.federassantas.org.br\/novosite\/wp-content\/uploads\/2021\/12\/logo.png\",\"width\":243,\"height\":59,\"caption\":\"Federassantas\"},\"image\":{\"@id\":\"https:\/\/www.federassantas.org.br\/novosite\/#\/schema\/logo\/image\/\"}},{\"@type\":\"Person\",\"@id\":\"https:\/\/www.federassantas.org.br\/novosite\/#\/schema\/person\/75fed98158349313fe56175f232f513c\",\"name\":\"admin-federas\",\"image\":{\"@type\":\"ImageObject\",\"inLanguage\":\"pt-BR\",\"@id\":\"https:\/\/www.federassantas.org.br\/novosite\/#\/schema\/person\/image\/\",\"url\":\"https:\/\/secure.gravatar.com\/avatar\/2a02d7dda59fe8dc6b7ffd3f652e2efede5ccf0dd89dfdc8137c5517f3de8407?s=96&d=mm&r=g\",\"contentUrl\":\"https:\/\/secure.gravatar.com\/avatar\/2a02d7dda59fe8dc6b7ffd3f652e2efede5ccf0dd89dfdc8137c5517f3de8407?s=96&d=mm&r=g\",\"caption\":\"admin-federas\"},\"sameAs\":[\"https:\/\/www.federassantas.org.br\/novosite\/\"],\"url\":\"https:\/\/www.federassantas.org.br\/novosite\/author\/admin-federas\/\"}]}<\/script>\n<!-- \/ Yoast SEO plugin. -->","yoast_head_json":{"title":"Instituto M\u00e1rio Penna recebe doa\u00e7\u00e3o do Minist\u00e9rio P\u00fablico do Trabalho e inaugura 44 leitos para atendimento \u00e0 Covid-19 - Federassantas","robots":{"index":"index","follow":"follow","max-snippet":"max-snippet:-1","max-image-preview":"max-image-preview:large","max-video-preview":"max-video-preview:-1"},"canonical":"https:\/\/www.federassantas.org.br\/novosite\/instituto-mario-penna-recebe-doacao-do-ministerio-publico-do-trabalho-e-inaugura-44-leitos-para-atendimento-a-covid-19\/","og_locale":"pt_BR","og_type":"article","og_title":"Instituto M\u00e1rio Penna recebe doa\u00e7\u00e3o do Minist\u00e9rio P\u00fablico do Trabalho e inaugura 44 leitos para atendimento \u00e0 Covid-19 - Federassantas","og_description":"Ala faz uma homenagem aos atingidos pela trag\u00e9dia em Brumadinho O Hospital Luxemburgo, unidade do Instituto M\u00e1rio Penna, inaugurou na manh\u00e3 desta quinta-feira (21), a nova ala para atendimentos exclusivos de pacientes com o coronav\u00edrus.\u00a0O local conta com 13 novas enfermarias e 44 leitos. A constru\u00e7\u00e3o foi viabilizada\u00a0ap\u00f3s a Justi\u00e7a obrigar a mineradora Vale a [&hellip;]","og_url":"https:\/\/www.federassantas.org.br\/novosite\/instituto-mario-penna-recebe-doacao-do-ministerio-publico-do-trabalho-e-inaugura-44-leitos-para-atendimento-a-covid-19\/","og_site_name":"Federassantas","article_published_time":"2020-05-22T14:49:18+00:00","og_image":[{"width":2560,"height":1707,"url":"https:\/\/www.federassantas.org.br\/novosite\/wp-content\/uploads\/2020\/05\/Novos-Leitos-scaled.jpg","type":"image\/jpeg"}],"author":"admin-federas","twitter_card":"summary_large_image","twitter_misc":{"Escrito por":"admin-federas","Est. tempo de leitura":"2 minutos"},"schema":{"@context":"https:\/\/schema.org","@graph":[{"@type":"Article","@id":"https:\/\/www.federassantas.org.br\/novosite\/instituto-mario-penna-recebe-doacao-do-ministerio-publico-do-trabalho-e-inaugura-44-leitos-para-atendimento-a-covid-19\/#article","isPartOf":{"@id":"https:\/\/www.federassantas.org.br\/novosite\/instituto-mario-penna-recebe-doacao-do-ministerio-publico-do-trabalho-e-inaugura-44-leitos-para-atendimento-a-covid-19\/"},"author":{"name":"admin-federas","@id":"https:\/\/www.federassantas.org.br\/novosite\/#\/schema\/person\/75fed98158349313fe56175f232f513c"},"headline":"Instituto M\u00e1rio Penna recebe doa\u00e7\u00e3o do Minist\u00e9rio P\u00fablico do Trabalho e inaugura 44 leitos para atendimento \u00e0 Covid-19","datePublished":"2020-05-22T14:49:18+00:00","mainEntityOfPage":{"@id":"https:\/\/www.federassantas.org.br\/novosite\/instituto-mario-penna-recebe-doacao-do-ministerio-publico-do-trabalho-e-inaugura-44-leitos-para-atendimento-a-covid-19\/"},"wordCount":487,"commentCount":0,"publisher":{"@id":"https:\/\/www.federassantas.org.br\/novosite\/#organization"},"image":{"@id":"https:\/\/www.federassantas.org.br\/novosite\/instituto-mario-penna-recebe-doacao-do-ministerio-publico-do-trabalho-e-inaugura-44-leitos-para-atendimento-a-covid-19\/#primaryimage"},"thumbnailUrl":"https:\/\/www.federassantas.org.br\/novosite\/wp-content\/uploads\/2020\/05\/Novos-Leitos-scaled.jpg","articleSection":["Not\u00edcias","Not\u00edcias filiados"],"inLanguage":"pt-BR","potentialAction":[{"@type":"CommentAction","name":"Comment","target":["https:\/\/www.federassantas.org.br\/novosite\/instituto-mario-penna-recebe-doacao-do-ministerio-publico-do-trabalho-e-inaugura-44-leitos-para-atendimento-a-covid-19\/#respond"]}]},{"@type":"WebPage","@id":"https:\/\/www.federassantas.org.br\/novosite\/instituto-mario-penna-recebe-doacao-do-ministerio-publico-do-trabalho-e-inaugura-44-leitos-para-atendimento-a-covid-19\/","url":"https:\/\/www.federassantas.org.br\/novosite\/instituto-mario-penna-recebe-doacao-do-ministerio-publico-do-trabalho-e-inaugura-44-leitos-para-atendimento-a-covid-19\/","name":"Instituto M\u00e1rio Penna recebe doa\u00e7\u00e3o do Minist\u00e9rio P\u00fablico do Trabalho e inaugura 44 leitos para atendimento \u00e0 Covid-19 - Federassantas","isPartOf":{"@id":"https:\/\/www.federassantas.org.br\/novosite\/#website"},"primaryImageOfPage":{"@id":"https:\/\/www.federassantas.org.br\/novosite\/instituto-mario-penna-recebe-doacao-do-ministerio-publico-do-trabalho-e-inaugura-44-leitos-para-atendimento-a-covid-19\/#primaryimage"},"image":{"@id":"https:\/\/www.federassantas.org.br\/novosite\/instituto-mario-penna-recebe-doacao-do-ministerio-publico-do-trabalho-e-inaugura-44-leitos-para-atendimento-a-covid-19\/#primaryimage"},"thumbnailUrl":"https:\/\/www.federassantas.org.br\/novosite\/wp-content\/uploads\/2020\/05\/Novos-Leitos-scaled.jpg","datePublished":"2020-05-22T14:49:18+00:00","breadcrumb":{"@id":"https:\/\/www.federassantas.org.br\/novosite\/instituto-mario-penna-recebe-doacao-do-ministerio-publico-do-trabalho-e-inaugura-44-leitos-para-atendimento-a-covid-19\/#breadcrumb"},"inLanguage":"pt-BR","potentialAction":[{"@type":"ReadAction","target":["https:\/\/www.federassantas.org.br\/novosite\/instituto-mario-penna-recebe-doacao-do-ministerio-publico-do-trabalho-e-inaugura-44-leitos-para-atendimento-a-covid-19\/"]}]},{"@type":"ImageObject","inLanguage":"pt-BR","@id":"https:\/\/www.federassantas.org.br\/novosite\/instituto-mario-penna-recebe-doacao-do-ministerio-publico-do-trabalho-e-inaugura-44-leitos-para-atendimento-a-covid-19\/#primaryimage","url":"https:\/\/www.federassantas.org.br\/novosite\/wp-content\/uploads\/2020\/05\/Novos-Leitos-scaled.jpg","contentUrl":"https:\/\/www.federassantas.org.br\/novosite\/wp-content\/uploads\/2020\/05\/Novos-Leitos-scaled.jpg","width":2560,"height":1707},{"@type":"BreadcrumbList","@id":"https:\/\/www.federassantas.org.br\/novosite\/instituto-mario-penna-recebe-doacao-do-ministerio-publico-do-trabalho-e-inaugura-44-leitos-para-atendimento-a-covid-19\/#breadcrumb","itemListElement":[{"@type":"ListItem","position":1,"name":"In\u00edcio","item":"https:\/\/www.federassantas.org.br\/novosite\/"},{"@type":"ListItem","position":2,"name":"Instituto M\u00e1rio Penna recebe doa\u00e7\u00e3o do Minist\u00e9rio P\u00fablico do Trabalho e inaugura 44 leitos para atendimento \u00e0 Covid-19"}]},{"@type":"WebSite","@id":"https:\/\/www.federassantas.org.br\/novosite\/#website","url":"https:\/\/www.federassantas.org.br\/novosite\/","name":"Federassantas","description":"Fed. das Santas Casas e Hospitais Filantr\u00f3picos de MG","publisher":{"@id":"https:\/\/www.federassantas.org.br\/novosite\/#organization"},"potentialAction":[{"@type":"SearchAction","target":{"@type":"EntryPoint","urlTemplate":"https:\/\/www.federassantas.org.br\/novosite\/?s={search_term_string}"},"query-input":{"@type":"PropertyValueSpecification","valueRequired":true,"valueName":"search_term_string"}}],"inLanguage":"pt-BR"},{"@type":"Organization","@id":"https:\/\/www.federassantas.org.br\/novosite\/#organization","name":"Federassantas","url":"https:\/\/www.federassantas.org.br\/novosite\/","logo":{"@type":"ImageObject","inLanguage":"pt-BR","@id":"https:\/\/www.federassantas.org.br\/novosite\/#\/schema\/logo\/image\/","url":"https:\/\/www.federassantas.org.br\/novosite\/wp-content\/uploads\/2021\/12\/logo.png","contentUrl":"https:\/\/www.federassantas.org.br\/novosite\/wp-content\/uploads\/2021\/12\/logo.png","width":243,"height":59,"caption":"Federassantas"},"image":{"@id":"https:\/\/www.federassantas.org.br\/novosite\/#\/schema\/logo\/image\/"}},{"@type":"Person","@id":"https:\/\/www.federassantas.org.br\/novosite\/#\/schema\/person\/75fed98158349313fe56175f232f513c","name":"admin-federas","image":{"@type":"ImageObject","inLanguage":"pt-BR","@id":"https:\/\/www.federassantas.org.br\/novosite\/#\/schema\/person\/image\/","url":"https:\/\/secure.gravatar.com\/avatar\/2a02d7dda59fe8dc6b7ffd3f652e2efede5ccf0dd89dfdc8137c5517f3de8407?s=96&d=mm&r=g","contentUrl":"https:\/\/secure.gravatar.com\/avatar\/2a02d7dda59fe8dc6b7ffd3f652e2efede5ccf0dd89dfdc8137c5517f3de8407?s=96&d=mm&r=g","caption":"admin-federas"},"sameAs":["https:\/\/www.federassantas.org.br\/novosite\/"],"url":"https:\/\/www.federassantas.org.br\/novosite\/author\/admin-federas\/"}]}},"_links":{"self":[{"href":"https:\/\/www.federassantas.org.br\/novosite\/wp-json\/wp\/v2\/posts\/18632","targetHints":{"allow":["GET"]}}],"collection":[{"href":"https:\/\/www.federassantas.org.br\/novosite\/wp-json\/wp\/v2\/posts"}],"about":[{"href":"https:\/\/www.federassantas.org.br\/novosite\/wp-json\/wp\/v2\/types\/post"}],"author":[{"embeddable":true,"href":"https:\/\/www.federassantas.org.br\/novosite\/wp-json\/wp\/v2\/users\/1"}],"replies":[{"embeddable":true,"href":"https:\/\/www.federassantas.org.br\/novosite\/wp-json\/wp\/v2\/comments?post=18632"}],"version-history":[{"count":0,"href":"https:\/\/www.federassantas.org.br\/novosite\/wp-json\/wp\/v2\/posts\/18632\/revisions"}],"wp:featuredmedia":[{"embeddable":true,"href":"https:\/\/www.federassantas.org.br\/novosite\/wp-json\/wp\/v2\/media\/18634"}],"wp:attachment":[{"href":"https:\/\/www.federassantas.org.br\/novosite\/wp-json\/wp\/v2\/media?parent=18632"}],"wp:term":[{"taxonomy":"category","embeddable":true,"href":"https:\/\/www.federassantas.org.br\/novosite\/wp-json\/wp\/v2\/categories?post=18632"},{"taxonomy":"post_tag","embeddable":true,"href":"https:\/\/www.federassantas.org.br\/novosite\/wp-json\/wp\/v2\/tags?post=18632"}],"curies":[{"name":"wp","href":"https:\/\/api.w.org\/{rel}","templated":true}]}}