{"id":18663,"date":"2020-05-25T15:31:56","date_gmt":"2020-05-25T18:31:56","guid":{"rendered":"https:\/\/federasbackup.meltcomunicacao.com.br\/?p=18663"},"modified":"2020-05-25T15:31:56","modified_gmt":"2020-05-25T18:31:56","slug":"projecao-do-pico-da-pandemia-de-covid-19-em-minas-gerais-e-adiada-para-10-de-junho","status":"publish","type":"post","link":"https:\/\/www.federassantas.org.br\/novosite\/projecao-do-pico-da-pandemia-de-covid-19-em-minas-gerais-e-adiada-para-10-de-junho\/","title":{"rendered":"Proje\u00e7\u00e3o do pico da pandemia de covid-19 em Minas Gerais \u00e9 adiada para 10 de junho"},"content":{"rendered":"<p style=\"text-align: justify;\">Nesta sexta-feira, 22\/05, o secret\u00e1rio de estado de Sa\u00fade de Minas Gerais (SES-MG), Carlos Eduardo Amaral e o secret\u00e1rio de estado adjunto de Desenvolvimento Econ\u00f4mico, Fernando Passalio, participaram de mais uma coletiva de imprensa virtual para analisar a situa\u00e7\u00e3o da pandemia da covid-19 no Estado, bem como analisar a\u00e7\u00f5es de enfrentamento \u00e0 doen\u00e7a.<\/p>\n<p style=\"text-align: justify;\">Quanto \u00e0 proje\u00e7\u00e3o do pico da doen\u00e7a, data estimada em que haver\u00e1 um maior estresse assistencial na sa\u00fade devido ao aumento do n\u00famero de casos da doen\u00e7a, Amaral explicou houve uma desacelera\u00e7\u00e3o desta proje\u00e7\u00e3o. \u201cEm nossa \u00faltima avalia\u00e7\u00e3o, o pico passou do dia 09 de junho para o dia 10\/06. Nossa inten\u00e7\u00e3o, e j\u00e1 estamos em an\u00e1lise para ver se h\u00e1 viabilidade de executar, \u00e9 separar as proje\u00e7\u00f5es de acordo com o estado. No in\u00edcio, as proje\u00e7\u00f5es eram feitas com base nas incid\u00eancias totais de casos no Brasil. Agora, queremos realizar a proje\u00e7\u00e3o com base na curva epidemiol\u00f3gica e incid\u00eancias de Minas Gerais. Acredito que a partir da semana que vem j\u00e1 teremos condi\u00e7\u00f5es melhores de fazer a proje\u00e7\u00e3o desta forma. Como Minas Gerais apresenta uma evolu\u00e7\u00e3o da doen\u00e7a de forma mais lenta, \u00e9 prov\u00e1vel que ao realizarmos a proje\u00e7\u00e3o com base no estado em si, a data seja ainda mais distanciada\u201d, explicou o secret\u00e1rio.<\/p>\n<p style=\"text-align: justify;\">Foi anunciado tamb\u00e9m que a Funda\u00e7\u00e3o Hemominas recebeu aprova\u00e7\u00e3o da Comiss\u00e3o Nacional de \u00c9tica em Pesquisa (Conep) para realiza\u00e7\u00e3o da pesquisa sobre plasma de pessoas que se curaram da covid-19. \u201cA partir de agora a Hemominas far\u00e1 um recrutamento de poss\u00edveis doadores para recolhimento do plasma e aplica\u00e7\u00e3o em pacientes graves, conforme protocolo aprovado. \u00c9 mais um passo importante no enfrentamento \u00e0 covid-19 dado pela Funda\u00e7\u00e3o Hospitalar de Minas Gerais (Fhemig), pela Hemominas e pela Universidade Federal de Minas Gerais (UFMG), respons\u00e1veis pelo desenvolvimento do estudo\u201d, analisou o secret\u00e1rio.<\/p>\n<p style=\"text-align: justify;\">Com rela\u00e7\u00e3o aos respiradores adquiridos pelo Governo, o secret\u00e1rio afirmou que os equipamentos ser\u00e3o entregues em junho, julho e agosto e est\u00e3o dentro do prazo de entrega estimado.<\/p>\n<p style=\"text-align: justify;\">Veja reportagem completa em\u00a0<a href=\"https:\/\/www.saude.mg.gov.br\/component\/gmg\/story\/12774-projecao-do-pico-da-pandemia-de-covid-19-em-minas-gerais-e-adiada-para-10-de-junho\">https:\/\/www.saude.mg.gov.br\/component\/gmg\/story\/12774-projecao-do-pico-da-pandemia-de-covid-19-em-minas-gerais-e-adiada-para-10-de-junho<\/a><\/p>\n","protected":false},"excerpt":{"rendered":"<p>Nesta sexta-feira, 22\/05, o secret\u00e1rio de estado de Sa\u00fade de Minas Gerais (SES-MG), Carlos Eduardo Amaral e o secret\u00e1rio de estado adjunto de Desenvolvimento Econ\u00f4mico, Fernando Passalio, participaram de mais uma coletiva de imprensa virtual para analisar a situa\u00e7\u00e3o da pandemia da covid-19 no Estado, bem como analisar a\u00e7\u00f5es de enfrentamento \u00e0 doen\u00e7a. Quanto \u00e0 [&hellip;]<\/p>\n","protected":false},"author":1,"featured_media":18664,"comment_status":"open","ping_status":"open","sticky":false,"template":"","format":"standard","meta":{"footnotes":""},"categories":[140],"tags":[],"class_list":["post-18663","post","type-post","status-publish","format-standard","has-post-thumbnail","hentry","category-noticias"],"yoast_head":"<!-- This site is optimized with the Yoast SEO plugin v26.9 - https:\/\/yoast.com\/product\/yoast-seo-wordpress\/ -->\n<title>Proje\u00e7\u00e3o do pico da pandemia de covid-19 em Minas Gerais \u00e9 adiada para 10 de junho - Federassantas<\/title>\n<meta name=\"robots\" content=\"index, follow, max-snippet:-1, max-image-preview:large, max-video-preview:-1\" \/>\n<link rel=\"canonical\" href=\"https:\/\/www.federassantas.org.br\/novosite\/projecao-do-pico-da-pandemia-de-covid-19-em-minas-gerais-e-adiada-para-10-de-junho\/\" \/>\n<meta property=\"og:locale\" content=\"pt_BR\" \/>\n<meta property=\"og:type\" content=\"article\" \/>\n<meta property=\"og:title\" content=\"Proje\u00e7\u00e3o do pico da pandemia de covid-19 em Minas Gerais \u00e9 adiada para 10 de junho - Federassantas\" \/>\n<meta property=\"og:description\" content=\"Nesta sexta-feira, 22\/05, o secret\u00e1rio de estado de Sa\u00fade de Minas Gerais (SES-MG), Carlos Eduardo Amaral e o secret\u00e1rio de estado adjunto de Desenvolvimento Econ\u00f4mico, Fernando Passalio, participaram de mais uma coletiva de imprensa virtual para analisar a situa\u00e7\u00e3o da pandemia da covid-19 no Estado, bem como analisar a\u00e7\u00f5es de enfrentamento \u00e0 doen\u00e7a. Quanto \u00e0 [&hellip;]\" \/>\n<meta property=\"og:url\" content=\"https:\/\/www.federassantas.org.br\/novosite\/projecao-do-pico-da-pandemia-de-covid-19-em-minas-gerais-e-adiada-para-10-de-junho\/\" \/>\n<meta property=\"og:site_name\" content=\"Federassantas\" \/>\n<meta property=\"article:published_time\" content=\"2020-05-25T18:31:56+00:00\" \/>\n<meta name=\"author\" content=\"admin-federas\" \/>\n<meta name=\"twitter:card\" content=\"summary_large_image\" \/>\n<meta name=\"twitter:label1\" content=\"Escrito por\" \/>\n\t<meta name=\"twitter:data1\" content=\"admin-federas\" \/>\n\t<meta name=\"twitter:label2\" content=\"Est. tempo de leitura\" \/>\n\t<meta name=\"twitter:data2\" content=\"2 minutos\" \/>\n<script type=\"application\/ld+json\" class=\"yoast-schema-graph\">{\"@context\":\"https:\/\/schema.org\",\"@graph\":[{\"@type\":\"Article\",\"@id\":\"https:\/\/www.federassantas.org.br\/novosite\/projecao-do-pico-da-pandemia-de-covid-19-em-minas-gerais-e-adiada-para-10-de-junho\/#article\",\"isPartOf\":{\"@id\":\"https:\/\/www.federassantas.org.br\/novosite\/projecao-do-pico-da-pandemia-de-covid-19-em-minas-gerais-e-adiada-para-10-de-junho\/\"},\"author\":{\"name\":\"admin-federas\",\"@id\":\"https:\/\/www.federassantas.org.br\/novosite\/#\/schema\/person\/75fed98158349313fe56175f232f513c\"},\"headline\":\"Proje\u00e7\u00e3o do pico da pandemia de covid-19 em Minas Gerais \u00e9 adiada para 10 de junho\",\"datePublished\":\"2020-05-25T18:31:56+00:00\",\"mainEntityOfPage\":{\"@id\":\"https:\/\/www.federassantas.org.br\/novosite\/projecao-do-pico-da-pandemia-de-covid-19-em-minas-gerais-e-adiada-para-10-de-junho\/\"},\"wordCount\":392,\"commentCount\":0,\"publisher\":{\"@id\":\"https:\/\/www.federassantas.org.br\/novosite\/#organization\"},\"image\":{\"@id\":\"https:\/\/www.federassantas.org.br\/novosite\/projecao-do-pico-da-pandemia-de-covid-19-em-minas-gerais-e-adiada-para-10-de-junho\/#primaryimage\"},\"thumbnailUrl\":\"\",\"articleSection\":[\"Not\u00edcias\"],\"inLanguage\":\"pt-BR\",\"potentialAction\":[{\"@type\":\"CommentAction\",\"name\":\"Comment\",\"target\":[\"https:\/\/www.federassantas.org.br\/novosite\/projecao-do-pico-da-pandemia-de-covid-19-em-minas-gerais-e-adiada-para-10-de-junho\/#respond\"]}]},{\"@type\":\"WebPage\",\"@id\":\"https:\/\/www.federassantas.org.br\/novosite\/projecao-do-pico-da-pandemia-de-covid-19-em-minas-gerais-e-adiada-para-10-de-junho\/\",\"url\":\"https:\/\/www.federassantas.org.br\/novosite\/projecao-do-pico-da-pandemia-de-covid-19-em-minas-gerais-e-adiada-para-10-de-junho\/\",\"name\":\"Proje\u00e7\u00e3o do pico da pandemia de covid-19 em Minas Gerais \u00e9 adiada para 10 de junho - Federassantas\",\"isPartOf\":{\"@id\":\"https:\/\/www.federassantas.org.br\/novosite\/#website\"},\"primaryImageOfPage\":{\"@id\":\"https:\/\/www.federassantas.org.br\/novosite\/projecao-do-pico-da-pandemia-de-covid-19-em-minas-gerais-e-adiada-para-10-de-junho\/#primaryimage\"},\"image\":{\"@id\":\"https:\/\/www.federassantas.org.br\/novosite\/projecao-do-pico-da-pandemia-de-covid-19-em-minas-gerais-e-adiada-para-10-de-junho\/#primaryimage\"},\"thumbnailUrl\":\"\",\"datePublished\":\"2020-05-25T18:31:56+00:00\",\"breadcrumb\":{\"@id\":\"https:\/\/www.federassantas.org.br\/novosite\/projecao-do-pico-da-pandemia-de-covid-19-em-minas-gerais-e-adiada-para-10-de-junho\/#breadcrumb\"},\"inLanguage\":\"pt-BR\",\"potentialAction\":[{\"@type\":\"ReadAction\",\"target\":[\"https:\/\/www.federassantas.org.br\/novosite\/projecao-do-pico-da-pandemia-de-covid-19-em-minas-gerais-e-adiada-para-10-de-junho\/\"]}]},{\"@type\":\"ImageObject\",\"inLanguage\":\"pt-BR\",\"@id\":\"https:\/\/www.federassantas.org.br\/novosite\/projecao-do-pico-da-pandemia-de-covid-19-em-minas-gerais-e-adiada-para-10-de-junho\/#primaryimage\",\"url\":\"\",\"contentUrl\":\"\"},{\"@type\":\"BreadcrumbList\",\"@id\":\"https:\/\/www.federassantas.org.br\/novosite\/projecao-do-pico-da-pandemia-de-covid-19-em-minas-gerais-e-adiada-para-10-de-junho\/#breadcrumb\",\"itemListElement\":[{\"@type\":\"ListItem\",\"position\":1,\"name\":\"In\u00edcio\",\"item\":\"https:\/\/www.federassantas.org.br\/novosite\/\"},{\"@type\":\"ListItem\",\"position\":2,\"name\":\"Proje\u00e7\u00e3o do pico da pandemia de covid-19 em Minas Gerais \u00e9 adiada para 10 de junho\"}]},{\"@type\":\"WebSite\",\"@id\":\"https:\/\/www.federassantas.org.br\/novosite\/#website\",\"url\":\"https:\/\/www.federassantas.org.br\/novosite\/\",\"name\":\"Federassantas\",\"description\":\"Fed. das Santas Casas e Hospitais Filantr\u00f3picos de MG\",\"publisher\":{\"@id\":\"https:\/\/www.federassantas.org.br\/novosite\/#organization\"},\"potentialAction\":[{\"@type\":\"SearchAction\",\"target\":{\"@type\":\"EntryPoint\",\"urlTemplate\":\"https:\/\/www.federassantas.org.br\/novosite\/?s={search_term_string}\"},\"query-input\":{\"@type\":\"PropertyValueSpecification\",\"valueRequired\":true,\"valueName\":\"search_term_string\"}}],\"inLanguage\":\"pt-BR\"},{\"@type\":\"Organization\",\"@id\":\"https:\/\/www.federassantas.org.br\/novosite\/#organization\",\"name\":\"Federassantas\",\"url\":\"https:\/\/www.federassantas.org.br\/novosite\/\",\"logo\":{\"@type\":\"ImageObject\",\"inLanguage\":\"pt-BR\",\"@id\":\"https:\/\/www.federassantas.org.br\/novosite\/#\/schema\/logo\/image\/\",\"url\":\"https:\/\/www.federassantas.org.br\/novosite\/wp-content\/uploads\/2021\/12\/logo.png\",\"contentUrl\":\"https:\/\/www.federassantas.org.br\/novosite\/wp-content\/uploads\/2021\/12\/logo.png\",\"width\":243,\"height\":59,\"caption\":\"Federassantas\"},\"image\":{\"@id\":\"https:\/\/www.federassantas.org.br\/novosite\/#\/schema\/logo\/image\/\"}},{\"@type\":\"Person\",\"@id\":\"https:\/\/www.federassantas.org.br\/novosite\/#\/schema\/person\/75fed98158349313fe56175f232f513c\",\"name\":\"admin-federas\",\"image\":{\"@type\":\"ImageObject\",\"inLanguage\":\"pt-BR\",\"@id\":\"https:\/\/www.federassantas.org.br\/novosite\/#\/schema\/person\/image\/\",\"url\":\"https:\/\/secure.gravatar.com\/avatar\/2a02d7dda59fe8dc6b7ffd3f652e2efede5ccf0dd89dfdc8137c5517f3de8407?s=96&d=mm&r=g\",\"contentUrl\":\"https:\/\/secure.gravatar.com\/avatar\/2a02d7dda59fe8dc6b7ffd3f652e2efede5ccf0dd89dfdc8137c5517f3de8407?s=96&d=mm&r=g\",\"caption\":\"admin-federas\"},\"sameAs\":[\"https:\/\/www.federassantas.org.br\/novosite\/\"],\"url\":\"https:\/\/www.federassantas.org.br\/novosite\/author\/admin-federas\/\"}]}<\/script>\n<!-- \/ Yoast SEO plugin. -->","yoast_head_json":{"title":"Proje\u00e7\u00e3o do pico da pandemia de covid-19 em Minas Gerais \u00e9 adiada para 10 de junho - Federassantas","robots":{"index":"index","follow":"follow","max-snippet":"max-snippet:-1","max-image-preview":"max-image-preview:large","max-video-preview":"max-video-preview:-1"},"canonical":"https:\/\/www.federassantas.org.br\/novosite\/projecao-do-pico-da-pandemia-de-covid-19-em-minas-gerais-e-adiada-para-10-de-junho\/","og_locale":"pt_BR","og_type":"article","og_title":"Proje\u00e7\u00e3o do pico da pandemia de covid-19 em Minas Gerais \u00e9 adiada para 10 de junho - Federassantas","og_description":"Nesta sexta-feira, 22\/05, o secret\u00e1rio de estado de Sa\u00fade de Minas Gerais (SES-MG), Carlos Eduardo Amaral e o secret\u00e1rio de estado adjunto de Desenvolvimento Econ\u00f4mico, Fernando Passalio, participaram de mais uma coletiva de imprensa virtual para analisar a situa\u00e7\u00e3o da pandemia da covid-19 no Estado, bem como analisar a\u00e7\u00f5es de enfrentamento \u00e0 doen\u00e7a. Quanto \u00e0 [&hellip;]","og_url":"https:\/\/www.federassantas.org.br\/novosite\/projecao-do-pico-da-pandemia-de-covid-19-em-minas-gerais-e-adiada-para-10-de-junho\/","og_site_name":"Federassantas","article_published_time":"2020-05-25T18:31:56+00:00","author":"admin-federas","twitter_card":"summary_large_image","twitter_misc":{"Escrito por":"admin-federas","Est. tempo de leitura":"2 minutos"},"schema":{"@context":"https:\/\/schema.org","@graph":[{"@type":"Article","@id":"https:\/\/www.federassantas.org.br\/novosite\/projecao-do-pico-da-pandemia-de-covid-19-em-minas-gerais-e-adiada-para-10-de-junho\/#article","isPartOf":{"@id":"https:\/\/www.federassantas.org.br\/novosite\/projecao-do-pico-da-pandemia-de-covid-19-em-minas-gerais-e-adiada-para-10-de-junho\/"},"author":{"name":"admin-federas","@id":"https:\/\/www.federassantas.org.br\/novosite\/#\/schema\/person\/75fed98158349313fe56175f232f513c"},"headline":"Proje\u00e7\u00e3o do pico da pandemia de covid-19 em Minas Gerais \u00e9 adiada para 10 de junho","datePublished":"2020-05-25T18:31:56+00:00","mainEntityOfPage":{"@id":"https:\/\/www.federassantas.org.br\/novosite\/projecao-do-pico-da-pandemia-de-covid-19-em-minas-gerais-e-adiada-para-10-de-junho\/"},"wordCount":392,"commentCount":0,"publisher":{"@id":"https:\/\/www.federassantas.org.br\/novosite\/#organization"},"image":{"@id":"https:\/\/www.federassantas.org.br\/novosite\/projecao-do-pico-da-pandemia-de-covid-19-em-minas-gerais-e-adiada-para-10-de-junho\/#primaryimage"},"thumbnailUrl":"","articleSection":["Not\u00edcias"],"inLanguage":"pt-BR","potentialAction":[{"@type":"CommentAction","name":"Comment","target":["https:\/\/www.federassantas.org.br\/novosite\/projecao-do-pico-da-pandemia-de-covid-19-em-minas-gerais-e-adiada-para-10-de-junho\/#respond"]}]},{"@type":"WebPage","@id":"https:\/\/www.federassantas.org.br\/novosite\/projecao-do-pico-da-pandemia-de-covid-19-em-minas-gerais-e-adiada-para-10-de-junho\/","url":"https:\/\/www.federassantas.org.br\/novosite\/projecao-do-pico-da-pandemia-de-covid-19-em-minas-gerais-e-adiada-para-10-de-junho\/","name":"Proje\u00e7\u00e3o do pico da pandemia de covid-19 em Minas Gerais \u00e9 adiada para 10 de junho - Federassantas","isPartOf":{"@id":"https:\/\/www.federassantas.org.br\/novosite\/#website"},"primaryImageOfPage":{"@id":"https:\/\/www.federassantas.org.br\/novosite\/projecao-do-pico-da-pandemia-de-covid-19-em-minas-gerais-e-adiada-para-10-de-junho\/#primaryimage"},"image":{"@id":"https:\/\/www.federassantas.org.br\/novosite\/projecao-do-pico-da-pandemia-de-covid-19-em-minas-gerais-e-adiada-para-10-de-junho\/#primaryimage"},"thumbnailUrl":"","datePublished":"2020-05-25T18:31:56+00:00","breadcrumb":{"@id":"https:\/\/www.federassantas.org.br\/novosite\/projecao-do-pico-da-pandemia-de-covid-19-em-minas-gerais-e-adiada-para-10-de-junho\/#breadcrumb"},"inLanguage":"pt-BR","potentialAction":[{"@type":"ReadAction","target":["https:\/\/www.federassantas.org.br\/novosite\/projecao-do-pico-da-pandemia-de-covid-19-em-minas-gerais-e-adiada-para-10-de-junho\/"]}]},{"@type":"ImageObject","inLanguage":"pt-BR","@id":"https:\/\/www.federassantas.org.br\/novosite\/projecao-do-pico-da-pandemia-de-covid-19-em-minas-gerais-e-adiada-para-10-de-junho\/#primaryimage","url":"","contentUrl":""},{"@type":"BreadcrumbList","@id":"https:\/\/www.federassantas.org.br\/novosite\/projecao-do-pico-da-pandemia-de-covid-19-em-minas-gerais-e-adiada-para-10-de-junho\/#breadcrumb","itemListElement":[{"@type":"ListItem","position":1,"name":"In\u00edcio","item":"https:\/\/www.federassantas.org.br\/novosite\/"},{"@type":"ListItem","position":2,"name":"Proje\u00e7\u00e3o do pico da pandemia de covid-19 em Minas Gerais \u00e9 adiada para 10 de junho"}]},{"@type":"WebSite","@id":"https:\/\/www.federassantas.org.br\/novosite\/#website","url":"https:\/\/www.federassantas.org.br\/novosite\/","name":"Federassantas","description":"Fed. das Santas Casas e Hospitais Filantr\u00f3picos de MG","publisher":{"@id":"https:\/\/www.federassantas.org.br\/novosite\/#organization"},"potentialAction":[{"@type":"SearchAction","target":{"@type":"EntryPoint","urlTemplate":"https:\/\/www.federassantas.org.br\/novosite\/?s={search_term_string}"},"query-input":{"@type":"PropertyValueSpecification","valueRequired":true,"valueName":"search_term_string"}}],"inLanguage":"pt-BR"},{"@type":"Organization","@id":"https:\/\/www.federassantas.org.br\/novosite\/#organization","name":"Federassantas","url":"https:\/\/www.federassantas.org.br\/novosite\/","logo":{"@type":"ImageObject","inLanguage":"pt-BR","@id":"https:\/\/www.federassantas.org.br\/novosite\/#\/schema\/logo\/image\/","url":"https:\/\/www.federassantas.org.br\/novosite\/wp-content\/uploads\/2021\/12\/logo.png","contentUrl":"https:\/\/www.federassantas.org.br\/novosite\/wp-content\/uploads\/2021\/12\/logo.png","width":243,"height":59,"caption":"Federassantas"},"image":{"@id":"https:\/\/www.federassantas.org.br\/novosite\/#\/schema\/logo\/image\/"}},{"@type":"Person","@id":"https:\/\/www.federassantas.org.br\/novosite\/#\/schema\/person\/75fed98158349313fe56175f232f513c","name":"admin-federas","image":{"@type":"ImageObject","inLanguage":"pt-BR","@id":"https:\/\/www.federassantas.org.br\/novosite\/#\/schema\/person\/image\/","url":"https:\/\/secure.gravatar.com\/avatar\/2a02d7dda59fe8dc6b7ffd3f652e2efede5ccf0dd89dfdc8137c5517f3de8407?s=96&d=mm&r=g","contentUrl":"https:\/\/secure.gravatar.com\/avatar\/2a02d7dda59fe8dc6b7ffd3f652e2efede5ccf0dd89dfdc8137c5517f3de8407?s=96&d=mm&r=g","caption":"admin-federas"},"sameAs":["https:\/\/www.federassantas.org.br\/novosite\/"],"url":"https:\/\/www.federassantas.org.br\/novosite\/author\/admin-federas\/"}]}},"_links":{"self":[{"href":"https:\/\/www.federassantas.org.br\/novosite\/wp-json\/wp\/v2\/posts\/18663","targetHints":{"allow":["GET"]}}],"collection":[{"href":"https:\/\/www.federassantas.org.br\/novosite\/wp-json\/wp\/v2\/posts"}],"about":[{"href":"https:\/\/www.federassantas.org.br\/novosite\/wp-json\/wp\/v2\/types\/post"}],"author":[{"embeddable":true,"href":"https:\/\/www.federassantas.org.br\/novosite\/wp-json\/wp\/v2\/users\/1"}],"replies":[{"embeddable":true,"href":"https:\/\/www.federassantas.org.br\/novosite\/wp-json\/wp\/v2\/comments?post=18663"}],"version-history":[{"count":0,"href":"https:\/\/www.federassantas.org.br\/novosite\/wp-json\/wp\/v2\/posts\/18663\/revisions"}],"wp:featuredmedia":[{"embeddable":true,"href":"https:\/\/www.federassantas.org.br\/novosite\/wp-json\/"}],"wp:attachment":[{"href":"https:\/\/www.federassantas.org.br\/novosite\/wp-json\/wp\/v2\/media?parent=18663"}],"wp:term":[{"taxonomy":"category","embeddable":true,"href":"https:\/\/www.federassantas.org.br\/novosite\/wp-json\/wp\/v2\/categories?post=18663"},{"taxonomy":"post_tag","embeddable":true,"href":"https:\/\/www.federassantas.org.br\/novosite\/wp-json\/wp\/v2\/tags?post=18663"}],"curies":[{"name":"wp","href":"https:\/\/api.w.org\/{rel}","templated":true}]}}