{"id":18676,"date":"2020-05-26T11:50:26","date_gmt":"2020-05-26T14:50:26","guid":{"rendered":"https:\/\/federasbackup.meltcomunicacao.com.br\/?p=18676"},"modified":"2020-05-26T11:50:26","modified_gmt":"2020-05-26T14:50:26","slug":"havera-vencedores-pos-pandemia","status":"publish","type":"post","link":"https:\/\/www.federassantas.org.br\/novosite\/havera-vencedores-pos-pandemia\/","title":{"rendered":"Haver\u00e1 vencedores p\u00f3s pandemia?"},"content":{"rendered":"<p><em>Por Lu\u00eds Santin, Coordenador de Projetos da Gesti Solu\u00e7\u00f5es<\/em><\/p>\n<p style=\"text-align: justify;\">A GESTI tem mais de 40 clientes em todo Brasil e v\u00e1rios deles no Estado de Minas. Neste momento da sa\u00fade no pa\u00eds temos de um lado os hospitais, gerenciando uma crise financeira gerada pela queda de receitas dos procedimentos eletivos e aumento das despesas gerais, e do outro lado \u00e0s operadoras de planos de sa\u00fade que tiveram seus custos assistenciais reduzidos com a suspens\u00e3o das cirurgias eletivas, mas com o aumento, com as interna\u00e7\u00f5es de alto custo em UTI\u00b4S. Perguntamo-nos, quem sair\u00e1 ileso a tudo isso? Haver\u00e1 vencedores?<\/p>\n<p>Para os hospitais, muitas a\u00e7\u00f5es dos \u00f3rg\u00e3os governamentais est\u00e3o sendo realizadas, amplia\u00e7\u00e3o de leitos de UTI\u2019s, em alguns casos instala\u00e7\u00e3o de UTI para aqueles que n\u00e3o tinham esse servi\u00e7o, recursos financeiros na ordem de 2 bilh\u00f5es sendo disponibilizados para os filantr\u00f3picos, entre outras a\u00e7\u00f5es. Mas e o acesso a tudo isso, \u00e9 f\u00e1cil? N\u00e3o.<\/p>\n<p style=\"text-align: justify;\">Com as operadoras o problema ser\u00e1 em rela\u00e7\u00e3o \u00e0 redu\u00e7\u00e3o de benefici\u00e1rios e ao atendimento da demanda reprimida dos procedimentos eletivos suspensos. As pessoas est\u00e3o perdendo seus empregos, empresas reduzindo sal\u00e1rios, reduzindo carga hor\u00e1ria de trabalho. Isso tudo afeta as operadoras e, al\u00e9m disso, ter\u00e3o que sobreviver ao aumento dos custos, com as cirurgias suspensas.<\/p>\n<p>O grande vencedor ser\u00e1 aquele que conseguir acessar os recursos dispon\u00edveis pelo SUS e transform\u00e1-los em servi\u00e7os rent\u00e1veis e em estoques adequados, ser\u00e1 aquela operadora que planejar e negociar melhor a execu\u00e7\u00e3o da demanda reprimida dos procedimentos eletivos com os hospitais e conseguir manter o equil\u00edbrio financeiro com menos benefici\u00e1rios.<\/p>\n<p>Em resumo, quem tiver uma gest\u00e3o mais eficaz sair\u00e1 vencedor desta crise, mesmo com dificuldades, sair\u00e1 vencedor, pois, a base e a estrutura, s\u00e3o s\u00f3lidas. Coloque seus esfor\u00e7os na tomada de decis\u00f5es com planejamento e vislumbre as<br \/>\nconsequ\u00eancias dessa decis\u00e3o e n\u00e3o pense apenas no momento. Assim, todos sair\u00e3o vencedores.<\/p>\n<p>A GESTI est\u00e1 com voc\u00eas nisso, ajudando na orienta\u00e7\u00e3o dessa Gest\u00e3o com Efic\u00e1cia,<br \/>\ncom assessorias e consultorias.<\/p>\n<p style=\"text-align: justify;\"><em>Contato:&nbsp;<a href=\"mailto:luis_santin@gestisolucoes.com.br\">luis_santin@gestisolucoes.com.br<\/a><br \/>\n<\/em><em><a href=\"http:\/\/www.gestisolucoes.com.br\/\" target=\"_blank\" rel=\"noopener\" data-saferedirecturl=\"https:\/\/www.google.com\/url?q=http:\/\/www.gestisolucoes.com.br&amp;source=gmail&amp;ust=1590588677899000&amp;usg=AFQjCNE0HM6tYjWC0YVn--SB4eTbFHHz_g\">www.gestisolucoes.com.br<\/a><\/em><\/p>\n<p style=\"text-align: justify;\">\n","protected":false},"excerpt":{"rendered":"<p>Por Lu\u00eds Santin, Coordenador de Projetos da Gesti Solu\u00e7\u00f5es A GESTI tem mais de 40 clientes em todo Brasil e v\u00e1rios deles no Estado de Minas. Neste momento da sa\u00fade no pa\u00eds temos de um lado os hospitais, gerenciando uma crise financeira gerada pela queda de receitas dos procedimentos eletivos e aumento das despesas gerais, [&hellip;]<\/p>\n","protected":false},"author":1,"featured_media":18677,"comment_status":"open","ping_status":"open","sticky":false,"template":"","format":"standard","meta":{"footnotes":""},"categories":[207,140],"tags":[],"class_list":["post-18676","post","type-post","status-publish","format-standard","has-post-thumbnail","hentry","category-empresas-parceiras","category-noticias"],"yoast_head":"<!-- This site is optimized with the Yoast SEO plugin v26.9 - https:\/\/yoast.com\/product\/yoast-seo-wordpress\/ -->\n<title>Haver\u00e1 vencedores p\u00f3s pandemia? - Federassantas<\/title>\n<meta name=\"robots\" content=\"index, follow, max-snippet:-1, max-image-preview:large, max-video-preview:-1\" \/>\n<link rel=\"canonical\" href=\"https:\/\/www.federassantas.org.br\/novosite\/havera-vencedores-pos-pandemia\/\" \/>\n<meta property=\"og:locale\" content=\"pt_BR\" \/>\n<meta property=\"og:type\" content=\"article\" \/>\n<meta property=\"og:title\" content=\"Haver\u00e1 vencedores p\u00f3s pandemia? - Federassantas\" \/>\n<meta property=\"og:description\" content=\"Por Lu\u00eds Santin, Coordenador de Projetos da Gesti Solu\u00e7\u00f5es A GESTI tem mais de 40 clientes em todo Brasil e v\u00e1rios deles no Estado de Minas. Neste momento da sa\u00fade no pa\u00eds temos de um lado os hospitais, gerenciando uma crise financeira gerada pela queda de receitas dos procedimentos eletivos e aumento das despesas gerais, [&hellip;]\" \/>\n<meta property=\"og:url\" content=\"https:\/\/www.federassantas.org.br\/novosite\/havera-vencedores-pos-pandemia\/\" \/>\n<meta property=\"og:site_name\" content=\"Federassantas\" \/>\n<meta property=\"article:published_time\" content=\"2020-05-26T14:50:26+00:00\" \/>\n<meta name=\"author\" content=\"admin-federas\" \/>\n<meta name=\"twitter:card\" content=\"summary_large_image\" \/>\n<meta name=\"twitter:label1\" content=\"Escrito por\" \/>\n\t<meta name=\"twitter:data1\" content=\"admin-federas\" \/>\n\t<meta name=\"twitter:label2\" content=\"Est. tempo de leitura\" \/>\n\t<meta name=\"twitter:data2\" content=\"2 minutos\" \/>\n<script type=\"application\/ld+json\" class=\"yoast-schema-graph\">{\"@context\":\"https:\/\/schema.org\",\"@graph\":[{\"@type\":\"Article\",\"@id\":\"https:\/\/www.federassantas.org.br\/novosite\/havera-vencedores-pos-pandemia\/#article\",\"isPartOf\":{\"@id\":\"https:\/\/www.federassantas.org.br\/novosite\/havera-vencedores-pos-pandemia\/\"},\"author\":{\"name\":\"admin-federas\",\"@id\":\"https:\/\/www.federassantas.org.br\/novosite\/#\/schema\/person\/75fed98158349313fe56175f232f513c\"},\"headline\":\"Haver\u00e1 vencedores p\u00f3s pandemia?\",\"datePublished\":\"2020-05-26T14:50:26+00:00\",\"mainEntityOfPage\":{\"@id\":\"https:\/\/www.federassantas.org.br\/novosite\/havera-vencedores-pos-pandemia\/\"},\"wordCount\":386,\"commentCount\":0,\"publisher\":{\"@id\":\"https:\/\/www.federassantas.org.br\/novosite\/#organization\"},\"image\":{\"@id\":\"https:\/\/www.federassantas.org.br\/novosite\/havera-vencedores-pos-pandemia\/#primaryimage\"},\"thumbnailUrl\":\"\",\"articleSection\":[\"Empresas Parceiras\",\"Not\u00edcias\"],\"inLanguage\":\"pt-BR\",\"potentialAction\":[{\"@type\":\"CommentAction\",\"name\":\"Comment\",\"target\":[\"https:\/\/www.federassantas.org.br\/novosite\/havera-vencedores-pos-pandemia\/#respond\"]}]},{\"@type\":\"WebPage\",\"@id\":\"https:\/\/www.federassantas.org.br\/novosite\/havera-vencedores-pos-pandemia\/\",\"url\":\"https:\/\/www.federassantas.org.br\/novosite\/havera-vencedores-pos-pandemia\/\",\"name\":\"Haver\u00e1 vencedores p\u00f3s pandemia? - Federassantas\",\"isPartOf\":{\"@id\":\"https:\/\/www.federassantas.org.br\/novosite\/#website\"},\"primaryImageOfPage\":{\"@id\":\"https:\/\/www.federassantas.org.br\/novosite\/havera-vencedores-pos-pandemia\/#primaryimage\"},\"image\":{\"@id\":\"https:\/\/www.federassantas.org.br\/novosite\/havera-vencedores-pos-pandemia\/#primaryimage\"},\"thumbnailUrl\":\"\",\"datePublished\":\"2020-05-26T14:50:26+00:00\",\"breadcrumb\":{\"@id\":\"https:\/\/www.federassantas.org.br\/novosite\/havera-vencedores-pos-pandemia\/#breadcrumb\"},\"inLanguage\":\"pt-BR\",\"potentialAction\":[{\"@type\":\"ReadAction\",\"target\":[\"https:\/\/www.federassantas.org.br\/novosite\/havera-vencedores-pos-pandemia\/\"]}]},{\"@type\":\"ImageObject\",\"inLanguage\":\"pt-BR\",\"@id\":\"https:\/\/www.federassantas.org.br\/novosite\/havera-vencedores-pos-pandemia\/#primaryimage\",\"url\":\"\",\"contentUrl\":\"\"},{\"@type\":\"BreadcrumbList\",\"@id\":\"https:\/\/www.federassantas.org.br\/novosite\/havera-vencedores-pos-pandemia\/#breadcrumb\",\"itemListElement\":[{\"@type\":\"ListItem\",\"position\":1,\"name\":\"In\u00edcio\",\"item\":\"https:\/\/www.federassantas.org.br\/novosite\/\"},{\"@type\":\"ListItem\",\"position\":2,\"name\":\"Haver\u00e1 vencedores p\u00f3s pandemia?\"}]},{\"@type\":\"WebSite\",\"@id\":\"https:\/\/www.federassantas.org.br\/novosite\/#website\",\"url\":\"https:\/\/www.federassantas.org.br\/novosite\/\",\"name\":\"Federassantas\",\"description\":\"Fed. das Santas Casas e Hospitais Filantr\u00f3picos de MG\",\"publisher\":{\"@id\":\"https:\/\/www.federassantas.org.br\/novosite\/#organization\"},\"potentialAction\":[{\"@type\":\"SearchAction\",\"target\":{\"@type\":\"EntryPoint\",\"urlTemplate\":\"https:\/\/www.federassantas.org.br\/novosite\/?s={search_term_string}\"},\"query-input\":{\"@type\":\"PropertyValueSpecification\",\"valueRequired\":true,\"valueName\":\"search_term_string\"}}],\"inLanguage\":\"pt-BR\"},{\"@type\":\"Organization\",\"@id\":\"https:\/\/www.federassantas.org.br\/novosite\/#organization\",\"name\":\"Federassantas\",\"url\":\"https:\/\/www.federassantas.org.br\/novosite\/\",\"logo\":{\"@type\":\"ImageObject\",\"inLanguage\":\"pt-BR\",\"@id\":\"https:\/\/www.federassantas.org.br\/novosite\/#\/schema\/logo\/image\/\",\"url\":\"https:\/\/www.federassantas.org.br\/novosite\/wp-content\/uploads\/2021\/12\/logo.png\",\"contentUrl\":\"https:\/\/www.federassantas.org.br\/novosite\/wp-content\/uploads\/2021\/12\/logo.png\",\"width\":243,\"height\":59,\"caption\":\"Federassantas\"},\"image\":{\"@id\":\"https:\/\/www.federassantas.org.br\/novosite\/#\/schema\/logo\/image\/\"}},{\"@type\":\"Person\",\"@id\":\"https:\/\/www.federassantas.org.br\/novosite\/#\/schema\/person\/75fed98158349313fe56175f232f513c\",\"name\":\"admin-federas\",\"image\":{\"@type\":\"ImageObject\",\"inLanguage\":\"pt-BR\",\"@id\":\"https:\/\/www.federassantas.org.br\/novosite\/#\/schema\/person\/image\/\",\"url\":\"https:\/\/secure.gravatar.com\/avatar\/2a02d7dda59fe8dc6b7ffd3f652e2efede5ccf0dd89dfdc8137c5517f3de8407?s=96&d=mm&r=g\",\"contentUrl\":\"https:\/\/secure.gravatar.com\/avatar\/2a02d7dda59fe8dc6b7ffd3f652e2efede5ccf0dd89dfdc8137c5517f3de8407?s=96&d=mm&r=g\",\"caption\":\"admin-federas\"},\"sameAs\":[\"https:\/\/www.federassantas.org.br\/novosite\/\"],\"url\":\"https:\/\/www.federassantas.org.br\/novosite\/author\/admin-federas\/\"}]}<\/script>\n<!-- \/ Yoast SEO plugin. -->","yoast_head_json":{"title":"Haver\u00e1 vencedores p\u00f3s pandemia? - Federassantas","robots":{"index":"index","follow":"follow","max-snippet":"max-snippet:-1","max-image-preview":"max-image-preview:large","max-video-preview":"max-video-preview:-1"},"canonical":"https:\/\/www.federassantas.org.br\/novosite\/havera-vencedores-pos-pandemia\/","og_locale":"pt_BR","og_type":"article","og_title":"Haver\u00e1 vencedores p\u00f3s pandemia? - Federassantas","og_description":"Por Lu\u00eds Santin, Coordenador de Projetos da Gesti Solu\u00e7\u00f5es A GESTI tem mais de 40 clientes em todo Brasil e v\u00e1rios deles no Estado de Minas. Neste momento da sa\u00fade no pa\u00eds temos de um lado os hospitais, gerenciando uma crise financeira gerada pela queda de receitas dos procedimentos eletivos e aumento das despesas gerais, [&hellip;]","og_url":"https:\/\/www.federassantas.org.br\/novosite\/havera-vencedores-pos-pandemia\/","og_site_name":"Federassantas","article_published_time":"2020-05-26T14:50:26+00:00","author":"admin-federas","twitter_card":"summary_large_image","twitter_misc":{"Escrito por":"admin-federas","Est. tempo de leitura":"2 minutos"},"schema":{"@context":"https:\/\/schema.org","@graph":[{"@type":"Article","@id":"https:\/\/www.federassantas.org.br\/novosite\/havera-vencedores-pos-pandemia\/#article","isPartOf":{"@id":"https:\/\/www.federassantas.org.br\/novosite\/havera-vencedores-pos-pandemia\/"},"author":{"name":"admin-federas","@id":"https:\/\/www.federassantas.org.br\/novosite\/#\/schema\/person\/75fed98158349313fe56175f232f513c"},"headline":"Haver\u00e1 vencedores p\u00f3s pandemia?","datePublished":"2020-05-26T14:50:26+00:00","mainEntityOfPage":{"@id":"https:\/\/www.federassantas.org.br\/novosite\/havera-vencedores-pos-pandemia\/"},"wordCount":386,"commentCount":0,"publisher":{"@id":"https:\/\/www.federassantas.org.br\/novosite\/#organization"},"image":{"@id":"https:\/\/www.federassantas.org.br\/novosite\/havera-vencedores-pos-pandemia\/#primaryimage"},"thumbnailUrl":"","articleSection":["Empresas Parceiras","Not\u00edcias"],"inLanguage":"pt-BR","potentialAction":[{"@type":"CommentAction","name":"Comment","target":["https:\/\/www.federassantas.org.br\/novosite\/havera-vencedores-pos-pandemia\/#respond"]}]},{"@type":"WebPage","@id":"https:\/\/www.federassantas.org.br\/novosite\/havera-vencedores-pos-pandemia\/","url":"https:\/\/www.federassantas.org.br\/novosite\/havera-vencedores-pos-pandemia\/","name":"Haver\u00e1 vencedores p\u00f3s pandemia? - Federassantas","isPartOf":{"@id":"https:\/\/www.federassantas.org.br\/novosite\/#website"},"primaryImageOfPage":{"@id":"https:\/\/www.federassantas.org.br\/novosite\/havera-vencedores-pos-pandemia\/#primaryimage"},"image":{"@id":"https:\/\/www.federassantas.org.br\/novosite\/havera-vencedores-pos-pandemia\/#primaryimage"},"thumbnailUrl":"","datePublished":"2020-05-26T14:50:26+00:00","breadcrumb":{"@id":"https:\/\/www.federassantas.org.br\/novosite\/havera-vencedores-pos-pandemia\/#breadcrumb"},"inLanguage":"pt-BR","potentialAction":[{"@type":"ReadAction","target":["https:\/\/www.federassantas.org.br\/novosite\/havera-vencedores-pos-pandemia\/"]}]},{"@type":"ImageObject","inLanguage":"pt-BR","@id":"https:\/\/www.federassantas.org.br\/novosite\/havera-vencedores-pos-pandemia\/#primaryimage","url":"","contentUrl":""},{"@type":"BreadcrumbList","@id":"https:\/\/www.federassantas.org.br\/novosite\/havera-vencedores-pos-pandemia\/#breadcrumb","itemListElement":[{"@type":"ListItem","position":1,"name":"In\u00edcio","item":"https:\/\/www.federassantas.org.br\/novosite\/"},{"@type":"ListItem","position":2,"name":"Haver\u00e1 vencedores p\u00f3s pandemia?"}]},{"@type":"WebSite","@id":"https:\/\/www.federassantas.org.br\/novosite\/#website","url":"https:\/\/www.federassantas.org.br\/novosite\/","name":"Federassantas","description":"Fed. das Santas Casas e Hospitais Filantr\u00f3picos de MG","publisher":{"@id":"https:\/\/www.federassantas.org.br\/novosite\/#organization"},"potentialAction":[{"@type":"SearchAction","target":{"@type":"EntryPoint","urlTemplate":"https:\/\/www.federassantas.org.br\/novosite\/?s={search_term_string}"},"query-input":{"@type":"PropertyValueSpecification","valueRequired":true,"valueName":"search_term_string"}}],"inLanguage":"pt-BR"},{"@type":"Organization","@id":"https:\/\/www.federassantas.org.br\/novosite\/#organization","name":"Federassantas","url":"https:\/\/www.federassantas.org.br\/novosite\/","logo":{"@type":"ImageObject","inLanguage":"pt-BR","@id":"https:\/\/www.federassantas.org.br\/novosite\/#\/schema\/logo\/image\/","url":"https:\/\/www.federassantas.org.br\/novosite\/wp-content\/uploads\/2021\/12\/logo.png","contentUrl":"https:\/\/www.federassantas.org.br\/novosite\/wp-content\/uploads\/2021\/12\/logo.png","width":243,"height":59,"caption":"Federassantas"},"image":{"@id":"https:\/\/www.federassantas.org.br\/novosite\/#\/schema\/logo\/image\/"}},{"@type":"Person","@id":"https:\/\/www.federassantas.org.br\/novosite\/#\/schema\/person\/75fed98158349313fe56175f232f513c","name":"admin-federas","image":{"@type":"ImageObject","inLanguage":"pt-BR","@id":"https:\/\/www.federassantas.org.br\/novosite\/#\/schema\/person\/image\/","url":"https:\/\/secure.gravatar.com\/avatar\/2a02d7dda59fe8dc6b7ffd3f652e2efede5ccf0dd89dfdc8137c5517f3de8407?s=96&d=mm&r=g","contentUrl":"https:\/\/secure.gravatar.com\/avatar\/2a02d7dda59fe8dc6b7ffd3f652e2efede5ccf0dd89dfdc8137c5517f3de8407?s=96&d=mm&r=g","caption":"admin-federas"},"sameAs":["https:\/\/www.federassantas.org.br\/novosite\/"],"url":"https:\/\/www.federassantas.org.br\/novosite\/author\/admin-federas\/"}]}},"_links":{"self":[{"href":"https:\/\/www.federassantas.org.br\/novosite\/wp-json\/wp\/v2\/posts\/18676","targetHints":{"allow":["GET"]}}],"collection":[{"href":"https:\/\/www.federassantas.org.br\/novosite\/wp-json\/wp\/v2\/posts"}],"about":[{"href":"https:\/\/www.federassantas.org.br\/novosite\/wp-json\/wp\/v2\/types\/post"}],"author":[{"embeddable":true,"href":"https:\/\/www.federassantas.org.br\/novosite\/wp-json\/wp\/v2\/users\/1"}],"replies":[{"embeddable":true,"href":"https:\/\/www.federassantas.org.br\/novosite\/wp-json\/wp\/v2\/comments?post=18676"}],"version-history":[{"count":0,"href":"https:\/\/www.federassantas.org.br\/novosite\/wp-json\/wp\/v2\/posts\/18676\/revisions"}],"wp:featuredmedia":[{"embeddable":true,"href":"https:\/\/www.federassantas.org.br\/novosite\/wp-json\/"}],"wp:attachment":[{"href":"https:\/\/www.federassantas.org.br\/novosite\/wp-json\/wp\/v2\/media?parent=18676"}],"wp:term":[{"taxonomy":"category","embeddable":true,"href":"https:\/\/www.federassantas.org.br\/novosite\/wp-json\/wp\/v2\/categories?post=18676"},{"taxonomy":"post_tag","embeddable":true,"href":"https:\/\/www.federassantas.org.br\/novosite\/wp-json\/wp\/v2\/tags?post=18676"}],"curies":[{"name":"wp","href":"https:\/\/api.w.org\/{rel}","templated":true}]}}