{"id":18703,"date":"2020-05-29T14:10:18","date_gmt":"2020-05-29T17:10:18","guid":{"rendered":"https:\/\/federasbackup.meltcomunicacao.com.br\/?p=18703"},"modified":"2020-05-29T14:10:18","modified_gmt":"2020-05-29T17:10:18","slug":"federassantas-esclarece-duvidas-sobre-auxilio-emergencial-as-santas-casas-e-hospitais-filantropicos","status":"publish","type":"post","link":"https:\/\/www.federassantas.org.br\/novosite\/federassantas-esclarece-duvidas-sobre-auxilio-emergencial-as-santas-casas-e-hospitais-filantropicos\/","title":{"rendered":"Federassantas esclarece d\u00favidas sobre aux\u00edlio emergencial \u00e0s santas casas e hospitais filantr\u00f3picos"},"content":{"rendered":"<p style=\"text-align: justify;\">Em participa\u00e7\u00e3o na live, hoje, da Associa\u00e7\u00e3o Mineira dos Munic\u00edpios, a presidente da Federassantas, K\u00e1tia Rocha, falou sobre aux\u00edlio emergencial \u00e0s Santas Casas e Hospitais filantr\u00f3picos da lei 13.995\/2020 e portaria 1393\/2020. Participaram tamb\u00e9m das discuss\u00f5es o presidente do COSEMS\/MG e Secret\u00e1rio Municipal de Sa\u00fade de Taiobeiras, Eduardo Luiz, a assessora jur\u00eddica do COSEMS\/MG, Cristiane Tavares e Juliana Marinho, assessora t\u00e9cnica de sa\u00fade da ANM.<\/p>\n<p style=\"text-align: justify;\">No dia 05 de maio foi sancionada a lei federal N\u00ba 13.995 que trata da presta\u00e7\u00e3o de aux\u00edlio financeiro pela Uni\u00e3o \u00e0s santas casas e hospitais filantr\u00f3picos, sem fins lucrativos, que participam de forma complementar do Sistema \u00danico de Sa\u00fade (SUS), com o objetivo de permitir-lhes atuar de forma coordenada no combate \u00e0 pandemia da Covid-19.<\/p>\n<p style=\"text-align: justify;\">A presidente da Federassantas, Katia Rocha, alertou para a import\u00e2ncia de se ter uma rede integrada de presta\u00e7\u00e3o de servi\u00e7o. Ela explicou que em meio a uma pandemia, mesmo os hospitais que n\u00e3o est\u00e3o referenciados pela Secretaria Estadual de Sa\u00fade de Minas Gerais para tratamento do coronav\u00edrus e, portanto, contemplados pela lei N\u00ba 13.995, acabam indiretamente ajudando no combate \u00e0 pandemia porque eles fazem a retaguarda hospitalar. Um hospital, por exemplo, especializado em atendimento aos pacientes com doen\u00e7as card\u00edacas e, que passa, a ser referenciado para covid-19, vai ter uma redu\u00e7\u00e3o ou at\u00e9 o fechamento de seus para destin\u00e1-los exclusivamente aos pacientes infectados pelo coronav\u00edrus. Com isso, outros hospitais, inclusive de menor porte, acabam recebendo a demanda reprimida. Ou seja, recebem essas pacientes que demandam cuidados intensivos, mas por outra doen\u00e7a. H\u00e1, inclusive, segundo K\u00e1tia Rocha, uma di\u00e1ria diferenciada paga aos hospitais de pequeno porte que fazem essa retaguarda, conforme garante a Portaria 561.<\/p>\n<p style=\"text-align: justify;\">Os participantes da live esclareceram d\u00favidas gerais dos gestores hospitalares sobre o que precisam fazer para ter acesso ao aux\u00edlio, de acordo com a lei. Foram refor\u00e7ados os crit\u00e9rios para enquadramento para receber o recurso e, que, os hospitais precisam cumprir p\u00f3s recebimento, como por exemplo, fazer a presta\u00e7\u00e3o de contas em um site espec\u00edfico para essa finalidade.<\/p>\n<p style=\"text-align: justify;\">Voc\u00ea confere a live completa no link \u2013 <a href=\"https:\/\/www.youtube.com\/watch?v=jPtKkRZV7QA&amp;feature=youtu.be\">https:\/\/www.youtube.com\/watch?v=jPtKkRZV7QA&amp;feature=youtu.be<\/a><\/p>\n<p style=\"text-align: justify;\">Aqui voc\u00ea encontra as portarias e leis federais sobre o assunto.<\/p>\n<p style=\"text-align: justify;\"><a href=\"http:\/\/www.in.gov.br\/en\/web\/dou\/-\/portaria-n-1.393-de-21-de-maio-de-2020-258046968\">http:\/\/www.in.gov.br\/en\/web\/dou\/-\/portaria-n-1.393-de-21-de-maio-de-2020-258046968<\/a><\/p>\n<p style=\"text-align: justify;\"><a href=\"http:\/\/www.in.gov.br\/en\/web\/dou\/-\/portaria-n-561-de-26-de-marco-de-2020-249862049\">http:\/\/www.in.gov.br\/en\/web\/dou\/-\/portaria-n-561-de-26-de-marco-de-2020-249862049<\/a><\/p>\n<p style=\"text-align: justify;\"><a href=\"http:\/\/www.in.gov.br\/web\/dou\/-\/lei-n-13.995-de-5-de-maio-de-2020-255378351\">http:\/\/www.in.gov.br\/web\/dou\/-\/lei-n-13.995-de-5-de-maio-de-2020-255378351<\/a><\/p>\n","protected":false},"excerpt":{"rendered":"<p>Em participa\u00e7\u00e3o na live, hoje, da Associa\u00e7\u00e3o Mineira dos Munic\u00edpios, a presidente da Federassantas, K\u00e1tia Rocha, falou sobre aux\u00edlio emergencial \u00e0s Santas Casas e Hospitais filantr\u00f3picos da lei 13.995\/2020 e portaria 1393\/2020. Participaram tamb\u00e9m das discuss\u00f5es o presidente do COSEMS\/MG e Secret\u00e1rio Municipal de Sa\u00fade de Taiobeiras, Eduardo Luiz, a assessora jur\u00eddica do COSEMS\/MG, Cristiane [&hellip;]<\/p>\n","protected":false},"author":1,"featured_media":18707,"comment_status":"open","ping_status":"open","sticky":false,"template":"","format":"standard","meta":{"footnotes":""},"categories":[140,141],"tags":[],"class_list":["post-18703","post","type-post","status-publish","format-standard","has-post-thumbnail","hentry","category-noticias","category-noticias-federassantas"],"yoast_head":"<!-- This site is optimized with the Yoast SEO plugin v26.9 - https:\/\/yoast.com\/product\/yoast-seo-wordpress\/ -->\n<title>Federassantas esclarece d\u00favidas sobre aux\u00edlio emergencial \u00e0s santas casas e hospitais filantr\u00f3picos - Federassantas<\/title>\n<meta name=\"robots\" content=\"index, follow, max-snippet:-1, max-image-preview:large, max-video-preview:-1\" \/>\n<link rel=\"canonical\" href=\"https:\/\/www.federassantas.org.br\/novosite\/federassantas-esclarece-duvidas-sobre-auxilio-emergencial-as-santas-casas-e-hospitais-filantropicos\/\" \/>\n<meta property=\"og:locale\" content=\"pt_BR\" \/>\n<meta property=\"og:type\" content=\"article\" \/>\n<meta property=\"og:title\" content=\"Federassantas esclarece d\u00favidas sobre aux\u00edlio emergencial \u00e0s santas casas e hospitais filantr\u00f3picos - Federassantas\" \/>\n<meta property=\"og:description\" content=\"Em participa\u00e7\u00e3o na live, hoje, da Associa\u00e7\u00e3o Mineira dos Munic\u00edpios, a presidente da Federassantas, K\u00e1tia Rocha, falou sobre aux\u00edlio emergencial \u00e0s Santas Casas e Hospitais filantr\u00f3picos da lei 13.995\/2020 e portaria 1393\/2020. Participaram tamb\u00e9m das discuss\u00f5es o presidente do COSEMS\/MG e Secret\u00e1rio Municipal de Sa\u00fade de Taiobeiras, Eduardo Luiz, a assessora jur\u00eddica do COSEMS\/MG, Cristiane [&hellip;]\" \/>\n<meta property=\"og:url\" content=\"https:\/\/www.federassantas.org.br\/novosite\/federassantas-esclarece-duvidas-sobre-auxilio-emergencial-as-santas-casas-e-hospitais-filantropicos\/\" \/>\n<meta property=\"og:site_name\" content=\"Federassantas\" \/>\n<meta property=\"article:published_time\" content=\"2020-05-29T17:10:18+00:00\" \/>\n<meta name=\"author\" content=\"admin-federas\" \/>\n<meta name=\"twitter:card\" content=\"summary_large_image\" \/>\n<meta name=\"twitter:label1\" content=\"Escrito por\" \/>\n\t<meta name=\"twitter:data1\" content=\"admin-federas\" \/>\n\t<meta name=\"twitter:label2\" content=\"Est. tempo de leitura\" \/>\n\t<meta name=\"twitter:data2\" content=\"2 minutos\" \/>\n<script type=\"application\/ld+json\" class=\"yoast-schema-graph\">{\"@context\":\"https:\/\/schema.org\",\"@graph\":[{\"@type\":\"Article\",\"@id\":\"https:\/\/www.federassantas.org.br\/novosite\/federassantas-esclarece-duvidas-sobre-auxilio-emergencial-as-santas-casas-e-hospitais-filantropicos\/#article\",\"isPartOf\":{\"@id\":\"https:\/\/www.federassantas.org.br\/novosite\/federassantas-esclarece-duvidas-sobre-auxilio-emergencial-as-santas-casas-e-hospitais-filantropicos\/\"},\"author\":{\"name\":\"admin-federas\",\"@id\":\"https:\/\/www.federassantas.org.br\/novosite\/#\/schema\/person\/75fed98158349313fe56175f232f513c\"},\"headline\":\"Federassantas esclarece d\u00favidas sobre aux\u00edlio emergencial \u00e0s santas casas e hospitais filantr\u00f3picos\",\"datePublished\":\"2020-05-29T17:10:18+00:00\",\"mainEntityOfPage\":{\"@id\":\"https:\/\/www.federassantas.org.br\/novosite\/federassantas-esclarece-duvidas-sobre-auxilio-emergencial-as-santas-casas-e-hospitais-filantropicos\/\"},\"wordCount\":450,\"commentCount\":0,\"publisher\":{\"@id\":\"https:\/\/www.federassantas.org.br\/novosite\/#organization\"},\"image\":{\"@id\":\"https:\/\/www.federassantas.org.br\/novosite\/federassantas-esclarece-duvidas-sobre-auxilio-emergencial-as-santas-casas-e-hospitais-filantropicos\/#primaryimage\"},\"thumbnailUrl\":\"\",\"articleSection\":[\"Not\u00edcias\",\"Not\u00edcias Federassantas\"],\"inLanguage\":\"pt-BR\",\"potentialAction\":[{\"@type\":\"CommentAction\",\"name\":\"Comment\",\"target\":[\"https:\/\/www.federassantas.org.br\/novosite\/federassantas-esclarece-duvidas-sobre-auxilio-emergencial-as-santas-casas-e-hospitais-filantropicos\/#respond\"]}]},{\"@type\":\"WebPage\",\"@id\":\"https:\/\/www.federassantas.org.br\/novosite\/federassantas-esclarece-duvidas-sobre-auxilio-emergencial-as-santas-casas-e-hospitais-filantropicos\/\",\"url\":\"https:\/\/www.federassantas.org.br\/novosite\/federassantas-esclarece-duvidas-sobre-auxilio-emergencial-as-santas-casas-e-hospitais-filantropicos\/\",\"name\":\"Federassantas esclarece d\u00favidas sobre aux\u00edlio emergencial \u00e0s santas casas e hospitais filantr\u00f3picos - Federassantas\",\"isPartOf\":{\"@id\":\"https:\/\/www.federassantas.org.br\/novosite\/#website\"},\"primaryImageOfPage\":{\"@id\":\"https:\/\/www.federassantas.org.br\/novosite\/federassantas-esclarece-duvidas-sobre-auxilio-emergencial-as-santas-casas-e-hospitais-filantropicos\/#primaryimage\"},\"image\":{\"@id\":\"https:\/\/www.federassantas.org.br\/novosite\/federassantas-esclarece-duvidas-sobre-auxilio-emergencial-as-santas-casas-e-hospitais-filantropicos\/#primaryimage\"},\"thumbnailUrl\":\"\",\"datePublished\":\"2020-05-29T17:10:18+00:00\",\"breadcrumb\":{\"@id\":\"https:\/\/www.federassantas.org.br\/novosite\/federassantas-esclarece-duvidas-sobre-auxilio-emergencial-as-santas-casas-e-hospitais-filantropicos\/#breadcrumb\"},\"inLanguage\":\"pt-BR\",\"potentialAction\":[{\"@type\":\"ReadAction\",\"target\":[\"https:\/\/www.federassantas.org.br\/novosite\/federassantas-esclarece-duvidas-sobre-auxilio-emergencial-as-santas-casas-e-hospitais-filantropicos\/\"]}]},{\"@type\":\"ImageObject\",\"inLanguage\":\"pt-BR\",\"@id\":\"https:\/\/www.federassantas.org.br\/novosite\/federassantas-esclarece-duvidas-sobre-auxilio-emergencial-as-santas-casas-e-hospitais-filantropicos\/#primaryimage\",\"url\":\"\",\"contentUrl\":\"\"},{\"@type\":\"BreadcrumbList\",\"@id\":\"https:\/\/www.federassantas.org.br\/novosite\/federassantas-esclarece-duvidas-sobre-auxilio-emergencial-as-santas-casas-e-hospitais-filantropicos\/#breadcrumb\",\"itemListElement\":[{\"@type\":\"ListItem\",\"position\":1,\"name\":\"In\u00edcio\",\"item\":\"https:\/\/www.federassantas.org.br\/novosite\/\"},{\"@type\":\"ListItem\",\"position\":2,\"name\":\"Federassantas esclarece d\u00favidas sobre aux\u00edlio emergencial \u00e0s santas casas e hospitais filantr\u00f3picos\"}]},{\"@type\":\"WebSite\",\"@id\":\"https:\/\/www.federassantas.org.br\/novosite\/#website\",\"url\":\"https:\/\/www.federassantas.org.br\/novosite\/\",\"name\":\"Federassantas\",\"description\":\"Fed. das Santas Casas e Hospitais Filantr\u00f3picos de MG\",\"publisher\":{\"@id\":\"https:\/\/www.federassantas.org.br\/novosite\/#organization\"},\"potentialAction\":[{\"@type\":\"SearchAction\",\"target\":{\"@type\":\"EntryPoint\",\"urlTemplate\":\"https:\/\/www.federassantas.org.br\/novosite\/?s={search_term_string}\"},\"query-input\":{\"@type\":\"PropertyValueSpecification\",\"valueRequired\":true,\"valueName\":\"search_term_string\"}}],\"inLanguage\":\"pt-BR\"},{\"@type\":\"Organization\",\"@id\":\"https:\/\/www.federassantas.org.br\/novosite\/#organization\",\"name\":\"Federassantas\",\"url\":\"https:\/\/www.federassantas.org.br\/novosite\/\",\"logo\":{\"@type\":\"ImageObject\",\"inLanguage\":\"pt-BR\",\"@id\":\"https:\/\/www.federassantas.org.br\/novosite\/#\/schema\/logo\/image\/\",\"url\":\"https:\/\/www.federassantas.org.br\/novosite\/wp-content\/uploads\/2021\/12\/logo.png\",\"contentUrl\":\"https:\/\/www.federassantas.org.br\/novosite\/wp-content\/uploads\/2021\/12\/logo.png\",\"width\":243,\"height\":59,\"caption\":\"Federassantas\"},\"image\":{\"@id\":\"https:\/\/www.federassantas.org.br\/novosite\/#\/schema\/logo\/image\/\"}},{\"@type\":\"Person\",\"@id\":\"https:\/\/www.federassantas.org.br\/novosite\/#\/schema\/person\/75fed98158349313fe56175f232f513c\",\"name\":\"admin-federas\",\"image\":{\"@type\":\"ImageObject\",\"inLanguage\":\"pt-BR\",\"@id\":\"https:\/\/www.federassantas.org.br\/novosite\/#\/schema\/person\/image\/\",\"url\":\"https:\/\/secure.gravatar.com\/avatar\/2a02d7dda59fe8dc6b7ffd3f652e2efede5ccf0dd89dfdc8137c5517f3de8407?s=96&d=mm&r=g\",\"contentUrl\":\"https:\/\/secure.gravatar.com\/avatar\/2a02d7dda59fe8dc6b7ffd3f652e2efede5ccf0dd89dfdc8137c5517f3de8407?s=96&d=mm&r=g\",\"caption\":\"admin-federas\"},\"sameAs\":[\"https:\/\/www.federassantas.org.br\/novosite\/\"],\"url\":\"https:\/\/www.federassantas.org.br\/novosite\/author\/admin-federas\/\"}]}<\/script>\n<!-- \/ Yoast SEO plugin. -->","yoast_head_json":{"title":"Federassantas esclarece d\u00favidas sobre aux\u00edlio emergencial \u00e0s santas casas e hospitais filantr\u00f3picos - Federassantas","robots":{"index":"index","follow":"follow","max-snippet":"max-snippet:-1","max-image-preview":"max-image-preview:large","max-video-preview":"max-video-preview:-1"},"canonical":"https:\/\/www.federassantas.org.br\/novosite\/federassantas-esclarece-duvidas-sobre-auxilio-emergencial-as-santas-casas-e-hospitais-filantropicos\/","og_locale":"pt_BR","og_type":"article","og_title":"Federassantas esclarece d\u00favidas sobre aux\u00edlio emergencial \u00e0s santas casas e hospitais filantr\u00f3picos - Federassantas","og_description":"Em participa\u00e7\u00e3o na live, hoje, da Associa\u00e7\u00e3o Mineira dos Munic\u00edpios, a presidente da Federassantas, K\u00e1tia Rocha, falou sobre aux\u00edlio emergencial \u00e0s Santas Casas e Hospitais filantr\u00f3picos da lei 13.995\/2020 e portaria 1393\/2020. Participaram tamb\u00e9m das discuss\u00f5es o presidente do COSEMS\/MG e Secret\u00e1rio Municipal de Sa\u00fade de Taiobeiras, Eduardo Luiz, a assessora jur\u00eddica do COSEMS\/MG, Cristiane [&hellip;]","og_url":"https:\/\/www.federassantas.org.br\/novosite\/federassantas-esclarece-duvidas-sobre-auxilio-emergencial-as-santas-casas-e-hospitais-filantropicos\/","og_site_name":"Federassantas","article_published_time":"2020-05-29T17:10:18+00:00","author":"admin-federas","twitter_card":"summary_large_image","twitter_misc":{"Escrito por":"admin-federas","Est. tempo de leitura":"2 minutos"},"schema":{"@context":"https:\/\/schema.org","@graph":[{"@type":"Article","@id":"https:\/\/www.federassantas.org.br\/novosite\/federassantas-esclarece-duvidas-sobre-auxilio-emergencial-as-santas-casas-e-hospitais-filantropicos\/#article","isPartOf":{"@id":"https:\/\/www.federassantas.org.br\/novosite\/federassantas-esclarece-duvidas-sobre-auxilio-emergencial-as-santas-casas-e-hospitais-filantropicos\/"},"author":{"name":"admin-federas","@id":"https:\/\/www.federassantas.org.br\/novosite\/#\/schema\/person\/75fed98158349313fe56175f232f513c"},"headline":"Federassantas esclarece d\u00favidas sobre aux\u00edlio emergencial \u00e0s santas casas e hospitais filantr\u00f3picos","datePublished":"2020-05-29T17:10:18+00:00","mainEntityOfPage":{"@id":"https:\/\/www.federassantas.org.br\/novosite\/federassantas-esclarece-duvidas-sobre-auxilio-emergencial-as-santas-casas-e-hospitais-filantropicos\/"},"wordCount":450,"commentCount":0,"publisher":{"@id":"https:\/\/www.federassantas.org.br\/novosite\/#organization"},"image":{"@id":"https:\/\/www.federassantas.org.br\/novosite\/federassantas-esclarece-duvidas-sobre-auxilio-emergencial-as-santas-casas-e-hospitais-filantropicos\/#primaryimage"},"thumbnailUrl":"","articleSection":["Not\u00edcias","Not\u00edcias Federassantas"],"inLanguage":"pt-BR","potentialAction":[{"@type":"CommentAction","name":"Comment","target":["https:\/\/www.federassantas.org.br\/novosite\/federassantas-esclarece-duvidas-sobre-auxilio-emergencial-as-santas-casas-e-hospitais-filantropicos\/#respond"]}]},{"@type":"WebPage","@id":"https:\/\/www.federassantas.org.br\/novosite\/federassantas-esclarece-duvidas-sobre-auxilio-emergencial-as-santas-casas-e-hospitais-filantropicos\/","url":"https:\/\/www.federassantas.org.br\/novosite\/federassantas-esclarece-duvidas-sobre-auxilio-emergencial-as-santas-casas-e-hospitais-filantropicos\/","name":"Federassantas esclarece d\u00favidas sobre aux\u00edlio emergencial \u00e0s santas casas e hospitais filantr\u00f3picos - Federassantas","isPartOf":{"@id":"https:\/\/www.federassantas.org.br\/novosite\/#website"},"primaryImageOfPage":{"@id":"https:\/\/www.federassantas.org.br\/novosite\/federassantas-esclarece-duvidas-sobre-auxilio-emergencial-as-santas-casas-e-hospitais-filantropicos\/#primaryimage"},"image":{"@id":"https:\/\/www.federassantas.org.br\/novosite\/federassantas-esclarece-duvidas-sobre-auxilio-emergencial-as-santas-casas-e-hospitais-filantropicos\/#primaryimage"},"thumbnailUrl":"","datePublished":"2020-05-29T17:10:18+00:00","breadcrumb":{"@id":"https:\/\/www.federassantas.org.br\/novosite\/federassantas-esclarece-duvidas-sobre-auxilio-emergencial-as-santas-casas-e-hospitais-filantropicos\/#breadcrumb"},"inLanguage":"pt-BR","potentialAction":[{"@type":"ReadAction","target":["https:\/\/www.federassantas.org.br\/novosite\/federassantas-esclarece-duvidas-sobre-auxilio-emergencial-as-santas-casas-e-hospitais-filantropicos\/"]}]},{"@type":"ImageObject","inLanguage":"pt-BR","@id":"https:\/\/www.federassantas.org.br\/novosite\/federassantas-esclarece-duvidas-sobre-auxilio-emergencial-as-santas-casas-e-hospitais-filantropicos\/#primaryimage","url":"","contentUrl":""},{"@type":"BreadcrumbList","@id":"https:\/\/www.federassantas.org.br\/novosite\/federassantas-esclarece-duvidas-sobre-auxilio-emergencial-as-santas-casas-e-hospitais-filantropicos\/#breadcrumb","itemListElement":[{"@type":"ListItem","position":1,"name":"In\u00edcio","item":"https:\/\/www.federassantas.org.br\/novosite\/"},{"@type":"ListItem","position":2,"name":"Federassantas esclarece d\u00favidas sobre aux\u00edlio emergencial \u00e0s santas casas e hospitais filantr\u00f3picos"}]},{"@type":"WebSite","@id":"https:\/\/www.federassantas.org.br\/novosite\/#website","url":"https:\/\/www.federassantas.org.br\/novosite\/","name":"Federassantas","description":"Fed. das Santas Casas e Hospitais Filantr\u00f3picos de MG","publisher":{"@id":"https:\/\/www.federassantas.org.br\/novosite\/#organization"},"potentialAction":[{"@type":"SearchAction","target":{"@type":"EntryPoint","urlTemplate":"https:\/\/www.federassantas.org.br\/novosite\/?s={search_term_string}"},"query-input":{"@type":"PropertyValueSpecification","valueRequired":true,"valueName":"search_term_string"}}],"inLanguage":"pt-BR"},{"@type":"Organization","@id":"https:\/\/www.federassantas.org.br\/novosite\/#organization","name":"Federassantas","url":"https:\/\/www.federassantas.org.br\/novosite\/","logo":{"@type":"ImageObject","inLanguage":"pt-BR","@id":"https:\/\/www.federassantas.org.br\/novosite\/#\/schema\/logo\/image\/","url":"https:\/\/www.federassantas.org.br\/novosite\/wp-content\/uploads\/2021\/12\/logo.png","contentUrl":"https:\/\/www.federassantas.org.br\/novosite\/wp-content\/uploads\/2021\/12\/logo.png","width":243,"height":59,"caption":"Federassantas"},"image":{"@id":"https:\/\/www.federassantas.org.br\/novosite\/#\/schema\/logo\/image\/"}},{"@type":"Person","@id":"https:\/\/www.federassantas.org.br\/novosite\/#\/schema\/person\/75fed98158349313fe56175f232f513c","name":"admin-federas","image":{"@type":"ImageObject","inLanguage":"pt-BR","@id":"https:\/\/www.federassantas.org.br\/novosite\/#\/schema\/person\/image\/","url":"https:\/\/secure.gravatar.com\/avatar\/2a02d7dda59fe8dc6b7ffd3f652e2efede5ccf0dd89dfdc8137c5517f3de8407?s=96&d=mm&r=g","contentUrl":"https:\/\/secure.gravatar.com\/avatar\/2a02d7dda59fe8dc6b7ffd3f652e2efede5ccf0dd89dfdc8137c5517f3de8407?s=96&d=mm&r=g","caption":"admin-federas"},"sameAs":["https:\/\/www.federassantas.org.br\/novosite\/"],"url":"https:\/\/www.federassantas.org.br\/novosite\/author\/admin-federas\/"}]}},"_links":{"self":[{"href":"https:\/\/www.federassantas.org.br\/novosite\/wp-json\/wp\/v2\/posts\/18703","targetHints":{"allow":["GET"]}}],"collection":[{"href":"https:\/\/www.federassantas.org.br\/novosite\/wp-json\/wp\/v2\/posts"}],"about":[{"href":"https:\/\/www.federassantas.org.br\/novosite\/wp-json\/wp\/v2\/types\/post"}],"author":[{"embeddable":true,"href":"https:\/\/www.federassantas.org.br\/novosite\/wp-json\/wp\/v2\/users\/1"}],"replies":[{"embeddable":true,"href":"https:\/\/www.federassantas.org.br\/novosite\/wp-json\/wp\/v2\/comments?post=18703"}],"version-history":[{"count":0,"href":"https:\/\/www.federassantas.org.br\/novosite\/wp-json\/wp\/v2\/posts\/18703\/revisions"}],"wp:featuredmedia":[{"embeddable":true,"href":"https:\/\/www.federassantas.org.br\/novosite\/wp-json\/"}],"wp:attachment":[{"href":"https:\/\/www.federassantas.org.br\/novosite\/wp-json\/wp\/v2\/media?parent=18703"}],"wp:term":[{"taxonomy":"category","embeddable":true,"href":"https:\/\/www.federassantas.org.br\/novosite\/wp-json\/wp\/v2\/categories?post=18703"},{"taxonomy":"post_tag","embeddable":true,"href":"https:\/\/www.federassantas.org.br\/novosite\/wp-json\/wp\/v2\/tags?post=18703"}],"curies":[{"name":"wp","href":"https:\/\/api.w.org\/{rel}","templated":true}]}}