{"id":18704,"date":"2020-05-29T14:10:36","date_gmt":"2020-05-29T17:10:36","guid":{"rendered":"https:\/\/federasbackup.meltcomunicacao.com.br\/?p=18704"},"modified":"2020-05-29T14:10:36","modified_gmt":"2020-05-29T17:10:36","slug":"pico-da-pandemia-de-covid-19-em-minas-gerais-e-adiado-para-julho","status":"publish","type":"post","link":"https:\/\/www.federassantas.org.br\/novosite\/pico-da-pandemia-de-covid-19-em-minas-gerais-e-adiado-para-julho\/","title":{"rendered":"Pico da pandemia de Covid-19 em Minas Gerais \u00e9 adiado para julho"},"content":{"rendered":"<p style=\"text-align: justify;\"><em class=\"subtitle\">Em raz\u00e3o do isolamento social, a proje\u00e7\u00e3o para o pico da pandemia passa a ser 19 de julho<\/em><\/p>\n<p style=\"text-align: justify;\">Nesta quinta-feira, 28\/05, o secret\u00e1rio de Estado de Sa\u00fade de Minas Gerais (SES-MG), Carlos Eduardo Amaral e secret\u00e1rio adjunto de Desenvolvimento Econ\u00f4mico, Fernando Passalio, realizaram an\u00e1lise da situa\u00e7\u00e3o da pandemia de covid-19 no estado e responderam perguntas feitas pela imprensa acerca da situa\u00e7\u00e3o.<\/p>\n<p style=\"text-align: justify;\"><strong>Evolu\u00e7\u00e3o da epidemia<\/strong><\/p>\n<p style=\"text-align: justify;\">Posteriormente, Amaral destacou a evolu\u00e7\u00e3o das curvas epidemiol\u00f3gicas que s\u00e3o acompanhadas pela secretaria desde o in\u00edcio da pandemia de covid-19. \u201cNum primeiro momento, as primeiras previs\u00f5es que t\u00ednhamos em rela\u00e7\u00e3o \u00e0 Minas Gerais, com tend\u00eancia nacional, era um n\u00famero de acometidos pela doen\u00e7a muito alto. Com o passar do tempo e com o isolamento social j\u00e1 em andamento, percebemos que este n\u00famero foi reduzindo, demonstrando a efici\u00eancia do distanciamento no estado\u201d, afirmou.<\/p>\n<p style=\"text-align: justify;\">O secret\u00e1rio explicou, ainda, que a evolu\u00e7\u00e3o da epidemia possibilitou que as proje\u00e7\u00f5es passassem a ser feitas tendo como tend\u00eancia o pr\u00f3prio estado e n\u00e3o mais todo o territ\u00f3rio nacional. \u201cOs casos registrados em Minas Gerais configuram uma tend\u00eancia e percebemos que a tend\u00eancia que ocorria no estado era diferente da que ocorria em todo o pa\u00eds. Dessa forma, a partir da\u00ed, tivemos condi\u00e7\u00f5es de realizar proje\u00e7\u00f5es mais pr\u00f3ximas a realidade de Minas Gerais. Atualmente, a previs\u00e3o \u00e9 que o pico ocorra dia 19 de julho e esse constante adiamento do pico, que \u00e9 a data em que se prev\u00ea um maior estresse assistencial, \u201cest\u00e1 diretamente relacionado \u00e0 manuten\u00e7\u00e3o do isolamento social, do uso de m\u00e1scaras e de todas as demais orienta\u00e7\u00f5es\u201d, pontuou Amaral.<\/p>\n<p>Veja reportagem completa em\u00a0<a href=\"https:\/\/www.saude.mg.gov.br\/component\/gmg\/story\/12819-pico-da-pandemia-de-covid-19-em-minas-gerais-e-adiado-para-julho\">https:\/\/www.saude.mg.gov.br\/component\/gmg\/story\/12819-pico-da-pandemia-de-covid-19-em-minas-gerais-e-adiado-para-julho<\/a><\/p>\n","protected":false},"excerpt":{"rendered":"<p>Em raz\u00e3o do isolamento social, a proje\u00e7\u00e3o para o pico da pandemia passa a ser 19 de julho Nesta quinta-feira, 28\/05, o secret\u00e1rio de Estado de Sa\u00fade de Minas Gerais (SES-MG), Carlos Eduardo Amaral e secret\u00e1rio adjunto de Desenvolvimento Econ\u00f4mico, Fernando Passalio, realizaram an\u00e1lise da situa\u00e7\u00e3o da pandemia de covid-19 no estado e responderam perguntas [&hellip;]<\/p>\n","protected":false},"author":1,"featured_media":18706,"comment_status":"open","ping_status":"open","sticky":false,"template":"","format":"standard","meta":{"footnotes":""},"categories":[140],"tags":[],"class_list":["post-18704","post","type-post","status-publish","format-standard","has-post-thumbnail","hentry","category-noticias"],"yoast_head":"<!-- This site is optimized with the Yoast SEO plugin v26.9 - https:\/\/yoast.com\/product\/yoast-seo-wordpress\/ -->\n<title>Pico da pandemia de Covid-19 em Minas Gerais \u00e9 adiado para julho - Federassantas<\/title>\n<meta name=\"robots\" content=\"index, follow, max-snippet:-1, max-image-preview:large, max-video-preview:-1\" \/>\n<link rel=\"canonical\" href=\"https:\/\/www.federassantas.org.br\/novosite\/pico-da-pandemia-de-covid-19-em-minas-gerais-e-adiado-para-julho\/\" \/>\n<meta property=\"og:locale\" content=\"pt_BR\" \/>\n<meta property=\"og:type\" content=\"article\" \/>\n<meta property=\"og:title\" content=\"Pico da pandemia de Covid-19 em Minas Gerais \u00e9 adiado para julho - Federassantas\" \/>\n<meta property=\"og:description\" content=\"Em raz\u00e3o do isolamento social, a proje\u00e7\u00e3o para o pico da pandemia passa a ser 19 de julho Nesta quinta-feira, 28\/05, o secret\u00e1rio de Estado de Sa\u00fade de Minas Gerais (SES-MG), Carlos Eduardo Amaral e secret\u00e1rio adjunto de Desenvolvimento Econ\u00f4mico, Fernando Passalio, realizaram an\u00e1lise da situa\u00e7\u00e3o da pandemia de covid-19 no estado e responderam perguntas [&hellip;]\" \/>\n<meta property=\"og:url\" content=\"https:\/\/www.federassantas.org.br\/novosite\/pico-da-pandemia-de-covid-19-em-minas-gerais-e-adiado-para-julho\/\" \/>\n<meta property=\"og:site_name\" content=\"Federassantas\" \/>\n<meta property=\"article:published_time\" content=\"2020-05-29T17:10:36+00:00\" \/>\n<meta name=\"author\" content=\"admin-federas\" \/>\n<meta name=\"twitter:card\" content=\"summary_large_image\" \/>\n<meta name=\"twitter:label1\" content=\"Escrito por\" \/>\n\t<meta name=\"twitter:data1\" content=\"admin-federas\" \/>\n\t<meta name=\"twitter:label2\" content=\"Est. tempo de leitura\" \/>\n\t<meta name=\"twitter:data2\" content=\"2 minutos\" \/>\n<script type=\"application\/ld+json\" class=\"yoast-schema-graph\">{\"@context\":\"https:\/\/schema.org\",\"@graph\":[{\"@type\":\"Article\",\"@id\":\"https:\/\/www.federassantas.org.br\/novosite\/pico-da-pandemia-de-covid-19-em-minas-gerais-e-adiado-para-julho\/#article\",\"isPartOf\":{\"@id\":\"https:\/\/www.federassantas.org.br\/novosite\/pico-da-pandemia-de-covid-19-em-minas-gerais-e-adiado-para-julho\/\"},\"author\":{\"name\":\"admin-federas\",\"@id\":\"https:\/\/www.federassantas.org.br\/novosite\/#\/schema\/person\/75fed98158349313fe56175f232f513c\"},\"headline\":\"Pico da pandemia de Covid-19 em Minas Gerais \u00e9 adiado para julho\",\"datePublished\":\"2020-05-29T17:10:36+00:00\",\"mainEntityOfPage\":{\"@id\":\"https:\/\/www.federassantas.org.br\/novosite\/pico-da-pandemia-de-covid-19-em-minas-gerais-e-adiado-para-julho\/\"},\"wordCount\":318,\"commentCount\":0,\"publisher\":{\"@id\":\"https:\/\/www.federassantas.org.br\/novosite\/#organization\"},\"image\":{\"@id\":\"https:\/\/www.federassantas.org.br\/novosite\/pico-da-pandemia-de-covid-19-em-minas-gerais-e-adiado-para-julho\/#primaryimage\"},\"thumbnailUrl\":\"\",\"articleSection\":[\"Not\u00edcias\"],\"inLanguage\":\"pt-BR\",\"potentialAction\":[{\"@type\":\"CommentAction\",\"name\":\"Comment\",\"target\":[\"https:\/\/www.federassantas.org.br\/novosite\/pico-da-pandemia-de-covid-19-em-minas-gerais-e-adiado-para-julho\/#respond\"]}]},{\"@type\":\"WebPage\",\"@id\":\"https:\/\/www.federassantas.org.br\/novosite\/pico-da-pandemia-de-covid-19-em-minas-gerais-e-adiado-para-julho\/\",\"url\":\"https:\/\/www.federassantas.org.br\/novosite\/pico-da-pandemia-de-covid-19-em-minas-gerais-e-adiado-para-julho\/\",\"name\":\"Pico da pandemia de Covid-19 em Minas Gerais \u00e9 adiado para julho - Federassantas\",\"isPartOf\":{\"@id\":\"https:\/\/www.federassantas.org.br\/novosite\/#website\"},\"primaryImageOfPage\":{\"@id\":\"https:\/\/www.federassantas.org.br\/novosite\/pico-da-pandemia-de-covid-19-em-minas-gerais-e-adiado-para-julho\/#primaryimage\"},\"image\":{\"@id\":\"https:\/\/www.federassantas.org.br\/novosite\/pico-da-pandemia-de-covid-19-em-minas-gerais-e-adiado-para-julho\/#primaryimage\"},\"thumbnailUrl\":\"\",\"datePublished\":\"2020-05-29T17:10:36+00:00\",\"breadcrumb\":{\"@id\":\"https:\/\/www.federassantas.org.br\/novosite\/pico-da-pandemia-de-covid-19-em-minas-gerais-e-adiado-para-julho\/#breadcrumb\"},\"inLanguage\":\"pt-BR\",\"potentialAction\":[{\"@type\":\"ReadAction\",\"target\":[\"https:\/\/www.federassantas.org.br\/novosite\/pico-da-pandemia-de-covid-19-em-minas-gerais-e-adiado-para-julho\/\"]}]},{\"@type\":\"ImageObject\",\"inLanguage\":\"pt-BR\",\"@id\":\"https:\/\/www.federassantas.org.br\/novosite\/pico-da-pandemia-de-covid-19-em-minas-gerais-e-adiado-para-julho\/#primaryimage\",\"url\":\"\",\"contentUrl\":\"\"},{\"@type\":\"BreadcrumbList\",\"@id\":\"https:\/\/www.federassantas.org.br\/novosite\/pico-da-pandemia-de-covid-19-em-minas-gerais-e-adiado-para-julho\/#breadcrumb\",\"itemListElement\":[{\"@type\":\"ListItem\",\"position\":1,\"name\":\"In\u00edcio\",\"item\":\"https:\/\/www.federassantas.org.br\/novosite\/\"},{\"@type\":\"ListItem\",\"position\":2,\"name\":\"Pico da pandemia de Covid-19 em Minas Gerais \u00e9 adiado para julho\"}]},{\"@type\":\"WebSite\",\"@id\":\"https:\/\/www.federassantas.org.br\/novosite\/#website\",\"url\":\"https:\/\/www.federassantas.org.br\/novosite\/\",\"name\":\"Federassantas\",\"description\":\"Fed. das Santas Casas e Hospitais Filantr\u00f3picos de MG\",\"publisher\":{\"@id\":\"https:\/\/www.federassantas.org.br\/novosite\/#organization\"},\"potentialAction\":[{\"@type\":\"SearchAction\",\"target\":{\"@type\":\"EntryPoint\",\"urlTemplate\":\"https:\/\/www.federassantas.org.br\/novosite\/?s={search_term_string}\"},\"query-input\":{\"@type\":\"PropertyValueSpecification\",\"valueRequired\":true,\"valueName\":\"search_term_string\"}}],\"inLanguage\":\"pt-BR\"},{\"@type\":\"Organization\",\"@id\":\"https:\/\/www.federassantas.org.br\/novosite\/#organization\",\"name\":\"Federassantas\",\"url\":\"https:\/\/www.federassantas.org.br\/novosite\/\",\"logo\":{\"@type\":\"ImageObject\",\"inLanguage\":\"pt-BR\",\"@id\":\"https:\/\/www.federassantas.org.br\/novosite\/#\/schema\/logo\/image\/\",\"url\":\"https:\/\/www.federassantas.org.br\/novosite\/wp-content\/uploads\/2021\/12\/logo.png\",\"contentUrl\":\"https:\/\/www.federassantas.org.br\/novosite\/wp-content\/uploads\/2021\/12\/logo.png\",\"width\":243,\"height\":59,\"caption\":\"Federassantas\"},\"image\":{\"@id\":\"https:\/\/www.federassantas.org.br\/novosite\/#\/schema\/logo\/image\/\"}},{\"@type\":\"Person\",\"@id\":\"https:\/\/www.federassantas.org.br\/novosite\/#\/schema\/person\/75fed98158349313fe56175f232f513c\",\"name\":\"admin-federas\",\"image\":{\"@type\":\"ImageObject\",\"inLanguage\":\"pt-BR\",\"@id\":\"https:\/\/www.federassantas.org.br\/novosite\/#\/schema\/person\/image\/\",\"url\":\"https:\/\/secure.gravatar.com\/avatar\/2a02d7dda59fe8dc6b7ffd3f652e2efede5ccf0dd89dfdc8137c5517f3de8407?s=96&d=mm&r=g\",\"contentUrl\":\"https:\/\/secure.gravatar.com\/avatar\/2a02d7dda59fe8dc6b7ffd3f652e2efede5ccf0dd89dfdc8137c5517f3de8407?s=96&d=mm&r=g\",\"caption\":\"admin-federas\"},\"sameAs\":[\"https:\/\/www.federassantas.org.br\/novosite\/\"],\"url\":\"https:\/\/www.federassantas.org.br\/novosite\/author\/admin-federas\/\"}]}<\/script>\n<!-- \/ Yoast SEO plugin. -->","yoast_head_json":{"title":"Pico da pandemia de Covid-19 em Minas Gerais \u00e9 adiado para julho - Federassantas","robots":{"index":"index","follow":"follow","max-snippet":"max-snippet:-1","max-image-preview":"max-image-preview:large","max-video-preview":"max-video-preview:-1"},"canonical":"https:\/\/www.federassantas.org.br\/novosite\/pico-da-pandemia-de-covid-19-em-minas-gerais-e-adiado-para-julho\/","og_locale":"pt_BR","og_type":"article","og_title":"Pico da pandemia de Covid-19 em Minas Gerais \u00e9 adiado para julho - Federassantas","og_description":"Em raz\u00e3o do isolamento social, a proje\u00e7\u00e3o para o pico da pandemia passa a ser 19 de julho Nesta quinta-feira, 28\/05, o secret\u00e1rio de Estado de Sa\u00fade de Minas Gerais (SES-MG), Carlos Eduardo Amaral e secret\u00e1rio adjunto de Desenvolvimento Econ\u00f4mico, Fernando Passalio, realizaram an\u00e1lise da situa\u00e7\u00e3o da pandemia de covid-19 no estado e responderam perguntas [&hellip;]","og_url":"https:\/\/www.federassantas.org.br\/novosite\/pico-da-pandemia-de-covid-19-em-minas-gerais-e-adiado-para-julho\/","og_site_name":"Federassantas","article_published_time":"2020-05-29T17:10:36+00:00","author":"admin-federas","twitter_card":"summary_large_image","twitter_misc":{"Escrito por":"admin-federas","Est. tempo de leitura":"2 minutos"},"schema":{"@context":"https:\/\/schema.org","@graph":[{"@type":"Article","@id":"https:\/\/www.federassantas.org.br\/novosite\/pico-da-pandemia-de-covid-19-em-minas-gerais-e-adiado-para-julho\/#article","isPartOf":{"@id":"https:\/\/www.federassantas.org.br\/novosite\/pico-da-pandemia-de-covid-19-em-minas-gerais-e-adiado-para-julho\/"},"author":{"name":"admin-federas","@id":"https:\/\/www.federassantas.org.br\/novosite\/#\/schema\/person\/75fed98158349313fe56175f232f513c"},"headline":"Pico da pandemia de Covid-19 em Minas Gerais \u00e9 adiado para julho","datePublished":"2020-05-29T17:10:36+00:00","mainEntityOfPage":{"@id":"https:\/\/www.federassantas.org.br\/novosite\/pico-da-pandemia-de-covid-19-em-minas-gerais-e-adiado-para-julho\/"},"wordCount":318,"commentCount":0,"publisher":{"@id":"https:\/\/www.federassantas.org.br\/novosite\/#organization"},"image":{"@id":"https:\/\/www.federassantas.org.br\/novosite\/pico-da-pandemia-de-covid-19-em-minas-gerais-e-adiado-para-julho\/#primaryimage"},"thumbnailUrl":"","articleSection":["Not\u00edcias"],"inLanguage":"pt-BR","potentialAction":[{"@type":"CommentAction","name":"Comment","target":["https:\/\/www.federassantas.org.br\/novosite\/pico-da-pandemia-de-covid-19-em-minas-gerais-e-adiado-para-julho\/#respond"]}]},{"@type":"WebPage","@id":"https:\/\/www.federassantas.org.br\/novosite\/pico-da-pandemia-de-covid-19-em-minas-gerais-e-adiado-para-julho\/","url":"https:\/\/www.federassantas.org.br\/novosite\/pico-da-pandemia-de-covid-19-em-minas-gerais-e-adiado-para-julho\/","name":"Pico da pandemia de Covid-19 em Minas Gerais \u00e9 adiado para julho - Federassantas","isPartOf":{"@id":"https:\/\/www.federassantas.org.br\/novosite\/#website"},"primaryImageOfPage":{"@id":"https:\/\/www.federassantas.org.br\/novosite\/pico-da-pandemia-de-covid-19-em-minas-gerais-e-adiado-para-julho\/#primaryimage"},"image":{"@id":"https:\/\/www.federassantas.org.br\/novosite\/pico-da-pandemia-de-covid-19-em-minas-gerais-e-adiado-para-julho\/#primaryimage"},"thumbnailUrl":"","datePublished":"2020-05-29T17:10:36+00:00","breadcrumb":{"@id":"https:\/\/www.federassantas.org.br\/novosite\/pico-da-pandemia-de-covid-19-em-minas-gerais-e-adiado-para-julho\/#breadcrumb"},"inLanguage":"pt-BR","potentialAction":[{"@type":"ReadAction","target":["https:\/\/www.federassantas.org.br\/novosite\/pico-da-pandemia-de-covid-19-em-minas-gerais-e-adiado-para-julho\/"]}]},{"@type":"ImageObject","inLanguage":"pt-BR","@id":"https:\/\/www.federassantas.org.br\/novosite\/pico-da-pandemia-de-covid-19-em-minas-gerais-e-adiado-para-julho\/#primaryimage","url":"","contentUrl":""},{"@type":"BreadcrumbList","@id":"https:\/\/www.federassantas.org.br\/novosite\/pico-da-pandemia-de-covid-19-em-minas-gerais-e-adiado-para-julho\/#breadcrumb","itemListElement":[{"@type":"ListItem","position":1,"name":"In\u00edcio","item":"https:\/\/www.federassantas.org.br\/novosite\/"},{"@type":"ListItem","position":2,"name":"Pico da pandemia de Covid-19 em Minas Gerais \u00e9 adiado para julho"}]},{"@type":"WebSite","@id":"https:\/\/www.federassantas.org.br\/novosite\/#website","url":"https:\/\/www.federassantas.org.br\/novosite\/","name":"Federassantas","description":"Fed. das Santas Casas e Hospitais Filantr\u00f3picos de MG","publisher":{"@id":"https:\/\/www.federassantas.org.br\/novosite\/#organization"},"potentialAction":[{"@type":"SearchAction","target":{"@type":"EntryPoint","urlTemplate":"https:\/\/www.federassantas.org.br\/novosite\/?s={search_term_string}"},"query-input":{"@type":"PropertyValueSpecification","valueRequired":true,"valueName":"search_term_string"}}],"inLanguage":"pt-BR"},{"@type":"Organization","@id":"https:\/\/www.federassantas.org.br\/novosite\/#organization","name":"Federassantas","url":"https:\/\/www.federassantas.org.br\/novosite\/","logo":{"@type":"ImageObject","inLanguage":"pt-BR","@id":"https:\/\/www.federassantas.org.br\/novosite\/#\/schema\/logo\/image\/","url":"https:\/\/www.federassantas.org.br\/novosite\/wp-content\/uploads\/2021\/12\/logo.png","contentUrl":"https:\/\/www.federassantas.org.br\/novosite\/wp-content\/uploads\/2021\/12\/logo.png","width":243,"height":59,"caption":"Federassantas"},"image":{"@id":"https:\/\/www.federassantas.org.br\/novosite\/#\/schema\/logo\/image\/"}},{"@type":"Person","@id":"https:\/\/www.federassantas.org.br\/novosite\/#\/schema\/person\/75fed98158349313fe56175f232f513c","name":"admin-federas","image":{"@type":"ImageObject","inLanguage":"pt-BR","@id":"https:\/\/www.federassantas.org.br\/novosite\/#\/schema\/person\/image\/","url":"https:\/\/secure.gravatar.com\/avatar\/2a02d7dda59fe8dc6b7ffd3f652e2efede5ccf0dd89dfdc8137c5517f3de8407?s=96&d=mm&r=g","contentUrl":"https:\/\/secure.gravatar.com\/avatar\/2a02d7dda59fe8dc6b7ffd3f652e2efede5ccf0dd89dfdc8137c5517f3de8407?s=96&d=mm&r=g","caption":"admin-federas"},"sameAs":["https:\/\/www.federassantas.org.br\/novosite\/"],"url":"https:\/\/www.federassantas.org.br\/novosite\/author\/admin-federas\/"}]}},"_links":{"self":[{"href":"https:\/\/www.federassantas.org.br\/novosite\/wp-json\/wp\/v2\/posts\/18704","targetHints":{"allow":["GET"]}}],"collection":[{"href":"https:\/\/www.federassantas.org.br\/novosite\/wp-json\/wp\/v2\/posts"}],"about":[{"href":"https:\/\/www.federassantas.org.br\/novosite\/wp-json\/wp\/v2\/types\/post"}],"author":[{"embeddable":true,"href":"https:\/\/www.federassantas.org.br\/novosite\/wp-json\/wp\/v2\/users\/1"}],"replies":[{"embeddable":true,"href":"https:\/\/www.federassantas.org.br\/novosite\/wp-json\/wp\/v2\/comments?post=18704"}],"version-history":[{"count":0,"href":"https:\/\/www.federassantas.org.br\/novosite\/wp-json\/wp\/v2\/posts\/18704\/revisions"}],"wp:featuredmedia":[{"embeddable":true,"href":"https:\/\/www.federassantas.org.br\/novosite\/wp-json\/"}],"wp:attachment":[{"href":"https:\/\/www.federassantas.org.br\/novosite\/wp-json\/wp\/v2\/media?parent=18704"}],"wp:term":[{"taxonomy":"category","embeddable":true,"href":"https:\/\/www.federassantas.org.br\/novosite\/wp-json\/wp\/v2\/categories?post=18704"},{"taxonomy":"post_tag","embeddable":true,"href":"https:\/\/www.federassantas.org.br\/novosite\/wp-json\/wp\/v2\/tags?post=18704"}],"curies":[{"name":"wp","href":"https:\/\/api.w.org\/{rel}","templated":true}]}}