{"id":22496,"date":"2021-10-28T12:16:55","date_gmt":"2021-10-28T15:16:55","guid":{"rendered":"https:\/\/federasbackup.meltcomunicacao.com.br\/?p=22496"},"modified":"2021-10-28T12:16:55","modified_gmt":"2021-10-28T15:16:55","slug":"santa-casa-de-caridade-de-diamantina-recebe-certificado-angels-de-excelencia-no-atendimento-do-avc","status":"publish","type":"post","link":"https:\/\/www.federassantas.org.br\/novosite\/santa-casa-de-caridade-de-diamantina-recebe-certificado-angels-de-excelencia-no-atendimento-do-avc\/","title":{"rendered":"Santa Casa de Caridade de Diamantina recebe certificado \u201cAngels\u201d de excel\u00eancia no atendimento do AVC"},"content":{"rendered":"\n<p>Na \u00faltima quinta-feira 21\/10, representantes da Superintend\u00eancia Regional de Sa\u00fade (SRS) de Diamantina estiveram presentes na solenidade de certifica\u00e7\u00e3o da Santa Casa de Caridade de Diamantina como \u201cHospital Angels\u201d. Surgido na Alemanha, o programa Angels tem como objetivo agilizar e otimizar o atendimento a pacientes v\u00edtimas de Acidentes Vascular Cerebral (AVC), capacitando profissionais e criando centros de excel\u00eancia em hospitais de todo o mundo.<\/p>\n\n\n\n<p>Para conquistar a certifica\u00e7\u00e3o, concedida \u00e0 institui\u00e7\u00e3o pelo grupo internacional Boehringer Ingelheim, a Santa Casa passou por diversas etapas, como a constru\u00e7\u00e3o do plano de trabalho, treinamentos multidisciplinares e administrativos, al\u00e9m de simula\u00e7\u00f5es e acompanhamento de indicadores, processo iniciado em 2019.<\/p>\n\n\n\n<p>\u201cA Santa Casa de Caridade de Diamantina est\u00e1 recebendo hoje uma certifica\u00e7\u00e3o internacional de excel\u00eancia em atendimento a v\u00edtimas do AVC. Isso quer dizer que os mesmos protocolos de atendimento utilizados em um hospital de excel\u00eancia dos Estados Unidos, da Europa, ou de qualquer lugar do mundo, tamb\u00e9m ser\u00e3o seguidos pela equipe de profissionais da Santa Casa de Caridade de Diamantina. Parabenizamos a institui\u00e7\u00e3o e os seus profissionais pela conquista, porque sabemos que n\u00e3o foi f\u00e1cil chegar at\u00e9 aqui\u201d, destacou Kamila&nbsp;Fachola, consultora cient\u00edfica da Angels.<\/p>\n\n\n\n<p>Deliane Betania Lopes, especialista em pol\u00edticas e gest\u00e3o da Sa\u00fade da Regional, que representou a superintendente da SRS-Diamantina na ocasi\u00e3o, comentou a import\u00e2ncia da certifica\u00e7\u00e3o conquistada pela institui\u00e7\u00e3o. \u201cParab\u00e9ns \u00e0 Santa Casa de Caridade pela conquista. Esta certifica\u00e7\u00e3o \u00e9 a prova de que a institui\u00e7\u00e3o e seus profissionais est\u00e3o preparados para o atendimento de urg\u00eancia a pacientes de AVC&#8221;, ressaltou.&nbsp;<\/p>\n\n\n\n<p><strong>Parceria SRS-Diamantina<\/strong><\/p>\n\n\n\n<p>De acordo com Deliane, ao final da solenidade de certifica\u00e7\u00e3o, o representante do programa Angels, Joaquim Nunes, manifestou interesse e possibilidade da Boehringer formar parceria com a SRS-Diamantina para capacitar os munic\u00edpios da macrorregi\u00e3o de Sa\u00fade Jequitinhona. \u201cCaso seja concretizada, a parceria permitir\u00e1 preparar os profissionais para a assist\u00eancia inicial ao paciente com Acidente Vascular Cerebral (AVC), de modo que o encaminhamento do usu\u00e1rio \u00e0 institui\u00e7\u00e3o de refer\u00eancia para o AVC seja feito de maneira adequada. A Superintend\u00eancia Regional de Sa\u00fade tem trabalhado para fortalecer a Linha de Cuidado de AVC na macrorregi\u00e3o, estando em conson\u00e2ncia com as diretrizes do Minist\u00e9rio da Sa\u00fade e da Secretaria de Estado de Sa\u00fade de Minas Gerais (SES-MG)\u201d, concluiu.<\/p>\n\n\n\n<p><em>Por Ricardo Souza Maciel<\/em> &#8211; <a href=\"https:\/\/www.saude.mg.gov.br\/component\/gmg\/story\/15801-santa-casa-de-caridade-de-diamantina-recebe-certificado-angels-de-excelencia-no-atendimento-do-avc\" target=\"_blank\" rel=\"noreferrer noopener\">SES-MG<\/a><\/p>\n","protected":false},"excerpt":{"rendered":"<p>Na \u00faltima quinta-feira 21\/10, representantes da Superintend\u00eancia Regional de Sa\u00fade (SRS) de Diamantina estiveram presentes na solenidade de certifica\u00e7\u00e3o da Santa Casa de Caridade de Diamantina como \u201cHospital Angels\u201d. Surgido na Alemanha, o programa Angels tem como objetivo agilizar e otimizar o atendimento a pacientes v\u00edtimas de Acidentes Vascular Cerebral (AVC), capacitando profissionais e criando [&hellip;]<\/p>\n","protected":false},"author":1,"featured_media":22497,"comment_status":"open","ping_status":"open","sticky":false,"template":"","format":"standard","meta":{"footnotes":""},"categories":[140,139],"tags":[],"class_list":["post-22496","post","type-post","status-publish","format-standard","has-post-thumbnail","hentry","category-noticias","category-noticias-filiados"],"yoast_head":"<!-- This site is optimized with the Yoast SEO plugin v26.9 - https:\/\/yoast.com\/product\/yoast-seo-wordpress\/ -->\n<title>Santa Casa de Caridade de Diamantina recebe certificado \u201cAngels\u201d de excel\u00eancia no atendimento do AVC - Federassantas<\/title>\n<meta name=\"robots\" content=\"index, follow, max-snippet:-1, max-image-preview:large, max-video-preview:-1\" \/>\n<link rel=\"canonical\" href=\"https:\/\/www.federassantas.org.br\/novosite\/santa-casa-de-caridade-de-diamantina-recebe-certificado-angels-de-excelencia-no-atendimento-do-avc\/\" \/>\n<meta property=\"og:locale\" content=\"pt_BR\" \/>\n<meta property=\"og:type\" content=\"article\" \/>\n<meta property=\"og:title\" content=\"Santa Casa de Caridade de Diamantina recebe certificado \u201cAngels\u201d de excel\u00eancia no atendimento do AVC - Federassantas\" \/>\n<meta property=\"og:description\" content=\"Na \u00faltima quinta-feira 21\/10, representantes da Superintend\u00eancia Regional de Sa\u00fade (SRS) de Diamantina estiveram presentes na solenidade de certifica\u00e7\u00e3o da Santa Casa de Caridade de Diamantina como \u201cHospital Angels\u201d. Surgido na Alemanha, o programa Angels tem como objetivo agilizar e otimizar o atendimento a pacientes v\u00edtimas de Acidentes Vascular Cerebral (AVC), capacitando profissionais e criando [&hellip;]\" \/>\n<meta property=\"og:url\" content=\"https:\/\/www.federassantas.org.br\/novosite\/santa-casa-de-caridade-de-diamantina-recebe-certificado-angels-de-excelencia-no-atendimento-do-avc\/\" \/>\n<meta property=\"og:site_name\" content=\"Federassantas\" \/>\n<meta property=\"article:published_time\" content=\"2021-10-28T15:16:55+00:00\" \/>\n<meta property=\"og:image\" content=\"https:\/\/www.federassantas.org.br\/novosite\/wp-content\/uploads\/2021\/10\/25-10_Ricardo_Maciel.jpg\" \/>\n\t<meta property=\"og:image:width\" content=\"640\" \/>\n\t<meta property=\"og:image:height\" content=\"480\" \/>\n\t<meta property=\"og:image:type\" content=\"image\/jpeg\" \/>\n<meta name=\"author\" content=\"admin-federas\" \/>\n<meta name=\"twitter:card\" content=\"summary_large_image\" \/>\n<meta name=\"twitter:label1\" content=\"Escrito por\" \/>\n\t<meta name=\"twitter:data1\" content=\"admin-federas\" \/>\n\t<meta name=\"twitter:label2\" content=\"Est. tempo de leitura\" \/>\n\t<meta name=\"twitter:data2\" content=\"2 minutos\" \/>\n<script type=\"application\/ld+json\" class=\"yoast-schema-graph\">{\"@context\":\"https:\/\/schema.org\",\"@graph\":[{\"@type\":\"Article\",\"@id\":\"https:\/\/www.federassantas.org.br\/novosite\/santa-casa-de-caridade-de-diamantina-recebe-certificado-angels-de-excelencia-no-atendimento-do-avc\/#article\",\"isPartOf\":{\"@id\":\"https:\/\/www.federassantas.org.br\/novosite\/santa-casa-de-caridade-de-diamantina-recebe-certificado-angels-de-excelencia-no-atendimento-do-avc\/\"},\"author\":{\"name\":\"admin-federas\",\"@id\":\"https:\/\/www.federassantas.org.br\/novosite\/#\/schema\/person\/75fed98158349313fe56175f232f513c\"},\"headline\":\"Santa Casa de Caridade de Diamantina recebe certificado \u201cAngels\u201d de excel\u00eancia no atendimento do AVC\",\"datePublished\":\"2021-10-28T15:16:55+00:00\",\"mainEntityOfPage\":{\"@id\":\"https:\/\/www.federassantas.org.br\/novosite\/santa-casa-de-caridade-de-diamantina-recebe-certificado-angels-de-excelencia-no-atendimento-do-avc\/\"},\"wordCount\":433,\"commentCount\":0,\"publisher\":{\"@id\":\"https:\/\/www.federassantas.org.br\/novosite\/#organization\"},\"image\":{\"@id\":\"https:\/\/www.federassantas.org.br\/novosite\/santa-casa-de-caridade-de-diamantina-recebe-certificado-angels-de-excelencia-no-atendimento-do-avc\/#primaryimage\"},\"thumbnailUrl\":\"https:\/\/www.federassantas.org.br\/novosite\/wp-content\/uploads\/2021\/10\/25-10_Ricardo_Maciel.jpg\",\"articleSection\":[\"Not\u00edcias\",\"Not\u00edcias filiados\"],\"inLanguage\":\"pt-BR\",\"potentialAction\":[{\"@type\":\"CommentAction\",\"name\":\"Comment\",\"target\":[\"https:\/\/www.federassantas.org.br\/novosite\/santa-casa-de-caridade-de-diamantina-recebe-certificado-angels-de-excelencia-no-atendimento-do-avc\/#respond\"]}]},{\"@type\":\"WebPage\",\"@id\":\"https:\/\/www.federassantas.org.br\/novosite\/santa-casa-de-caridade-de-diamantina-recebe-certificado-angels-de-excelencia-no-atendimento-do-avc\/\",\"url\":\"https:\/\/www.federassantas.org.br\/novosite\/santa-casa-de-caridade-de-diamantina-recebe-certificado-angels-de-excelencia-no-atendimento-do-avc\/\",\"name\":\"Santa Casa de Caridade de Diamantina recebe certificado \u201cAngels\u201d de excel\u00eancia no atendimento do AVC - Federassantas\",\"isPartOf\":{\"@id\":\"https:\/\/www.federassantas.org.br\/novosite\/#website\"},\"primaryImageOfPage\":{\"@id\":\"https:\/\/www.federassantas.org.br\/novosite\/santa-casa-de-caridade-de-diamantina-recebe-certificado-angels-de-excelencia-no-atendimento-do-avc\/#primaryimage\"},\"image\":{\"@id\":\"https:\/\/www.federassantas.org.br\/novosite\/santa-casa-de-caridade-de-diamantina-recebe-certificado-angels-de-excelencia-no-atendimento-do-avc\/#primaryimage\"},\"thumbnailUrl\":\"https:\/\/www.federassantas.org.br\/novosite\/wp-content\/uploads\/2021\/10\/25-10_Ricardo_Maciel.jpg\",\"datePublished\":\"2021-10-28T15:16:55+00:00\",\"breadcrumb\":{\"@id\":\"https:\/\/www.federassantas.org.br\/novosite\/santa-casa-de-caridade-de-diamantina-recebe-certificado-angels-de-excelencia-no-atendimento-do-avc\/#breadcrumb\"},\"inLanguage\":\"pt-BR\",\"potentialAction\":[{\"@type\":\"ReadAction\",\"target\":[\"https:\/\/www.federassantas.org.br\/novosite\/santa-casa-de-caridade-de-diamantina-recebe-certificado-angels-de-excelencia-no-atendimento-do-avc\/\"]}]},{\"@type\":\"ImageObject\",\"inLanguage\":\"pt-BR\",\"@id\":\"https:\/\/www.federassantas.org.br\/novosite\/santa-casa-de-caridade-de-diamantina-recebe-certificado-angels-de-excelencia-no-atendimento-do-avc\/#primaryimage\",\"url\":\"https:\/\/www.federassantas.org.br\/novosite\/wp-content\/uploads\/2021\/10\/25-10_Ricardo_Maciel.jpg\",\"contentUrl\":\"https:\/\/www.federassantas.org.br\/novosite\/wp-content\/uploads\/2021\/10\/25-10_Ricardo_Maciel.jpg\",\"width\":640,\"height\":480},{\"@type\":\"BreadcrumbList\",\"@id\":\"https:\/\/www.federassantas.org.br\/novosite\/santa-casa-de-caridade-de-diamantina-recebe-certificado-angels-de-excelencia-no-atendimento-do-avc\/#breadcrumb\",\"itemListElement\":[{\"@type\":\"ListItem\",\"position\":1,\"name\":\"In\u00edcio\",\"item\":\"https:\/\/www.federassantas.org.br\/novosite\/\"},{\"@type\":\"ListItem\",\"position\":2,\"name\":\"Santa Casa de Caridade de Diamantina recebe certificado \u201cAngels\u201d de excel\u00eancia no atendimento do AVC\"}]},{\"@type\":\"WebSite\",\"@id\":\"https:\/\/www.federassantas.org.br\/novosite\/#website\",\"url\":\"https:\/\/www.federassantas.org.br\/novosite\/\",\"name\":\"Federassantas\",\"description\":\"Fed. das Santas Casas e Hospitais Filantr\u00f3picos de MG\",\"publisher\":{\"@id\":\"https:\/\/www.federassantas.org.br\/novosite\/#organization\"},\"potentialAction\":[{\"@type\":\"SearchAction\",\"target\":{\"@type\":\"EntryPoint\",\"urlTemplate\":\"https:\/\/www.federassantas.org.br\/novosite\/?s={search_term_string}\"},\"query-input\":{\"@type\":\"PropertyValueSpecification\",\"valueRequired\":true,\"valueName\":\"search_term_string\"}}],\"inLanguage\":\"pt-BR\"},{\"@type\":\"Organization\",\"@id\":\"https:\/\/www.federassantas.org.br\/novosite\/#organization\",\"name\":\"Federassantas\",\"url\":\"https:\/\/www.federassantas.org.br\/novosite\/\",\"logo\":{\"@type\":\"ImageObject\",\"inLanguage\":\"pt-BR\",\"@id\":\"https:\/\/www.federassantas.org.br\/novosite\/#\/schema\/logo\/image\/\",\"url\":\"https:\/\/www.federassantas.org.br\/novosite\/wp-content\/uploads\/2021\/12\/logo.png\",\"contentUrl\":\"https:\/\/www.federassantas.org.br\/novosite\/wp-content\/uploads\/2021\/12\/logo.png\",\"width\":243,\"height\":59,\"caption\":\"Federassantas\"},\"image\":{\"@id\":\"https:\/\/www.federassantas.org.br\/novosite\/#\/schema\/logo\/image\/\"}},{\"@type\":\"Person\",\"@id\":\"https:\/\/www.federassantas.org.br\/novosite\/#\/schema\/person\/75fed98158349313fe56175f232f513c\",\"name\":\"admin-federas\",\"image\":{\"@type\":\"ImageObject\",\"inLanguage\":\"pt-BR\",\"@id\":\"https:\/\/www.federassantas.org.br\/novosite\/#\/schema\/person\/image\/\",\"url\":\"https:\/\/secure.gravatar.com\/avatar\/2a02d7dda59fe8dc6b7ffd3f652e2efede5ccf0dd89dfdc8137c5517f3de8407?s=96&d=mm&r=g\",\"contentUrl\":\"https:\/\/secure.gravatar.com\/avatar\/2a02d7dda59fe8dc6b7ffd3f652e2efede5ccf0dd89dfdc8137c5517f3de8407?s=96&d=mm&r=g\",\"caption\":\"admin-federas\"},\"sameAs\":[\"https:\/\/www.federassantas.org.br\/novosite\/\"],\"url\":\"https:\/\/www.federassantas.org.br\/novosite\/author\/admin-federas\/\"}]}<\/script>\n<!-- \/ Yoast SEO plugin. -->","yoast_head_json":{"title":"Santa Casa de Caridade de Diamantina recebe certificado \u201cAngels\u201d de excel\u00eancia no atendimento do AVC - Federassantas","robots":{"index":"index","follow":"follow","max-snippet":"max-snippet:-1","max-image-preview":"max-image-preview:large","max-video-preview":"max-video-preview:-1"},"canonical":"https:\/\/www.federassantas.org.br\/novosite\/santa-casa-de-caridade-de-diamantina-recebe-certificado-angels-de-excelencia-no-atendimento-do-avc\/","og_locale":"pt_BR","og_type":"article","og_title":"Santa Casa de Caridade de Diamantina recebe certificado \u201cAngels\u201d de excel\u00eancia no atendimento do AVC - Federassantas","og_description":"Na \u00faltima quinta-feira 21\/10, representantes da Superintend\u00eancia Regional de Sa\u00fade (SRS) de Diamantina estiveram presentes na solenidade de certifica\u00e7\u00e3o da Santa Casa de Caridade de Diamantina como \u201cHospital Angels\u201d. Surgido na Alemanha, o programa Angels tem como objetivo agilizar e otimizar o atendimento a pacientes v\u00edtimas de Acidentes Vascular Cerebral (AVC), capacitando profissionais e criando [&hellip;]","og_url":"https:\/\/www.federassantas.org.br\/novosite\/santa-casa-de-caridade-de-diamantina-recebe-certificado-angels-de-excelencia-no-atendimento-do-avc\/","og_site_name":"Federassantas","article_published_time":"2021-10-28T15:16:55+00:00","og_image":[{"width":640,"height":480,"url":"https:\/\/www.federassantas.org.br\/novosite\/wp-content\/uploads\/2021\/10\/25-10_Ricardo_Maciel.jpg","type":"image\/jpeg"}],"author":"admin-federas","twitter_card":"summary_large_image","twitter_misc":{"Escrito por":"admin-federas","Est. tempo de leitura":"2 minutos"},"schema":{"@context":"https:\/\/schema.org","@graph":[{"@type":"Article","@id":"https:\/\/www.federassantas.org.br\/novosite\/santa-casa-de-caridade-de-diamantina-recebe-certificado-angels-de-excelencia-no-atendimento-do-avc\/#article","isPartOf":{"@id":"https:\/\/www.federassantas.org.br\/novosite\/santa-casa-de-caridade-de-diamantina-recebe-certificado-angels-de-excelencia-no-atendimento-do-avc\/"},"author":{"name":"admin-federas","@id":"https:\/\/www.federassantas.org.br\/novosite\/#\/schema\/person\/75fed98158349313fe56175f232f513c"},"headline":"Santa Casa de Caridade de Diamantina recebe certificado \u201cAngels\u201d de excel\u00eancia no atendimento do AVC","datePublished":"2021-10-28T15:16:55+00:00","mainEntityOfPage":{"@id":"https:\/\/www.federassantas.org.br\/novosite\/santa-casa-de-caridade-de-diamantina-recebe-certificado-angels-de-excelencia-no-atendimento-do-avc\/"},"wordCount":433,"commentCount":0,"publisher":{"@id":"https:\/\/www.federassantas.org.br\/novosite\/#organization"},"image":{"@id":"https:\/\/www.federassantas.org.br\/novosite\/santa-casa-de-caridade-de-diamantina-recebe-certificado-angels-de-excelencia-no-atendimento-do-avc\/#primaryimage"},"thumbnailUrl":"https:\/\/www.federassantas.org.br\/novosite\/wp-content\/uploads\/2021\/10\/25-10_Ricardo_Maciel.jpg","articleSection":["Not\u00edcias","Not\u00edcias filiados"],"inLanguage":"pt-BR","potentialAction":[{"@type":"CommentAction","name":"Comment","target":["https:\/\/www.federassantas.org.br\/novosite\/santa-casa-de-caridade-de-diamantina-recebe-certificado-angels-de-excelencia-no-atendimento-do-avc\/#respond"]}]},{"@type":"WebPage","@id":"https:\/\/www.federassantas.org.br\/novosite\/santa-casa-de-caridade-de-diamantina-recebe-certificado-angels-de-excelencia-no-atendimento-do-avc\/","url":"https:\/\/www.federassantas.org.br\/novosite\/santa-casa-de-caridade-de-diamantina-recebe-certificado-angels-de-excelencia-no-atendimento-do-avc\/","name":"Santa Casa de Caridade de Diamantina recebe certificado \u201cAngels\u201d de excel\u00eancia no atendimento do AVC - Federassantas","isPartOf":{"@id":"https:\/\/www.federassantas.org.br\/novosite\/#website"},"primaryImageOfPage":{"@id":"https:\/\/www.federassantas.org.br\/novosite\/santa-casa-de-caridade-de-diamantina-recebe-certificado-angels-de-excelencia-no-atendimento-do-avc\/#primaryimage"},"image":{"@id":"https:\/\/www.federassantas.org.br\/novosite\/santa-casa-de-caridade-de-diamantina-recebe-certificado-angels-de-excelencia-no-atendimento-do-avc\/#primaryimage"},"thumbnailUrl":"https:\/\/www.federassantas.org.br\/novosite\/wp-content\/uploads\/2021\/10\/25-10_Ricardo_Maciel.jpg","datePublished":"2021-10-28T15:16:55+00:00","breadcrumb":{"@id":"https:\/\/www.federassantas.org.br\/novosite\/santa-casa-de-caridade-de-diamantina-recebe-certificado-angels-de-excelencia-no-atendimento-do-avc\/#breadcrumb"},"inLanguage":"pt-BR","potentialAction":[{"@type":"ReadAction","target":["https:\/\/www.federassantas.org.br\/novosite\/santa-casa-de-caridade-de-diamantina-recebe-certificado-angels-de-excelencia-no-atendimento-do-avc\/"]}]},{"@type":"ImageObject","inLanguage":"pt-BR","@id":"https:\/\/www.federassantas.org.br\/novosite\/santa-casa-de-caridade-de-diamantina-recebe-certificado-angels-de-excelencia-no-atendimento-do-avc\/#primaryimage","url":"https:\/\/www.federassantas.org.br\/novosite\/wp-content\/uploads\/2021\/10\/25-10_Ricardo_Maciel.jpg","contentUrl":"https:\/\/www.federassantas.org.br\/novosite\/wp-content\/uploads\/2021\/10\/25-10_Ricardo_Maciel.jpg","width":640,"height":480},{"@type":"BreadcrumbList","@id":"https:\/\/www.federassantas.org.br\/novosite\/santa-casa-de-caridade-de-diamantina-recebe-certificado-angels-de-excelencia-no-atendimento-do-avc\/#breadcrumb","itemListElement":[{"@type":"ListItem","position":1,"name":"In\u00edcio","item":"https:\/\/www.federassantas.org.br\/novosite\/"},{"@type":"ListItem","position":2,"name":"Santa Casa de Caridade de Diamantina recebe certificado \u201cAngels\u201d de excel\u00eancia no atendimento do AVC"}]},{"@type":"WebSite","@id":"https:\/\/www.federassantas.org.br\/novosite\/#website","url":"https:\/\/www.federassantas.org.br\/novosite\/","name":"Federassantas","description":"Fed. das Santas Casas e Hospitais Filantr\u00f3picos de MG","publisher":{"@id":"https:\/\/www.federassantas.org.br\/novosite\/#organization"},"potentialAction":[{"@type":"SearchAction","target":{"@type":"EntryPoint","urlTemplate":"https:\/\/www.federassantas.org.br\/novosite\/?s={search_term_string}"},"query-input":{"@type":"PropertyValueSpecification","valueRequired":true,"valueName":"search_term_string"}}],"inLanguage":"pt-BR"},{"@type":"Organization","@id":"https:\/\/www.federassantas.org.br\/novosite\/#organization","name":"Federassantas","url":"https:\/\/www.federassantas.org.br\/novosite\/","logo":{"@type":"ImageObject","inLanguage":"pt-BR","@id":"https:\/\/www.federassantas.org.br\/novosite\/#\/schema\/logo\/image\/","url":"https:\/\/www.federassantas.org.br\/novosite\/wp-content\/uploads\/2021\/12\/logo.png","contentUrl":"https:\/\/www.federassantas.org.br\/novosite\/wp-content\/uploads\/2021\/12\/logo.png","width":243,"height":59,"caption":"Federassantas"},"image":{"@id":"https:\/\/www.federassantas.org.br\/novosite\/#\/schema\/logo\/image\/"}},{"@type":"Person","@id":"https:\/\/www.federassantas.org.br\/novosite\/#\/schema\/person\/75fed98158349313fe56175f232f513c","name":"admin-federas","image":{"@type":"ImageObject","inLanguage":"pt-BR","@id":"https:\/\/www.federassantas.org.br\/novosite\/#\/schema\/person\/image\/","url":"https:\/\/secure.gravatar.com\/avatar\/2a02d7dda59fe8dc6b7ffd3f652e2efede5ccf0dd89dfdc8137c5517f3de8407?s=96&d=mm&r=g","contentUrl":"https:\/\/secure.gravatar.com\/avatar\/2a02d7dda59fe8dc6b7ffd3f652e2efede5ccf0dd89dfdc8137c5517f3de8407?s=96&d=mm&r=g","caption":"admin-federas"},"sameAs":["https:\/\/www.federassantas.org.br\/novosite\/"],"url":"https:\/\/www.federassantas.org.br\/novosite\/author\/admin-federas\/"}]}},"_links":{"self":[{"href":"https:\/\/www.federassantas.org.br\/novosite\/wp-json\/wp\/v2\/posts\/22496","targetHints":{"allow":["GET"]}}],"collection":[{"href":"https:\/\/www.federassantas.org.br\/novosite\/wp-json\/wp\/v2\/posts"}],"about":[{"href":"https:\/\/www.federassantas.org.br\/novosite\/wp-json\/wp\/v2\/types\/post"}],"author":[{"embeddable":true,"href":"https:\/\/www.federassantas.org.br\/novosite\/wp-json\/wp\/v2\/users\/1"}],"replies":[{"embeddable":true,"href":"https:\/\/www.federassantas.org.br\/novosite\/wp-json\/wp\/v2\/comments?post=22496"}],"version-history":[{"count":0,"href":"https:\/\/www.federassantas.org.br\/novosite\/wp-json\/wp\/v2\/posts\/22496\/revisions"}],"wp:featuredmedia":[{"embeddable":true,"href":"https:\/\/www.federassantas.org.br\/novosite\/wp-json\/wp\/v2\/media\/22497"}],"wp:attachment":[{"href":"https:\/\/www.federassantas.org.br\/novosite\/wp-json\/wp\/v2\/media?parent=22496"}],"wp:term":[{"taxonomy":"category","embeddable":true,"href":"https:\/\/www.federassantas.org.br\/novosite\/wp-json\/wp\/v2\/categories?post=22496"},{"taxonomy":"post_tag","embeddable":true,"href":"https:\/\/www.federassantas.org.br\/novosite\/wp-json\/wp\/v2\/tags?post=22496"}],"curies":[{"name":"wp","href":"https:\/\/api.w.org\/{rel}","templated":true}]}}