{"id":22499,"date":"2021-10-28T15:32:46","date_gmt":"2021-10-28T18:32:46","guid":{"rendered":"https:\/\/federasbackup.meltcomunicacao.com.br\/?p=22499"},"modified":"2021-10-28T15:32:46","modified_gmt":"2021-10-28T18:32:46","slug":"livro-sobre-a-covid-19-e-lancado-e-as-vendas-serao-revertidas-em-obras-de-melhorias-para-a-oncologia-da-fundacao-hospitalar-sao-francisco-de-assis","status":"publish","type":"post","link":"https:\/\/www.federassantas.org.br\/novosite\/livro-sobre-a-covid-19-e-lancado-e-as-vendas-serao-revertidas-em-obras-de-melhorias-para-a-oncologia-da-fundacao-hospitalar-sao-francisco-de-assis\/","title":{"rendered":"Livro sobre a Covid-19 \u00e9 lan\u00e7ado e as vendas ser\u00e3o revertidas em obras de melhorias para a Oncologia da Funda\u00e7\u00e3o Hospitalar S\u00e3o Francisco de Assis"},"content":{"rendered":"\n<p><em>A obra &#8220;CUIDAR DO AMOR DE ALGU\u00c9M\u201d narra os desafios e as conquistas dos gestores da Funda\u00e7\u00e3o e do comit\u00ea de enfrentamento a pandemia de Secret\u00e1ria de Sa\u00fade de BH<\/em><\/p>\n\n\n\n<p>A Funda\u00e7\u00e3o Hospitalar S\u00e3o Francisco lan\u00e7ou o livro &#8220;CUIDAR DO AMOR DE ALGU\u00c9M\u201d, de autoria da Superintendente de Servi\u00e7os Hospitalares e Sponsor do Comit\u00ea de Planejamento Frente \u00e0 Covid-19, Adriana de Souza Melo. A obra retrata os desafios e as experi\u00eancias da gest\u00e3o hospitalar enfrentados durante a pandemia da Covid-19 e conta com textos de gestores da FHSFA e com a colabora\u00e7\u00e3o de convidados como a Presidente da Federassantas, K\u00e1tia Rocha e o m\u00e9dico infectologista, Dr. Carlos Starling.&nbsp;<\/p>\n\n\n\n<p>Segundo a autora, a pandemia foi um desafio tanto pessoal quanto profissional. \u201cNo in\u00edcio da pandemia, diversas a\u00e7\u00f5es foram tomadas pelo comit\u00ea Covid para que pud\u00e9ssemos garantir a seguran\u00e7a das equipes e um atendimento de qualidade aos pacientes. No livro, narramos como foram essas etapas e o que enfrentamos no dia a dia em diferentes setores da Funda\u00e7\u00e3o\u201d, relata.&nbsp;<\/p>\n\n\n\n<p>O livro \u00e9 uma a\u00e7\u00e3o filantr\u00f3pica, em que toda a renda com as vendas ser\u00e1 revertida para a constru\u00e7\u00e3o de dois banheiros para os pacientes da Oncologia da Funda\u00e7\u00e3o. A obra ir\u00e1 beneficiar 800 pacientes que realizam mensalmente o procedimento de quimioterapia na unidade Conc\u00f3rdia.<\/p>\n\n\n\n<p>Para adquirir a edi\u00e7\u00e3o no valor de R$ 43,00 o link de compra \u00e9&nbsp;<a href=\"https:\/\/painel.dupay.com.br\/app\/cuidardoamordealguem\" target=\"_blank\" rel=\"noreferrer noopener\">https:\/\/painel.dupay.com.br\/app\/cuidardoamordealguem<\/a>. A retirada dos livros ser\u00e1 de segunda a sexta-feira, de 9h \u00e0s 18h, na Funda\u00e7\u00e3o Hospitalar S\u00e3o Francisco de Assis &#8211;&nbsp; Rua Itamarac\u00e1, n\u00ba 581 &#8211; Conc\u00f3rdia.<\/p>\n\n\n\n<p>Para informa\u00e7\u00f5es sobre a compra e entrega dos livros: 2126-1604.\u00a0<\/p>\n\n\n\n<figure class=\"wp-block-image size-medium\"><img fetchpriority=\"high\" decoding=\"async\" width=\"200\" height=\"300\" src=\"http:\/\/federasbackup.meltcomunicacao.com.br\/wp-content\/uploads\/2021\/10\/Livro-Cuidar-do-Amor-de-Alguem-Autora-Adriana-Melo-e-Convidados-Foto-MPerez-200x300.jpg\" alt=\"\" class=\"wp-image-22500\" srcset=\"https:\/\/www.federassantas.org.br\/novosite\/wp-content\/uploads\/2021\/10\/Livro-Cuidar-do-Amor-de-Alguem-Autora-Adriana-Melo-e-Convidados-Foto-MPerez-200x300.jpg 200w, https:\/\/www.federassantas.org.br\/novosite\/wp-content\/uploads\/2021\/10\/Livro-Cuidar-do-Amor-de-Alguem-Autora-Adriana-Melo-e-Convidados-Foto-MPerez-683x1024.jpg 683w, https:\/\/www.federassantas.org.br\/novosite\/wp-content\/uploads\/2021\/10\/Livro-Cuidar-do-Amor-de-Alguem-Autora-Adriana-Melo-e-Convidados-Foto-MPerez-768x1152.jpg 768w, https:\/\/www.federassantas.org.br\/novosite\/wp-content\/uploads\/2021\/10\/Livro-Cuidar-do-Amor-de-Alguem-Autora-Adriana-Melo-e-Convidados-Foto-MPerez.jpg 800w\" sizes=\"(max-width: 200px) 100vw, 200px\" \/><figcaption>Lan\u00e7amento do Livro Cuidar do amor de algu\u00e9m. 07 de outubro de 2021 &#8211; Foto: MPerez<\/figcaption><\/figure>\n\n\n\n<p>Por: Assessoria de Comunica\u00e7\u00e3o FHSFA<\/p>\n\n\n\n<p>Fotos: M. Perez<\/p>\n","protected":false},"excerpt":{"rendered":"<p>A obra &#8220;CUIDAR DO AMOR DE ALGU\u00c9M\u201d narra os desafios e as conquistas dos gestores da Funda\u00e7\u00e3o e do comit\u00ea de enfrentamento a pandemia de Secret\u00e1ria de Sa\u00fade de BH A Funda\u00e7\u00e3o Hospitalar S\u00e3o Francisco lan\u00e7ou o livro &#8220;CUIDAR DO AMOR DE ALGU\u00c9M\u201d, de autoria da Superintendente de Servi\u00e7os Hospitalares e Sponsor do Comit\u00ea de [&hellip;]<\/p>\n","protected":false},"author":1,"featured_media":22501,"comment_status":"open","ping_status":"open","sticky":false,"template":"","format":"standard","meta":{"footnotes":""},"categories":[140,139],"tags":[],"class_list":["post-22499","post","type-post","status-publish","format-standard","has-post-thumbnail","hentry","category-noticias","category-noticias-filiados"],"yoast_head":"<!-- This site is optimized with the Yoast SEO plugin v26.9 - https:\/\/yoast.com\/product\/yoast-seo-wordpress\/ -->\n<title>Livro sobre a Covid-19 \u00e9 lan\u00e7ado e as vendas ser\u00e3o revertidas em obras de melhorias para a Oncologia da Funda\u00e7\u00e3o Hospitalar S\u00e3o Francisco de Assis - Federassantas<\/title>\n<meta name=\"robots\" content=\"index, follow, max-snippet:-1, max-image-preview:large, max-video-preview:-1\" \/>\n<link rel=\"canonical\" href=\"https:\/\/www.federassantas.org.br\/novosite\/livro-sobre-a-covid-19-e-lancado-e-as-vendas-serao-revertidas-em-obras-de-melhorias-para-a-oncologia-da-fundacao-hospitalar-sao-francisco-de-assis\/\" \/>\n<meta property=\"og:locale\" content=\"pt_BR\" \/>\n<meta property=\"og:type\" content=\"article\" \/>\n<meta property=\"og:title\" content=\"Livro sobre a Covid-19 \u00e9 lan\u00e7ado e as vendas ser\u00e3o revertidas em obras de melhorias para a Oncologia da Funda\u00e7\u00e3o Hospitalar S\u00e3o Francisco de Assis - Federassantas\" \/>\n<meta property=\"og:description\" content=\"A obra &#8220;CUIDAR DO AMOR DE ALGU\u00c9M\u201d narra os desafios e as conquistas dos gestores da Funda\u00e7\u00e3o e do comit\u00ea de enfrentamento a pandemia de Secret\u00e1ria de Sa\u00fade de BH A Funda\u00e7\u00e3o Hospitalar S\u00e3o Francisco lan\u00e7ou o livro &#8220;CUIDAR DO AMOR DE ALGU\u00c9M\u201d, de autoria da Superintendente de Servi\u00e7os Hospitalares e Sponsor do Comit\u00ea de [&hellip;]\" \/>\n<meta property=\"og:url\" content=\"https:\/\/www.federassantas.org.br\/novosite\/livro-sobre-a-covid-19-e-lancado-e-as-vendas-serao-revertidas-em-obras-de-melhorias-para-a-oncologia-da-fundacao-hospitalar-sao-francisco-de-assis\/\" \/>\n<meta property=\"og:site_name\" content=\"Federassantas\" \/>\n<meta property=\"article:published_time\" content=\"2021-10-28T18:32:46+00:00\" \/>\n<meta property=\"og:image\" content=\"https:\/\/www.federassantas.org.br\/novosite\/wp-content\/uploads\/2021\/10\/Autora-do-Livro-Cuidar-do-Amor-de-Alguem-Adriana-Melo-Foto-MPerez.jpg\" \/>\n\t<meta property=\"og:image:width\" content=\"1200\" \/>\n\t<meta property=\"og:image:height\" content=\"800\" \/>\n\t<meta property=\"og:image:type\" content=\"image\/jpeg\" \/>\n<meta name=\"author\" content=\"admin-federas\" \/>\n<meta name=\"twitter:card\" content=\"summary_large_image\" \/>\n<meta name=\"twitter:label1\" content=\"Escrito por\" \/>\n\t<meta name=\"twitter:data1\" content=\"admin-federas\" \/>\n\t<meta name=\"twitter:label2\" content=\"Est. tempo de leitura\" \/>\n\t<meta name=\"twitter:data2\" content=\"2 minutos\" \/>\n<script type=\"application\/ld+json\" class=\"yoast-schema-graph\">{\"@context\":\"https:\/\/schema.org\",\"@graph\":[{\"@type\":\"Article\",\"@id\":\"https:\/\/www.federassantas.org.br\/novosite\/livro-sobre-a-covid-19-e-lancado-e-as-vendas-serao-revertidas-em-obras-de-melhorias-para-a-oncologia-da-fundacao-hospitalar-sao-francisco-de-assis\/#article\",\"isPartOf\":{\"@id\":\"https:\/\/www.federassantas.org.br\/novosite\/livro-sobre-a-covid-19-e-lancado-e-as-vendas-serao-revertidas-em-obras-de-melhorias-para-a-oncologia-da-fundacao-hospitalar-sao-francisco-de-assis\/\"},\"author\":{\"name\":\"admin-federas\",\"@id\":\"https:\/\/www.federassantas.org.br\/novosite\/#\/schema\/person\/75fed98158349313fe56175f232f513c\"},\"headline\":\"Livro sobre a Covid-19 \u00e9 lan\u00e7ado e as vendas ser\u00e3o revertidas em obras de melhorias para a Oncologia da Funda\u00e7\u00e3o Hospitalar S\u00e3o Francisco de Assis\",\"datePublished\":\"2021-10-28T18:32:46+00:00\",\"mainEntityOfPage\":{\"@id\":\"https:\/\/www.federassantas.org.br\/novosite\/livro-sobre-a-covid-19-e-lancado-e-as-vendas-serao-revertidas-em-obras-de-melhorias-para-a-oncologia-da-fundacao-hospitalar-sao-francisco-de-assis\/\"},\"wordCount\":350,\"commentCount\":0,\"publisher\":{\"@id\":\"https:\/\/www.federassantas.org.br\/novosite\/#organization\"},\"image\":{\"@id\":\"https:\/\/www.federassantas.org.br\/novosite\/livro-sobre-a-covid-19-e-lancado-e-as-vendas-serao-revertidas-em-obras-de-melhorias-para-a-oncologia-da-fundacao-hospitalar-sao-francisco-de-assis\/#primaryimage\"},\"thumbnailUrl\":\"https:\/\/www.federassantas.org.br\/novosite\/wp-content\/uploads\/2021\/10\/Autora-do-Livro-Cuidar-do-Amor-de-Alguem-Adriana-Melo-Foto-MPerez.jpg\",\"articleSection\":[\"Not\u00edcias\",\"Not\u00edcias filiados\"],\"inLanguage\":\"pt-BR\",\"potentialAction\":[{\"@type\":\"CommentAction\",\"name\":\"Comment\",\"target\":[\"https:\/\/www.federassantas.org.br\/novosite\/livro-sobre-a-covid-19-e-lancado-e-as-vendas-serao-revertidas-em-obras-de-melhorias-para-a-oncologia-da-fundacao-hospitalar-sao-francisco-de-assis\/#respond\"]}]},{\"@type\":\"WebPage\",\"@id\":\"https:\/\/www.federassantas.org.br\/novosite\/livro-sobre-a-covid-19-e-lancado-e-as-vendas-serao-revertidas-em-obras-de-melhorias-para-a-oncologia-da-fundacao-hospitalar-sao-francisco-de-assis\/\",\"url\":\"https:\/\/www.federassantas.org.br\/novosite\/livro-sobre-a-covid-19-e-lancado-e-as-vendas-serao-revertidas-em-obras-de-melhorias-para-a-oncologia-da-fundacao-hospitalar-sao-francisco-de-assis\/\",\"name\":\"Livro sobre a Covid-19 \u00e9 lan\u00e7ado e as vendas ser\u00e3o revertidas em obras de melhorias para a Oncologia da Funda\u00e7\u00e3o Hospitalar S\u00e3o Francisco de Assis - Federassantas\",\"isPartOf\":{\"@id\":\"https:\/\/www.federassantas.org.br\/novosite\/#website\"},\"primaryImageOfPage\":{\"@id\":\"https:\/\/www.federassantas.org.br\/novosite\/livro-sobre-a-covid-19-e-lancado-e-as-vendas-serao-revertidas-em-obras-de-melhorias-para-a-oncologia-da-fundacao-hospitalar-sao-francisco-de-assis\/#primaryimage\"},\"image\":{\"@id\":\"https:\/\/www.federassantas.org.br\/novosite\/livro-sobre-a-covid-19-e-lancado-e-as-vendas-serao-revertidas-em-obras-de-melhorias-para-a-oncologia-da-fundacao-hospitalar-sao-francisco-de-assis\/#primaryimage\"},\"thumbnailUrl\":\"https:\/\/www.federassantas.org.br\/novosite\/wp-content\/uploads\/2021\/10\/Autora-do-Livro-Cuidar-do-Amor-de-Alguem-Adriana-Melo-Foto-MPerez.jpg\",\"datePublished\":\"2021-10-28T18:32:46+00:00\",\"breadcrumb\":{\"@id\":\"https:\/\/www.federassantas.org.br\/novosite\/livro-sobre-a-covid-19-e-lancado-e-as-vendas-serao-revertidas-em-obras-de-melhorias-para-a-oncologia-da-fundacao-hospitalar-sao-francisco-de-assis\/#breadcrumb\"},\"inLanguage\":\"pt-BR\",\"potentialAction\":[{\"@type\":\"ReadAction\",\"target\":[\"https:\/\/www.federassantas.org.br\/novosite\/livro-sobre-a-covid-19-e-lancado-e-as-vendas-serao-revertidas-em-obras-de-melhorias-para-a-oncologia-da-fundacao-hospitalar-sao-francisco-de-assis\/\"]}]},{\"@type\":\"ImageObject\",\"inLanguage\":\"pt-BR\",\"@id\":\"https:\/\/www.federassantas.org.br\/novosite\/livro-sobre-a-covid-19-e-lancado-e-as-vendas-serao-revertidas-em-obras-de-melhorias-para-a-oncologia-da-fundacao-hospitalar-sao-francisco-de-assis\/#primaryimage\",\"url\":\"https:\/\/www.federassantas.org.br\/novosite\/wp-content\/uploads\/2021\/10\/Autora-do-Livro-Cuidar-do-Amor-de-Alguem-Adriana-Melo-Foto-MPerez.jpg\",\"contentUrl\":\"https:\/\/www.federassantas.org.br\/novosite\/wp-content\/uploads\/2021\/10\/Autora-do-Livro-Cuidar-do-Amor-de-Alguem-Adriana-Melo-Foto-MPerez.jpg\",\"width\":1200,\"height\":800,\"caption\":\"Lan\u00e7amento do Livro Cuidar do amor de algu\u00e9m - Minas Tenis Clube - Belo Horizonte - MG - Brasil. 07 de outubro de 2021 - Foto: MPerez\"},{\"@type\":\"BreadcrumbList\",\"@id\":\"https:\/\/www.federassantas.org.br\/novosite\/livro-sobre-a-covid-19-e-lancado-e-as-vendas-serao-revertidas-em-obras-de-melhorias-para-a-oncologia-da-fundacao-hospitalar-sao-francisco-de-assis\/#breadcrumb\",\"itemListElement\":[{\"@type\":\"ListItem\",\"position\":1,\"name\":\"In\u00edcio\",\"item\":\"https:\/\/www.federassantas.org.br\/novosite\/\"},{\"@type\":\"ListItem\",\"position\":2,\"name\":\"Livro sobre a Covid-19 \u00e9 lan\u00e7ado e as vendas ser\u00e3o revertidas em obras de melhorias para a Oncologia da Funda\u00e7\u00e3o Hospitalar S\u00e3o Francisco de Assis\"}]},{\"@type\":\"WebSite\",\"@id\":\"https:\/\/www.federassantas.org.br\/novosite\/#website\",\"url\":\"https:\/\/www.federassantas.org.br\/novosite\/\",\"name\":\"Federassantas\",\"description\":\"Fed. das Santas Casas e Hospitais Filantr\u00f3picos de MG\",\"publisher\":{\"@id\":\"https:\/\/www.federassantas.org.br\/novosite\/#organization\"},\"potentialAction\":[{\"@type\":\"SearchAction\",\"target\":{\"@type\":\"EntryPoint\",\"urlTemplate\":\"https:\/\/www.federassantas.org.br\/novosite\/?s={search_term_string}\"},\"query-input\":{\"@type\":\"PropertyValueSpecification\",\"valueRequired\":true,\"valueName\":\"search_term_string\"}}],\"inLanguage\":\"pt-BR\"},{\"@type\":\"Organization\",\"@id\":\"https:\/\/www.federassantas.org.br\/novosite\/#organization\",\"name\":\"Federassantas\",\"url\":\"https:\/\/www.federassantas.org.br\/novosite\/\",\"logo\":{\"@type\":\"ImageObject\",\"inLanguage\":\"pt-BR\",\"@id\":\"https:\/\/www.federassantas.org.br\/novosite\/#\/schema\/logo\/image\/\",\"url\":\"https:\/\/www.federassantas.org.br\/novosite\/wp-content\/uploads\/2021\/12\/logo.png\",\"contentUrl\":\"https:\/\/www.federassantas.org.br\/novosite\/wp-content\/uploads\/2021\/12\/logo.png\",\"width\":243,\"height\":59,\"caption\":\"Federassantas\"},\"image\":{\"@id\":\"https:\/\/www.federassantas.org.br\/novosite\/#\/schema\/logo\/image\/\"}},{\"@type\":\"Person\",\"@id\":\"https:\/\/www.federassantas.org.br\/novosite\/#\/schema\/person\/75fed98158349313fe56175f232f513c\",\"name\":\"admin-federas\",\"image\":{\"@type\":\"ImageObject\",\"inLanguage\":\"pt-BR\",\"@id\":\"https:\/\/www.federassantas.org.br\/novosite\/#\/schema\/person\/image\/\",\"url\":\"https:\/\/secure.gravatar.com\/avatar\/2a02d7dda59fe8dc6b7ffd3f652e2efede5ccf0dd89dfdc8137c5517f3de8407?s=96&d=mm&r=g\",\"contentUrl\":\"https:\/\/secure.gravatar.com\/avatar\/2a02d7dda59fe8dc6b7ffd3f652e2efede5ccf0dd89dfdc8137c5517f3de8407?s=96&d=mm&r=g\",\"caption\":\"admin-federas\"},\"sameAs\":[\"https:\/\/www.federassantas.org.br\/novosite\/\"],\"url\":\"https:\/\/www.federassantas.org.br\/novosite\/author\/admin-federas\/\"}]}<\/script>\n<!-- \/ Yoast SEO plugin. -->","yoast_head_json":{"title":"Livro sobre a Covid-19 \u00e9 lan\u00e7ado e as vendas ser\u00e3o revertidas em obras de melhorias para a Oncologia da Funda\u00e7\u00e3o Hospitalar S\u00e3o Francisco de Assis - Federassantas","robots":{"index":"index","follow":"follow","max-snippet":"max-snippet:-1","max-image-preview":"max-image-preview:large","max-video-preview":"max-video-preview:-1"},"canonical":"https:\/\/www.federassantas.org.br\/novosite\/livro-sobre-a-covid-19-e-lancado-e-as-vendas-serao-revertidas-em-obras-de-melhorias-para-a-oncologia-da-fundacao-hospitalar-sao-francisco-de-assis\/","og_locale":"pt_BR","og_type":"article","og_title":"Livro sobre a Covid-19 \u00e9 lan\u00e7ado e as vendas ser\u00e3o revertidas em obras de melhorias para a Oncologia da Funda\u00e7\u00e3o Hospitalar S\u00e3o Francisco de Assis - Federassantas","og_description":"A obra &#8220;CUIDAR DO AMOR DE ALGU\u00c9M\u201d narra os desafios e as conquistas dos gestores da Funda\u00e7\u00e3o e do comit\u00ea de enfrentamento a pandemia de Secret\u00e1ria de Sa\u00fade de BH A Funda\u00e7\u00e3o Hospitalar S\u00e3o Francisco lan\u00e7ou o livro &#8220;CUIDAR DO AMOR DE ALGU\u00c9M\u201d, de autoria da Superintendente de Servi\u00e7os Hospitalares e Sponsor do Comit\u00ea de [&hellip;]","og_url":"https:\/\/www.federassantas.org.br\/novosite\/livro-sobre-a-covid-19-e-lancado-e-as-vendas-serao-revertidas-em-obras-de-melhorias-para-a-oncologia-da-fundacao-hospitalar-sao-francisco-de-assis\/","og_site_name":"Federassantas","article_published_time":"2021-10-28T18:32:46+00:00","og_image":[{"width":1200,"height":800,"url":"https:\/\/www.federassantas.org.br\/novosite\/wp-content\/uploads\/2021\/10\/Autora-do-Livro-Cuidar-do-Amor-de-Alguem-Adriana-Melo-Foto-MPerez.jpg","type":"image\/jpeg"}],"author":"admin-federas","twitter_card":"summary_large_image","twitter_misc":{"Escrito por":"admin-federas","Est. tempo de leitura":"2 minutos"},"schema":{"@context":"https:\/\/schema.org","@graph":[{"@type":"Article","@id":"https:\/\/www.federassantas.org.br\/novosite\/livro-sobre-a-covid-19-e-lancado-e-as-vendas-serao-revertidas-em-obras-de-melhorias-para-a-oncologia-da-fundacao-hospitalar-sao-francisco-de-assis\/#article","isPartOf":{"@id":"https:\/\/www.federassantas.org.br\/novosite\/livro-sobre-a-covid-19-e-lancado-e-as-vendas-serao-revertidas-em-obras-de-melhorias-para-a-oncologia-da-fundacao-hospitalar-sao-francisco-de-assis\/"},"author":{"name":"admin-federas","@id":"https:\/\/www.federassantas.org.br\/novosite\/#\/schema\/person\/75fed98158349313fe56175f232f513c"},"headline":"Livro sobre a Covid-19 \u00e9 lan\u00e7ado e as vendas ser\u00e3o revertidas em obras de melhorias para a Oncologia da Funda\u00e7\u00e3o Hospitalar S\u00e3o Francisco de Assis","datePublished":"2021-10-28T18:32:46+00:00","mainEntityOfPage":{"@id":"https:\/\/www.federassantas.org.br\/novosite\/livro-sobre-a-covid-19-e-lancado-e-as-vendas-serao-revertidas-em-obras-de-melhorias-para-a-oncologia-da-fundacao-hospitalar-sao-francisco-de-assis\/"},"wordCount":350,"commentCount":0,"publisher":{"@id":"https:\/\/www.federassantas.org.br\/novosite\/#organization"},"image":{"@id":"https:\/\/www.federassantas.org.br\/novosite\/livro-sobre-a-covid-19-e-lancado-e-as-vendas-serao-revertidas-em-obras-de-melhorias-para-a-oncologia-da-fundacao-hospitalar-sao-francisco-de-assis\/#primaryimage"},"thumbnailUrl":"https:\/\/www.federassantas.org.br\/novosite\/wp-content\/uploads\/2021\/10\/Autora-do-Livro-Cuidar-do-Amor-de-Alguem-Adriana-Melo-Foto-MPerez.jpg","articleSection":["Not\u00edcias","Not\u00edcias filiados"],"inLanguage":"pt-BR","potentialAction":[{"@type":"CommentAction","name":"Comment","target":["https:\/\/www.federassantas.org.br\/novosite\/livro-sobre-a-covid-19-e-lancado-e-as-vendas-serao-revertidas-em-obras-de-melhorias-para-a-oncologia-da-fundacao-hospitalar-sao-francisco-de-assis\/#respond"]}]},{"@type":"WebPage","@id":"https:\/\/www.federassantas.org.br\/novosite\/livro-sobre-a-covid-19-e-lancado-e-as-vendas-serao-revertidas-em-obras-de-melhorias-para-a-oncologia-da-fundacao-hospitalar-sao-francisco-de-assis\/","url":"https:\/\/www.federassantas.org.br\/novosite\/livro-sobre-a-covid-19-e-lancado-e-as-vendas-serao-revertidas-em-obras-de-melhorias-para-a-oncologia-da-fundacao-hospitalar-sao-francisco-de-assis\/","name":"Livro sobre a Covid-19 \u00e9 lan\u00e7ado e as vendas ser\u00e3o revertidas em obras de melhorias para a Oncologia da Funda\u00e7\u00e3o Hospitalar S\u00e3o Francisco de Assis - Federassantas","isPartOf":{"@id":"https:\/\/www.federassantas.org.br\/novosite\/#website"},"primaryImageOfPage":{"@id":"https:\/\/www.federassantas.org.br\/novosite\/livro-sobre-a-covid-19-e-lancado-e-as-vendas-serao-revertidas-em-obras-de-melhorias-para-a-oncologia-da-fundacao-hospitalar-sao-francisco-de-assis\/#primaryimage"},"image":{"@id":"https:\/\/www.federassantas.org.br\/novosite\/livro-sobre-a-covid-19-e-lancado-e-as-vendas-serao-revertidas-em-obras-de-melhorias-para-a-oncologia-da-fundacao-hospitalar-sao-francisco-de-assis\/#primaryimage"},"thumbnailUrl":"https:\/\/www.federassantas.org.br\/novosite\/wp-content\/uploads\/2021\/10\/Autora-do-Livro-Cuidar-do-Amor-de-Alguem-Adriana-Melo-Foto-MPerez.jpg","datePublished":"2021-10-28T18:32:46+00:00","breadcrumb":{"@id":"https:\/\/www.federassantas.org.br\/novosite\/livro-sobre-a-covid-19-e-lancado-e-as-vendas-serao-revertidas-em-obras-de-melhorias-para-a-oncologia-da-fundacao-hospitalar-sao-francisco-de-assis\/#breadcrumb"},"inLanguage":"pt-BR","potentialAction":[{"@type":"ReadAction","target":["https:\/\/www.federassantas.org.br\/novosite\/livro-sobre-a-covid-19-e-lancado-e-as-vendas-serao-revertidas-em-obras-de-melhorias-para-a-oncologia-da-fundacao-hospitalar-sao-francisco-de-assis\/"]}]},{"@type":"ImageObject","inLanguage":"pt-BR","@id":"https:\/\/www.federassantas.org.br\/novosite\/livro-sobre-a-covid-19-e-lancado-e-as-vendas-serao-revertidas-em-obras-de-melhorias-para-a-oncologia-da-fundacao-hospitalar-sao-francisco-de-assis\/#primaryimage","url":"https:\/\/www.federassantas.org.br\/novosite\/wp-content\/uploads\/2021\/10\/Autora-do-Livro-Cuidar-do-Amor-de-Alguem-Adriana-Melo-Foto-MPerez.jpg","contentUrl":"https:\/\/www.federassantas.org.br\/novosite\/wp-content\/uploads\/2021\/10\/Autora-do-Livro-Cuidar-do-Amor-de-Alguem-Adriana-Melo-Foto-MPerez.jpg","width":1200,"height":800,"caption":"Lan\u00e7amento do Livro Cuidar do amor de algu\u00e9m - Minas Tenis Clube - Belo Horizonte - MG - Brasil. 07 de outubro de 2021 - Foto: MPerez"},{"@type":"BreadcrumbList","@id":"https:\/\/www.federassantas.org.br\/novosite\/livro-sobre-a-covid-19-e-lancado-e-as-vendas-serao-revertidas-em-obras-de-melhorias-para-a-oncologia-da-fundacao-hospitalar-sao-francisco-de-assis\/#breadcrumb","itemListElement":[{"@type":"ListItem","position":1,"name":"In\u00edcio","item":"https:\/\/www.federassantas.org.br\/novosite\/"},{"@type":"ListItem","position":2,"name":"Livro sobre a Covid-19 \u00e9 lan\u00e7ado e as vendas ser\u00e3o revertidas em obras de melhorias para a Oncologia da Funda\u00e7\u00e3o Hospitalar S\u00e3o Francisco de Assis"}]},{"@type":"WebSite","@id":"https:\/\/www.federassantas.org.br\/novosite\/#website","url":"https:\/\/www.federassantas.org.br\/novosite\/","name":"Federassantas","description":"Fed. das Santas Casas e Hospitais Filantr\u00f3picos de MG","publisher":{"@id":"https:\/\/www.federassantas.org.br\/novosite\/#organization"},"potentialAction":[{"@type":"SearchAction","target":{"@type":"EntryPoint","urlTemplate":"https:\/\/www.federassantas.org.br\/novosite\/?s={search_term_string}"},"query-input":{"@type":"PropertyValueSpecification","valueRequired":true,"valueName":"search_term_string"}}],"inLanguage":"pt-BR"},{"@type":"Organization","@id":"https:\/\/www.federassantas.org.br\/novosite\/#organization","name":"Federassantas","url":"https:\/\/www.federassantas.org.br\/novosite\/","logo":{"@type":"ImageObject","inLanguage":"pt-BR","@id":"https:\/\/www.federassantas.org.br\/novosite\/#\/schema\/logo\/image\/","url":"https:\/\/www.federassantas.org.br\/novosite\/wp-content\/uploads\/2021\/12\/logo.png","contentUrl":"https:\/\/www.federassantas.org.br\/novosite\/wp-content\/uploads\/2021\/12\/logo.png","width":243,"height":59,"caption":"Federassantas"},"image":{"@id":"https:\/\/www.federassantas.org.br\/novosite\/#\/schema\/logo\/image\/"}},{"@type":"Person","@id":"https:\/\/www.federassantas.org.br\/novosite\/#\/schema\/person\/75fed98158349313fe56175f232f513c","name":"admin-federas","image":{"@type":"ImageObject","inLanguage":"pt-BR","@id":"https:\/\/www.federassantas.org.br\/novosite\/#\/schema\/person\/image\/","url":"https:\/\/secure.gravatar.com\/avatar\/2a02d7dda59fe8dc6b7ffd3f652e2efede5ccf0dd89dfdc8137c5517f3de8407?s=96&d=mm&r=g","contentUrl":"https:\/\/secure.gravatar.com\/avatar\/2a02d7dda59fe8dc6b7ffd3f652e2efede5ccf0dd89dfdc8137c5517f3de8407?s=96&d=mm&r=g","caption":"admin-federas"},"sameAs":["https:\/\/www.federassantas.org.br\/novosite\/"],"url":"https:\/\/www.federassantas.org.br\/novosite\/author\/admin-federas\/"}]}},"_links":{"self":[{"href":"https:\/\/www.federassantas.org.br\/novosite\/wp-json\/wp\/v2\/posts\/22499","targetHints":{"allow":["GET"]}}],"collection":[{"href":"https:\/\/www.federassantas.org.br\/novosite\/wp-json\/wp\/v2\/posts"}],"about":[{"href":"https:\/\/www.federassantas.org.br\/novosite\/wp-json\/wp\/v2\/types\/post"}],"author":[{"embeddable":true,"href":"https:\/\/www.federassantas.org.br\/novosite\/wp-json\/wp\/v2\/users\/1"}],"replies":[{"embeddable":true,"href":"https:\/\/www.federassantas.org.br\/novosite\/wp-json\/wp\/v2\/comments?post=22499"}],"version-history":[{"count":0,"href":"https:\/\/www.federassantas.org.br\/novosite\/wp-json\/wp\/v2\/posts\/22499\/revisions"}],"wp:featuredmedia":[{"embeddable":true,"href":"https:\/\/www.federassantas.org.br\/novosite\/wp-json\/wp\/v2\/media\/22501"}],"wp:attachment":[{"href":"https:\/\/www.federassantas.org.br\/novosite\/wp-json\/wp\/v2\/media?parent=22499"}],"wp:term":[{"taxonomy":"category","embeddable":true,"href":"https:\/\/www.federassantas.org.br\/novosite\/wp-json\/wp\/v2\/categories?post=22499"},{"taxonomy":"post_tag","embeddable":true,"href":"https:\/\/www.federassantas.org.br\/novosite\/wp-json\/wp\/v2\/tags?post=22499"}],"curies":[{"name":"wp","href":"https:\/\/api.w.org\/{rel}","templated":true}]}}