{"id":22503,"date":"2021-10-29T16:31:40","date_gmt":"2021-10-29T19:31:40","guid":{"rendered":"https:\/\/federasbackup.meltcomunicacao.com.br\/?p=22503"},"modified":"2021-10-29T16:31:40","modified_gmt":"2021-10-29T19:31:40","slug":"hospitais-filantropicos-protagonizam-premio-excelencia-em-saude-2021","status":"publish","type":"post","link":"https:\/\/www.federassantas.org.br\/novosite\/hospitais-filantropicos-protagonizam-premio-excelencia-em-saude-2021\/","title":{"rendered":"Hospitais filantr\u00f3picos protagonizam Pr\u00eamio Excel\u00eancia em Sa\u00fade 2021"},"content":{"rendered":"\n<p>Por: Ana Paula Paix\u00e3o, Mariana Castello Branco, J\u00falia Cunha, Braulio Rinco, Matheus Tavares e colabora\u00e7\u00e3o de Camila Madeira<\/p>\n\n\n\n<p><\/p>\n\n\n\n<p>Cinco hospitais filantr\u00f3picos filiados \u00e0 Federassantas foram contemplados pelo \u201cPr\u00eamio Excel\u00eancia da Sa\u00fade 2021\u201d, um reconhecimento aos hospitais, operadoras de sa\u00fade e grupos empresariais que alcan\u00e7aram alta performance em diversas vertentes da gest\u00e3o nos \u00faltimos 12 meses. A premia\u00e7\u00e3o aconteceu durante o \u201c9\u00ba F\u00f3rum Healthcare Business 2021\u201d, em Natal, no dia 16 de outubro.<\/p>\n\n\n\n<p><strong>Categoria Filantropia<\/strong><\/p>\n\n\n\n<p>Esta \u00e9 a terceira vez que a <strong>Santa Casa Montes Claros<\/strong> \u00e9 homenageada pelo evento. No ano passado, a institui\u00e7\u00e3o foi premiada com o trof\u00e9u Excel\u00eancia da Sa\u00fade 2020 &#8211; Melhores da D\u00e9cada. J\u00e1 em 2018 e 2019, o hospital foi vencedor dentro da categoria &#8220;Melhor Hospital Filantr\u00f3pico do Pa\u00eds&#8221;. Para o superintendente da Institui\u00e7\u00e3o, Maur\u00edcio S\u00e9rgio Sousa e Silva, receber o pr\u00eamio em nome da Santa Casa de Montes Claros foi um grande prazer, pois se trata de um evento muito importante, no qual grandes hospitais como o S\u00edrio-Liban\u00eas, Albert Einstein e Hcor tamb\u00e9m foram reconhecidos pela excel\u00eancia em seus atendimentos.<\/p>\n\n\n\n<p>&#8220;\u00c9 muito gratificante representar nossa Santa Casa por todo pa\u00eds. Agrade\u00e7o ao corpo cl\u00ednico, a todos os colaboradores, ao Arcebispo Dom Justino e ao Provedor Gilson Caldeira pela confian\u00e7a depositada em nosso trabalho. Tamb\u00e9m agrade\u00e7o a toda popula\u00e7\u00e3o que apoia e confia na Santa Casa de Montes Claros. Esse reconhecimento coroa um trabalho de 150 anos. Um t\u00edtulo extremamente relevante que nos d\u00e1 ainda mais motivos para podermos comemorar esta data t\u00e3o marcante para o hospital. Parab\u00e9ns e obrigado a todos&#8221;, disse.<\/p>\n\n\n\n<p><strong>Responsabilidade Socioambiental<\/strong><\/p>\n\n\n\n<p>A <strong>Rede Paulo de Tarso<\/strong> foi contemplada na categoria \u201cResponsabilidade Socioambiental\u201d junto com a Funda\u00e7\u00e3o Hospitalar S\u00e3o Francisco, tamb\u00e9m de Belo Horizonte. Para a institui\u00e7\u00e3o, a conquista se deve ao seu comprometimento e dos seus colaboradores com a implementa\u00e7\u00e3o de iniciativas socioambientais em busca de ser um hospital 100% sustent\u00e1vel. O Hospital de Transi\u00e7\u00e3o Paulo de Tarso foi o primeiro em Belo Horizonte a implementar uma usina fotovoltaica para gera\u00e7\u00e3o da pr\u00f3pria energia. Foi pioneiro tamb\u00e9m ao substituir o sistema de ilumina\u00e7\u00e3o para a tecnologia em LED e adquirir sistema de aquecimento solar com apoio a g\u00e1s. Al\u00e9m disso, conquistou o t\u00edtulo de \u201cHospital Sem Papel\u201d \u2013 iniciativa 100% digital que envolveu a capacita\u00e7\u00e3o de todos os colaboradores para uso de certificados eletr\u00f4nicos para assinatura dos prontu\u00e1rios.<\/p>\n\n\n\n<p>Recentemente, inaugurou no Hospital de Transi\u00e7\u00e3o Paulo de Tarso uma nova Unidade de Cuidados Continuados (UCC), constru\u00edda tendo a responsabilidade socioambiental como um dos mais importantes pilares. Manteve ainda a aprova\u00e7\u00e3o do Licenciamento de Opera\u00e7\u00e3o Ambiental (LOA) apesar de toda a complexidade do processo na \u00e1rea hospitalar e deu continuidade ao rigoroso controle do Programa de Recebimento e Controle de Efluentes N\u00e3o Dom\u00e9sticos (PRECEND) e do Plano de Gerenciamento de Res\u00edduos do Servi\u00e7o de Sa\u00fade (PGRSS) perante os \u00f3rg\u00e3os ambientais e vigil\u00e2ncia sanit\u00e1ria. Concluiu tamb\u00e9m a implanta\u00e7\u00e3o de um novo sistema de climatiza\u00e7\u00e3o central que percorre todo o hospital com fluxo de g\u00e1s refrigerante vari\u00e1vel \u2013 uma tecnologia de ponta que garante o melhor desempenho energ\u00e9tico e o menor impacto ambiental em rela\u00e7\u00e3o aos modelos tradicionais de ar-condicionado.<\/p>\n\n\n\n<p>De acordo com o CEO da Rede Paulo de Tarso, Carlos Costa, o reconhecimento \u00e9 motivo de orgulho: \u201cestabelecer um planejamento estrat\u00e9gico com objetivos de crescimento sustent\u00e1vel, oferecendo maior qualidade e seguran\u00e7a assistencial, associado a uma cont\u00ednua preocupa\u00e7\u00e3o com a responsabilidade socioambiental, sempre nos exigiu uma grande necessidade de inova\u00e7\u00e3o em gest\u00e3o, resili\u00eancia e disciplina. Caracter\u00edsticas que quando associadas a uma forte cultura organizacional, capaz de compreender a import\u00e2ncia do bem coletivo, se mostraram fundamentais ao crescimento e reconhecimento da Rede Paulo de Tarso como elo complementar e fundamental ao sistema de sa\u00fade contempor\u00e2neo. Dedico esse pr\u00eamio a todos os funcion\u00e1rios da institui\u00e7\u00e3o e, em especial, \u00e0 equipe da Ger\u00eancia de Opera\u00e7\u00f5es, que tem trabalhado incansavelmente para que essas iniciativas virem realidade. A sa\u00fade n\u00e3o para de evoluir e a Rede Paulo de Tarso tamb\u00e9m n\u00e3o. Vamos em frente!\u201d<\/p>\n\n\n\n<p><strong>Dupla conquista<\/strong><\/p>\n\n\n\n<p>Na mesma categoria &#8211; Responsabilidade Socioambiental, a <strong>Funda\u00e7\u00e3o Hospitalar S\u00e3o Francisco de Assis<\/strong> foi agraciada devido aos esfor\u00e7os investidos nas \u00e1reas sociais com a capta\u00e7\u00e3o de emendas parlamentares e a parceria com empresas privadas. Segundo o Superintendente Geral da FHSFA, Dr. Helder Yankous, esses repasses ajudam a institui\u00e7\u00e3o a oferecer aos colaboradores mais estrutura para trabalharem e um tratamento melhor para os pacientes, principalmente durante o enfrentamento \u00e0 pandemia da Covid-19. \u201cEsse \u00e9 mais um reconhecimento ao trabalho executado por todos que batalham diariamente em nossa Institui\u00e7\u00e3o\u201d, apontou.<\/p>\n\n\n\n<p>Al\u00e9m disso, a Funda\u00e7\u00e3o tamb\u00e9m se destacou no quesito ambiental com o projeto \u201cHospital Saud\u00e1vel\u201d, que criou um sistema de capta\u00e7\u00e3o de \u00e1gua da chuva para a utiliza\u00e7\u00e3o nas \u00e1reas n\u00e3o assistenciais.<\/p>\n\n\n\n<p><strong>Tecnologia<\/strong><\/p>\n\n\n\n<p>O <strong>Hospital M\u00e1rcio Cunha<\/strong>, de Ipatinga, foi destaque entre as institui\u00e7\u00f5es de sa\u00fade que se sobressa\u00edram na \u00e1rea de tecnologia. O Diretor de Hospitais da Funda\u00e7\u00e3o S\u00e3o Francisco Xavier \u2013 mantenedora da institui\u00e7\u00e3o, Dr. Mauro Oscar Lima, esteve presente na solenidade de entrega do pr\u00eamio.<\/p>\n\n\n\n<p>\u201c\u00c9 uma honra para o Hospital M\u00e1rcio Cunha receber mais uma vez essa premia\u00e7\u00e3o. A certifica\u00e7\u00e3o confirma a efici\u00eancia do trabalho di\u00e1rio desenvolvido pelas equipes e refor\u00e7a nosso direcionamento para a inova\u00e7\u00e3o e tecnologia para aprimorarmos sempre nossos processos e resultados assistenciais para transformarmos vidas\u201d, afirmou o diretor.<\/p>\n\n\n\n<p><strong>Arquitetura e Engenharia<\/strong><\/p>\n\n\n\n<p>Depois de 53 anos de exist\u00eancia e ap\u00f3s diversas melhorias em sua estrutura, o <strong>Complexo de Sa\u00fade S\u00e3o Jo\u00e3o de Deus<\/strong> recebeu o pr\u00eamio nacional que o posiciona como uma das mais importantes institui\u00e7\u00f5es de sa\u00fade do pa\u00eds na categoria Arquitetura e Engenharia. O destaque ficou por conta da nova fachada da institui\u00e7\u00e3o e das reformas realizadas em todo o Complexo que trouxe mais seguran\u00e7a e comodidade a todos os usu\u00e1rios. A condecora\u00e7\u00e3o oferecida pela revista Heathcare Management foi entregue \u00e0 Gerente de Infraestrutura do Complexo de Sa\u00fade S\u00e3o Jo\u00e3o de Deus, Luana Resende Fiore.<\/p>\n\n\n\n<p>\u201cA fachada n\u00e3o s\u00f3 ofereceu um novo visual para a edifica\u00e7\u00e3o como tamb\u00e9m supriu \u00e0s necessidades em termos de funcionamento, acessos, fluxos, dentre outros. Al\u00e9m desta importante entrega, a gest\u00e3o desta que \u00e9 a maior institui\u00e7\u00e3o hospitalar e de sa\u00fade da regi\u00e3o Centro-Oeste de Minas Gerais priorizou a estrutura\u00e7\u00e3o do Pr\u00e9dio 1, que j\u00e1 possui 54 anos de hist\u00f3ria, possibilitando \u00e0 ela ter condi\u00e7\u00f5es de seguran\u00e7a e moderniza\u00e7\u00e3o para o desenvolvimento de qualquer atividade assistencial. A nossa estrutura, seja el\u00e9trica ou hidr\u00e1ulica, principalmente do Pr\u00e9dio 1, era bem prec\u00e1ria e somente com essa gest\u00e3o que de fato foi priorizada. Temos trabalhado em outros grandes projetos, como a nova unidade de Nefrologia, amplia\u00e7\u00e3o da UTI Adulto e a cria\u00e7\u00e3o do Ambulat\u00f3rio de Bucomaxilo. A atual gest\u00e3o do Complexo de Sa\u00fade S\u00e3o Jo\u00e3o de Deus tem realizado tudo aquilo que a Engenharia vislumbrava e n\u00e3o era visto ou investido por mais de 50 anos por apenas ser compreendido como um custo e n\u00e3o um investimento, por outras gest\u00f5es. Hoje, conseguimos caminhar de forma paralela com todos estes projetos, realizando a moderniza\u00e7\u00e3o de diversos espa\u00e7os que tornam a nossa institui\u00e7\u00e3o ainda mais segura e confort\u00e1vel!\u201d, disse Luana.<\/p>\n\n\n\n<p><\/p>\n\n\n\n<figure class=\"wp-block-gallery columns-2 is-cropped wp-block-gallery-1 is-layout-flex wp-block-gallery-is-layout-flex\"><ul class=\"blocks-gallery-grid\"><li class=\"blocks-gallery-item\"><figure><img decoding=\"async\" src=\"http:\/\/federasbackup.meltcomunicacao.com.br\/wp-content\/uploads\/2021\/10\/Entrega-do-premio-1-300x225.jpg\" alt=\"\" data-id=\"22509\" data-full-url=\"http:\/\/federasbackup.meltcomunicacao.com.br\/wp-content\/uploads\/2021\/10\/Entrega-do-premio-1-scaled.jpg\" data-link=\"https:\/\/federasbackup.meltcomunicacao.com.br\/?attachment_id=22509\" class=\"wp-image-22509\"\/><figcaption class=\"blocks-gallery-item__caption\">Representantes da Rede Paulo de Tarso<\/figcaption><\/figure><\/li><li class=\"blocks-gallery-item\"><figure><img decoding=\"async\" src=\"http:\/\/federasbackup.meltcomunicacao.com.br\/wp-content\/uploads\/2021\/10\/Excelencia-saude-2021-1-1-256x300.jpeg\" alt=\"\" data-id=\"22508\" data-full-url=\"http:\/\/federasbackup.meltcomunicacao.com.br\/wp-content\/uploads\/2021\/10\/Excelencia-saude-2021-1-1.jpeg\" data-link=\"https:\/\/federasbackup.meltcomunicacao.com.br\/?attachment_id=22508\" class=\"wp-image-22508\"\/><figcaption class=\"blocks-gallery-item__caption\">Maur\u00edcio S\u00e9rgio Sousa e Silva, superintendente da Santa Casa Montes Claros<\/figcaption><\/figure><\/li><li class=\"blocks-gallery-item\"><figure><img decoding=\"async\" src=\"http:\/\/federasbackup.meltcomunicacao.com.br\/wp-content\/uploads\/2021\/10\/Dr-Mauro-Oscar-.png\" alt=\"\" data-id=\"22505\" data-full-url=\"http:\/\/federasbackup.meltcomunicacao.com.br\/wp-content\/uploads\/2021\/10\/Dr-Mauro-Oscar-.png\" data-link=\"https:\/\/federasbackup.meltcomunicacao.com.br\/?attachment_id=22505\" class=\"wp-image-22505\"\/><figcaption class=\"blocks-gallery-item__caption\">Mauro Oscar Lima, diretor Diretor de Hospitais da Funda\u00e7\u00e3o S\u00e3o Francisco Xavier<\/figcaption><\/figure><\/li><li class=\"blocks-gallery-item\"><figure><img decoding=\"async\" src=\"http:\/\/federasbackup.meltcomunicacao.com.br\/wp-content\/uploads\/2021\/10\/WhatsApp-Image-2021-10-27-at-12.51.04-169x300.jpeg\" alt=\"\" data-id=\"22507\" data-full-url=\"http:\/\/federasbackup.meltcomunicacao.com.br\/wp-content\/uploads\/2021\/10\/WhatsApp-Image-2021-10-27-at-12.51.04.jpeg\" data-link=\"https:\/\/federasbackup.meltcomunicacao.com.br\/?attachment_id=22507\" class=\"wp-image-22507\"\/><figcaption class=\"blocks-gallery-item__caption\">Pr\u00eamio recebido pelo Complexo de Sa\u00fade S\u00e3o Jo\u00e3o de Deus<\/figcaption><\/figure><\/li><\/ul><\/figure>\n","protected":false},"excerpt":{"rendered":"<p>Por: Ana Paula Paix\u00e3o, Mariana Castello Branco, J\u00falia Cunha, Braulio Rinco, Matheus Tavares e colabora\u00e7\u00e3o de Camila Madeira Cinco hospitais filantr\u00f3picos filiados \u00e0 Federassantas foram contemplados pelo \u201cPr\u00eamio Excel\u00eancia da Sa\u00fade 2021\u201d, um reconhecimento aos hospitais, operadoras de sa\u00fade e grupos empresariais que alcan\u00e7aram alta performance em diversas vertentes da gest\u00e3o nos \u00faltimos 12 meses. [&hellip;]<\/p>\n","protected":false},"author":1,"featured_media":22504,"comment_status":"open","ping_status":"open","sticky":false,"template":"","format":"standard","meta":{"footnotes":""},"categories":[140,141],"tags":[],"class_list":["post-22503","post","type-post","status-publish","format-standard","has-post-thumbnail","hentry","category-noticias","category-noticias-federassantas"],"yoast_head":"<!-- This site is optimized with the Yoast SEO plugin v26.9 - https:\/\/yoast.com\/product\/yoast-seo-wordpress\/ -->\n<title>Hospitais filantr\u00f3picos protagonizam Pr\u00eamio Excel\u00eancia em Sa\u00fade 2021 - Federassantas<\/title>\n<meta name=\"robots\" content=\"index, follow, max-snippet:-1, max-image-preview:large, max-video-preview:-1\" \/>\n<link rel=\"canonical\" href=\"https:\/\/www.federassantas.org.br\/novosite\/hospitais-filantropicos-protagonizam-premio-excelencia-em-saude-2021\/\" \/>\n<meta property=\"og:locale\" content=\"pt_BR\" \/>\n<meta property=\"og:type\" content=\"article\" \/>\n<meta property=\"og:title\" content=\"Hospitais filantr\u00f3picos protagonizam Pr\u00eamio Excel\u00eancia em Sa\u00fade 2021 - Federassantas\" \/>\n<meta property=\"og:description\" content=\"Por: Ana Paula Paix\u00e3o, Mariana Castello Branco, J\u00falia Cunha, Braulio Rinco, Matheus Tavares e colabora\u00e7\u00e3o de Camila Madeira Cinco hospitais filantr\u00f3picos filiados \u00e0 Federassantas foram contemplados pelo \u201cPr\u00eamio Excel\u00eancia da Sa\u00fade 2021\u201d, um reconhecimento aos hospitais, operadoras de sa\u00fade e grupos empresariais que alcan\u00e7aram alta performance em diversas vertentes da gest\u00e3o nos \u00faltimos 12 meses. [&hellip;]\" \/>\n<meta property=\"og:url\" content=\"https:\/\/www.federassantas.org.br\/novosite\/hospitais-filantropicos-protagonizam-premio-excelencia-em-saude-2021\/\" \/>\n<meta property=\"og:site_name\" content=\"Federassantas\" \/>\n<meta property=\"article:published_time\" content=\"2021-10-29T19:31:40+00:00\" \/>\n<meta name=\"author\" content=\"admin-federas\" \/>\n<meta name=\"twitter:card\" content=\"summary_large_image\" \/>\n<meta name=\"twitter:label1\" content=\"Escrito por\" \/>\n\t<meta name=\"twitter:data1\" content=\"admin-federas\" \/>\n\t<meta name=\"twitter:label2\" content=\"Est. tempo de leitura\" \/>\n\t<meta name=\"twitter:data2\" content=\"7 minutos\" \/>\n<script type=\"application\/ld+json\" class=\"yoast-schema-graph\">{\"@context\":\"https:\/\/schema.org\",\"@graph\":[{\"@type\":\"Article\",\"@id\":\"https:\/\/www.federassantas.org.br\/novosite\/hospitais-filantropicos-protagonizam-premio-excelencia-em-saude-2021\/#article\",\"isPartOf\":{\"@id\":\"https:\/\/www.federassantas.org.br\/novosite\/hospitais-filantropicos-protagonizam-premio-excelencia-em-saude-2021\/\"},\"author\":{\"name\":\"admin-federas\",\"@id\":\"https:\/\/www.federassantas.org.br\/novosite\/#\/schema\/person\/75fed98158349313fe56175f232f513c\"},\"headline\":\"Hospitais filantr\u00f3picos protagonizam Pr\u00eamio Excel\u00eancia em Sa\u00fade 2021\",\"datePublished\":\"2021-10-29T19:31:40+00:00\",\"mainEntityOfPage\":{\"@id\":\"https:\/\/www.federassantas.org.br\/novosite\/hospitais-filantropicos-protagonizam-premio-excelencia-em-saude-2021\/\"},\"wordCount\":1360,\"commentCount\":0,\"publisher\":{\"@id\":\"https:\/\/www.federassantas.org.br\/novosite\/#organization\"},\"image\":{\"@id\":\"https:\/\/www.federassantas.org.br\/novosite\/hospitais-filantropicos-protagonizam-premio-excelencia-em-saude-2021\/#primaryimage\"},\"thumbnailUrl\":\"\",\"articleSection\":[\"Not\u00edcias\",\"Not\u00edcias Federassantas\"],\"inLanguage\":\"pt-BR\",\"potentialAction\":[{\"@type\":\"CommentAction\",\"name\":\"Comment\",\"target\":[\"https:\/\/www.federassantas.org.br\/novosite\/hospitais-filantropicos-protagonizam-premio-excelencia-em-saude-2021\/#respond\"]}]},{\"@type\":\"WebPage\",\"@id\":\"https:\/\/www.federassantas.org.br\/novosite\/hospitais-filantropicos-protagonizam-premio-excelencia-em-saude-2021\/\",\"url\":\"https:\/\/www.federassantas.org.br\/novosite\/hospitais-filantropicos-protagonizam-premio-excelencia-em-saude-2021\/\",\"name\":\"Hospitais filantr\u00f3picos protagonizam Pr\u00eamio Excel\u00eancia em Sa\u00fade 2021 - Federassantas\",\"isPartOf\":{\"@id\":\"https:\/\/www.federassantas.org.br\/novosite\/#website\"},\"primaryImageOfPage\":{\"@id\":\"https:\/\/www.federassantas.org.br\/novosite\/hospitais-filantropicos-protagonizam-premio-excelencia-em-saude-2021\/#primaryimage\"},\"image\":{\"@id\":\"https:\/\/www.federassantas.org.br\/novosite\/hospitais-filantropicos-protagonizam-premio-excelencia-em-saude-2021\/#primaryimage\"},\"thumbnailUrl\":\"\",\"datePublished\":\"2021-10-29T19:31:40+00:00\",\"breadcrumb\":{\"@id\":\"https:\/\/www.federassantas.org.br\/novosite\/hospitais-filantropicos-protagonizam-premio-excelencia-em-saude-2021\/#breadcrumb\"},\"inLanguage\":\"pt-BR\",\"potentialAction\":[{\"@type\":\"ReadAction\",\"target\":[\"https:\/\/www.federassantas.org.br\/novosite\/hospitais-filantropicos-protagonizam-premio-excelencia-em-saude-2021\/\"]}]},{\"@type\":\"ImageObject\",\"inLanguage\":\"pt-BR\",\"@id\":\"https:\/\/www.federassantas.org.br\/novosite\/hospitais-filantropicos-protagonizam-premio-excelencia-em-saude-2021\/#primaryimage\",\"url\":\"\",\"contentUrl\":\"\"},{\"@type\":\"BreadcrumbList\",\"@id\":\"https:\/\/www.federassantas.org.br\/novosite\/hospitais-filantropicos-protagonizam-premio-excelencia-em-saude-2021\/#breadcrumb\",\"itemListElement\":[{\"@type\":\"ListItem\",\"position\":1,\"name\":\"In\u00edcio\",\"item\":\"https:\/\/www.federassantas.org.br\/novosite\/\"},{\"@type\":\"ListItem\",\"position\":2,\"name\":\"Hospitais filantr\u00f3picos protagonizam Pr\u00eamio Excel\u00eancia em Sa\u00fade 2021\"}]},{\"@type\":\"WebSite\",\"@id\":\"https:\/\/www.federassantas.org.br\/novosite\/#website\",\"url\":\"https:\/\/www.federassantas.org.br\/novosite\/\",\"name\":\"Federassantas\",\"description\":\"Fed. das Santas Casas e Hospitais Filantr\u00f3picos de MG\",\"publisher\":{\"@id\":\"https:\/\/www.federassantas.org.br\/novosite\/#organization\"},\"potentialAction\":[{\"@type\":\"SearchAction\",\"target\":{\"@type\":\"EntryPoint\",\"urlTemplate\":\"https:\/\/www.federassantas.org.br\/novosite\/?s={search_term_string}\"},\"query-input\":{\"@type\":\"PropertyValueSpecification\",\"valueRequired\":true,\"valueName\":\"search_term_string\"}}],\"inLanguage\":\"pt-BR\"},{\"@type\":\"Organization\",\"@id\":\"https:\/\/www.federassantas.org.br\/novosite\/#organization\",\"name\":\"Federassantas\",\"url\":\"https:\/\/www.federassantas.org.br\/novosite\/\",\"logo\":{\"@type\":\"ImageObject\",\"inLanguage\":\"pt-BR\",\"@id\":\"https:\/\/www.federassantas.org.br\/novosite\/#\/schema\/logo\/image\/\",\"url\":\"https:\/\/www.federassantas.org.br\/novosite\/wp-content\/uploads\/2021\/12\/logo.png\",\"contentUrl\":\"https:\/\/www.federassantas.org.br\/novosite\/wp-content\/uploads\/2021\/12\/logo.png\",\"width\":243,\"height\":59,\"caption\":\"Federassantas\"},\"image\":{\"@id\":\"https:\/\/www.federassantas.org.br\/novosite\/#\/schema\/logo\/image\/\"}},{\"@type\":\"Person\",\"@id\":\"https:\/\/www.federassantas.org.br\/novosite\/#\/schema\/person\/75fed98158349313fe56175f232f513c\",\"name\":\"admin-federas\",\"image\":{\"@type\":\"ImageObject\",\"inLanguage\":\"pt-BR\",\"@id\":\"https:\/\/www.federassantas.org.br\/novosite\/#\/schema\/person\/image\/\",\"url\":\"https:\/\/secure.gravatar.com\/avatar\/2a02d7dda59fe8dc6b7ffd3f652e2efede5ccf0dd89dfdc8137c5517f3de8407?s=96&d=mm&r=g\",\"contentUrl\":\"https:\/\/secure.gravatar.com\/avatar\/2a02d7dda59fe8dc6b7ffd3f652e2efede5ccf0dd89dfdc8137c5517f3de8407?s=96&d=mm&r=g\",\"caption\":\"admin-federas\"},\"sameAs\":[\"https:\/\/www.federassantas.org.br\/novosite\/\"],\"url\":\"https:\/\/www.federassantas.org.br\/novosite\/author\/admin-federas\/\"}]}<\/script>\n<!-- \/ Yoast SEO plugin. -->","yoast_head_json":{"title":"Hospitais filantr\u00f3picos protagonizam Pr\u00eamio Excel\u00eancia em Sa\u00fade 2021 - Federassantas","robots":{"index":"index","follow":"follow","max-snippet":"max-snippet:-1","max-image-preview":"max-image-preview:large","max-video-preview":"max-video-preview:-1"},"canonical":"https:\/\/www.federassantas.org.br\/novosite\/hospitais-filantropicos-protagonizam-premio-excelencia-em-saude-2021\/","og_locale":"pt_BR","og_type":"article","og_title":"Hospitais filantr\u00f3picos protagonizam Pr\u00eamio Excel\u00eancia em Sa\u00fade 2021 - Federassantas","og_description":"Por: Ana Paula Paix\u00e3o, Mariana Castello Branco, J\u00falia Cunha, Braulio Rinco, Matheus Tavares e colabora\u00e7\u00e3o de Camila Madeira Cinco hospitais filantr\u00f3picos filiados \u00e0 Federassantas foram contemplados pelo \u201cPr\u00eamio Excel\u00eancia da Sa\u00fade 2021\u201d, um reconhecimento aos hospitais, operadoras de sa\u00fade e grupos empresariais que alcan\u00e7aram alta performance em diversas vertentes da gest\u00e3o nos \u00faltimos 12 meses. [&hellip;]","og_url":"https:\/\/www.federassantas.org.br\/novosite\/hospitais-filantropicos-protagonizam-premio-excelencia-em-saude-2021\/","og_site_name":"Federassantas","article_published_time":"2021-10-29T19:31:40+00:00","author":"admin-federas","twitter_card":"summary_large_image","twitter_misc":{"Escrito por":"admin-federas","Est. tempo de leitura":"7 minutos"},"schema":{"@context":"https:\/\/schema.org","@graph":[{"@type":"Article","@id":"https:\/\/www.federassantas.org.br\/novosite\/hospitais-filantropicos-protagonizam-premio-excelencia-em-saude-2021\/#article","isPartOf":{"@id":"https:\/\/www.federassantas.org.br\/novosite\/hospitais-filantropicos-protagonizam-premio-excelencia-em-saude-2021\/"},"author":{"name":"admin-federas","@id":"https:\/\/www.federassantas.org.br\/novosite\/#\/schema\/person\/75fed98158349313fe56175f232f513c"},"headline":"Hospitais filantr\u00f3picos protagonizam Pr\u00eamio Excel\u00eancia em Sa\u00fade 2021","datePublished":"2021-10-29T19:31:40+00:00","mainEntityOfPage":{"@id":"https:\/\/www.federassantas.org.br\/novosite\/hospitais-filantropicos-protagonizam-premio-excelencia-em-saude-2021\/"},"wordCount":1360,"commentCount":0,"publisher":{"@id":"https:\/\/www.federassantas.org.br\/novosite\/#organization"},"image":{"@id":"https:\/\/www.federassantas.org.br\/novosite\/hospitais-filantropicos-protagonizam-premio-excelencia-em-saude-2021\/#primaryimage"},"thumbnailUrl":"","articleSection":["Not\u00edcias","Not\u00edcias Federassantas"],"inLanguage":"pt-BR","potentialAction":[{"@type":"CommentAction","name":"Comment","target":["https:\/\/www.federassantas.org.br\/novosite\/hospitais-filantropicos-protagonizam-premio-excelencia-em-saude-2021\/#respond"]}]},{"@type":"WebPage","@id":"https:\/\/www.federassantas.org.br\/novosite\/hospitais-filantropicos-protagonizam-premio-excelencia-em-saude-2021\/","url":"https:\/\/www.federassantas.org.br\/novosite\/hospitais-filantropicos-protagonizam-premio-excelencia-em-saude-2021\/","name":"Hospitais filantr\u00f3picos protagonizam Pr\u00eamio Excel\u00eancia em Sa\u00fade 2021 - Federassantas","isPartOf":{"@id":"https:\/\/www.federassantas.org.br\/novosite\/#website"},"primaryImageOfPage":{"@id":"https:\/\/www.federassantas.org.br\/novosite\/hospitais-filantropicos-protagonizam-premio-excelencia-em-saude-2021\/#primaryimage"},"image":{"@id":"https:\/\/www.federassantas.org.br\/novosite\/hospitais-filantropicos-protagonizam-premio-excelencia-em-saude-2021\/#primaryimage"},"thumbnailUrl":"","datePublished":"2021-10-29T19:31:40+00:00","breadcrumb":{"@id":"https:\/\/www.federassantas.org.br\/novosite\/hospitais-filantropicos-protagonizam-premio-excelencia-em-saude-2021\/#breadcrumb"},"inLanguage":"pt-BR","potentialAction":[{"@type":"ReadAction","target":["https:\/\/www.federassantas.org.br\/novosite\/hospitais-filantropicos-protagonizam-premio-excelencia-em-saude-2021\/"]}]},{"@type":"ImageObject","inLanguage":"pt-BR","@id":"https:\/\/www.federassantas.org.br\/novosite\/hospitais-filantropicos-protagonizam-premio-excelencia-em-saude-2021\/#primaryimage","url":"","contentUrl":""},{"@type":"BreadcrumbList","@id":"https:\/\/www.federassantas.org.br\/novosite\/hospitais-filantropicos-protagonizam-premio-excelencia-em-saude-2021\/#breadcrumb","itemListElement":[{"@type":"ListItem","position":1,"name":"In\u00edcio","item":"https:\/\/www.federassantas.org.br\/novosite\/"},{"@type":"ListItem","position":2,"name":"Hospitais filantr\u00f3picos protagonizam Pr\u00eamio Excel\u00eancia em Sa\u00fade 2021"}]},{"@type":"WebSite","@id":"https:\/\/www.federassantas.org.br\/novosite\/#website","url":"https:\/\/www.federassantas.org.br\/novosite\/","name":"Federassantas","description":"Fed. das Santas Casas e Hospitais Filantr\u00f3picos de MG","publisher":{"@id":"https:\/\/www.federassantas.org.br\/novosite\/#organization"},"potentialAction":[{"@type":"SearchAction","target":{"@type":"EntryPoint","urlTemplate":"https:\/\/www.federassantas.org.br\/novosite\/?s={search_term_string}"},"query-input":{"@type":"PropertyValueSpecification","valueRequired":true,"valueName":"search_term_string"}}],"inLanguage":"pt-BR"},{"@type":"Organization","@id":"https:\/\/www.federassantas.org.br\/novosite\/#organization","name":"Federassantas","url":"https:\/\/www.federassantas.org.br\/novosite\/","logo":{"@type":"ImageObject","inLanguage":"pt-BR","@id":"https:\/\/www.federassantas.org.br\/novosite\/#\/schema\/logo\/image\/","url":"https:\/\/www.federassantas.org.br\/novosite\/wp-content\/uploads\/2021\/12\/logo.png","contentUrl":"https:\/\/www.federassantas.org.br\/novosite\/wp-content\/uploads\/2021\/12\/logo.png","width":243,"height":59,"caption":"Federassantas"},"image":{"@id":"https:\/\/www.federassantas.org.br\/novosite\/#\/schema\/logo\/image\/"}},{"@type":"Person","@id":"https:\/\/www.federassantas.org.br\/novosite\/#\/schema\/person\/75fed98158349313fe56175f232f513c","name":"admin-federas","image":{"@type":"ImageObject","inLanguage":"pt-BR","@id":"https:\/\/www.federassantas.org.br\/novosite\/#\/schema\/person\/image\/","url":"https:\/\/secure.gravatar.com\/avatar\/2a02d7dda59fe8dc6b7ffd3f652e2efede5ccf0dd89dfdc8137c5517f3de8407?s=96&d=mm&r=g","contentUrl":"https:\/\/secure.gravatar.com\/avatar\/2a02d7dda59fe8dc6b7ffd3f652e2efede5ccf0dd89dfdc8137c5517f3de8407?s=96&d=mm&r=g","caption":"admin-federas"},"sameAs":["https:\/\/www.federassantas.org.br\/novosite\/"],"url":"https:\/\/www.federassantas.org.br\/novosite\/author\/admin-federas\/"}]}},"_links":{"self":[{"href":"https:\/\/www.federassantas.org.br\/novosite\/wp-json\/wp\/v2\/posts\/22503","targetHints":{"allow":["GET"]}}],"collection":[{"href":"https:\/\/www.federassantas.org.br\/novosite\/wp-json\/wp\/v2\/posts"}],"about":[{"href":"https:\/\/www.federassantas.org.br\/novosite\/wp-json\/wp\/v2\/types\/post"}],"author":[{"embeddable":true,"href":"https:\/\/www.federassantas.org.br\/novosite\/wp-json\/wp\/v2\/users\/1"}],"replies":[{"embeddable":true,"href":"https:\/\/www.federassantas.org.br\/novosite\/wp-json\/wp\/v2\/comments?post=22503"}],"version-history":[{"count":0,"href":"https:\/\/www.federassantas.org.br\/novosite\/wp-json\/wp\/v2\/posts\/22503\/revisions"}],"wp:featuredmedia":[{"embeddable":true,"href":"https:\/\/www.federassantas.org.br\/novosite\/wp-json\/"}],"wp:attachment":[{"href":"https:\/\/www.federassantas.org.br\/novosite\/wp-json\/wp\/v2\/media?parent=22503"}],"wp:term":[{"taxonomy":"category","embeddable":true,"href":"https:\/\/www.federassantas.org.br\/novosite\/wp-json\/wp\/v2\/categories?post=22503"},{"taxonomy":"post_tag","embeddable":true,"href":"https:\/\/www.federassantas.org.br\/novosite\/wp-json\/wp\/v2\/tags?post=22503"}],"curies":[{"name":"wp","href":"https:\/\/api.w.org\/{rel}","templated":true}]}}