{"id":22511,"date":"2021-10-29T16:51:52","date_gmt":"2021-10-29T19:51:52","guid":{"rendered":"https:\/\/federasbackup.meltcomunicacao.com.br\/?p=22511"},"modified":"2021-10-29T16:51:52","modified_gmt":"2021-10-29T19:51:52","slug":"no-dia-mundial-do-avc-iniciativa-do-cssjd-busca-reduzir-casos-pela-metade","status":"publish","type":"post","link":"https:\/\/www.federassantas.org.br\/novosite\/no-dia-mundial-do-avc-iniciativa-do-cssjd-busca-reduzir-casos-pela-metade\/","title":{"rendered":"No dia Mundial do AVC, iniciativa do CSSJD busca reduzir casos pela metade"},"content":{"rendered":"\n<p><em>Desde fevereiro, Linha de Cuidados do AVC atendeu 117 pacientes at\u00e9 o momento<\/em><\/p>\n\n\n\n<p><\/p>\n\n\n\n<p>Nesta sexta-feira, 29 de outubro, \u00e9 celebrado o Dia Mundial do AVC. Conhecido popularmente como derrame, o Acidente Vascular Cerebral \u00e9 a segunda maior causa de mortalidade no Brasil e o principal agente de incapacidade no mundo. De acordo com estudos, uma em cada quatro pessoas ter\u00e1 AVC ao longo da vida, por isso reconhecer os sintomas rapidamente pode garantir um atendimento \u00e1gil e eficaz.<\/p>\n\n\n\n<p>O Complexo de Sa\u00fade S\u00e3o Jo\u00e3o de Deus \u2013 CSSJD \u00e9 hoje Centro de Refer\u00eancia no atendimento e tratamento da doen\u00e7a no Centro-Oeste Mineiro. A Linha de Cuidados do AVC \u00e9 composta por equipes interdisplinares (neurologistas, fisioterapeutas, fonoaudi\u00f3logos, enfermeiros, cirurgi\u00f5es, dentre outros) de plant\u00e3o 24 horas, al\u00e9m de aparato tecnol\u00f3gico para diagn\u00f3sticos.<\/p>\n\n\n\n<p>Minutos salvam vidas. Por isso, os pacientes com sintomas de AVC podem ser encaminhados direto para o CSSJD? Por ser a Unidade Hospitalar de refer\u00eancia no atendimento de pacientes acometidos por um acidente vascular, a Sala Vermelha do Complexo de Sa\u00fade \u00e9 porta aberta por meio do Servi\u00e7o de Atendimento M\u00f3vel de Urg\u00eancia \u2013 SAMU. Mas, afinal, como reconhecer os sinais de um AVC? Com objetivo de estabelecer par\u00e2metros de identifica\u00e7\u00e3o, a Sociedade Brasileira de Doen\u00e7as Cerebrovasculares criou o teste SAMU, com quatro passos de suma import\u00e2ncia que fazem a diferen\u00e7a para o paciente.<\/p>\n\n\n\n<p>Sendo assim, ao suspeitar de um quadro de AVC, siga os seguintes passos:<\/p>\n\n\n\n<p>Sorria: Pe\u00e7a para dar um sorriso. Veja se a boca ficou torta.<\/p>\n\n\n\n<p>Abrace: Pe\u00e7a para elevar os bra\u00e7os. Veja se um dos bra\u00e7os est\u00e1 fraco<\/p>\n\n\n\n<p>M\u00fasica: Diga uma frase, cante uma m\u00fasica. Veja se tem dificuldade de fala<\/p>\n\n\n\n<p>Urgente: Acione o servi\u00e7o de urg\u00eancia em caso de algum sintoma.<\/p>\n\n\n\n<p>Os profissionais da Linha de Cuidados refor\u00e7am a import\u00e2ncia de se conhecer mais sobre a doen\u00e7a e a conscientiza\u00e7\u00e3o da popula\u00e7\u00e3o sobre os sintomas, para que procurem prontamente o hospital em caso de necessidade.<\/p>\n\n\n\n<p>A preven\u00e7\u00e3o do AVC est\u00e1 associada ao controle de press\u00e3o, diabetes, evitar o tabagismo, a pr\u00e1tica de atividades f\u00edsicas e, para isso, o CSSJD conta com toda a estrutura de medicina preventiva, com a realiza\u00e7\u00e3o de check up e todo o aparato para o aux\u00edlio dos pacientes na preven\u00e7\u00e3o e no tratamento do AVC.<\/p>\n\n\n\n<p>Sendo assim, para disseminarmos essas importantes informa\u00e7\u00f5es sobre o diagn\u00f3stico precoce do AVC contamos com voc\u00eas, jornalistas! Estamos \u00e0 disposi\u00e7\u00e3o para esclarecer todas as d\u00favidas e etapas da Linha de Cuidados do AVC por meio de entrevistas, ao vivo ou gravadas, com os profissionais da \u00e1rea.<\/p>\n\n\n\n<p><\/p>\n\n\n\n<p>Por: Comunica\u00e7\u00e3o CSSJD<\/p>\n","protected":false},"excerpt":{"rendered":"<p>Desde fevereiro, Linha de Cuidados do AVC atendeu 117 pacientes at\u00e9 o momento Nesta sexta-feira, 29 de outubro, \u00e9 celebrado o Dia Mundial do AVC. Conhecido popularmente como derrame, o Acidente Vascular Cerebral \u00e9 a segunda maior causa de mortalidade no Brasil e o principal agente de incapacidade no mundo. De acordo com estudos, uma [&hellip;]<\/p>\n","protected":false},"author":1,"featured_media":22512,"comment_status":"open","ping_status":"open","sticky":false,"template":"","format":"standard","meta":{"footnotes":""},"categories":[140,139],"tags":[],"class_list":["post-22511","post","type-post","status-publish","format-standard","has-post-thumbnail","hentry","category-noticias","category-noticias-filiados"],"yoast_head":"<!-- This site is optimized with the Yoast SEO plugin v26.9 - https:\/\/yoast.com\/product\/yoast-seo-wordpress\/ -->\n<title>No dia Mundial do AVC, iniciativa do CSSJD busca reduzir casos pela metade - Federassantas<\/title>\n<meta name=\"robots\" content=\"index, follow, max-snippet:-1, max-image-preview:large, max-video-preview:-1\" \/>\n<link rel=\"canonical\" href=\"https:\/\/www.federassantas.org.br\/novosite\/no-dia-mundial-do-avc-iniciativa-do-cssjd-busca-reduzir-casos-pela-metade\/\" \/>\n<meta property=\"og:locale\" content=\"pt_BR\" \/>\n<meta property=\"og:type\" content=\"article\" \/>\n<meta property=\"og:title\" content=\"No dia Mundial do AVC, iniciativa do CSSJD busca reduzir casos pela metade - Federassantas\" \/>\n<meta property=\"og:description\" content=\"Desde fevereiro, Linha de Cuidados do AVC atendeu 117 pacientes at\u00e9 o momento Nesta sexta-feira, 29 de outubro, \u00e9 celebrado o Dia Mundial do AVC. Conhecido popularmente como derrame, o Acidente Vascular Cerebral \u00e9 a segunda maior causa de mortalidade no Brasil e o principal agente de incapacidade no mundo. De acordo com estudos, uma [&hellip;]\" \/>\n<meta property=\"og:url\" content=\"https:\/\/www.federassantas.org.br\/novosite\/no-dia-mundial-do-avc-iniciativa-do-cssjd-busca-reduzir-casos-pela-metade\/\" \/>\n<meta property=\"og:site_name\" content=\"Federassantas\" \/>\n<meta property=\"article:published_time\" content=\"2021-10-29T19:51:52+00:00\" \/>\n<meta property=\"og:image\" content=\"https:\/\/www.federassantas.org.br\/novosite\/wp-content\/uploads\/2021\/10\/WhatsApp-Image-2021-10-29-at-10.10.55.jpeg\" \/>\n\t<meta property=\"og:image:width\" content=\"1280\" \/>\n\t<meta property=\"og:image:height\" content=\"1280\" \/>\n\t<meta property=\"og:image:type\" content=\"image\/jpeg\" \/>\n<meta name=\"author\" content=\"admin-federas\" \/>\n<meta name=\"twitter:card\" content=\"summary_large_image\" \/>\n<meta name=\"twitter:label1\" content=\"Escrito por\" \/>\n\t<meta name=\"twitter:data1\" content=\"admin-federas\" \/>\n\t<meta name=\"twitter:label2\" content=\"Est. tempo de leitura\" \/>\n\t<meta name=\"twitter:data2\" content=\"2 minutos\" \/>\n<script type=\"application\/ld+json\" class=\"yoast-schema-graph\">{\"@context\":\"https:\/\/schema.org\",\"@graph\":[{\"@type\":\"Article\",\"@id\":\"https:\/\/www.federassantas.org.br\/novosite\/no-dia-mundial-do-avc-iniciativa-do-cssjd-busca-reduzir-casos-pela-metade\/#article\",\"isPartOf\":{\"@id\":\"https:\/\/www.federassantas.org.br\/novosite\/no-dia-mundial-do-avc-iniciativa-do-cssjd-busca-reduzir-casos-pela-metade\/\"},\"author\":{\"name\":\"admin-federas\",\"@id\":\"https:\/\/www.federassantas.org.br\/novosite\/#\/schema\/person\/75fed98158349313fe56175f232f513c\"},\"headline\":\"No dia Mundial do AVC, iniciativa do CSSJD busca reduzir casos pela metade\",\"datePublished\":\"2021-10-29T19:51:52+00:00\",\"mainEntityOfPage\":{\"@id\":\"https:\/\/www.federassantas.org.br\/novosite\/no-dia-mundial-do-avc-iniciativa-do-cssjd-busca-reduzir-casos-pela-metade\/\"},\"wordCount\":472,\"commentCount\":0,\"publisher\":{\"@id\":\"https:\/\/www.federassantas.org.br\/novosite\/#organization\"},\"image\":{\"@id\":\"https:\/\/www.federassantas.org.br\/novosite\/no-dia-mundial-do-avc-iniciativa-do-cssjd-busca-reduzir-casos-pela-metade\/#primaryimage\"},\"thumbnailUrl\":\"https:\/\/www.federassantas.org.br\/novosite\/wp-content\/uploads\/2021\/10\/WhatsApp-Image-2021-10-29-at-10.10.55.jpeg\",\"articleSection\":[\"Not\u00edcias\",\"Not\u00edcias filiados\"],\"inLanguage\":\"pt-BR\",\"potentialAction\":[{\"@type\":\"CommentAction\",\"name\":\"Comment\",\"target\":[\"https:\/\/www.federassantas.org.br\/novosite\/no-dia-mundial-do-avc-iniciativa-do-cssjd-busca-reduzir-casos-pela-metade\/#respond\"]}]},{\"@type\":\"WebPage\",\"@id\":\"https:\/\/www.federassantas.org.br\/novosite\/no-dia-mundial-do-avc-iniciativa-do-cssjd-busca-reduzir-casos-pela-metade\/\",\"url\":\"https:\/\/www.federassantas.org.br\/novosite\/no-dia-mundial-do-avc-iniciativa-do-cssjd-busca-reduzir-casos-pela-metade\/\",\"name\":\"No dia Mundial do AVC, iniciativa do CSSJD busca reduzir casos pela metade - Federassantas\",\"isPartOf\":{\"@id\":\"https:\/\/www.federassantas.org.br\/novosite\/#website\"},\"primaryImageOfPage\":{\"@id\":\"https:\/\/www.federassantas.org.br\/novosite\/no-dia-mundial-do-avc-iniciativa-do-cssjd-busca-reduzir-casos-pela-metade\/#primaryimage\"},\"image\":{\"@id\":\"https:\/\/www.federassantas.org.br\/novosite\/no-dia-mundial-do-avc-iniciativa-do-cssjd-busca-reduzir-casos-pela-metade\/#primaryimage\"},\"thumbnailUrl\":\"https:\/\/www.federassantas.org.br\/novosite\/wp-content\/uploads\/2021\/10\/WhatsApp-Image-2021-10-29-at-10.10.55.jpeg\",\"datePublished\":\"2021-10-29T19:51:52+00:00\",\"breadcrumb\":{\"@id\":\"https:\/\/www.federassantas.org.br\/novosite\/no-dia-mundial-do-avc-iniciativa-do-cssjd-busca-reduzir-casos-pela-metade\/#breadcrumb\"},\"inLanguage\":\"pt-BR\",\"potentialAction\":[{\"@type\":\"ReadAction\",\"target\":[\"https:\/\/www.federassantas.org.br\/novosite\/no-dia-mundial-do-avc-iniciativa-do-cssjd-busca-reduzir-casos-pela-metade\/\"]}]},{\"@type\":\"ImageObject\",\"inLanguage\":\"pt-BR\",\"@id\":\"https:\/\/www.federassantas.org.br\/novosite\/no-dia-mundial-do-avc-iniciativa-do-cssjd-busca-reduzir-casos-pela-metade\/#primaryimage\",\"url\":\"https:\/\/www.federassantas.org.br\/novosite\/wp-content\/uploads\/2021\/10\/WhatsApp-Image-2021-10-29-at-10.10.55.jpeg\",\"contentUrl\":\"https:\/\/www.federassantas.org.br\/novosite\/wp-content\/uploads\/2021\/10\/WhatsApp-Image-2021-10-29-at-10.10.55.jpeg\",\"width\":1280,\"height\":1280},{\"@type\":\"BreadcrumbList\",\"@id\":\"https:\/\/www.federassantas.org.br\/novosite\/no-dia-mundial-do-avc-iniciativa-do-cssjd-busca-reduzir-casos-pela-metade\/#breadcrumb\",\"itemListElement\":[{\"@type\":\"ListItem\",\"position\":1,\"name\":\"In\u00edcio\",\"item\":\"https:\/\/www.federassantas.org.br\/novosite\/\"},{\"@type\":\"ListItem\",\"position\":2,\"name\":\"No dia Mundial do AVC, iniciativa do CSSJD busca reduzir casos pela metade\"}]},{\"@type\":\"WebSite\",\"@id\":\"https:\/\/www.federassantas.org.br\/novosite\/#website\",\"url\":\"https:\/\/www.federassantas.org.br\/novosite\/\",\"name\":\"Federassantas\",\"description\":\"Fed. das Santas Casas e Hospitais Filantr\u00f3picos de MG\",\"publisher\":{\"@id\":\"https:\/\/www.federassantas.org.br\/novosite\/#organization\"},\"potentialAction\":[{\"@type\":\"SearchAction\",\"target\":{\"@type\":\"EntryPoint\",\"urlTemplate\":\"https:\/\/www.federassantas.org.br\/novosite\/?s={search_term_string}\"},\"query-input\":{\"@type\":\"PropertyValueSpecification\",\"valueRequired\":true,\"valueName\":\"search_term_string\"}}],\"inLanguage\":\"pt-BR\"},{\"@type\":\"Organization\",\"@id\":\"https:\/\/www.federassantas.org.br\/novosite\/#organization\",\"name\":\"Federassantas\",\"url\":\"https:\/\/www.federassantas.org.br\/novosite\/\",\"logo\":{\"@type\":\"ImageObject\",\"inLanguage\":\"pt-BR\",\"@id\":\"https:\/\/www.federassantas.org.br\/novosite\/#\/schema\/logo\/image\/\",\"url\":\"https:\/\/www.federassantas.org.br\/novosite\/wp-content\/uploads\/2021\/12\/logo.png\",\"contentUrl\":\"https:\/\/www.federassantas.org.br\/novosite\/wp-content\/uploads\/2021\/12\/logo.png\",\"width\":243,\"height\":59,\"caption\":\"Federassantas\"},\"image\":{\"@id\":\"https:\/\/www.federassantas.org.br\/novosite\/#\/schema\/logo\/image\/\"}},{\"@type\":\"Person\",\"@id\":\"https:\/\/www.federassantas.org.br\/novosite\/#\/schema\/person\/75fed98158349313fe56175f232f513c\",\"name\":\"admin-federas\",\"image\":{\"@type\":\"ImageObject\",\"inLanguage\":\"pt-BR\",\"@id\":\"https:\/\/www.federassantas.org.br\/novosite\/#\/schema\/person\/image\/\",\"url\":\"https:\/\/secure.gravatar.com\/avatar\/2a02d7dda59fe8dc6b7ffd3f652e2efede5ccf0dd89dfdc8137c5517f3de8407?s=96&d=mm&r=g\",\"contentUrl\":\"https:\/\/secure.gravatar.com\/avatar\/2a02d7dda59fe8dc6b7ffd3f652e2efede5ccf0dd89dfdc8137c5517f3de8407?s=96&d=mm&r=g\",\"caption\":\"admin-federas\"},\"sameAs\":[\"https:\/\/www.federassantas.org.br\/novosite\/\"],\"url\":\"https:\/\/www.federassantas.org.br\/novosite\/author\/admin-federas\/\"}]}<\/script>\n<!-- \/ Yoast SEO plugin. -->","yoast_head_json":{"title":"No dia Mundial do AVC, iniciativa do CSSJD busca reduzir casos pela metade - Federassantas","robots":{"index":"index","follow":"follow","max-snippet":"max-snippet:-1","max-image-preview":"max-image-preview:large","max-video-preview":"max-video-preview:-1"},"canonical":"https:\/\/www.federassantas.org.br\/novosite\/no-dia-mundial-do-avc-iniciativa-do-cssjd-busca-reduzir-casos-pela-metade\/","og_locale":"pt_BR","og_type":"article","og_title":"No dia Mundial do AVC, iniciativa do CSSJD busca reduzir casos pela metade - Federassantas","og_description":"Desde fevereiro, Linha de Cuidados do AVC atendeu 117 pacientes at\u00e9 o momento Nesta sexta-feira, 29 de outubro, \u00e9 celebrado o Dia Mundial do AVC. Conhecido popularmente como derrame, o Acidente Vascular Cerebral \u00e9 a segunda maior causa de mortalidade no Brasil e o principal agente de incapacidade no mundo. De acordo com estudos, uma [&hellip;]","og_url":"https:\/\/www.federassantas.org.br\/novosite\/no-dia-mundial-do-avc-iniciativa-do-cssjd-busca-reduzir-casos-pela-metade\/","og_site_name":"Federassantas","article_published_time":"2021-10-29T19:51:52+00:00","og_image":[{"width":1280,"height":1280,"url":"https:\/\/www.federassantas.org.br\/novosite\/wp-content\/uploads\/2021\/10\/WhatsApp-Image-2021-10-29-at-10.10.55.jpeg","type":"image\/jpeg"}],"author":"admin-federas","twitter_card":"summary_large_image","twitter_misc":{"Escrito por":"admin-federas","Est. tempo de leitura":"2 minutos"},"schema":{"@context":"https:\/\/schema.org","@graph":[{"@type":"Article","@id":"https:\/\/www.federassantas.org.br\/novosite\/no-dia-mundial-do-avc-iniciativa-do-cssjd-busca-reduzir-casos-pela-metade\/#article","isPartOf":{"@id":"https:\/\/www.federassantas.org.br\/novosite\/no-dia-mundial-do-avc-iniciativa-do-cssjd-busca-reduzir-casos-pela-metade\/"},"author":{"name":"admin-federas","@id":"https:\/\/www.federassantas.org.br\/novosite\/#\/schema\/person\/75fed98158349313fe56175f232f513c"},"headline":"No dia Mundial do AVC, iniciativa do CSSJD busca reduzir casos pela metade","datePublished":"2021-10-29T19:51:52+00:00","mainEntityOfPage":{"@id":"https:\/\/www.federassantas.org.br\/novosite\/no-dia-mundial-do-avc-iniciativa-do-cssjd-busca-reduzir-casos-pela-metade\/"},"wordCount":472,"commentCount":0,"publisher":{"@id":"https:\/\/www.federassantas.org.br\/novosite\/#organization"},"image":{"@id":"https:\/\/www.federassantas.org.br\/novosite\/no-dia-mundial-do-avc-iniciativa-do-cssjd-busca-reduzir-casos-pela-metade\/#primaryimage"},"thumbnailUrl":"https:\/\/www.federassantas.org.br\/novosite\/wp-content\/uploads\/2021\/10\/WhatsApp-Image-2021-10-29-at-10.10.55.jpeg","articleSection":["Not\u00edcias","Not\u00edcias filiados"],"inLanguage":"pt-BR","potentialAction":[{"@type":"CommentAction","name":"Comment","target":["https:\/\/www.federassantas.org.br\/novosite\/no-dia-mundial-do-avc-iniciativa-do-cssjd-busca-reduzir-casos-pela-metade\/#respond"]}]},{"@type":"WebPage","@id":"https:\/\/www.federassantas.org.br\/novosite\/no-dia-mundial-do-avc-iniciativa-do-cssjd-busca-reduzir-casos-pela-metade\/","url":"https:\/\/www.federassantas.org.br\/novosite\/no-dia-mundial-do-avc-iniciativa-do-cssjd-busca-reduzir-casos-pela-metade\/","name":"No dia Mundial do AVC, iniciativa do CSSJD busca reduzir casos pela metade - Federassantas","isPartOf":{"@id":"https:\/\/www.federassantas.org.br\/novosite\/#website"},"primaryImageOfPage":{"@id":"https:\/\/www.federassantas.org.br\/novosite\/no-dia-mundial-do-avc-iniciativa-do-cssjd-busca-reduzir-casos-pela-metade\/#primaryimage"},"image":{"@id":"https:\/\/www.federassantas.org.br\/novosite\/no-dia-mundial-do-avc-iniciativa-do-cssjd-busca-reduzir-casos-pela-metade\/#primaryimage"},"thumbnailUrl":"https:\/\/www.federassantas.org.br\/novosite\/wp-content\/uploads\/2021\/10\/WhatsApp-Image-2021-10-29-at-10.10.55.jpeg","datePublished":"2021-10-29T19:51:52+00:00","breadcrumb":{"@id":"https:\/\/www.federassantas.org.br\/novosite\/no-dia-mundial-do-avc-iniciativa-do-cssjd-busca-reduzir-casos-pela-metade\/#breadcrumb"},"inLanguage":"pt-BR","potentialAction":[{"@type":"ReadAction","target":["https:\/\/www.federassantas.org.br\/novosite\/no-dia-mundial-do-avc-iniciativa-do-cssjd-busca-reduzir-casos-pela-metade\/"]}]},{"@type":"ImageObject","inLanguage":"pt-BR","@id":"https:\/\/www.federassantas.org.br\/novosite\/no-dia-mundial-do-avc-iniciativa-do-cssjd-busca-reduzir-casos-pela-metade\/#primaryimage","url":"https:\/\/www.federassantas.org.br\/novosite\/wp-content\/uploads\/2021\/10\/WhatsApp-Image-2021-10-29-at-10.10.55.jpeg","contentUrl":"https:\/\/www.federassantas.org.br\/novosite\/wp-content\/uploads\/2021\/10\/WhatsApp-Image-2021-10-29-at-10.10.55.jpeg","width":1280,"height":1280},{"@type":"BreadcrumbList","@id":"https:\/\/www.federassantas.org.br\/novosite\/no-dia-mundial-do-avc-iniciativa-do-cssjd-busca-reduzir-casos-pela-metade\/#breadcrumb","itemListElement":[{"@type":"ListItem","position":1,"name":"In\u00edcio","item":"https:\/\/www.federassantas.org.br\/novosite\/"},{"@type":"ListItem","position":2,"name":"No dia Mundial do AVC, iniciativa do CSSJD busca reduzir casos pela metade"}]},{"@type":"WebSite","@id":"https:\/\/www.federassantas.org.br\/novosite\/#website","url":"https:\/\/www.federassantas.org.br\/novosite\/","name":"Federassantas","description":"Fed. das Santas Casas e Hospitais Filantr\u00f3picos de MG","publisher":{"@id":"https:\/\/www.federassantas.org.br\/novosite\/#organization"},"potentialAction":[{"@type":"SearchAction","target":{"@type":"EntryPoint","urlTemplate":"https:\/\/www.federassantas.org.br\/novosite\/?s={search_term_string}"},"query-input":{"@type":"PropertyValueSpecification","valueRequired":true,"valueName":"search_term_string"}}],"inLanguage":"pt-BR"},{"@type":"Organization","@id":"https:\/\/www.federassantas.org.br\/novosite\/#organization","name":"Federassantas","url":"https:\/\/www.federassantas.org.br\/novosite\/","logo":{"@type":"ImageObject","inLanguage":"pt-BR","@id":"https:\/\/www.federassantas.org.br\/novosite\/#\/schema\/logo\/image\/","url":"https:\/\/www.federassantas.org.br\/novosite\/wp-content\/uploads\/2021\/12\/logo.png","contentUrl":"https:\/\/www.federassantas.org.br\/novosite\/wp-content\/uploads\/2021\/12\/logo.png","width":243,"height":59,"caption":"Federassantas"},"image":{"@id":"https:\/\/www.federassantas.org.br\/novosite\/#\/schema\/logo\/image\/"}},{"@type":"Person","@id":"https:\/\/www.federassantas.org.br\/novosite\/#\/schema\/person\/75fed98158349313fe56175f232f513c","name":"admin-federas","image":{"@type":"ImageObject","inLanguage":"pt-BR","@id":"https:\/\/www.federassantas.org.br\/novosite\/#\/schema\/person\/image\/","url":"https:\/\/secure.gravatar.com\/avatar\/2a02d7dda59fe8dc6b7ffd3f652e2efede5ccf0dd89dfdc8137c5517f3de8407?s=96&d=mm&r=g","contentUrl":"https:\/\/secure.gravatar.com\/avatar\/2a02d7dda59fe8dc6b7ffd3f652e2efede5ccf0dd89dfdc8137c5517f3de8407?s=96&d=mm&r=g","caption":"admin-federas"},"sameAs":["https:\/\/www.federassantas.org.br\/novosite\/"],"url":"https:\/\/www.federassantas.org.br\/novosite\/author\/admin-federas\/"}]}},"_links":{"self":[{"href":"https:\/\/www.federassantas.org.br\/novosite\/wp-json\/wp\/v2\/posts\/22511","targetHints":{"allow":["GET"]}}],"collection":[{"href":"https:\/\/www.federassantas.org.br\/novosite\/wp-json\/wp\/v2\/posts"}],"about":[{"href":"https:\/\/www.federassantas.org.br\/novosite\/wp-json\/wp\/v2\/types\/post"}],"author":[{"embeddable":true,"href":"https:\/\/www.federassantas.org.br\/novosite\/wp-json\/wp\/v2\/users\/1"}],"replies":[{"embeddable":true,"href":"https:\/\/www.federassantas.org.br\/novosite\/wp-json\/wp\/v2\/comments?post=22511"}],"version-history":[{"count":0,"href":"https:\/\/www.federassantas.org.br\/novosite\/wp-json\/wp\/v2\/posts\/22511\/revisions"}],"wp:featuredmedia":[{"embeddable":true,"href":"https:\/\/www.federassantas.org.br\/novosite\/wp-json\/wp\/v2\/media\/22512"}],"wp:attachment":[{"href":"https:\/\/www.federassantas.org.br\/novosite\/wp-json\/wp\/v2\/media?parent=22511"}],"wp:term":[{"taxonomy":"category","embeddable":true,"href":"https:\/\/www.federassantas.org.br\/novosite\/wp-json\/wp\/v2\/categories?post=22511"},{"taxonomy":"post_tag","embeddable":true,"href":"https:\/\/www.federassantas.org.br\/novosite\/wp-json\/wp\/v2\/tags?post=22511"}],"curies":[{"name":"wp","href":"https:\/\/api.w.org\/{rel}","templated":true}]}}