{"id":22514,"date":"2021-10-29T16:56:07","date_gmt":"2021-10-29T19:56:07","guid":{"rendered":"https:\/\/federasbackup.meltcomunicacao.com.br\/?p=22514"},"modified":"2021-10-29T16:56:07","modified_gmt":"2021-10-29T19:56:07","slug":"hospital-sao-paulo-e-referencia-e-nono-lugar-no-estado-em-internacao-do-avc-e-segundo-lugar-na-macro-regiao","status":"publish","type":"post","link":"https:\/\/www.federassantas.org.br\/novosite\/hospital-sao-paulo-e-referencia-e-nono-lugar-no-estado-em-internacao-do-avc-e-segundo-lugar-na-macro-regiao\/","title":{"rendered":"Hospital S\u00e3o Paulo \u00e9 refer\u00eancia e nono lugar no estado em Interna\u00e7\u00e3o do AVC e segundo lugar na macro regi\u00e3o"},"content":{"rendered":"\n<p><\/p>\n\n\n\n<p>O Acidente Vascular Cerebral Isqu\u00eamico (AVCI), o mais comum, \u00e9 causado pela falta de sangue em determinada \u00e1rea do c\u00e9rebro, decorrente da obstru\u00e7\u00e3o de uma art\u00e9ria. J\u00e1 o Acidente Vascular Cerebral Hemorr\u00e1gico (AVCH) \u00e9 causado por sangramento devido ao rompimento de um vaso sangu\u00edneo.<br>Nos dois tipos de AVC uma vez que o sangue, contendo nutrientes e oxig\u00eanio, n\u00e3o chega a determinadas \u00e1reas do c\u00e9rebro, ocorre a perda das fun\u00e7\u00f5es dos neur\u00f4nios, causando os sinais e sintomas que depender\u00e3o da regi\u00e3o do c\u00e9rebro envolvida. O AVC atinge pessoas de todas as idades, sendo raro na inf\u00e2ncia. Deve ser considerado como um ataque cerebral, pois \u00e9 a causa mais frequente de morte e incapacidades na popula\u00e7\u00e3o adulta brasileira.<\/p>\n\n\n\n<p>Os sinais e sintomas do AVC se iniciam de forma s\u00fabita e podem ser \u00fanicos ou combinados, de acordo com a lista abaixo:<br>\u2013 Enfraquecimento, adormecimento ou paralisa\u00e7\u00e3o da face, bra\u00e7o ou perna de um lado do corpo; \u2013 Altera\u00e7\u00e3o de vis\u00e3o: turva\u00e7\u00e3o ou perda da vis\u00e3o, especialmente de um olho; epis\u00f3dio de vis\u00e3o dupla; sensa\u00e7\u00e3o de \u201csombra\u201d sobre a linha da vis\u00e3o; \u2013 Dificuldade para falar ou entender o que os outros est\u00e3o falando, mesmo que sejam as frases mais simples; \u2013 Tontura sem causa definida, desequil\u00edbrio, falta de coordena\u00e7\u00e3o no andar ou queda s\u00fabita, geralmente acompanhada pelos sintomas acima descritos; \u2013 Dores de cabe\u00e7a fortes e persistentes; \u2013 Dificuldade para engolir.<\/p>\n\n\n\n<p>O que fazer diante da suspeita de AVC?<br>A identifica\u00e7\u00e3o r\u00e1pida dos sintomas \u00e9 muito importante para o diagn\u00f3stico e o tratamento adequado, al\u00e9m de redu\u00e7\u00e3o de incapacidades. Dirija-se imediatamente a um servi\u00e7o hospitalar especializado. N\u00e3o perca tempo! Cada minuto \u00e9 importante, pois quanto mais tempo entre o surgimento dos sintomas e o in\u00edcio do tratamento adequado maior a les\u00e3o no c\u00e9rebro.<\/p>\n\n\n\n<p>O servi\u00e7o de Hemodin\u00e2mica do HSP possui uma equipe preparada e um moderno equipamento para a realiza\u00e7\u00e3o de tratamentos endovasculares.<\/p>\n\n\n\n<p>Por: Comunica\u00e7\u00e3o Hospital S\u00e3o Paulo<\/p>\n","protected":false},"excerpt":{"rendered":"<p>O Acidente Vascular Cerebral Isqu\u00eamico (AVCI), o mais comum, \u00e9 causado pela falta de sangue em determinada \u00e1rea do c\u00e9rebro, decorrente da obstru\u00e7\u00e3o de uma art\u00e9ria. J\u00e1 o Acidente Vascular Cerebral Hemorr\u00e1gico (AVCH) \u00e9 causado por sangramento devido ao rompimento de um vaso sangu\u00edneo.Nos dois tipos de AVC uma vez que o sangue, contendo nutrientes [&hellip;]<\/p>\n","protected":false},"author":1,"featured_media":22515,"comment_status":"open","ping_status":"open","sticky":false,"template":"","format":"standard","meta":{"footnotes":""},"categories":[140,139],"tags":[],"class_list":["post-22514","post","type-post","status-publish","format-standard","has-post-thumbnail","hentry","category-noticias","category-noticias-filiados"],"yoast_head":"<!-- This site is optimized with the Yoast SEO plugin v26.9 - https:\/\/yoast.com\/product\/yoast-seo-wordpress\/ -->\n<title>Hospital S\u00e3o Paulo \u00e9 refer\u00eancia e nono lugar no estado em Interna\u00e7\u00e3o do AVC e segundo lugar na macro regi\u00e3o - Federassantas<\/title>\n<meta name=\"robots\" content=\"index, follow, max-snippet:-1, max-image-preview:large, max-video-preview:-1\" \/>\n<link rel=\"canonical\" href=\"https:\/\/www.federassantas.org.br\/novosite\/hospital-sao-paulo-e-referencia-e-nono-lugar-no-estado-em-internacao-do-avc-e-segundo-lugar-na-macro-regiao\/\" \/>\n<meta property=\"og:locale\" content=\"pt_BR\" \/>\n<meta property=\"og:type\" content=\"article\" \/>\n<meta property=\"og:title\" content=\"Hospital S\u00e3o Paulo \u00e9 refer\u00eancia e nono lugar no estado em Interna\u00e7\u00e3o do AVC e segundo lugar na macro regi\u00e3o - Federassantas\" \/>\n<meta property=\"og:description\" content=\"O Acidente Vascular Cerebral Isqu\u00eamico (AVCI), o mais comum, \u00e9 causado pela falta de sangue em determinada \u00e1rea do c\u00e9rebro, decorrente da obstru\u00e7\u00e3o de uma art\u00e9ria. J\u00e1 o Acidente Vascular Cerebral Hemorr\u00e1gico (AVCH) \u00e9 causado por sangramento devido ao rompimento de um vaso sangu\u00edneo.Nos dois tipos de AVC uma vez que o sangue, contendo nutrientes [&hellip;]\" \/>\n<meta property=\"og:url\" content=\"https:\/\/www.federassantas.org.br\/novosite\/hospital-sao-paulo-e-referencia-e-nono-lugar-no-estado-em-internacao-do-avc-e-segundo-lugar-na-macro-regiao\/\" \/>\n<meta property=\"og:site_name\" content=\"Federassantas\" \/>\n<meta property=\"article:published_time\" content=\"2021-10-29T19:56:07+00:00\" \/>\n<meta property=\"og:image\" content=\"https:\/\/www.federassantas.org.br\/novosite\/wp-content\/uploads\/2021\/10\/WhatsApp-Image-2021-10-29-at-14.26.01.jpeg\" \/>\n\t<meta property=\"og:image:width\" content=\"1280\" \/>\n\t<meta property=\"og:image:height\" content=\"1280\" \/>\n\t<meta property=\"og:image:type\" content=\"image\/jpeg\" \/>\n<meta name=\"author\" content=\"admin-federas\" \/>\n<meta name=\"twitter:card\" content=\"summary_large_image\" \/>\n<meta name=\"twitter:label1\" content=\"Escrito por\" \/>\n\t<meta name=\"twitter:data1\" content=\"admin-federas\" \/>\n\t<meta name=\"twitter:label2\" content=\"Est. tempo de leitura\" \/>\n\t<meta name=\"twitter:data2\" content=\"2 minutos\" \/>\n<script type=\"application\/ld+json\" class=\"yoast-schema-graph\">{\"@context\":\"https:\/\/schema.org\",\"@graph\":[{\"@type\":\"Article\",\"@id\":\"https:\/\/www.federassantas.org.br\/novosite\/hospital-sao-paulo-e-referencia-e-nono-lugar-no-estado-em-internacao-do-avc-e-segundo-lugar-na-macro-regiao\/#article\",\"isPartOf\":{\"@id\":\"https:\/\/www.federassantas.org.br\/novosite\/hospital-sao-paulo-e-referencia-e-nono-lugar-no-estado-em-internacao-do-avc-e-segundo-lugar-na-macro-regiao\/\"},\"author\":{\"name\":\"admin-federas\",\"@id\":\"https:\/\/www.federassantas.org.br\/novosite\/#\/schema\/person\/75fed98158349313fe56175f232f513c\"},\"headline\":\"Hospital S\u00e3o Paulo \u00e9 refer\u00eancia e nono lugar no estado em Interna\u00e7\u00e3o do AVC e segundo lugar na macro regi\u00e3o\",\"datePublished\":\"2021-10-29T19:56:07+00:00\",\"mainEntityOfPage\":{\"@id\":\"https:\/\/www.federassantas.org.br\/novosite\/hospital-sao-paulo-e-referencia-e-nono-lugar-no-estado-em-internacao-do-avc-e-segundo-lugar-na-macro-regiao\/\"},\"wordCount\":376,\"commentCount\":0,\"publisher\":{\"@id\":\"https:\/\/www.federassantas.org.br\/novosite\/#organization\"},\"image\":{\"@id\":\"https:\/\/www.federassantas.org.br\/novosite\/hospital-sao-paulo-e-referencia-e-nono-lugar-no-estado-em-internacao-do-avc-e-segundo-lugar-na-macro-regiao\/#primaryimage\"},\"thumbnailUrl\":\"https:\/\/www.federassantas.org.br\/novosite\/wp-content\/uploads\/2021\/10\/WhatsApp-Image-2021-10-29-at-14.26.01.jpeg\",\"articleSection\":[\"Not\u00edcias\",\"Not\u00edcias filiados\"],\"inLanguage\":\"pt-BR\",\"potentialAction\":[{\"@type\":\"CommentAction\",\"name\":\"Comment\",\"target\":[\"https:\/\/www.federassantas.org.br\/novosite\/hospital-sao-paulo-e-referencia-e-nono-lugar-no-estado-em-internacao-do-avc-e-segundo-lugar-na-macro-regiao\/#respond\"]}]},{\"@type\":\"WebPage\",\"@id\":\"https:\/\/www.federassantas.org.br\/novosite\/hospital-sao-paulo-e-referencia-e-nono-lugar-no-estado-em-internacao-do-avc-e-segundo-lugar-na-macro-regiao\/\",\"url\":\"https:\/\/www.federassantas.org.br\/novosite\/hospital-sao-paulo-e-referencia-e-nono-lugar-no-estado-em-internacao-do-avc-e-segundo-lugar-na-macro-regiao\/\",\"name\":\"Hospital S\u00e3o Paulo \u00e9 refer\u00eancia e nono lugar no estado em Interna\u00e7\u00e3o do AVC e segundo lugar na macro regi\u00e3o - Federassantas\",\"isPartOf\":{\"@id\":\"https:\/\/www.federassantas.org.br\/novosite\/#website\"},\"primaryImageOfPage\":{\"@id\":\"https:\/\/www.federassantas.org.br\/novosite\/hospital-sao-paulo-e-referencia-e-nono-lugar-no-estado-em-internacao-do-avc-e-segundo-lugar-na-macro-regiao\/#primaryimage\"},\"image\":{\"@id\":\"https:\/\/www.federassantas.org.br\/novosite\/hospital-sao-paulo-e-referencia-e-nono-lugar-no-estado-em-internacao-do-avc-e-segundo-lugar-na-macro-regiao\/#primaryimage\"},\"thumbnailUrl\":\"https:\/\/www.federassantas.org.br\/novosite\/wp-content\/uploads\/2021\/10\/WhatsApp-Image-2021-10-29-at-14.26.01.jpeg\",\"datePublished\":\"2021-10-29T19:56:07+00:00\",\"breadcrumb\":{\"@id\":\"https:\/\/www.federassantas.org.br\/novosite\/hospital-sao-paulo-e-referencia-e-nono-lugar-no-estado-em-internacao-do-avc-e-segundo-lugar-na-macro-regiao\/#breadcrumb\"},\"inLanguage\":\"pt-BR\",\"potentialAction\":[{\"@type\":\"ReadAction\",\"target\":[\"https:\/\/www.federassantas.org.br\/novosite\/hospital-sao-paulo-e-referencia-e-nono-lugar-no-estado-em-internacao-do-avc-e-segundo-lugar-na-macro-regiao\/\"]}]},{\"@type\":\"ImageObject\",\"inLanguage\":\"pt-BR\",\"@id\":\"https:\/\/www.federassantas.org.br\/novosite\/hospital-sao-paulo-e-referencia-e-nono-lugar-no-estado-em-internacao-do-avc-e-segundo-lugar-na-macro-regiao\/#primaryimage\",\"url\":\"https:\/\/www.federassantas.org.br\/novosite\/wp-content\/uploads\/2021\/10\/WhatsApp-Image-2021-10-29-at-14.26.01.jpeg\",\"contentUrl\":\"https:\/\/www.federassantas.org.br\/novosite\/wp-content\/uploads\/2021\/10\/WhatsApp-Image-2021-10-29-at-14.26.01.jpeg\",\"width\":1280,\"height\":1280},{\"@type\":\"BreadcrumbList\",\"@id\":\"https:\/\/www.federassantas.org.br\/novosite\/hospital-sao-paulo-e-referencia-e-nono-lugar-no-estado-em-internacao-do-avc-e-segundo-lugar-na-macro-regiao\/#breadcrumb\",\"itemListElement\":[{\"@type\":\"ListItem\",\"position\":1,\"name\":\"In\u00edcio\",\"item\":\"https:\/\/www.federassantas.org.br\/novosite\/\"},{\"@type\":\"ListItem\",\"position\":2,\"name\":\"Hospital S\u00e3o Paulo \u00e9 refer\u00eancia e nono lugar no estado em Interna\u00e7\u00e3o do AVC e segundo lugar na macro regi\u00e3o\"}]},{\"@type\":\"WebSite\",\"@id\":\"https:\/\/www.federassantas.org.br\/novosite\/#website\",\"url\":\"https:\/\/www.federassantas.org.br\/novosite\/\",\"name\":\"Federassantas\",\"description\":\"Fed. das Santas Casas e Hospitais Filantr\u00f3picos de MG\",\"publisher\":{\"@id\":\"https:\/\/www.federassantas.org.br\/novosite\/#organization\"},\"potentialAction\":[{\"@type\":\"SearchAction\",\"target\":{\"@type\":\"EntryPoint\",\"urlTemplate\":\"https:\/\/www.federassantas.org.br\/novosite\/?s={search_term_string}\"},\"query-input\":{\"@type\":\"PropertyValueSpecification\",\"valueRequired\":true,\"valueName\":\"search_term_string\"}}],\"inLanguage\":\"pt-BR\"},{\"@type\":\"Organization\",\"@id\":\"https:\/\/www.federassantas.org.br\/novosite\/#organization\",\"name\":\"Federassantas\",\"url\":\"https:\/\/www.federassantas.org.br\/novosite\/\",\"logo\":{\"@type\":\"ImageObject\",\"inLanguage\":\"pt-BR\",\"@id\":\"https:\/\/www.federassantas.org.br\/novosite\/#\/schema\/logo\/image\/\",\"url\":\"https:\/\/www.federassantas.org.br\/novosite\/wp-content\/uploads\/2021\/12\/logo.png\",\"contentUrl\":\"https:\/\/www.federassantas.org.br\/novosite\/wp-content\/uploads\/2021\/12\/logo.png\",\"width\":243,\"height\":59,\"caption\":\"Federassantas\"},\"image\":{\"@id\":\"https:\/\/www.federassantas.org.br\/novosite\/#\/schema\/logo\/image\/\"}},{\"@type\":\"Person\",\"@id\":\"https:\/\/www.federassantas.org.br\/novosite\/#\/schema\/person\/75fed98158349313fe56175f232f513c\",\"name\":\"admin-federas\",\"image\":{\"@type\":\"ImageObject\",\"inLanguage\":\"pt-BR\",\"@id\":\"https:\/\/www.federassantas.org.br\/novosite\/#\/schema\/person\/image\/\",\"url\":\"https:\/\/secure.gravatar.com\/avatar\/2a02d7dda59fe8dc6b7ffd3f652e2efede5ccf0dd89dfdc8137c5517f3de8407?s=96&d=mm&r=g\",\"contentUrl\":\"https:\/\/secure.gravatar.com\/avatar\/2a02d7dda59fe8dc6b7ffd3f652e2efede5ccf0dd89dfdc8137c5517f3de8407?s=96&d=mm&r=g\",\"caption\":\"admin-federas\"},\"sameAs\":[\"https:\/\/www.federassantas.org.br\/novosite\/\"],\"url\":\"https:\/\/www.federassantas.org.br\/novosite\/author\/admin-federas\/\"}]}<\/script>\n<!-- \/ Yoast SEO plugin. -->","yoast_head_json":{"title":"Hospital S\u00e3o Paulo \u00e9 refer\u00eancia e nono lugar no estado em Interna\u00e7\u00e3o do AVC e segundo lugar na macro regi\u00e3o - Federassantas","robots":{"index":"index","follow":"follow","max-snippet":"max-snippet:-1","max-image-preview":"max-image-preview:large","max-video-preview":"max-video-preview:-1"},"canonical":"https:\/\/www.federassantas.org.br\/novosite\/hospital-sao-paulo-e-referencia-e-nono-lugar-no-estado-em-internacao-do-avc-e-segundo-lugar-na-macro-regiao\/","og_locale":"pt_BR","og_type":"article","og_title":"Hospital S\u00e3o Paulo \u00e9 refer\u00eancia e nono lugar no estado em Interna\u00e7\u00e3o do AVC e segundo lugar na macro regi\u00e3o - Federassantas","og_description":"O Acidente Vascular Cerebral Isqu\u00eamico (AVCI), o mais comum, \u00e9 causado pela falta de sangue em determinada \u00e1rea do c\u00e9rebro, decorrente da obstru\u00e7\u00e3o de uma art\u00e9ria. J\u00e1 o Acidente Vascular Cerebral Hemorr\u00e1gico (AVCH) \u00e9 causado por sangramento devido ao rompimento de um vaso sangu\u00edneo.Nos dois tipos de AVC uma vez que o sangue, contendo nutrientes [&hellip;]","og_url":"https:\/\/www.federassantas.org.br\/novosite\/hospital-sao-paulo-e-referencia-e-nono-lugar-no-estado-em-internacao-do-avc-e-segundo-lugar-na-macro-regiao\/","og_site_name":"Federassantas","article_published_time":"2021-10-29T19:56:07+00:00","og_image":[{"width":1280,"height":1280,"url":"https:\/\/www.federassantas.org.br\/novosite\/wp-content\/uploads\/2021\/10\/WhatsApp-Image-2021-10-29-at-14.26.01.jpeg","type":"image\/jpeg"}],"author":"admin-federas","twitter_card":"summary_large_image","twitter_misc":{"Escrito por":"admin-federas","Est. tempo de leitura":"2 minutos"},"schema":{"@context":"https:\/\/schema.org","@graph":[{"@type":"Article","@id":"https:\/\/www.federassantas.org.br\/novosite\/hospital-sao-paulo-e-referencia-e-nono-lugar-no-estado-em-internacao-do-avc-e-segundo-lugar-na-macro-regiao\/#article","isPartOf":{"@id":"https:\/\/www.federassantas.org.br\/novosite\/hospital-sao-paulo-e-referencia-e-nono-lugar-no-estado-em-internacao-do-avc-e-segundo-lugar-na-macro-regiao\/"},"author":{"name":"admin-federas","@id":"https:\/\/www.federassantas.org.br\/novosite\/#\/schema\/person\/75fed98158349313fe56175f232f513c"},"headline":"Hospital S\u00e3o Paulo \u00e9 refer\u00eancia e nono lugar no estado em Interna\u00e7\u00e3o do AVC e segundo lugar na macro regi\u00e3o","datePublished":"2021-10-29T19:56:07+00:00","mainEntityOfPage":{"@id":"https:\/\/www.federassantas.org.br\/novosite\/hospital-sao-paulo-e-referencia-e-nono-lugar-no-estado-em-internacao-do-avc-e-segundo-lugar-na-macro-regiao\/"},"wordCount":376,"commentCount":0,"publisher":{"@id":"https:\/\/www.federassantas.org.br\/novosite\/#organization"},"image":{"@id":"https:\/\/www.federassantas.org.br\/novosite\/hospital-sao-paulo-e-referencia-e-nono-lugar-no-estado-em-internacao-do-avc-e-segundo-lugar-na-macro-regiao\/#primaryimage"},"thumbnailUrl":"https:\/\/www.federassantas.org.br\/novosite\/wp-content\/uploads\/2021\/10\/WhatsApp-Image-2021-10-29-at-14.26.01.jpeg","articleSection":["Not\u00edcias","Not\u00edcias filiados"],"inLanguage":"pt-BR","potentialAction":[{"@type":"CommentAction","name":"Comment","target":["https:\/\/www.federassantas.org.br\/novosite\/hospital-sao-paulo-e-referencia-e-nono-lugar-no-estado-em-internacao-do-avc-e-segundo-lugar-na-macro-regiao\/#respond"]}]},{"@type":"WebPage","@id":"https:\/\/www.federassantas.org.br\/novosite\/hospital-sao-paulo-e-referencia-e-nono-lugar-no-estado-em-internacao-do-avc-e-segundo-lugar-na-macro-regiao\/","url":"https:\/\/www.federassantas.org.br\/novosite\/hospital-sao-paulo-e-referencia-e-nono-lugar-no-estado-em-internacao-do-avc-e-segundo-lugar-na-macro-regiao\/","name":"Hospital S\u00e3o Paulo \u00e9 refer\u00eancia e nono lugar no estado em Interna\u00e7\u00e3o do AVC e segundo lugar na macro regi\u00e3o - Federassantas","isPartOf":{"@id":"https:\/\/www.federassantas.org.br\/novosite\/#website"},"primaryImageOfPage":{"@id":"https:\/\/www.federassantas.org.br\/novosite\/hospital-sao-paulo-e-referencia-e-nono-lugar-no-estado-em-internacao-do-avc-e-segundo-lugar-na-macro-regiao\/#primaryimage"},"image":{"@id":"https:\/\/www.federassantas.org.br\/novosite\/hospital-sao-paulo-e-referencia-e-nono-lugar-no-estado-em-internacao-do-avc-e-segundo-lugar-na-macro-regiao\/#primaryimage"},"thumbnailUrl":"https:\/\/www.federassantas.org.br\/novosite\/wp-content\/uploads\/2021\/10\/WhatsApp-Image-2021-10-29-at-14.26.01.jpeg","datePublished":"2021-10-29T19:56:07+00:00","breadcrumb":{"@id":"https:\/\/www.federassantas.org.br\/novosite\/hospital-sao-paulo-e-referencia-e-nono-lugar-no-estado-em-internacao-do-avc-e-segundo-lugar-na-macro-regiao\/#breadcrumb"},"inLanguage":"pt-BR","potentialAction":[{"@type":"ReadAction","target":["https:\/\/www.federassantas.org.br\/novosite\/hospital-sao-paulo-e-referencia-e-nono-lugar-no-estado-em-internacao-do-avc-e-segundo-lugar-na-macro-regiao\/"]}]},{"@type":"ImageObject","inLanguage":"pt-BR","@id":"https:\/\/www.federassantas.org.br\/novosite\/hospital-sao-paulo-e-referencia-e-nono-lugar-no-estado-em-internacao-do-avc-e-segundo-lugar-na-macro-regiao\/#primaryimage","url":"https:\/\/www.federassantas.org.br\/novosite\/wp-content\/uploads\/2021\/10\/WhatsApp-Image-2021-10-29-at-14.26.01.jpeg","contentUrl":"https:\/\/www.federassantas.org.br\/novosite\/wp-content\/uploads\/2021\/10\/WhatsApp-Image-2021-10-29-at-14.26.01.jpeg","width":1280,"height":1280},{"@type":"BreadcrumbList","@id":"https:\/\/www.federassantas.org.br\/novosite\/hospital-sao-paulo-e-referencia-e-nono-lugar-no-estado-em-internacao-do-avc-e-segundo-lugar-na-macro-regiao\/#breadcrumb","itemListElement":[{"@type":"ListItem","position":1,"name":"In\u00edcio","item":"https:\/\/www.federassantas.org.br\/novosite\/"},{"@type":"ListItem","position":2,"name":"Hospital S\u00e3o Paulo \u00e9 refer\u00eancia e nono lugar no estado em Interna\u00e7\u00e3o do AVC e segundo lugar na macro regi\u00e3o"}]},{"@type":"WebSite","@id":"https:\/\/www.federassantas.org.br\/novosite\/#website","url":"https:\/\/www.federassantas.org.br\/novosite\/","name":"Federassantas","description":"Fed. das Santas Casas e Hospitais Filantr\u00f3picos de MG","publisher":{"@id":"https:\/\/www.federassantas.org.br\/novosite\/#organization"},"potentialAction":[{"@type":"SearchAction","target":{"@type":"EntryPoint","urlTemplate":"https:\/\/www.federassantas.org.br\/novosite\/?s={search_term_string}"},"query-input":{"@type":"PropertyValueSpecification","valueRequired":true,"valueName":"search_term_string"}}],"inLanguage":"pt-BR"},{"@type":"Organization","@id":"https:\/\/www.federassantas.org.br\/novosite\/#organization","name":"Federassantas","url":"https:\/\/www.federassantas.org.br\/novosite\/","logo":{"@type":"ImageObject","inLanguage":"pt-BR","@id":"https:\/\/www.federassantas.org.br\/novosite\/#\/schema\/logo\/image\/","url":"https:\/\/www.federassantas.org.br\/novosite\/wp-content\/uploads\/2021\/12\/logo.png","contentUrl":"https:\/\/www.federassantas.org.br\/novosite\/wp-content\/uploads\/2021\/12\/logo.png","width":243,"height":59,"caption":"Federassantas"},"image":{"@id":"https:\/\/www.federassantas.org.br\/novosite\/#\/schema\/logo\/image\/"}},{"@type":"Person","@id":"https:\/\/www.federassantas.org.br\/novosite\/#\/schema\/person\/75fed98158349313fe56175f232f513c","name":"admin-federas","image":{"@type":"ImageObject","inLanguage":"pt-BR","@id":"https:\/\/www.federassantas.org.br\/novosite\/#\/schema\/person\/image\/","url":"https:\/\/secure.gravatar.com\/avatar\/2a02d7dda59fe8dc6b7ffd3f652e2efede5ccf0dd89dfdc8137c5517f3de8407?s=96&d=mm&r=g","contentUrl":"https:\/\/secure.gravatar.com\/avatar\/2a02d7dda59fe8dc6b7ffd3f652e2efede5ccf0dd89dfdc8137c5517f3de8407?s=96&d=mm&r=g","caption":"admin-federas"},"sameAs":["https:\/\/www.federassantas.org.br\/novosite\/"],"url":"https:\/\/www.federassantas.org.br\/novosite\/author\/admin-federas\/"}]}},"_links":{"self":[{"href":"https:\/\/www.federassantas.org.br\/novosite\/wp-json\/wp\/v2\/posts\/22514","targetHints":{"allow":["GET"]}}],"collection":[{"href":"https:\/\/www.federassantas.org.br\/novosite\/wp-json\/wp\/v2\/posts"}],"about":[{"href":"https:\/\/www.federassantas.org.br\/novosite\/wp-json\/wp\/v2\/types\/post"}],"author":[{"embeddable":true,"href":"https:\/\/www.federassantas.org.br\/novosite\/wp-json\/wp\/v2\/users\/1"}],"replies":[{"embeddable":true,"href":"https:\/\/www.federassantas.org.br\/novosite\/wp-json\/wp\/v2\/comments?post=22514"}],"version-history":[{"count":0,"href":"https:\/\/www.federassantas.org.br\/novosite\/wp-json\/wp\/v2\/posts\/22514\/revisions"}],"wp:featuredmedia":[{"embeddable":true,"href":"https:\/\/www.federassantas.org.br\/novosite\/wp-json\/wp\/v2\/media\/22515"}],"wp:attachment":[{"href":"https:\/\/www.federassantas.org.br\/novosite\/wp-json\/wp\/v2\/media?parent=22514"}],"wp:term":[{"taxonomy":"category","embeddable":true,"href":"https:\/\/www.federassantas.org.br\/novosite\/wp-json\/wp\/v2\/categories?post=22514"},{"taxonomy":"post_tag","embeddable":true,"href":"https:\/\/www.federassantas.org.br\/novosite\/wp-json\/wp\/v2\/tags?post=22514"}],"curies":[{"name":"wp","href":"https:\/\/api.w.org\/{rel}","templated":true}]}}