{"id":22517,"date":"2021-10-29T16:59:27","date_gmt":"2021-10-29T19:59:27","guid":{"rendered":"https:\/\/federasbackup.meltcomunicacao.com.br\/?p=22517"},"modified":"2021-10-29T16:59:27","modified_gmt":"2021-10-29T19:59:27","slug":"cssjd-encerra-mes-de-celebracao-aos-cuidados-paliativos-com-simposio","status":"publish","type":"post","link":"https:\/\/www.federassantas.org.br\/novosite\/cssjd-encerra-mes-de-celebracao-aos-cuidados-paliativos-com-simposio\/","title":{"rendered":"CSSJD encerra m\u00eas de celebra\u00e7\u00e3o aos cuidados paliativos com simp\u00f3sio"},"content":{"rendered":"\n<p><em>Equipe abordar\u00e1 assuntos ligados aos Cuidados Paliativos em cinco palestras<\/em><\/p>\n\n\n\n<p>O Complexo de Sa\u00fade S\u00e3o Jo\u00e3o de Deus \u2013 CSSJD\u00a0 realiza neste domingo, dia 31 outubro, \u00e0s 19h, o 1\u00ba Simp\u00f3sio de Cuidados Paliativos. O evento ser\u00e1 realizado por meio de uma transmiss\u00e3o no Canal do Youtube do CSSJD (<a rel=\"noreferrer noopener\" href=\"https:\/\/bityli.com\/cc1zBq\" target=\"_blank\">https:\/\/bityli.com\/cc1zBq<\/a>). Al\u00e9m de destacar o trabalho da equipe de Cuidados Paliativos na institui\u00e7\u00e3o, o evento marca o m\u00eas desse servi\u00e7o, cuja data foi celebrada no dia 09 de outubro.\u00a0\u00a0\u00a0<\/p>\n\n\n\n<p>Promovido pelo CSSJD, Comiss\u00e3o de Cuidados Paliativos e Assessoria de Comunica\u00e7\u00e3o, a programa\u00e7\u00e3o abordar\u00e1 diversos temas ligados ao trabalho dos profissionais, sendo eles: \u201cA introdu\u00e7\u00e3o aos Cuidados Paliativos&#8221;, \u201cO Assistente Social nos Cuidados Paliativos\u201d, \u201cManejo do Delirium\u201d, \u201cManejo da Dor\u201d e \u201cCompaix\u00e3o\u201d.\u00a0\u00a0<\/p>\n\n\n\n<p>Nesta primeira edi\u00e7\u00e3o, o evento levar\u00e1 o tema da campanha da The Worldwide Hospice Palliative Care Alliance (WHPCA), Organiza\u00e7\u00e3o Internacional N\u00e3o Governamental, focada no desenvolvimento dos Cuidados Paliativos e Hospices, que \u00e9 \u201cN\u00e3o deixe ningu\u00e9m para tr\u00e1s \u2013 Equidade no acesso aos Cuidados Paliativos\u201c. O objetivo \u00e9 discutir a import\u00e2ncia dos Cuidados Paliativos para a melhora na qualidade de vida destes pacientes, alertando para a necessidade da cria\u00e7\u00e3o de pol\u00edticas p\u00fablicas que ampliem o acesso das pessoas a esses cuidados.\u00a0<\/p>\n\n\n\n<p>A primeira palestra ter\u00e1 como tema a \u201cIntrodu\u00e7\u00e3o aos Cuidados Paliativos\u201d, ministrada pela Enfermeira Paliativista, Carolina El\u00f3i Miranda. \u201cO Assistente Social nos Cuidados Paliativos\u201d, tamb\u00e9m ser\u00e1 destaque no evento, por meio da palestra ministrada pela Assistente Social do CSSJD, Gisele Mar\u00e7al.\u00a0\u00a0<\/p>\n\n\n\n<p>Quem tamb\u00e9m estar\u00e1 presente no evento ser\u00e1 a M\u00e9dica Geriatra e Paliativista, Dr\u00aa. Nayara Gon\u00e7alves Ferreira, que apresentar\u00e1 a palestra \u201cManejo do Delirium\u201d. A programa\u00e7\u00e3o tamb\u00e9m contar\u00e1 com a palestra da M\u00e9dica Geriatra, Intensivista e Paliativista, Dr\u00aa Tatiana Clementino Moreira sobre o \u201cManejo da Dor\u201d.\u00a0\u00a0E para encerrar o evento, o Enfermeiro, Professor e Doutor em Cuidados Paliativos, Dr. Alexandre Ernesto Silva, ter\u00e1 como tema\u00a0 de sua palestra a \u201cCompaix\u00e3o\u201d, sentimento fundamental dentro dos Cuidados Paliativos.\u00a0<\/p>\n\n\n\n<p><strong>A COMISS\u00c3O DE CUIDADOS PALIATIVOS\u00a0<\/strong><\/p>\n\n\n\n<p>Mais do que oferecer aos seus clientes um atendimento de ponta, com os mais modernos equipamentos e procedimentos cir\u00fargicos, o Complexo de Sa\u00fade S\u00e3o Jo\u00e3o de Deus busca proporcionar todo apoio necess\u00e1rio para enfrentar o tratamento de uma grave doen\u00e7a ou algum tratamento que gera sofrimento.\u00a0\u00a0Por isso, foi criada em setembro de 2020 a Comiss\u00e3o de Cuidados Paliativos. O objetivo do trabalho \u00e9 trazer tranquilidade ao paciente e sua fam\u00edlia durante o per\u00edodo de tratamento, estruturando e cuidando dos processos, para que esta etapa seja menos dolorosa.\u00a0\u00a0A equipe \u00e9 composta pelo Enfermeiro e Doutor em Cuidados Paliativos, Dr. Alexandre Ernesto Silva, pela M\u00e9dica Geriatra e Paliativista, Dr\u00aa. Nayara Gon\u00e7alves, pela M\u00e9dica Intensivista e Paliativista, Dr\u00aa Tatiana Moreira, al\u00e9m da Enfermeira Paliativista, Carolina El\u00f3i Miranda e da Assistente Social, Gisele Mar\u00e7al.<\/p>\n\n\n\n<p><\/p>\n\n\n\n<p>Por: Comunica\u00e7\u00e3o CSSJD<\/p>\n","protected":false},"excerpt":{"rendered":"<p>Equipe abordar\u00e1 assuntos ligados aos Cuidados Paliativos em cinco palestras O Complexo de Sa\u00fade S\u00e3o Jo\u00e3o de Deus \u2013 CSSJD\u00a0 realiza neste domingo, dia 31 outubro, \u00e0s 19h, o 1\u00ba Simp\u00f3sio de Cuidados Paliativos. O evento ser\u00e1 realizado por meio de uma transmiss\u00e3o no Canal do Youtube do CSSJD (https:\/\/bityli.com\/cc1zBq). Al\u00e9m de destacar o trabalho [&hellip;]<\/p>\n","protected":false},"author":1,"featured_media":22518,"comment_status":"open","ping_status":"open","sticky":false,"template":"","format":"standard","meta":{"footnotes":""},"categories":[140,139],"tags":[],"class_list":["post-22517","post","type-post","status-publish","format-standard","has-post-thumbnail","hentry","category-noticias","category-noticias-filiados"],"yoast_head":"<!-- This site is optimized with the Yoast SEO plugin v26.9 - https:\/\/yoast.com\/product\/yoast-seo-wordpress\/ -->\n<title>CSSJD encerra m\u00eas de celebra\u00e7\u00e3o aos cuidados paliativos com simp\u00f3sio - Federassantas<\/title>\n<meta name=\"robots\" content=\"index, follow, max-snippet:-1, max-image-preview:large, max-video-preview:-1\" \/>\n<link rel=\"canonical\" href=\"https:\/\/www.federassantas.org.br\/novosite\/cssjd-encerra-mes-de-celebracao-aos-cuidados-paliativos-com-simposio\/\" \/>\n<meta property=\"og:locale\" content=\"pt_BR\" \/>\n<meta property=\"og:type\" content=\"article\" \/>\n<meta property=\"og:title\" content=\"CSSJD encerra m\u00eas de celebra\u00e7\u00e3o aos cuidados paliativos com simp\u00f3sio - Federassantas\" \/>\n<meta property=\"og:description\" content=\"Equipe abordar\u00e1 assuntos ligados aos Cuidados Paliativos em cinco palestras O Complexo de Sa\u00fade S\u00e3o Jo\u00e3o de Deus \u2013 CSSJD\u00a0 realiza neste domingo, dia 31 outubro, \u00e0s 19h, o 1\u00ba Simp\u00f3sio de Cuidados Paliativos. O evento ser\u00e1 realizado por meio de uma transmiss\u00e3o no Canal do Youtube do CSSJD (https:\/\/bityli.com\/cc1zBq). Al\u00e9m de destacar o trabalho [&hellip;]\" \/>\n<meta property=\"og:url\" content=\"https:\/\/www.federassantas.org.br\/novosite\/cssjd-encerra-mes-de-celebracao-aos-cuidados-paliativos-com-simposio\/\" \/>\n<meta property=\"og:site_name\" content=\"Federassantas\" \/>\n<meta property=\"article:published_time\" content=\"2021-10-29T19:59:27+00:00\" \/>\n<meta property=\"og:image\" content=\"https:\/\/www.federassantas.org.br\/novosite\/wp-content\/uploads\/2021\/10\/WhatsApp-Image-2021-10-29-at-10.11.32.jpeg\" \/>\n\t<meta property=\"og:image:width\" content=\"1154\" \/>\n\t<meta property=\"og:image:height\" content=\"1280\" \/>\n\t<meta property=\"og:image:type\" content=\"image\/jpeg\" \/>\n<meta name=\"author\" content=\"admin-federas\" \/>\n<meta name=\"twitter:card\" content=\"summary_large_image\" \/>\n<meta name=\"twitter:label1\" content=\"Escrito por\" \/>\n\t<meta name=\"twitter:data1\" content=\"admin-federas\" \/>\n\t<meta name=\"twitter:label2\" content=\"Est. tempo de leitura\" \/>\n\t<meta name=\"twitter:data2\" content=\"3 minutos\" \/>\n<script type=\"application\/ld+json\" class=\"yoast-schema-graph\">{\"@context\":\"https:\/\/schema.org\",\"@graph\":[{\"@type\":\"Article\",\"@id\":\"https:\/\/www.federassantas.org.br\/novosite\/cssjd-encerra-mes-de-celebracao-aos-cuidados-paliativos-com-simposio\/#article\",\"isPartOf\":{\"@id\":\"https:\/\/www.federassantas.org.br\/novosite\/cssjd-encerra-mes-de-celebracao-aos-cuidados-paliativos-com-simposio\/\"},\"author\":{\"name\":\"admin-federas\",\"@id\":\"https:\/\/www.federassantas.org.br\/novosite\/#\/schema\/person\/75fed98158349313fe56175f232f513c\"},\"headline\":\"CSSJD encerra m\u00eas de celebra\u00e7\u00e3o aos cuidados paliativos com simp\u00f3sio\",\"datePublished\":\"2021-10-29T19:59:27+00:00\",\"mainEntityOfPage\":{\"@id\":\"https:\/\/www.federassantas.org.br\/novosite\/cssjd-encerra-mes-de-celebracao-aos-cuidados-paliativos-com-simposio\/\"},\"wordCount\":516,\"commentCount\":0,\"publisher\":{\"@id\":\"https:\/\/www.federassantas.org.br\/novosite\/#organization\"},\"image\":{\"@id\":\"https:\/\/www.federassantas.org.br\/novosite\/cssjd-encerra-mes-de-celebracao-aos-cuidados-paliativos-com-simposio\/#primaryimage\"},\"thumbnailUrl\":\"https:\/\/www.federassantas.org.br\/novosite\/wp-content\/uploads\/2021\/10\/WhatsApp-Image-2021-10-29-at-10.11.32.jpeg\",\"articleSection\":[\"Not\u00edcias\",\"Not\u00edcias filiados\"],\"inLanguage\":\"pt-BR\",\"potentialAction\":[{\"@type\":\"CommentAction\",\"name\":\"Comment\",\"target\":[\"https:\/\/www.federassantas.org.br\/novosite\/cssjd-encerra-mes-de-celebracao-aos-cuidados-paliativos-com-simposio\/#respond\"]}]},{\"@type\":\"WebPage\",\"@id\":\"https:\/\/www.federassantas.org.br\/novosite\/cssjd-encerra-mes-de-celebracao-aos-cuidados-paliativos-com-simposio\/\",\"url\":\"https:\/\/www.federassantas.org.br\/novosite\/cssjd-encerra-mes-de-celebracao-aos-cuidados-paliativos-com-simposio\/\",\"name\":\"CSSJD encerra m\u00eas de celebra\u00e7\u00e3o aos cuidados paliativos com simp\u00f3sio - Federassantas\",\"isPartOf\":{\"@id\":\"https:\/\/www.federassantas.org.br\/novosite\/#website\"},\"primaryImageOfPage\":{\"@id\":\"https:\/\/www.federassantas.org.br\/novosite\/cssjd-encerra-mes-de-celebracao-aos-cuidados-paliativos-com-simposio\/#primaryimage\"},\"image\":{\"@id\":\"https:\/\/www.federassantas.org.br\/novosite\/cssjd-encerra-mes-de-celebracao-aos-cuidados-paliativos-com-simposio\/#primaryimage\"},\"thumbnailUrl\":\"https:\/\/www.federassantas.org.br\/novosite\/wp-content\/uploads\/2021\/10\/WhatsApp-Image-2021-10-29-at-10.11.32.jpeg\",\"datePublished\":\"2021-10-29T19:59:27+00:00\",\"breadcrumb\":{\"@id\":\"https:\/\/www.federassantas.org.br\/novosite\/cssjd-encerra-mes-de-celebracao-aos-cuidados-paliativos-com-simposio\/#breadcrumb\"},\"inLanguage\":\"pt-BR\",\"potentialAction\":[{\"@type\":\"ReadAction\",\"target\":[\"https:\/\/www.federassantas.org.br\/novosite\/cssjd-encerra-mes-de-celebracao-aos-cuidados-paliativos-com-simposio\/\"]}]},{\"@type\":\"ImageObject\",\"inLanguage\":\"pt-BR\",\"@id\":\"https:\/\/www.federassantas.org.br\/novosite\/cssjd-encerra-mes-de-celebracao-aos-cuidados-paliativos-com-simposio\/#primaryimage\",\"url\":\"https:\/\/www.federassantas.org.br\/novosite\/wp-content\/uploads\/2021\/10\/WhatsApp-Image-2021-10-29-at-10.11.32.jpeg\",\"contentUrl\":\"https:\/\/www.federassantas.org.br\/novosite\/wp-content\/uploads\/2021\/10\/WhatsApp-Image-2021-10-29-at-10.11.32.jpeg\",\"width\":1154,\"height\":1280},{\"@type\":\"BreadcrumbList\",\"@id\":\"https:\/\/www.federassantas.org.br\/novosite\/cssjd-encerra-mes-de-celebracao-aos-cuidados-paliativos-com-simposio\/#breadcrumb\",\"itemListElement\":[{\"@type\":\"ListItem\",\"position\":1,\"name\":\"In\u00edcio\",\"item\":\"https:\/\/www.federassantas.org.br\/novosite\/\"},{\"@type\":\"ListItem\",\"position\":2,\"name\":\"CSSJD encerra m\u00eas de celebra\u00e7\u00e3o aos cuidados paliativos com simp\u00f3sio\"}]},{\"@type\":\"WebSite\",\"@id\":\"https:\/\/www.federassantas.org.br\/novosite\/#website\",\"url\":\"https:\/\/www.federassantas.org.br\/novosite\/\",\"name\":\"Federassantas\",\"description\":\"Fed. das Santas Casas e Hospitais Filantr\u00f3picos de MG\",\"publisher\":{\"@id\":\"https:\/\/www.federassantas.org.br\/novosite\/#organization\"},\"potentialAction\":[{\"@type\":\"SearchAction\",\"target\":{\"@type\":\"EntryPoint\",\"urlTemplate\":\"https:\/\/www.federassantas.org.br\/novosite\/?s={search_term_string}\"},\"query-input\":{\"@type\":\"PropertyValueSpecification\",\"valueRequired\":true,\"valueName\":\"search_term_string\"}}],\"inLanguage\":\"pt-BR\"},{\"@type\":\"Organization\",\"@id\":\"https:\/\/www.federassantas.org.br\/novosite\/#organization\",\"name\":\"Federassantas\",\"url\":\"https:\/\/www.federassantas.org.br\/novosite\/\",\"logo\":{\"@type\":\"ImageObject\",\"inLanguage\":\"pt-BR\",\"@id\":\"https:\/\/www.federassantas.org.br\/novosite\/#\/schema\/logo\/image\/\",\"url\":\"https:\/\/www.federassantas.org.br\/novosite\/wp-content\/uploads\/2021\/12\/logo.png\",\"contentUrl\":\"https:\/\/www.federassantas.org.br\/novosite\/wp-content\/uploads\/2021\/12\/logo.png\",\"width\":243,\"height\":59,\"caption\":\"Federassantas\"},\"image\":{\"@id\":\"https:\/\/www.federassantas.org.br\/novosite\/#\/schema\/logo\/image\/\"}},{\"@type\":\"Person\",\"@id\":\"https:\/\/www.federassantas.org.br\/novosite\/#\/schema\/person\/75fed98158349313fe56175f232f513c\",\"name\":\"admin-federas\",\"image\":{\"@type\":\"ImageObject\",\"inLanguage\":\"pt-BR\",\"@id\":\"https:\/\/www.federassantas.org.br\/novosite\/#\/schema\/person\/image\/\",\"url\":\"https:\/\/secure.gravatar.com\/avatar\/2a02d7dda59fe8dc6b7ffd3f652e2efede5ccf0dd89dfdc8137c5517f3de8407?s=96&d=mm&r=g\",\"contentUrl\":\"https:\/\/secure.gravatar.com\/avatar\/2a02d7dda59fe8dc6b7ffd3f652e2efede5ccf0dd89dfdc8137c5517f3de8407?s=96&d=mm&r=g\",\"caption\":\"admin-federas\"},\"sameAs\":[\"https:\/\/www.federassantas.org.br\/novosite\/\"],\"url\":\"https:\/\/www.federassantas.org.br\/novosite\/author\/admin-federas\/\"}]}<\/script>\n<!-- \/ Yoast SEO plugin. -->","yoast_head_json":{"title":"CSSJD encerra m\u00eas de celebra\u00e7\u00e3o aos cuidados paliativos com simp\u00f3sio - Federassantas","robots":{"index":"index","follow":"follow","max-snippet":"max-snippet:-1","max-image-preview":"max-image-preview:large","max-video-preview":"max-video-preview:-1"},"canonical":"https:\/\/www.federassantas.org.br\/novosite\/cssjd-encerra-mes-de-celebracao-aos-cuidados-paliativos-com-simposio\/","og_locale":"pt_BR","og_type":"article","og_title":"CSSJD encerra m\u00eas de celebra\u00e7\u00e3o aos cuidados paliativos com simp\u00f3sio - Federassantas","og_description":"Equipe abordar\u00e1 assuntos ligados aos Cuidados Paliativos em cinco palestras O Complexo de Sa\u00fade S\u00e3o Jo\u00e3o de Deus \u2013 CSSJD\u00a0 realiza neste domingo, dia 31 outubro, \u00e0s 19h, o 1\u00ba Simp\u00f3sio de Cuidados Paliativos. O evento ser\u00e1 realizado por meio de uma transmiss\u00e3o no Canal do Youtube do CSSJD (https:\/\/bityli.com\/cc1zBq). Al\u00e9m de destacar o trabalho [&hellip;]","og_url":"https:\/\/www.federassantas.org.br\/novosite\/cssjd-encerra-mes-de-celebracao-aos-cuidados-paliativos-com-simposio\/","og_site_name":"Federassantas","article_published_time":"2021-10-29T19:59:27+00:00","og_image":[{"width":1154,"height":1280,"url":"https:\/\/www.federassantas.org.br\/novosite\/wp-content\/uploads\/2021\/10\/WhatsApp-Image-2021-10-29-at-10.11.32.jpeg","type":"image\/jpeg"}],"author":"admin-federas","twitter_card":"summary_large_image","twitter_misc":{"Escrito por":"admin-federas","Est. tempo de leitura":"3 minutos"},"schema":{"@context":"https:\/\/schema.org","@graph":[{"@type":"Article","@id":"https:\/\/www.federassantas.org.br\/novosite\/cssjd-encerra-mes-de-celebracao-aos-cuidados-paliativos-com-simposio\/#article","isPartOf":{"@id":"https:\/\/www.federassantas.org.br\/novosite\/cssjd-encerra-mes-de-celebracao-aos-cuidados-paliativos-com-simposio\/"},"author":{"name":"admin-federas","@id":"https:\/\/www.federassantas.org.br\/novosite\/#\/schema\/person\/75fed98158349313fe56175f232f513c"},"headline":"CSSJD encerra m\u00eas de celebra\u00e7\u00e3o aos cuidados paliativos com simp\u00f3sio","datePublished":"2021-10-29T19:59:27+00:00","mainEntityOfPage":{"@id":"https:\/\/www.federassantas.org.br\/novosite\/cssjd-encerra-mes-de-celebracao-aos-cuidados-paliativos-com-simposio\/"},"wordCount":516,"commentCount":0,"publisher":{"@id":"https:\/\/www.federassantas.org.br\/novosite\/#organization"},"image":{"@id":"https:\/\/www.federassantas.org.br\/novosite\/cssjd-encerra-mes-de-celebracao-aos-cuidados-paliativos-com-simposio\/#primaryimage"},"thumbnailUrl":"https:\/\/www.federassantas.org.br\/novosite\/wp-content\/uploads\/2021\/10\/WhatsApp-Image-2021-10-29-at-10.11.32.jpeg","articleSection":["Not\u00edcias","Not\u00edcias filiados"],"inLanguage":"pt-BR","potentialAction":[{"@type":"CommentAction","name":"Comment","target":["https:\/\/www.federassantas.org.br\/novosite\/cssjd-encerra-mes-de-celebracao-aos-cuidados-paliativos-com-simposio\/#respond"]}]},{"@type":"WebPage","@id":"https:\/\/www.federassantas.org.br\/novosite\/cssjd-encerra-mes-de-celebracao-aos-cuidados-paliativos-com-simposio\/","url":"https:\/\/www.federassantas.org.br\/novosite\/cssjd-encerra-mes-de-celebracao-aos-cuidados-paliativos-com-simposio\/","name":"CSSJD encerra m\u00eas de celebra\u00e7\u00e3o aos cuidados paliativos com simp\u00f3sio - Federassantas","isPartOf":{"@id":"https:\/\/www.federassantas.org.br\/novosite\/#website"},"primaryImageOfPage":{"@id":"https:\/\/www.federassantas.org.br\/novosite\/cssjd-encerra-mes-de-celebracao-aos-cuidados-paliativos-com-simposio\/#primaryimage"},"image":{"@id":"https:\/\/www.federassantas.org.br\/novosite\/cssjd-encerra-mes-de-celebracao-aos-cuidados-paliativos-com-simposio\/#primaryimage"},"thumbnailUrl":"https:\/\/www.federassantas.org.br\/novosite\/wp-content\/uploads\/2021\/10\/WhatsApp-Image-2021-10-29-at-10.11.32.jpeg","datePublished":"2021-10-29T19:59:27+00:00","breadcrumb":{"@id":"https:\/\/www.federassantas.org.br\/novosite\/cssjd-encerra-mes-de-celebracao-aos-cuidados-paliativos-com-simposio\/#breadcrumb"},"inLanguage":"pt-BR","potentialAction":[{"@type":"ReadAction","target":["https:\/\/www.federassantas.org.br\/novosite\/cssjd-encerra-mes-de-celebracao-aos-cuidados-paliativos-com-simposio\/"]}]},{"@type":"ImageObject","inLanguage":"pt-BR","@id":"https:\/\/www.federassantas.org.br\/novosite\/cssjd-encerra-mes-de-celebracao-aos-cuidados-paliativos-com-simposio\/#primaryimage","url":"https:\/\/www.federassantas.org.br\/novosite\/wp-content\/uploads\/2021\/10\/WhatsApp-Image-2021-10-29-at-10.11.32.jpeg","contentUrl":"https:\/\/www.federassantas.org.br\/novosite\/wp-content\/uploads\/2021\/10\/WhatsApp-Image-2021-10-29-at-10.11.32.jpeg","width":1154,"height":1280},{"@type":"BreadcrumbList","@id":"https:\/\/www.federassantas.org.br\/novosite\/cssjd-encerra-mes-de-celebracao-aos-cuidados-paliativos-com-simposio\/#breadcrumb","itemListElement":[{"@type":"ListItem","position":1,"name":"In\u00edcio","item":"https:\/\/www.federassantas.org.br\/novosite\/"},{"@type":"ListItem","position":2,"name":"CSSJD encerra m\u00eas de celebra\u00e7\u00e3o aos cuidados paliativos com simp\u00f3sio"}]},{"@type":"WebSite","@id":"https:\/\/www.federassantas.org.br\/novosite\/#website","url":"https:\/\/www.federassantas.org.br\/novosite\/","name":"Federassantas","description":"Fed. das Santas Casas e Hospitais Filantr\u00f3picos de MG","publisher":{"@id":"https:\/\/www.federassantas.org.br\/novosite\/#organization"},"potentialAction":[{"@type":"SearchAction","target":{"@type":"EntryPoint","urlTemplate":"https:\/\/www.federassantas.org.br\/novosite\/?s={search_term_string}"},"query-input":{"@type":"PropertyValueSpecification","valueRequired":true,"valueName":"search_term_string"}}],"inLanguage":"pt-BR"},{"@type":"Organization","@id":"https:\/\/www.federassantas.org.br\/novosite\/#organization","name":"Federassantas","url":"https:\/\/www.federassantas.org.br\/novosite\/","logo":{"@type":"ImageObject","inLanguage":"pt-BR","@id":"https:\/\/www.federassantas.org.br\/novosite\/#\/schema\/logo\/image\/","url":"https:\/\/www.federassantas.org.br\/novosite\/wp-content\/uploads\/2021\/12\/logo.png","contentUrl":"https:\/\/www.federassantas.org.br\/novosite\/wp-content\/uploads\/2021\/12\/logo.png","width":243,"height":59,"caption":"Federassantas"},"image":{"@id":"https:\/\/www.federassantas.org.br\/novosite\/#\/schema\/logo\/image\/"}},{"@type":"Person","@id":"https:\/\/www.federassantas.org.br\/novosite\/#\/schema\/person\/75fed98158349313fe56175f232f513c","name":"admin-federas","image":{"@type":"ImageObject","inLanguage":"pt-BR","@id":"https:\/\/www.federassantas.org.br\/novosite\/#\/schema\/person\/image\/","url":"https:\/\/secure.gravatar.com\/avatar\/2a02d7dda59fe8dc6b7ffd3f652e2efede5ccf0dd89dfdc8137c5517f3de8407?s=96&d=mm&r=g","contentUrl":"https:\/\/secure.gravatar.com\/avatar\/2a02d7dda59fe8dc6b7ffd3f652e2efede5ccf0dd89dfdc8137c5517f3de8407?s=96&d=mm&r=g","caption":"admin-federas"},"sameAs":["https:\/\/www.federassantas.org.br\/novosite\/"],"url":"https:\/\/www.federassantas.org.br\/novosite\/author\/admin-federas\/"}]}},"_links":{"self":[{"href":"https:\/\/www.federassantas.org.br\/novosite\/wp-json\/wp\/v2\/posts\/22517","targetHints":{"allow":["GET"]}}],"collection":[{"href":"https:\/\/www.federassantas.org.br\/novosite\/wp-json\/wp\/v2\/posts"}],"about":[{"href":"https:\/\/www.federassantas.org.br\/novosite\/wp-json\/wp\/v2\/types\/post"}],"author":[{"embeddable":true,"href":"https:\/\/www.federassantas.org.br\/novosite\/wp-json\/wp\/v2\/users\/1"}],"replies":[{"embeddable":true,"href":"https:\/\/www.federassantas.org.br\/novosite\/wp-json\/wp\/v2\/comments?post=22517"}],"version-history":[{"count":0,"href":"https:\/\/www.federassantas.org.br\/novosite\/wp-json\/wp\/v2\/posts\/22517\/revisions"}],"wp:featuredmedia":[{"embeddable":true,"href":"https:\/\/www.federassantas.org.br\/novosite\/wp-json\/wp\/v2\/media\/22518"}],"wp:attachment":[{"href":"https:\/\/www.federassantas.org.br\/novosite\/wp-json\/wp\/v2\/media?parent=22517"}],"wp:term":[{"taxonomy":"category","embeddable":true,"href":"https:\/\/www.federassantas.org.br\/novosite\/wp-json\/wp\/v2\/categories?post=22517"},{"taxonomy":"post_tag","embeddable":true,"href":"https:\/\/www.federassantas.org.br\/novosite\/wp-json\/wp\/v2\/tags?post=22517"}],"curies":[{"name":"wp","href":"https:\/\/api.w.org\/{rel}","templated":true}]}}