{"id":22534,"date":"2021-11-03T11:55:09","date_gmt":"2021-11-03T14:55:09","guid":{"rendered":"https:\/\/federasbackup.meltcomunicacao.com.br\/?p=22534"},"modified":"2021-11-03T11:55:09","modified_gmt":"2021-11-03T14:55:09","slug":"santa-casa-montes-claros-encerra-acoes-do-outubro-rosa-com-encontro-de-especialistas-e-papo-rosa","status":"publish","type":"post","link":"https:\/\/www.federassantas.org.br\/novosite\/santa-casa-montes-claros-encerra-acoes-do-outubro-rosa-com-encontro-de-especialistas-e-papo-rosa\/","title":{"rendered":"Santa Casa Montes Claros encerra a\u00e7\u00f5es do Outubro Rosa com encontro de especialistas e papo rosa"},"content":{"rendered":"\n<p>Na \u00faltima semana, marcando o encerramento do Outubro Rosa da Santa Casa Montes Claros, foram realizados dois eventos. O primeiro, no dia 26, foi um encontro de especialistas que reuniu refer\u00eancias da \u00e1rea oncol\u00f3gica do Norte de Minas e contou com a participa\u00e7\u00e3o de nomes renomados como o Dr. R\u00e9gis Resende Paulinelli, com vasta experi\u00eancia internacional, o Dr. Sammir Abdalah Hanna, r\u00e1dio-oncologista no hospital S\u00edrio-Liban\u00eas,&nbsp;e a Dra. Aline Chaves Andrade, oncologista cl\u00ednica no Grupo Oncocl\u00ednicas em Belo Horizonte.<\/p>\n\n\n\n<p>O encontro, que aconteceu de forma h\u00edbrida (presencial e online), teve a participa\u00e7\u00e3o da equipe multidisciplinar da Santa Casa Montes Claros e cl\u00ednicas Radialis e Oncocenter. &#8220;O encontro j\u00e1 se tornou uma tradi\u00e7\u00e3o. Atualmente, a base do tratamento do c\u00e2ncer de mama est\u00e1 sobre tr\u00eas principais pilares, que s\u00e3o a quimioterapia, a cirurgia e a radioterapia. Aproveitamos esta oportunidade para reunir toda a equipe para discuss\u00e3o de novas possibilidades com profissionais de renome&#8221;, disse Lucianne Costa Maia, coordenadora do Servi\u00e7o de Radioterapia da Santa Casa Montes Claros.<\/p>\n\n\n\n<p>Em rela\u00e7\u00e3o ao tratamento do c\u00e2ncer de mama, a m\u00e9dica oncologista Juliana Arruda, coordenadora do Servi\u00e7o de Oncologia do hospital, ressalta que cada caso \u00e9 um caso. &#8220;N\u00e3o s\u00e3o todas as pacientes que fazem o mesmo tipo de tratamento. \u00c9 preciso sempre a avalia\u00e7\u00e3o da equipe multidisciplinar para conduzir a paciente para um tratamento adequado \u00e0 situa\u00e7\u00e3o dela. Por isso, a import\u00e2ncia dessa avalia\u00e7\u00e3o junto aos profissionais e essa atualiza\u00e7\u00e3o de conhecimento para podermos oferecer o melhor para cada paciente&#8221;.<br>J\u00e1 no dia 28, foi realizada mais uma edi\u00e7\u00e3o do &#8220;Papo Rosa&#8221;, um encontro entre mulheres que tem como foco falar da import\u00e2ncia do autocuidado com a sa\u00fade atrav\u00e9s de um bate-papo descontra\u00eddo e com a\u00e7\u00f5es que incentivam a preserva\u00e7\u00e3o da sa\u00fade e autoestima. O evento, que \u00e9 realizado desde 2017 no m\u00eas de outubro, contou com a participa\u00e7\u00e3o da coordenadora do Servi\u00e7o de Mastologia da Santa Casa, Dr. Carolina Lamac, que deu orienta\u00e7\u00f5es sobre identifica\u00e7\u00e3o precoce e tratamento do c\u00e2ncer de mama.<\/p>\n\n\n\n<p>A conversa foi conduzida pela Madrinha Rosa 2021, jornalista Juliana Peixoto e teve a participa\u00e7\u00e3o das influencers Nathy Coelho, nutricionista e Carolina Lafet\u00e1, empreendedora. Al\u00e9m do bate-papo, foram oferecidas atividades como t\u00e9cnicas de relaxamento (Instituto Vida Fisioterapia) e esmalta\u00e7\u00e3o de unhas (Divan das Unhas). Os participantes tamb\u00e9m foram presenteados com sorteio de brindes, oferecidos pelos parceiros\u00a0Sebo do Henrique, La Lunna Acess\u00f3rios, Dayane Bolos, Talita Queiroz Studio de Beleza,\u00a0Sal\u00e3o Renove, Instituto Vida Fisioterapia, Nathy Coelho e Carolina Lafet\u00e1.\u00a0<\/p>\n\n\n\n<figure class=\"wp-block-image size-medium\"><img fetchpriority=\"high\" decoding=\"async\" width=\"300\" height=\"200\" src=\"http:\/\/federasbackup.meltcomunicacao.com.br\/wp-content\/uploads\/2021\/11\/2-1-300x200.jpg\" alt=\"\" class=\"wp-image-22535\" srcset=\"https:\/\/www.federassantas.org.br\/novosite\/wp-content\/uploads\/2021\/11\/2-1-300x200.jpg 300w, https:\/\/www.federassantas.org.br\/novosite\/wp-content\/uploads\/2021\/11\/2-1-1024x682.jpg 1024w, https:\/\/www.federassantas.org.br\/novosite\/wp-content\/uploads\/2021\/11\/2-1-768x512.jpg 768w, https:\/\/www.federassantas.org.br\/novosite\/wp-content\/uploads\/2021\/11\/2-1.jpg 1280w\" sizes=\"(max-width: 300px) 100vw, 300px\" \/><\/figure>\n\n\n\n<p>Por: Ana Paula Paix\u00e3o<br>Fotos: Hudson Brazil<\/p>\n","protected":false},"excerpt":{"rendered":"<p>Na \u00faltima semana, marcando o encerramento do Outubro Rosa da Santa Casa Montes Claros, foram realizados dois eventos. O primeiro, no dia 26, foi um encontro de especialistas que reuniu refer\u00eancias da \u00e1rea oncol\u00f3gica do Norte de Minas e contou com a participa\u00e7\u00e3o de nomes renomados como o Dr. R\u00e9gis Resende Paulinelli, com vasta experi\u00eancia [&hellip;]<\/p>\n","protected":false},"author":1,"featured_media":22536,"comment_status":"open","ping_status":"open","sticky":false,"template":"","format":"standard","meta":{"footnotes":""},"categories":[140,139],"tags":[],"class_list":["post-22534","post","type-post","status-publish","format-standard","has-post-thumbnail","hentry","category-noticias","category-noticias-filiados"],"yoast_head":"<!-- This site is optimized with the Yoast SEO plugin v26.9 - https:\/\/yoast.com\/product\/yoast-seo-wordpress\/ -->\n<title>Santa Casa Montes Claros encerra a\u00e7\u00f5es do Outubro Rosa com encontro de especialistas e papo rosa - Federassantas<\/title>\n<meta name=\"robots\" content=\"index, follow, max-snippet:-1, max-image-preview:large, max-video-preview:-1\" \/>\n<link rel=\"canonical\" href=\"https:\/\/www.federassantas.org.br\/novosite\/santa-casa-montes-claros-encerra-acoes-do-outubro-rosa-com-encontro-de-especialistas-e-papo-rosa\/\" \/>\n<meta property=\"og:locale\" content=\"pt_BR\" \/>\n<meta property=\"og:type\" content=\"article\" \/>\n<meta property=\"og:title\" content=\"Santa Casa Montes Claros encerra a\u00e7\u00f5es do Outubro Rosa com encontro de especialistas e papo rosa - Federassantas\" \/>\n<meta property=\"og:description\" content=\"Na \u00faltima semana, marcando o encerramento do Outubro Rosa da Santa Casa Montes Claros, foram realizados dois eventos. O primeiro, no dia 26, foi um encontro de especialistas que reuniu refer\u00eancias da \u00e1rea oncol\u00f3gica do Norte de Minas e contou com a participa\u00e7\u00e3o de nomes renomados como o Dr. R\u00e9gis Resende Paulinelli, com vasta experi\u00eancia [&hellip;]\" \/>\n<meta property=\"og:url\" content=\"https:\/\/www.federassantas.org.br\/novosite\/santa-casa-montes-claros-encerra-acoes-do-outubro-rosa-com-encontro-de-especialistas-e-papo-rosa\/\" \/>\n<meta property=\"og:site_name\" content=\"Federassantas\" \/>\n<meta property=\"article:published_time\" content=\"2021-11-03T14:55:09+00:00\" \/>\n<meta property=\"og:image\" content=\"https:\/\/www.federassantas.org.br\/novosite\/wp-content\/uploads\/2021\/11\/1-1.jpg\" \/>\n\t<meta property=\"og:image:width\" content=\"1280\" \/>\n\t<meta property=\"og:image:height\" content=\"853\" \/>\n\t<meta property=\"og:image:type\" content=\"image\/jpeg\" \/>\n<meta name=\"author\" content=\"admin-federas\" \/>\n<meta name=\"twitter:card\" content=\"summary_large_image\" \/>\n<meta name=\"twitter:label1\" content=\"Escrito por\" \/>\n\t<meta name=\"twitter:data1\" content=\"admin-federas\" \/>\n\t<meta name=\"twitter:label2\" content=\"Est. tempo de leitura\" \/>\n\t<meta name=\"twitter:data2\" content=\"2 minutos\" \/>\n<script type=\"application\/ld+json\" class=\"yoast-schema-graph\">{\"@context\":\"https:\/\/schema.org\",\"@graph\":[{\"@type\":\"Article\",\"@id\":\"https:\/\/www.federassantas.org.br\/novosite\/santa-casa-montes-claros-encerra-acoes-do-outubro-rosa-com-encontro-de-especialistas-e-papo-rosa\/#article\",\"isPartOf\":{\"@id\":\"https:\/\/www.federassantas.org.br\/novosite\/santa-casa-montes-claros-encerra-acoes-do-outubro-rosa-com-encontro-de-especialistas-e-papo-rosa\/\"},\"author\":{\"name\":\"admin-federas\",\"@id\":\"https:\/\/www.federassantas.org.br\/novosite\/#\/schema\/person\/75fed98158349313fe56175f232f513c\"},\"headline\":\"Santa Casa Montes Claros encerra a\u00e7\u00f5es do Outubro Rosa com encontro de especialistas e papo rosa\",\"datePublished\":\"2021-11-03T14:55:09+00:00\",\"mainEntityOfPage\":{\"@id\":\"https:\/\/www.federassantas.org.br\/novosite\/santa-casa-montes-claros-encerra-acoes-do-outubro-rosa-com-encontro-de-especialistas-e-papo-rosa\/\"},\"wordCount\":476,\"commentCount\":0,\"publisher\":{\"@id\":\"https:\/\/www.federassantas.org.br\/novosite\/#organization\"},\"image\":{\"@id\":\"https:\/\/www.federassantas.org.br\/novosite\/santa-casa-montes-claros-encerra-acoes-do-outubro-rosa-com-encontro-de-especialistas-e-papo-rosa\/#primaryimage\"},\"thumbnailUrl\":\"https:\/\/www.federassantas.org.br\/novosite\/wp-content\/uploads\/2021\/11\/1-1.jpg\",\"articleSection\":[\"Not\u00edcias\",\"Not\u00edcias filiados\"],\"inLanguage\":\"pt-BR\",\"potentialAction\":[{\"@type\":\"CommentAction\",\"name\":\"Comment\",\"target\":[\"https:\/\/www.federassantas.org.br\/novosite\/santa-casa-montes-claros-encerra-acoes-do-outubro-rosa-com-encontro-de-especialistas-e-papo-rosa\/#respond\"]}]},{\"@type\":\"WebPage\",\"@id\":\"https:\/\/www.federassantas.org.br\/novosite\/santa-casa-montes-claros-encerra-acoes-do-outubro-rosa-com-encontro-de-especialistas-e-papo-rosa\/\",\"url\":\"https:\/\/www.federassantas.org.br\/novosite\/santa-casa-montes-claros-encerra-acoes-do-outubro-rosa-com-encontro-de-especialistas-e-papo-rosa\/\",\"name\":\"Santa Casa Montes Claros encerra a\u00e7\u00f5es do Outubro Rosa com encontro de especialistas e papo rosa - Federassantas\",\"isPartOf\":{\"@id\":\"https:\/\/www.federassantas.org.br\/novosite\/#website\"},\"primaryImageOfPage\":{\"@id\":\"https:\/\/www.federassantas.org.br\/novosite\/santa-casa-montes-claros-encerra-acoes-do-outubro-rosa-com-encontro-de-especialistas-e-papo-rosa\/#primaryimage\"},\"image\":{\"@id\":\"https:\/\/www.federassantas.org.br\/novosite\/santa-casa-montes-claros-encerra-acoes-do-outubro-rosa-com-encontro-de-especialistas-e-papo-rosa\/#primaryimage\"},\"thumbnailUrl\":\"https:\/\/www.federassantas.org.br\/novosite\/wp-content\/uploads\/2021\/11\/1-1.jpg\",\"datePublished\":\"2021-11-03T14:55:09+00:00\",\"breadcrumb\":{\"@id\":\"https:\/\/www.federassantas.org.br\/novosite\/santa-casa-montes-claros-encerra-acoes-do-outubro-rosa-com-encontro-de-especialistas-e-papo-rosa\/#breadcrumb\"},\"inLanguage\":\"pt-BR\",\"potentialAction\":[{\"@type\":\"ReadAction\",\"target\":[\"https:\/\/www.federassantas.org.br\/novosite\/santa-casa-montes-claros-encerra-acoes-do-outubro-rosa-com-encontro-de-especialistas-e-papo-rosa\/\"]}]},{\"@type\":\"ImageObject\",\"inLanguage\":\"pt-BR\",\"@id\":\"https:\/\/www.federassantas.org.br\/novosite\/santa-casa-montes-claros-encerra-acoes-do-outubro-rosa-com-encontro-de-especialistas-e-papo-rosa\/#primaryimage\",\"url\":\"https:\/\/www.federassantas.org.br\/novosite\/wp-content\/uploads\/2021\/11\/1-1.jpg\",\"contentUrl\":\"https:\/\/www.federassantas.org.br\/novosite\/wp-content\/uploads\/2021\/11\/1-1.jpg\",\"width\":1280,\"height\":853},{\"@type\":\"BreadcrumbList\",\"@id\":\"https:\/\/www.federassantas.org.br\/novosite\/santa-casa-montes-claros-encerra-acoes-do-outubro-rosa-com-encontro-de-especialistas-e-papo-rosa\/#breadcrumb\",\"itemListElement\":[{\"@type\":\"ListItem\",\"position\":1,\"name\":\"In\u00edcio\",\"item\":\"https:\/\/www.federassantas.org.br\/novosite\/\"},{\"@type\":\"ListItem\",\"position\":2,\"name\":\"Santa Casa Montes Claros encerra a\u00e7\u00f5es do Outubro Rosa com encontro de especialistas e papo rosa\"}]},{\"@type\":\"WebSite\",\"@id\":\"https:\/\/www.federassantas.org.br\/novosite\/#website\",\"url\":\"https:\/\/www.federassantas.org.br\/novosite\/\",\"name\":\"Federassantas\",\"description\":\"Fed. das Santas Casas e Hospitais Filantr\u00f3picos de MG\",\"publisher\":{\"@id\":\"https:\/\/www.federassantas.org.br\/novosite\/#organization\"},\"potentialAction\":[{\"@type\":\"SearchAction\",\"target\":{\"@type\":\"EntryPoint\",\"urlTemplate\":\"https:\/\/www.federassantas.org.br\/novosite\/?s={search_term_string}\"},\"query-input\":{\"@type\":\"PropertyValueSpecification\",\"valueRequired\":true,\"valueName\":\"search_term_string\"}}],\"inLanguage\":\"pt-BR\"},{\"@type\":\"Organization\",\"@id\":\"https:\/\/www.federassantas.org.br\/novosite\/#organization\",\"name\":\"Federassantas\",\"url\":\"https:\/\/www.federassantas.org.br\/novosite\/\",\"logo\":{\"@type\":\"ImageObject\",\"inLanguage\":\"pt-BR\",\"@id\":\"https:\/\/www.federassantas.org.br\/novosite\/#\/schema\/logo\/image\/\",\"url\":\"https:\/\/www.federassantas.org.br\/novosite\/wp-content\/uploads\/2021\/12\/logo.png\",\"contentUrl\":\"https:\/\/www.federassantas.org.br\/novosite\/wp-content\/uploads\/2021\/12\/logo.png\",\"width\":243,\"height\":59,\"caption\":\"Federassantas\"},\"image\":{\"@id\":\"https:\/\/www.federassantas.org.br\/novosite\/#\/schema\/logo\/image\/\"}},{\"@type\":\"Person\",\"@id\":\"https:\/\/www.federassantas.org.br\/novosite\/#\/schema\/person\/75fed98158349313fe56175f232f513c\",\"name\":\"admin-federas\",\"image\":{\"@type\":\"ImageObject\",\"inLanguage\":\"pt-BR\",\"@id\":\"https:\/\/www.federassantas.org.br\/novosite\/#\/schema\/person\/image\/\",\"url\":\"https:\/\/secure.gravatar.com\/avatar\/2a02d7dda59fe8dc6b7ffd3f652e2efede5ccf0dd89dfdc8137c5517f3de8407?s=96&d=mm&r=g\",\"contentUrl\":\"https:\/\/secure.gravatar.com\/avatar\/2a02d7dda59fe8dc6b7ffd3f652e2efede5ccf0dd89dfdc8137c5517f3de8407?s=96&d=mm&r=g\",\"caption\":\"admin-federas\"},\"sameAs\":[\"https:\/\/www.federassantas.org.br\/novosite\/\"],\"url\":\"https:\/\/www.federassantas.org.br\/novosite\/author\/admin-federas\/\"}]}<\/script>\n<!-- \/ Yoast SEO plugin. -->","yoast_head_json":{"title":"Santa Casa Montes Claros encerra a\u00e7\u00f5es do Outubro Rosa com encontro de especialistas e papo rosa - Federassantas","robots":{"index":"index","follow":"follow","max-snippet":"max-snippet:-1","max-image-preview":"max-image-preview:large","max-video-preview":"max-video-preview:-1"},"canonical":"https:\/\/www.federassantas.org.br\/novosite\/santa-casa-montes-claros-encerra-acoes-do-outubro-rosa-com-encontro-de-especialistas-e-papo-rosa\/","og_locale":"pt_BR","og_type":"article","og_title":"Santa Casa Montes Claros encerra a\u00e7\u00f5es do Outubro Rosa com encontro de especialistas e papo rosa - Federassantas","og_description":"Na \u00faltima semana, marcando o encerramento do Outubro Rosa da Santa Casa Montes Claros, foram realizados dois eventos. O primeiro, no dia 26, foi um encontro de especialistas que reuniu refer\u00eancias da \u00e1rea oncol\u00f3gica do Norte de Minas e contou com a participa\u00e7\u00e3o de nomes renomados como o Dr. R\u00e9gis Resende Paulinelli, com vasta experi\u00eancia [&hellip;]","og_url":"https:\/\/www.federassantas.org.br\/novosite\/santa-casa-montes-claros-encerra-acoes-do-outubro-rosa-com-encontro-de-especialistas-e-papo-rosa\/","og_site_name":"Federassantas","article_published_time":"2021-11-03T14:55:09+00:00","og_image":[{"width":1280,"height":853,"url":"https:\/\/www.federassantas.org.br\/novosite\/wp-content\/uploads\/2021\/11\/1-1.jpg","type":"image\/jpeg"}],"author":"admin-federas","twitter_card":"summary_large_image","twitter_misc":{"Escrito por":"admin-federas","Est. tempo de leitura":"2 minutos"},"schema":{"@context":"https:\/\/schema.org","@graph":[{"@type":"Article","@id":"https:\/\/www.federassantas.org.br\/novosite\/santa-casa-montes-claros-encerra-acoes-do-outubro-rosa-com-encontro-de-especialistas-e-papo-rosa\/#article","isPartOf":{"@id":"https:\/\/www.federassantas.org.br\/novosite\/santa-casa-montes-claros-encerra-acoes-do-outubro-rosa-com-encontro-de-especialistas-e-papo-rosa\/"},"author":{"name":"admin-federas","@id":"https:\/\/www.federassantas.org.br\/novosite\/#\/schema\/person\/75fed98158349313fe56175f232f513c"},"headline":"Santa Casa Montes Claros encerra a\u00e7\u00f5es do Outubro Rosa com encontro de especialistas e papo rosa","datePublished":"2021-11-03T14:55:09+00:00","mainEntityOfPage":{"@id":"https:\/\/www.federassantas.org.br\/novosite\/santa-casa-montes-claros-encerra-acoes-do-outubro-rosa-com-encontro-de-especialistas-e-papo-rosa\/"},"wordCount":476,"commentCount":0,"publisher":{"@id":"https:\/\/www.federassantas.org.br\/novosite\/#organization"},"image":{"@id":"https:\/\/www.federassantas.org.br\/novosite\/santa-casa-montes-claros-encerra-acoes-do-outubro-rosa-com-encontro-de-especialistas-e-papo-rosa\/#primaryimage"},"thumbnailUrl":"https:\/\/www.federassantas.org.br\/novosite\/wp-content\/uploads\/2021\/11\/1-1.jpg","articleSection":["Not\u00edcias","Not\u00edcias filiados"],"inLanguage":"pt-BR","potentialAction":[{"@type":"CommentAction","name":"Comment","target":["https:\/\/www.federassantas.org.br\/novosite\/santa-casa-montes-claros-encerra-acoes-do-outubro-rosa-com-encontro-de-especialistas-e-papo-rosa\/#respond"]}]},{"@type":"WebPage","@id":"https:\/\/www.federassantas.org.br\/novosite\/santa-casa-montes-claros-encerra-acoes-do-outubro-rosa-com-encontro-de-especialistas-e-papo-rosa\/","url":"https:\/\/www.federassantas.org.br\/novosite\/santa-casa-montes-claros-encerra-acoes-do-outubro-rosa-com-encontro-de-especialistas-e-papo-rosa\/","name":"Santa Casa Montes Claros encerra a\u00e7\u00f5es do Outubro Rosa com encontro de especialistas e papo rosa - Federassantas","isPartOf":{"@id":"https:\/\/www.federassantas.org.br\/novosite\/#website"},"primaryImageOfPage":{"@id":"https:\/\/www.federassantas.org.br\/novosite\/santa-casa-montes-claros-encerra-acoes-do-outubro-rosa-com-encontro-de-especialistas-e-papo-rosa\/#primaryimage"},"image":{"@id":"https:\/\/www.federassantas.org.br\/novosite\/santa-casa-montes-claros-encerra-acoes-do-outubro-rosa-com-encontro-de-especialistas-e-papo-rosa\/#primaryimage"},"thumbnailUrl":"https:\/\/www.federassantas.org.br\/novosite\/wp-content\/uploads\/2021\/11\/1-1.jpg","datePublished":"2021-11-03T14:55:09+00:00","breadcrumb":{"@id":"https:\/\/www.federassantas.org.br\/novosite\/santa-casa-montes-claros-encerra-acoes-do-outubro-rosa-com-encontro-de-especialistas-e-papo-rosa\/#breadcrumb"},"inLanguage":"pt-BR","potentialAction":[{"@type":"ReadAction","target":["https:\/\/www.federassantas.org.br\/novosite\/santa-casa-montes-claros-encerra-acoes-do-outubro-rosa-com-encontro-de-especialistas-e-papo-rosa\/"]}]},{"@type":"ImageObject","inLanguage":"pt-BR","@id":"https:\/\/www.federassantas.org.br\/novosite\/santa-casa-montes-claros-encerra-acoes-do-outubro-rosa-com-encontro-de-especialistas-e-papo-rosa\/#primaryimage","url":"https:\/\/www.federassantas.org.br\/novosite\/wp-content\/uploads\/2021\/11\/1-1.jpg","contentUrl":"https:\/\/www.federassantas.org.br\/novosite\/wp-content\/uploads\/2021\/11\/1-1.jpg","width":1280,"height":853},{"@type":"BreadcrumbList","@id":"https:\/\/www.federassantas.org.br\/novosite\/santa-casa-montes-claros-encerra-acoes-do-outubro-rosa-com-encontro-de-especialistas-e-papo-rosa\/#breadcrumb","itemListElement":[{"@type":"ListItem","position":1,"name":"In\u00edcio","item":"https:\/\/www.federassantas.org.br\/novosite\/"},{"@type":"ListItem","position":2,"name":"Santa Casa Montes Claros encerra a\u00e7\u00f5es do Outubro Rosa com encontro de especialistas e papo rosa"}]},{"@type":"WebSite","@id":"https:\/\/www.federassantas.org.br\/novosite\/#website","url":"https:\/\/www.federassantas.org.br\/novosite\/","name":"Federassantas","description":"Fed. das Santas Casas e Hospitais Filantr\u00f3picos de MG","publisher":{"@id":"https:\/\/www.federassantas.org.br\/novosite\/#organization"},"potentialAction":[{"@type":"SearchAction","target":{"@type":"EntryPoint","urlTemplate":"https:\/\/www.federassantas.org.br\/novosite\/?s={search_term_string}"},"query-input":{"@type":"PropertyValueSpecification","valueRequired":true,"valueName":"search_term_string"}}],"inLanguage":"pt-BR"},{"@type":"Organization","@id":"https:\/\/www.federassantas.org.br\/novosite\/#organization","name":"Federassantas","url":"https:\/\/www.federassantas.org.br\/novosite\/","logo":{"@type":"ImageObject","inLanguage":"pt-BR","@id":"https:\/\/www.federassantas.org.br\/novosite\/#\/schema\/logo\/image\/","url":"https:\/\/www.federassantas.org.br\/novosite\/wp-content\/uploads\/2021\/12\/logo.png","contentUrl":"https:\/\/www.federassantas.org.br\/novosite\/wp-content\/uploads\/2021\/12\/logo.png","width":243,"height":59,"caption":"Federassantas"},"image":{"@id":"https:\/\/www.federassantas.org.br\/novosite\/#\/schema\/logo\/image\/"}},{"@type":"Person","@id":"https:\/\/www.federassantas.org.br\/novosite\/#\/schema\/person\/75fed98158349313fe56175f232f513c","name":"admin-federas","image":{"@type":"ImageObject","inLanguage":"pt-BR","@id":"https:\/\/www.federassantas.org.br\/novosite\/#\/schema\/person\/image\/","url":"https:\/\/secure.gravatar.com\/avatar\/2a02d7dda59fe8dc6b7ffd3f652e2efede5ccf0dd89dfdc8137c5517f3de8407?s=96&d=mm&r=g","contentUrl":"https:\/\/secure.gravatar.com\/avatar\/2a02d7dda59fe8dc6b7ffd3f652e2efede5ccf0dd89dfdc8137c5517f3de8407?s=96&d=mm&r=g","caption":"admin-federas"},"sameAs":["https:\/\/www.federassantas.org.br\/novosite\/"],"url":"https:\/\/www.federassantas.org.br\/novosite\/author\/admin-federas\/"}]}},"_links":{"self":[{"href":"https:\/\/www.federassantas.org.br\/novosite\/wp-json\/wp\/v2\/posts\/22534","targetHints":{"allow":["GET"]}}],"collection":[{"href":"https:\/\/www.federassantas.org.br\/novosite\/wp-json\/wp\/v2\/posts"}],"about":[{"href":"https:\/\/www.federassantas.org.br\/novosite\/wp-json\/wp\/v2\/types\/post"}],"author":[{"embeddable":true,"href":"https:\/\/www.federassantas.org.br\/novosite\/wp-json\/wp\/v2\/users\/1"}],"replies":[{"embeddable":true,"href":"https:\/\/www.federassantas.org.br\/novosite\/wp-json\/wp\/v2\/comments?post=22534"}],"version-history":[{"count":0,"href":"https:\/\/www.federassantas.org.br\/novosite\/wp-json\/wp\/v2\/posts\/22534\/revisions"}],"wp:featuredmedia":[{"embeddable":true,"href":"https:\/\/www.federassantas.org.br\/novosite\/wp-json\/wp\/v2\/media\/22536"}],"wp:attachment":[{"href":"https:\/\/www.federassantas.org.br\/novosite\/wp-json\/wp\/v2\/media?parent=22534"}],"wp:term":[{"taxonomy":"category","embeddable":true,"href":"https:\/\/www.federassantas.org.br\/novosite\/wp-json\/wp\/v2\/categories?post=22534"},{"taxonomy":"post_tag","embeddable":true,"href":"https:\/\/www.federassantas.org.br\/novosite\/wp-json\/wp\/v2\/tags?post=22534"}],"curies":[{"name":"wp","href":"https:\/\/api.w.org\/{rel}","templated":true}]}}