{"id":22566,"date":"2021-11-04T16:36:48","date_gmt":"2021-11-04T19:36:48","guid":{"rendered":"https:\/\/federasbackup.meltcomunicacao.com.br\/?p=22566"},"modified":"2021-11-04T16:36:48","modified_gmt":"2021-11-04T19:36:48","slug":"fisioterapeutas-recebem-homenagem-da-santa-casa-montes-claros","status":"publish","type":"post","link":"https:\/\/www.federassantas.org.br\/novosite\/fisioterapeutas-recebem-homenagem-da-santa-casa-montes-claros\/","title":{"rendered":"Fisioterapeutas recebem homenagem da Santa Casa Montes Claros"},"content":{"rendered":"\n<p>Em comemora\u00e7\u00e3o ao Dia do Fisioterapeuta, celebrado no Brasil dia 13 de outubro, a Santa Casa de Montes Claros realizou no \u00faltimo dia 27 uma homenagem aos profissionais que atuam no hospital. A iniciativa, que contou com a presen\u00e7a da dire\u00e7\u00e3o e membros da coordena\u00e7\u00e3o assistencial da Institui\u00e7\u00e3o, tamb\u00e9m teve como proposta presentear os fisioterapeutas com um jaleco personalizado. Ao todo, 25 profissionais atuam no hospital em setores como CTI Neo-pedi\u00e1trico, CTI Geral, CTI Covid-19, entre outras alas.<\/p>\n\n\n\n<p>Para as coordenadoras do Servi\u00e7o de Fisioterapia da Santa Casa, Karla Malveira e Lilian Gusm\u00e3o, &#8220;movimento \u00e9 tudo. E ningu\u00e9m melhor que os fisioterapeutas para saberem a import\u00e2ncia dessa frase.O trabalho desenvolvido pela equipe de fisioterapia antes e depois dos desafios da pandemia, s\u00f3 mostra o quanto estes profissionais s\u00e3o her\u00f3is&#8221;, afirmou Karla. Durante o evento, profissionais que foram contratados em virtude da situa\u00e7\u00e3o de pandemia juntos aos demais tamb\u00e9m foram homenageados com a entrega da Medalha Milagrosa Nossa Senhora das Gra\u00e7as. &#8220;Nossa gratid\u00e3o a todos que n\u00e3o titubearam em nenhum momento&#8221;, complementou Lilian.<\/p>\n\n\n\n<p><br>O superintendente Maur\u00edcio S\u00e9rgio agradeceu a atua\u00e7\u00e3o dos profissionais e falou da fundamental import\u00e2ncia da profiss\u00e3o para o sucesso dos pacientes. &#8220;O fisioterapeuta tem papel fundamental e primordial na manuten\u00e7\u00e3o das fun\u00e7\u00f5es vitais dos diversos sistemas corporais, pois atuam na preven\u00e7\u00e3o e\/ou tratamento de diversas situa\u00e7\u00f5es diariamente&#8221;. Na oportunidade, o diretor de Comunica\u00e7\u00e3o e Marketing da Santa Casa, deu seu testemunho em virtude de ocasi\u00e3o em que foi paciente acometido pela Covid-19. &#8220;Al\u00e9m de um atendimento extremamente profissional e humano, recebi muita aten\u00e7\u00e3o e carinho. Todos exercem seu trabalho com muito afinco e paci\u00eancia. O atendimento que tive devolveu a minha vida. Recebam minha gratid\u00e3o por uma especialidade chamada fisioterapia&#8221;.<\/p>\n\n\n\n<figure class=\"wp-block-image size-medium\"><img fetchpriority=\"high\" decoding=\"async\" width=\"300\" height=\"200\" src=\"http:\/\/federasbackup.meltcomunicacao.com.br\/wp-content\/uploads\/2021\/11\/1-1-300x200.jpeg\" alt=\"\" class=\"wp-image-22567\" srcset=\"https:\/\/www.federassantas.org.br\/novosite\/wp-content\/uploads\/2021\/11\/1-1-300x200.jpeg 300w, https:\/\/www.federassantas.org.br\/novosite\/wp-content\/uploads\/2021\/11\/1-1-1024x682.jpeg 1024w, https:\/\/www.federassantas.org.br\/novosite\/wp-content\/uploads\/2021\/11\/1-1-768x512.jpeg 768w, https:\/\/www.federassantas.org.br\/novosite\/wp-content\/uploads\/2021\/11\/1-1.jpeg 1280w\" sizes=\"(max-width: 300px) 100vw, 300px\" \/><\/figure>\n\n\n\n<p>Por: Ana Paula Paix\u00e3o<br>Fotos: Hudson Brazil<\/p>\n","protected":false},"excerpt":{"rendered":"<p>Em comemora\u00e7\u00e3o ao Dia do Fisioterapeuta, celebrado no Brasil dia 13 de outubro, a Santa Casa de Montes Claros realizou no \u00faltimo dia 27 uma homenagem aos profissionais que atuam no hospital. A iniciativa, que contou com a presen\u00e7a da dire\u00e7\u00e3o e membros da coordena\u00e7\u00e3o assistencial da Institui\u00e7\u00e3o, tamb\u00e9m teve como proposta presentear os fisioterapeutas [&hellip;]<\/p>\n","protected":false},"author":1,"featured_media":22569,"comment_status":"open","ping_status":"open","sticky":false,"template":"","format":"standard","meta":{"footnotes":""},"categories":[140,139],"tags":[],"class_list":["post-22566","post","type-post","status-publish","format-standard","has-post-thumbnail","hentry","category-noticias","category-noticias-filiados"],"yoast_head":"<!-- This site is optimized with the Yoast SEO plugin v26.9 - https:\/\/yoast.com\/product\/yoast-seo-wordpress\/ -->\n<title>Fisioterapeutas recebem homenagem da Santa Casa Montes Claros - Federassantas<\/title>\n<meta name=\"robots\" content=\"index, follow, max-snippet:-1, max-image-preview:large, max-video-preview:-1\" \/>\n<link rel=\"canonical\" href=\"https:\/\/www.federassantas.org.br\/novosite\/fisioterapeutas-recebem-homenagem-da-santa-casa-montes-claros\/\" \/>\n<meta property=\"og:locale\" content=\"pt_BR\" \/>\n<meta property=\"og:type\" content=\"article\" \/>\n<meta property=\"og:title\" content=\"Fisioterapeutas recebem homenagem da Santa Casa Montes Claros - Federassantas\" \/>\n<meta property=\"og:description\" content=\"Em comemora\u00e7\u00e3o ao Dia do Fisioterapeuta, celebrado no Brasil dia 13 de outubro, a Santa Casa de Montes Claros realizou no \u00faltimo dia 27 uma homenagem aos profissionais que atuam no hospital. A iniciativa, que contou com a presen\u00e7a da dire\u00e7\u00e3o e membros da coordena\u00e7\u00e3o assistencial da Institui\u00e7\u00e3o, tamb\u00e9m teve como proposta presentear os fisioterapeutas [&hellip;]\" \/>\n<meta property=\"og:url\" content=\"https:\/\/www.federassantas.org.br\/novosite\/fisioterapeutas-recebem-homenagem-da-santa-casa-montes-claros\/\" \/>\n<meta property=\"og:site_name\" content=\"Federassantas\" \/>\n<meta property=\"article:published_time\" content=\"2021-11-04T19:36:48+00:00\" \/>\n<meta property=\"og:image\" content=\"https:\/\/www.federassantas.org.br\/novosite\/wp-content\/uploads\/2021\/11\/1-2.jpeg\" \/>\n\t<meta property=\"og:image:width\" content=\"1280\" \/>\n\t<meta property=\"og:image:height\" content=\"853\" \/>\n\t<meta property=\"og:image:type\" content=\"image\/jpeg\" \/>\n<meta name=\"author\" content=\"admin-federas\" \/>\n<meta name=\"twitter:card\" content=\"summary_large_image\" \/>\n<meta name=\"twitter:label1\" content=\"Escrito por\" \/>\n\t<meta name=\"twitter:data1\" content=\"admin-federas\" \/>\n\t<meta name=\"twitter:label2\" content=\"Est. tempo de leitura\" \/>\n\t<meta name=\"twitter:data2\" content=\"2 minutos\" \/>\n<script type=\"application\/ld+json\" class=\"yoast-schema-graph\">{\"@context\":\"https:\/\/schema.org\",\"@graph\":[{\"@type\":\"Article\",\"@id\":\"https:\/\/www.federassantas.org.br\/novosite\/fisioterapeutas-recebem-homenagem-da-santa-casa-montes-claros\/#article\",\"isPartOf\":{\"@id\":\"https:\/\/www.federassantas.org.br\/novosite\/fisioterapeutas-recebem-homenagem-da-santa-casa-montes-claros\/\"},\"author\":{\"name\":\"admin-federas\",\"@id\":\"https:\/\/www.federassantas.org.br\/novosite\/#\/schema\/person\/75fed98158349313fe56175f232f513c\"},\"headline\":\"Fisioterapeutas recebem homenagem da Santa Casa Montes Claros\",\"datePublished\":\"2021-11-04T19:36:48+00:00\",\"mainEntityOfPage\":{\"@id\":\"https:\/\/www.federassantas.org.br\/novosite\/fisioterapeutas-recebem-homenagem-da-santa-casa-montes-claros\/\"},\"wordCount\":328,\"commentCount\":0,\"publisher\":{\"@id\":\"https:\/\/www.federassantas.org.br\/novosite\/#organization\"},\"image\":{\"@id\":\"https:\/\/www.federassantas.org.br\/novosite\/fisioterapeutas-recebem-homenagem-da-santa-casa-montes-claros\/#primaryimage\"},\"thumbnailUrl\":\"https:\/\/www.federassantas.org.br\/novosite\/wp-content\/uploads\/2021\/11\/1-2.jpeg\",\"articleSection\":[\"Not\u00edcias\",\"Not\u00edcias filiados\"],\"inLanguage\":\"pt-BR\",\"potentialAction\":[{\"@type\":\"CommentAction\",\"name\":\"Comment\",\"target\":[\"https:\/\/www.federassantas.org.br\/novosite\/fisioterapeutas-recebem-homenagem-da-santa-casa-montes-claros\/#respond\"]}]},{\"@type\":\"WebPage\",\"@id\":\"https:\/\/www.federassantas.org.br\/novosite\/fisioterapeutas-recebem-homenagem-da-santa-casa-montes-claros\/\",\"url\":\"https:\/\/www.federassantas.org.br\/novosite\/fisioterapeutas-recebem-homenagem-da-santa-casa-montes-claros\/\",\"name\":\"Fisioterapeutas recebem homenagem da Santa Casa Montes Claros - Federassantas\",\"isPartOf\":{\"@id\":\"https:\/\/www.federassantas.org.br\/novosite\/#website\"},\"primaryImageOfPage\":{\"@id\":\"https:\/\/www.federassantas.org.br\/novosite\/fisioterapeutas-recebem-homenagem-da-santa-casa-montes-claros\/#primaryimage\"},\"image\":{\"@id\":\"https:\/\/www.federassantas.org.br\/novosite\/fisioterapeutas-recebem-homenagem-da-santa-casa-montes-claros\/#primaryimage\"},\"thumbnailUrl\":\"https:\/\/www.federassantas.org.br\/novosite\/wp-content\/uploads\/2021\/11\/1-2.jpeg\",\"datePublished\":\"2021-11-04T19:36:48+00:00\",\"breadcrumb\":{\"@id\":\"https:\/\/www.federassantas.org.br\/novosite\/fisioterapeutas-recebem-homenagem-da-santa-casa-montes-claros\/#breadcrumb\"},\"inLanguage\":\"pt-BR\",\"potentialAction\":[{\"@type\":\"ReadAction\",\"target\":[\"https:\/\/www.federassantas.org.br\/novosite\/fisioterapeutas-recebem-homenagem-da-santa-casa-montes-claros\/\"]}]},{\"@type\":\"ImageObject\",\"inLanguage\":\"pt-BR\",\"@id\":\"https:\/\/www.federassantas.org.br\/novosite\/fisioterapeutas-recebem-homenagem-da-santa-casa-montes-claros\/#primaryimage\",\"url\":\"https:\/\/www.federassantas.org.br\/novosite\/wp-content\/uploads\/2021\/11\/1-2.jpeg\",\"contentUrl\":\"https:\/\/www.federassantas.org.br\/novosite\/wp-content\/uploads\/2021\/11\/1-2.jpeg\",\"width\":1280,\"height\":853},{\"@type\":\"BreadcrumbList\",\"@id\":\"https:\/\/www.federassantas.org.br\/novosite\/fisioterapeutas-recebem-homenagem-da-santa-casa-montes-claros\/#breadcrumb\",\"itemListElement\":[{\"@type\":\"ListItem\",\"position\":1,\"name\":\"In\u00edcio\",\"item\":\"https:\/\/www.federassantas.org.br\/novosite\/\"},{\"@type\":\"ListItem\",\"position\":2,\"name\":\"Fisioterapeutas recebem homenagem da Santa Casa Montes Claros\"}]},{\"@type\":\"WebSite\",\"@id\":\"https:\/\/www.federassantas.org.br\/novosite\/#website\",\"url\":\"https:\/\/www.federassantas.org.br\/novosite\/\",\"name\":\"Federassantas\",\"description\":\"Fed. das Santas Casas e Hospitais Filantr\u00f3picos de MG\",\"publisher\":{\"@id\":\"https:\/\/www.federassantas.org.br\/novosite\/#organization\"},\"potentialAction\":[{\"@type\":\"SearchAction\",\"target\":{\"@type\":\"EntryPoint\",\"urlTemplate\":\"https:\/\/www.federassantas.org.br\/novosite\/?s={search_term_string}\"},\"query-input\":{\"@type\":\"PropertyValueSpecification\",\"valueRequired\":true,\"valueName\":\"search_term_string\"}}],\"inLanguage\":\"pt-BR\"},{\"@type\":\"Organization\",\"@id\":\"https:\/\/www.federassantas.org.br\/novosite\/#organization\",\"name\":\"Federassantas\",\"url\":\"https:\/\/www.federassantas.org.br\/novosite\/\",\"logo\":{\"@type\":\"ImageObject\",\"inLanguage\":\"pt-BR\",\"@id\":\"https:\/\/www.federassantas.org.br\/novosite\/#\/schema\/logo\/image\/\",\"url\":\"https:\/\/www.federassantas.org.br\/novosite\/wp-content\/uploads\/2021\/12\/logo.png\",\"contentUrl\":\"https:\/\/www.federassantas.org.br\/novosite\/wp-content\/uploads\/2021\/12\/logo.png\",\"width\":243,\"height\":59,\"caption\":\"Federassantas\"},\"image\":{\"@id\":\"https:\/\/www.federassantas.org.br\/novosite\/#\/schema\/logo\/image\/\"}},{\"@type\":\"Person\",\"@id\":\"https:\/\/www.federassantas.org.br\/novosite\/#\/schema\/person\/75fed98158349313fe56175f232f513c\",\"name\":\"admin-federas\",\"image\":{\"@type\":\"ImageObject\",\"inLanguage\":\"pt-BR\",\"@id\":\"https:\/\/www.federassantas.org.br\/novosite\/#\/schema\/person\/image\/\",\"url\":\"https:\/\/secure.gravatar.com\/avatar\/2a02d7dda59fe8dc6b7ffd3f652e2efede5ccf0dd89dfdc8137c5517f3de8407?s=96&d=mm&r=g\",\"contentUrl\":\"https:\/\/secure.gravatar.com\/avatar\/2a02d7dda59fe8dc6b7ffd3f652e2efede5ccf0dd89dfdc8137c5517f3de8407?s=96&d=mm&r=g\",\"caption\":\"admin-federas\"},\"sameAs\":[\"https:\/\/www.federassantas.org.br\/novosite\/\"],\"url\":\"https:\/\/www.federassantas.org.br\/novosite\/author\/admin-federas\/\"}]}<\/script>\n<!-- \/ Yoast SEO plugin. -->","yoast_head_json":{"title":"Fisioterapeutas recebem homenagem da Santa Casa Montes Claros - Federassantas","robots":{"index":"index","follow":"follow","max-snippet":"max-snippet:-1","max-image-preview":"max-image-preview:large","max-video-preview":"max-video-preview:-1"},"canonical":"https:\/\/www.federassantas.org.br\/novosite\/fisioterapeutas-recebem-homenagem-da-santa-casa-montes-claros\/","og_locale":"pt_BR","og_type":"article","og_title":"Fisioterapeutas recebem homenagem da Santa Casa Montes Claros - Federassantas","og_description":"Em comemora\u00e7\u00e3o ao Dia do Fisioterapeuta, celebrado no Brasil dia 13 de outubro, a Santa Casa de Montes Claros realizou no \u00faltimo dia 27 uma homenagem aos profissionais que atuam no hospital. A iniciativa, que contou com a presen\u00e7a da dire\u00e7\u00e3o e membros da coordena\u00e7\u00e3o assistencial da Institui\u00e7\u00e3o, tamb\u00e9m teve como proposta presentear os fisioterapeutas [&hellip;]","og_url":"https:\/\/www.federassantas.org.br\/novosite\/fisioterapeutas-recebem-homenagem-da-santa-casa-montes-claros\/","og_site_name":"Federassantas","article_published_time":"2021-11-04T19:36:48+00:00","og_image":[{"width":1280,"height":853,"url":"https:\/\/www.federassantas.org.br\/novosite\/wp-content\/uploads\/2021\/11\/1-2.jpeg","type":"image\/jpeg"}],"author":"admin-federas","twitter_card":"summary_large_image","twitter_misc":{"Escrito por":"admin-federas","Est. tempo de leitura":"2 minutos"},"schema":{"@context":"https:\/\/schema.org","@graph":[{"@type":"Article","@id":"https:\/\/www.federassantas.org.br\/novosite\/fisioterapeutas-recebem-homenagem-da-santa-casa-montes-claros\/#article","isPartOf":{"@id":"https:\/\/www.federassantas.org.br\/novosite\/fisioterapeutas-recebem-homenagem-da-santa-casa-montes-claros\/"},"author":{"name":"admin-federas","@id":"https:\/\/www.federassantas.org.br\/novosite\/#\/schema\/person\/75fed98158349313fe56175f232f513c"},"headline":"Fisioterapeutas recebem homenagem da Santa Casa Montes Claros","datePublished":"2021-11-04T19:36:48+00:00","mainEntityOfPage":{"@id":"https:\/\/www.federassantas.org.br\/novosite\/fisioterapeutas-recebem-homenagem-da-santa-casa-montes-claros\/"},"wordCount":328,"commentCount":0,"publisher":{"@id":"https:\/\/www.federassantas.org.br\/novosite\/#organization"},"image":{"@id":"https:\/\/www.federassantas.org.br\/novosite\/fisioterapeutas-recebem-homenagem-da-santa-casa-montes-claros\/#primaryimage"},"thumbnailUrl":"https:\/\/www.federassantas.org.br\/novosite\/wp-content\/uploads\/2021\/11\/1-2.jpeg","articleSection":["Not\u00edcias","Not\u00edcias filiados"],"inLanguage":"pt-BR","potentialAction":[{"@type":"CommentAction","name":"Comment","target":["https:\/\/www.federassantas.org.br\/novosite\/fisioterapeutas-recebem-homenagem-da-santa-casa-montes-claros\/#respond"]}]},{"@type":"WebPage","@id":"https:\/\/www.federassantas.org.br\/novosite\/fisioterapeutas-recebem-homenagem-da-santa-casa-montes-claros\/","url":"https:\/\/www.federassantas.org.br\/novosite\/fisioterapeutas-recebem-homenagem-da-santa-casa-montes-claros\/","name":"Fisioterapeutas recebem homenagem da Santa Casa Montes Claros - Federassantas","isPartOf":{"@id":"https:\/\/www.federassantas.org.br\/novosite\/#website"},"primaryImageOfPage":{"@id":"https:\/\/www.federassantas.org.br\/novosite\/fisioterapeutas-recebem-homenagem-da-santa-casa-montes-claros\/#primaryimage"},"image":{"@id":"https:\/\/www.federassantas.org.br\/novosite\/fisioterapeutas-recebem-homenagem-da-santa-casa-montes-claros\/#primaryimage"},"thumbnailUrl":"https:\/\/www.federassantas.org.br\/novosite\/wp-content\/uploads\/2021\/11\/1-2.jpeg","datePublished":"2021-11-04T19:36:48+00:00","breadcrumb":{"@id":"https:\/\/www.federassantas.org.br\/novosite\/fisioterapeutas-recebem-homenagem-da-santa-casa-montes-claros\/#breadcrumb"},"inLanguage":"pt-BR","potentialAction":[{"@type":"ReadAction","target":["https:\/\/www.federassantas.org.br\/novosite\/fisioterapeutas-recebem-homenagem-da-santa-casa-montes-claros\/"]}]},{"@type":"ImageObject","inLanguage":"pt-BR","@id":"https:\/\/www.federassantas.org.br\/novosite\/fisioterapeutas-recebem-homenagem-da-santa-casa-montes-claros\/#primaryimage","url":"https:\/\/www.federassantas.org.br\/novosite\/wp-content\/uploads\/2021\/11\/1-2.jpeg","contentUrl":"https:\/\/www.federassantas.org.br\/novosite\/wp-content\/uploads\/2021\/11\/1-2.jpeg","width":1280,"height":853},{"@type":"BreadcrumbList","@id":"https:\/\/www.federassantas.org.br\/novosite\/fisioterapeutas-recebem-homenagem-da-santa-casa-montes-claros\/#breadcrumb","itemListElement":[{"@type":"ListItem","position":1,"name":"In\u00edcio","item":"https:\/\/www.federassantas.org.br\/novosite\/"},{"@type":"ListItem","position":2,"name":"Fisioterapeutas recebem homenagem da Santa Casa Montes Claros"}]},{"@type":"WebSite","@id":"https:\/\/www.federassantas.org.br\/novosite\/#website","url":"https:\/\/www.federassantas.org.br\/novosite\/","name":"Federassantas","description":"Fed. das Santas Casas e Hospitais Filantr\u00f3picos de MG","publisher":{"@id":"https:\/\/www.federassantas.org.br\/novosite\/#organization"},"potentialAction":[{"@type":"SearchAction","target":{"@type":"EntryPoint","urlTemplate":"https:\/\/www.federassantas.org.br\/novosite\/?s={search_term_string}"},"query-input":{"@type":"PropertyValueSpecification","valueRequired":true,"valueName":"search_term_string"}}],"inLanguage":"pt-BR"},{"@type":"Organization","@id":"https:\/\/www.federassantas.org.br\/novosite\/#organization","name":"Federassantas","url":"https:\/\/www.federassantas.org.br\/novosite\/","logo":{"@type":"ImageObject","inLanguage":"pt-BR","@id":"https:\/\/www.federassantas.org.br\/novosite\/#\/schema\/logo\/image\/","url":"https:\/\/www.federassantas.org.br\/novosite\/wp-content\/uploads\/2021\/12\/logo.png","contentUrl":"https:\/\/www.federassantas.org.br\/novosite\/wp-content\/uploads\/2021\/12\/logo.png","width":243,"height":59,"caption":"Federassantas"},"image":{"@id":"https:\/\/www.federassantas.org.br\/novosite\/#\/schema\/logo\/image\/"}},{"@type":"Person","@id":"https:\/\/www.federassantas.org.br\/novosite\/#\/schema\/person\/75fed98158349313fe56175f232f513c","name":"admin-federas","image":{"@type":"ImageObject","inLanguage":"pt-BR","@id":"https:\/\/www.federassantas.org.br\/novosite\/#\/schema\/person\/image\/","url":"https:\/\/secure.gravatar.com\/avatar\/2a02d7dda59fe8dc6b7ffd3f652e2efede5ccf0dd89dfdc8137c5517f3de8407?s=96&d=mm&r=g","contentUrl":"https:\/\/secure.gravatar.com\/avatar\/2a02d7dda59fe8dc6b7ffd3f652e2efede5ccf0dd89dfdc8137c5517f3de8407?s=96&d=mm&r=g","caption":"admin-federas"},"sameAs":["https:\/\/www.federassantas.org.br\/novosite\/"],"url":"https:\/\/www.federassantas.org.br\/novosite\/author\/admin-federas\/"}]}},"_links":{"self":[{"href":"https:\/\/www.federassantas.org.br\/novosite\/wp-json\/wp\/v2\/posts\/22566","targetHints":{"allow":["GET"]}}],"collection":[{"href":"https:\/\/www.federassantas.org.br\/novosite\/wp-json\/wp\/v2\/posts"}],"about":[{"href":"https:\/\/www.federassantas.org.br\/novosite\/wp-json\/wp\/v2\/types\/post"}],"author":[{"embeddable":true,"href":"https:\/\/www.federassantas.org.br\/novosite\/wp-json\/wp\/v2\/users\/1"}],"replies":[{"embeddable":true,"href":"https:\/\/www.federassantas.org.br\/novosite\/wp-json\/wp\/v2\/comments?post=22566"}],"version-history":[{"count":0,"href":"https:\/\/www.federassantas.org.br\/novosite\/wp-json\/wp\/v2\/posts\/22566\/revisions"}],"wp:featuredmedia":[{"embeddable":true,"href":"https:\/\/www.federassantas.org.br\/novosite\/wp-json\/wp\/v2\/media\/22569"}],"wp:attachment":[{"href":"https:\/\/www.federassantas.org.br\/novosite\/wp-json\/wp\/v2\/media?parent=22566"}],"wp:term":[{"taxonomy":"category","embeddable":true,"href":"https:\/\/www.federassantas.org.br\/novosite\/wp-json\/wp\/v2\/categories?post=22566"},{"taxonomy":"post_tag","embeddable":true,"href":"https:\/\/www.federassantas.org.br\/novosite\/wp-json\/wp\/v2\/tags?post=22566"}],"curies":[{"name":"wp","href":"https:\/\/api.w.org\/{rel}","templated":true}]}}