{"id":22570,"date":"2021-11-04T16:39:51","date_gmt":"2021-11-04T19:39:51","guid":{"rendered":"https:\/\/federasbackup.meltcomunicacao.com.br\/?p=22570"},"modified":"2021-11-04T16:39:51","modified_gmt":"2021-11-04T19:39:51","slug":"hospital-marcio-cunha-recebe-recertificacao-internacional-2","status":"publish","type":"post","link":"https:\/\/www.federassantas.org.br\/novosite\/hospital-marcio-cunha-recebe-recertificacao-internacional-2\/","title":{"rendered":"Hospital M\u00e1rcio Cunha recebe recertifica\u00e7\u00e3o internacional"},"content":{"rendered":"\n<p><em>A unidade hospitalar mant\u00e9m a acredita\u00e7\u00e3o, permanecendo no seleto grupo dos hospitais do pa\u00eds certificados pela norma DIAS- DNV International Healthcare Accreditation Standard<\/em><\/p>\n\n\n\n<p>Exemplo de excel\u00eancia em assist\u00eancia e em gest\u00e3o no Leste do Estado, o Hospital M\u00e1rcio Cunha, administrado pela Funda\u00e7\u00e3o S\u00e3o Francisco Xavier, acaba de ser recertificado na norma DIAS (DNV &#8211;&nbsp;<em>International Healthcare Accreditation Standard<\/em>). A norma internacional europeia, \u00e9 chamada nos Estados Unidos de&nbsp;<em>National Integrated Accreditation for Healthcare Organizations<\/em>&nbsp;(NIAHO), formalmente reconhecida pelo Departamento de Sa\u00fade dos Estados Unidos.<\/p>\n\n\n\n<p>Desenvolvida a partir de padr\u00f5es internacionais de gest\u00e3o, seguran\u00e7a assistencial e de infraestrutura, sempre alinhados \u00e0 legisla\u00e7\u00e3o local, a DIAS (<em>DNV International Healthcare Accreditation Standard<\/em>) exigiu da Institui\u00e7\u00e3o investimento, capacita\u00e7\u00e3o e preparo de todas as suas equipes ao longo dos \u00faltimos anos para que seus requisitos fossem colocados em pr\u00e1tica no dia- a dia. Durante quatro dias, auditores brasileiros e norte-americanos da DNV checaram os processos de gest\u00e3o, qualidade, assistenciais e a estrutura f\u00edsica das unidades do HMC, com foco na gest\u00e3o de riscos e melhoria cont\u00ednua.<\/p>\n\n\n\n<p>Dentro da gest\u00e3o do ambiente f\u00edsico, que inclui inspe\u00e7\u00f5es nas \u00e1reas de utilidades como sistema el\u00e9trico, hidr\u00e1ulico e de ar-condicionado, foram avaliados tamb\u00e9m a gest\u00e3o de produtos perigosos, controles de acessos e gest\u00e3o de equipamentos.<\/p>\n\n\n\n<p>Um quesito importante da norma \u00e9 a avalia\u00e7\u00e3o dos sistemas de prote\u00e7\u00e3o \u00e0 vida, que incluem planos de conting\u00eancia para a gest\u00e3o de crises, incluindo a atua\u00e7\u00e3o do comit\u00ea de crises, a evacua\u00e7\u00e3o dos pr\u00e9dios em caso de sinistros, a funcionalidade dos alarmes e dos equipamentos de combate a inc\u00eandios, al\u00e9m de itens como acessibilidade e sinaliza\u00e7\u00e3o.&nbsp;<\/p>\n\n\n\n<p>A certifica\u00e7\u00e3o DIAS desde 2014, contribuiu ainda para a melhor estrutura\u00e7\u00e3o das a\u00e7\u00f5es de enfrentamento \u00e0 covid-19, pois a gest\u00e3o de crises \u00e9 um requisito de grande import\u00e2ncia dentro da Gest\u00e3o de ambiente f\u00edsico e vem sendo trabalhado pela diretoria e equipes do HMC, desde ent\u00e3o.<\/p>\n\n\n\n<p>\u201cEsta recertifica\u00e7\u00e3o confirma a efici\u00eancia do trabalho di\u00e1rio desenvolvido pelas nossas equipes e refor\u00e7a que mantemos as boas pr\u00e1ticas para que tudo funcione da melhor maneira no processo assistencial e de gest\u00e3o. Para al\u00e9m disso, contamos com profissionais que pautam suas a\u00e7\u00f5es pela responsabilidade \u00e9tico-profissional e buscam cada vez mais a qualidade e a excel\u00eancia na presta\u00e7\u00e3o dos servi\u00e7os sempre com foco nas pessoas\u201d, destaca o diretor de Hospitais da Funda\u00e7\u00e3o S\u00e3o Francisco Xavier, Dr. Mauro Oscar Soares de Souza Lima.<\/p>\n\n\n\n<p>Para a auditora l\u00edder da DNV, Palloma Vaz, o Hospital M\u00e1rcio Cunha, ao longo dos anos de certifica\u00e7\u00e3o, demostrou aprimoramento dos processos e o amadurecimento do sistema de gest\u00e3o que permitiu a excel\u00eancia da assist\u00eancia, sempre com foco na seguran\u00e7a e gest\u00e3o de risco. \u201cO enfrentamento da pandemia de maneira proativa, respons\u00e1vel e oportuna evidenciou o respeito e o compromisso com colaboradores, pacientes\/familiares e com toda sociedade. O desempenho do Hospital \u00e9 fruto do trabalho \u00e1rduo e constante de todos os colaboradores para constru\u00e7\u00e3o de um sistema seguro evidenciado durante os ciclos de auditoria\u201d, destacou.&nbsp;&nbsp;&nbsp; &nbsp;&nbsp;<\/p>\n\n\n\n<p><strong>Refer\u00eancia nacional<\/strong><\/p>\n\n\n\n<p>Conquistar uma das mais importantes certifica\u00e7\u00f5es internacionais significa um diferencial para hospitais brasileiros que mant\u00eam uma gest\u00e3o assistencial madura e consolidada. Isso porque somente as institui\u00e7\u00f5es que j\u00e1 possuem a certifica\u00e7\u00e3o da Organiza\u00e7\u00e3o Nacional de Acredita\u00e7\u00e3o (ONA) em N\u00edvel de Excel\u00eancia (N\u00edvel 3) est\u00e3o aptas para receber a certifica\u00e7\u00e3o internacional da DIAS \/NIAHO. Em 2003, o HMC foi a primeira entidade hospitalar do pa\u00eds a ser certificada no n\u00edvel de excel\u00eancia da ONA.<\/p>\n\n\n\n<p><\/p>\n\n\n\n<p>Por: Assessoria de comunica\u00e7\u00e3o FSFX<\/p>\n","protected":false},"excerpt":{"rendered":"<p>A unidade hospitalar mant\u00e9m a acredita\u00e7\u00e3o, permanecendo no seleto grupo dos hospitais do pa\u00eds certificados pela norma DIAS- DNV International Healthcare Accreditation Standard Exemplo de excel\u00eancia em assist\u00eancia e em gest\u00e3o no Leste do Estado, o Hospital M\u00e1rcio Cunha, administrado pela Funda\u00e7\u00e3o S\u00e3o Francisco Xavier, acaba de ser recertificado na norma DIAS (DNV &#8211;&nbsp;International Healthcare [&hellip;]<\/p>\n","protected":false},"author":1,"featured_media":22571,"comment_status":"open","ping_status":"open","sticky":false,"template":"","format":"standard","meta":{"footnotes":""},"categories":[140,139],"tags":[],"class_list":["post-22570","post","type-post","status-publish","format-standard","has-post-thumbnail","hentry","category-noticias","category-noticias-filiados"],"yoast_head":"<!-- This site is optimized with the Yoast SEO plugin v26.9 - https:\/\/yoast.com\/product\/yoast-seo-wordpress\/ -->\n<title>Hospital M\u00e1rcio Cunha recebe recertifica\u00e7\u00e3o internacional - Federassantas<\/title>\n<meta name=\"robots\" content=\"index, follow, max-snippet:-1, max-image-preview:large, max-video-preview:-1\" \/>\n<link rel=\"canonical\" href=\"https:\/\/www.federassantas.org.br\/novosite\/hospital-marcio-cunha-recebe-recertificacao-internacional-2\/\" \/>\n<meta property=\"og:locale\" content=\"pt_BR\" \/>\n<meta property=\"og:type\" content=\"article\" \/>\n<meta property=\"og:title\" content=\"Hospital M\u00e1rcio Cunha recebe recertifica\u00e7\u00e3o internacional - Federassantas\" \/>\n<meta property=\"og:description\" content=\"A unidade hospitalar mant\u00e9m a acredita\u00e7\u00e3o, permanecendo no seleto grupo dos hospitais do pa\u00eds certificados pela norma DIAS- DNV International Healthcare Accreditation Standard Exemplo de excel\u00eancia em assist\u00eancia e em gest\u00e3o no Leste do Estado, o Hospital M\u00e1rcio Cunha, administrado pela Funda\u00e7\u00e3o S\u00e3o Francisco Xavier, acaba de ser recertificado na norma DIAS (DNV &#8211;&nbsp;International Healthcare [&hellip;]\" \/>\n<meta property=\"og:url\" content=\"https:\/\/www.federassantas.org.br\/novosite\/hospital-marcio-cunha-recebe-recertificacao-internacional-2\/\" \/>\n<meta property=\"og:site_name\" content=\"Federassantas\" \/>\n<meta property=\"article:published_time\" content=\"2021-11-04T19:39:51+00:00\" \/>\n<meta property=\"og:image\" content=\"https:\/\/www.federassantas.org.br\/novosite\/wp-content\/uploads\/2021\/11\/HMC-baixa-1-scaled.jpg\" \/>\n\t<meta property=\"og:image:width\" content=\"2560\" \/>\n\t<meta property=\"og:image:height\" content=\"1709\" \/>\n\t<meta property=\"og:image:type\" content=\"image\/jpeg\" \/>\n<meta name=\"author\" content=\"admin-federas\" \/>\n<meta name=\"twitter:card\" content=\"summary_large_image\" \/>\n<meta name=\"twitter:label1\" content=\"Escrito por\" \/>\n\t<meta name=\"twitter:data1\" content=\"admin-federas\" \/>\n\t<meta name=\"twitter:label2\" content=\"Est. tempo de leitura\" \/>\n\t<meta name=\"twitter:data2\" content=\"3 minutos\" \/>\n<script type=\"application\/ld+json\" class=\"yoast-schema-graph\">{\"@context\":\"https:\/\/schema.org\",\"@graph\":[{\"@type\":\"Article\",\"@id\":\"https:\/\/www.federassantas.org.br\/novosite\/hospital-marcio-cunha-recebe-recertificacao-internacional-2\/#article\",\"isPartOf\":{\"@id\":\"https:\/\/www.federassantas.org.br\/novosite\/hospital-marcio-cunha-recebe-recertificacao-internacional-2\/\"},\"author\":{\"name\":\"admin-federas\",\"@id\":\"https:\/\/www.federassantas.org.br\/novosite\/#\/schema\/person\/75fed98158349313fe56175f232f513c\"},\"headline\":\"Hospital M\u00e1rcio Cunha recebe recertifica\u00e7\u00e3o internacional\",\"datePublished\":\"2021-11-04T19:39:51+00:00\",\"mainEntityOfPage\":{\"@id\":\"https:\/\/www.federassantas.org.br\/novosite\/hospital-marcio-cunha-recebe-recertificacao-internacional-2\/\"},\"wordCount\":660,\"commentCount\":0,\"publisher\":{\"@id\":\"https:\/\/www.federassantas.org.br\/novosite\/#organization\"},\"image\":{\"@id\":\"https:\/\/www.federassantas.org.br\/novosite\/hospital-marcio-cunha-recebe-recertificacao-internacional-2\/#primaryimage\"},\"thumbnailUrl\":\"https:\/\/www.federassantas.org.br\/novosite\/wp-content\/uploads\/2021\/11\/HMC-baixa-1-scaled.jpg\",\"articleSection\":[\"Not\u00edcias\",\"Not\u00edcias filiados\"],\"inLanguage\":\"pt-BR\",\"potentialAction\":[{\"@type\":\"CommentAction\",\"name\":\"Comment\",\"target\":[\"https:\/\/www.federassantas.org.br\/novosite\/hospital-marcio-cunha-recebe-recertificacao-internacional-2\/#respond\"]}]},{\"@type\":\"WebPage\",\"@id\":\"https:\/\/www.federassantas.org.br\/novosite\/hospital-marcio-cunha-recebe-recertificacao-internacional-2\/\",\"url\":\"https:\/\/www.federassantas.org.br\/novosite\/hospital-marcio-cunha-recebe-recertificacao-internacional-2\/\",\"name\":\"Hospital M\u00e1rcio Cunha recebe recertifica\u00e7\u00e3o internacional - Federassantas\",\"isPartOf\":{\"@id\":\"https:\/\/www.federassantas.org.br\/novosite\/#website\"},\"primaryImageOfPage\":{\"@id\":\"https:\/\/www.federassantas.org.br\/novosite\/hospital-marcio-cunha-recebe-recertificacao-internacional-2\/#primaryimage\"},\"image\":{\"@id\":\"https:\/\/www.federassantas.org.br\/novosite\/hospital-marcio-cunha-recebe-recertificacao-internacional-2\/#primaryimage\"},\"thumbnailUrl\":\"https:\/\/www.federassantas.org.br\/novosite\/wp-content\/uploads\/2021\/11\/HMC-baixa-1-scaled.jpg\",\"datePublished\":\"2021-11-04T19:39:51+00:00\",\"breadcrumb\":{\"@id\":\"https:\/\/www.federassantas.org.br\/novosite\/hospital-marcio-cunha-recebe-recertificacao-internacional-2\/#breadcrumb\"},\"inLanguage\":\"pt-BR\",\"potentialAction\":[{\"@type\":\"ReadAction\",\"target\":[\"https:\/\/www.federassantas.org.br\/novosite\/hospital-marcio-cunha-recebe-recertificacao-internacional-2\/\"]}]},{\"@type\":\"ImageObject\",\"inLanguage\":\"pt-BR\",\"@id\":\"https:\/\/www.federassantas.org.br\/novosite\/hospital-marcio-cunha-recebe-recertificacao-internacional-2\/#primaryimage\",\"url\":\"https:\/\/www.federassantas.org.br\/novosite\/wp-content\/uploads\/2021\/11\/HMC-baixa-1-scaled.jpg\",\"contentUrl\":\"https:\/\/www.federassantas.org.br\/novosite\/wp-content\/uploads\/2021\/11\/HMC-baixa-1-scaled.jpg\",\"width\":2560,\"height\":1709},{\"@type\":\"BreadcrumbList\",\"@id\":\"https:\/\/www.federassantas.org.br\/novosite\/hospital-marcio-cunha-recebe-recertificacao-internacional-2\/#breadcrumb\",\"itemListElement\":[{\"@type\":\"ListItem\",\"position\":1,\"name\":\"In\u00edcio\",\"item\":\"https:\/\/www.federassantas.org.br\/novosite\/\"},{\"@type\":\"ListItem\",\"position\":2,\"name\":\"Hospital M\u00e1rcio Cunha recebe recertifica\u00e7\u00e3o internacional\"}]},{\"@type\":\"WebSite\",\"@id\":\"https:\/\/www.federassantas.org.br\/novosite\/#website\",\"url\":\"https:\/\/www.federassantas.org.br\/novosite\/\",\"name\":\"Federassantas\",\"description\":\"Fed. das Santas Casas e Hospitais Filantr\u00f3picos de MG\",\"publisher\":{\"@id\":\"https:\/\/www.federassantas.org.br\/novosite\/#organization\"},\"potentialAction\":[{\"@type\":\"SearchAction\",\"target\":{\"@type\":\"EntryPoint\",\"urlTemplate\":\"https:\/\/www.federassantas.org.br\/novosite\/?s={search_term_string}\"},\"query-input\":{\"@type\":\"PropertyValueSpecification\",\"valueRequired\":true,\"valueName\":\"search_term_string\"}}],\"inLanguage\":\"pt-BR\"},{\"@type\":\"Organization\",\"@id\":\"https:\/\/www.federassantas.org.br\/novosite\/#organization\",\"name\":\"Federassantas\",\"url\":\"https:\/\/www.federassantas.org.br\/novosite\/\",\"logo\":{\"@type\":\"ImageObject\",\"inLanguage\":\"pt-BR\",\"@id\":\"https:\/\/www.federassantas.org.br\/novosite\/#\/schema\/logo\/image\/\",\"url\":\"https:\/\/www.federassantas.org.br\/novosite\/wp-content\/uploads\/2021\/12\/logo.png\",\"contentUrl\":\"https:\/\/www.federassantas.org.br\/novosite\/wp-content\/uploads\/2021\/12\/logo.png\",\"width\":243,\"height\":59,\"caption\":\"Federassantas\"},\"image\":{\"@id\":\"https:\/\/www.federassantas.org.br\/novosite\/#\/schema\/logo\/image\/\"}},{\"@type\":\"Person\",\"@id\":\"https:\/\/www.federassantas.org.br\/novosite\/#\/schema\/person\/75fed98158349313fe56175f232f513c\",\"name\":\"admin-federas\",\"image\":{\"@type\":\"ImageObject\",\"inLanguage\":\"pt-BR\",\"@id\":\"https:\/\/www.federassantas.org.br\/novosite\/#\/schema\/person\/image\/\",\"url\":\"https:\/\/secure.gravatar.com\/avatar\/2a02d7dda59fe8dc6b7ffd3f652e2efede5ccf0dd89dfdc8137c5517f3de8407?s=96&d=mm&r=g\",\"contentUrl\":\"https:\/\/secure.gravatar.com\/avatar\/2a02d7dda59fe8dc6b7ffd3f652e2efede5ccf0dd89dfdc8137c5517f3de8407?s=96&d=mm&r=g\",\"caption\":\"admin-federas\"},\"sameAs\":[\"https:\/\/www.federassantas.org.br\/novosite\/\"],\"url\":\"https:\/\/www.federassantas.org.br\/novosite\/author\/admin-federas\/\"}]}<\/script>\n<!-- \/ Yoast SEO plugin. -->","yoast_head_json":{"title":"Hospital M\u00e1rcio Cunha recebe recertifica\u00e7\u00e3o internacional - Federassantas","robots":{"index":"index","follow":"follow","max-snippet":"max-snippet:-1","max-image-preview":"max-image-preview:large","max-video-preview":"max-video-preview:-1"},"canonical":"https:\/\/www.federassantas.org.br\/novosite\/hospital-marcio-cunha-recebe-recertificacao-internacional-2\/","og_locale":"pt_BR","og_type":"article","og_title":"Hospital M\u00e1rcio Cunha recebe recertifica\u00e7\u00e3o internacional - Federassantas","og_description":"A unidade hospitalar mant\u00e9m a acredita\u00e7\u00e3o, permanecendo no seleto grupo dos hospitais do pa\u00eds certificados pela norma DIAS- DNV International Healthcare Accreditation Standard Exemplo de excel\u00eancia em assist\u00eancia e em gest\u00e3o no Leste do Estado, o Hospital M\u00e1rcio Cunha, administrado pela Funda\u00e7\u00e3o S\u00e3o Francisco Xavier, acaba de ser recertificado na norma DIAS (DNV &#8211;&nbsp;International Healthcare [&hellip;]","og_url":"https:\/\/www.federassantas.org.br\/novosite\/hospital-marcio-cunha-recebe-recertificacao-internacional-2\/","og_site_name":"Federassantas","article_published_time":"2021-11-04T19:39:51+00:00","og_image":[{"width":2560,"height":1709,"url":"https:\/\/www.federassantas.org.br\/novosite\/wp-content\/uploads\/2021\/11\/HMC-baixa-1-scaled.jpg","type":"image\/jpeg"}],"author":"admin-federas","twitter_card":"summary_large_image","twitter_misc":{"Escrito por":"admin-federas","Est. tempo de leitura":"3 minutos"},"schema":{"@context":"https:\/\/schema.org","@graph":[{"@type":"Article","@id":"https:\/\/www.federassantas.org.br\/novosite\/hospital-marcio-cunha-recebe-recertificacao-internacional-2\/#article","isPartOf":{"@id":"https:\/\/www.federassantas.org.br\/novosite\/hospital-marcio-cunha-recebe-recertificacao-internacional-2\/"},"author":{"name":"admin-federas","@id":"https:\/\/www.federassantas.org.br\/novosite\/#\/schema\/person\/75fed98158349313fe56175f232f513c"},"headline":"Hospital M\u00e1rcio Cunha recebe recertifica\u00e7\u00e3o internacional","datePublished":"2021-11-04T19:39:51+00:00","mainEntityOfPage":{"@id":"https:\/\/www.federassantas.org.br\/novosite\/hospital-marcio-cunha-recebe-recertificacao-internacional-2\/"},"wordCount":660,"commentCount":0,"publisher":{"@id":"https:\/\/www.federassantas.org.br\/novosite\/#organization"},"image":{"@id":"https:\/\/www.federassantas.org.br\/novosite\/hospital-marcio-cunha-recebe-recertificacao-internacional-2\/#primaryimage"},"thumbnailUrl":"https:\/\/www.federassantas.org.br\/novosite\/wp-content\/uploads\/2021\/11\/HMC-baixa-1-scaled.jpg","articleSection":["Not\u00edcias","Not\u00edcias filiados"],"inLanguage":"pt-BR","potentialAction":[{"@type":"CommentAction","name":"Comment","target":["https:\/\/www.federassantas.org.br\/novosite\/hospital-marcio-cunha-recebe-recertificacao-internacional-2\/#respond"]}]},{"@type":"WebPage","@id":"https:\/\/www.federassantas.org.br\/novosite\/hospital-marcio-cunha-recebe-recertificacao-internacional-2\/","url":"https:\/\/www.federassantas.org.br\/novosite\/hospital-marcio-cunha-recebe-recertificacao-internacional-2\/","name":"Hospital M\u00e1rcio Cunha recebe recertifica\u00e7\u00e3o internacional - Federassantas","isPartOf":{"@id":"https:\/\/www.federassantas.org.br\/novosite\/#website"},"primaryImageOfPage":{"@id":"https:\/\/www.federassantas.org.br\/novosite\/hospital-marcio-cunha-recebe-recertificacao-internacional-2\/#primaryimage"},"image":{"@id":"https:\/\/www.federassantas.org.br\/novosite\/hospital-marcio-cunha-recebe-recertificacao-internacional-2\/#primaryimage"},"thumbnailUrl":"https:\/\/www.federassantas.org.br\/novosite\/wp-content\/uploads\/2021\/11\/HMC-baixa-1-scaled.jpg","datePublished":"2021-11-04T19:39:51+00:00","breadcrumb":{"@id":"https:\/\/www.federassantas.org.br\/novosite\/hospital-marcio-cunha-recebe-recertificacao-internacional-2\/#breadcrumb"},"inLanguage":"pt-BR","potentialAction":[{"@type":"ReadAction","target":["https:\/\/www.federassantas.org.br\/novosite\/hospital-marcio-cunha-recebe-recertificacao-internacional-2\/"]}]},{"@type":"ImageObject","inLanguage":"pt-BR","@id":"https:\/\/www.federassantas.org.br\/novosite\/hospital-marcio-cunha-recebe-recertificacao-internacional-2\/#primaryimage","url":"https:\/\/www.federassantas.org.br\/novosite\/wp-content\/uploads\/2021\/11\/HMC-baixa-1-scaled.jpg","contentUrl":"https:\/\/www.federassantas.org.br\/novosite\/wp-content\/uploads\/2021\/11\/HMC-baixa-1-scaled.jpg","width":2560,"height":1709},{"@type":"BreadcrumbList","@id":"https:\/\/www.federassantas.org.br\/novosite\/hospital-marcio-cunha-recebe-recertificacao-internacional-2\/#breadcrumb","itemListElement":[{"@type":"ListItem","position":1,"name":"In\u00edcio","item":"https:\/\/www.federassantas.org.br\/novosite\/"},{"@type":"ListItem","position":2,"name":"Hospital M\u00e1rcio Cunha recebe recertifica\u00e7\u00e3o internacional"}]},{"@type":"WebSite","@id":"https:\/\/www.federassantas.org.br\/novosite\/#website","url":"https:\/\/www.federassantas.org.br\/novosite\/","name":"Federassantas","description":"Fed. das Santas Casas e Hospitais Filantr\u00f3picos de MG","publisher":{"@id":"https:\/\/www.federassantas.org.br\/novosite\/#organization"},"potentialAction":[{"@type":"SearchAction","target":{"@type":"EntryPoint","urlTemplate":"https:\/\/www.federassantas.org.br\/novosite\/?s={search_term_string}"},"query-input":{"@type":"PropertyValueSpecification","valueRequired":true,"valueName":"search_term_string"}}],"inLanguage":"pt-BR"},{"@type":"Organization","@id":"https:\/\/www.federassantas.org.br\/novosite\/#organization","name":"Federassantas","url":"https:\/\/www.federassantas.org.br\/novosite\/","logo":{"@type":"ImageObject","inLanguage":"pt-BR","@id":"https:\/\/www.federassantas.org.br\/novosite\/#\/schema\/logo\/image\/","url":"https:\/\/www.federassantas.org.br\/novosite\/wp-content\/uploads\/2021\/12\/logo.png","contentUrl":"https:\/\/www.federassantas.org.br\/novosite\/wp-content\/uploads\/2021\/12\/logo.png","width":243,"height":59,"caption":"Federassantas"},"image":{"@id":"https:\/\/www.federassantas.org.br\/novosite\/#\/schema\/logo\/image\/"}},{"@type":"Person","@id":"https:\/\/www.federassantas.org.br\/novosite\/#\/schema\/person\/75fed98158349313fe56175f232f513c","name":"admin-federas","image":{"@type":"ImageObject","inLanguage":"pt-BR","@id":"https:\/\/www.federassantas.org.br\/novosite\/#\/schema\/person\/image\/","url":"https:\/\/secure.gravatar.com\/avatar\/2a02d7dda59fe8dc6b7ffd3f652e2efede5ccf0dd89dfdc8137c5517f3de8407?s=96&d=mm&r=g","contentUrl":"https:\/\/secure.gravatar.com\/avatar\/2a02d7dda59fe8dc6b7ffd3f652e2efede5ccf0dd89dfdc8137c5517f3de8407?s=96&d=mm&r=g","caption":"admin-federas"},"sameAs":["https:\/\/www.federassantas.org.br\/novosite\/"],"url":"https:\/\/www.federassantas.org.br\/novosite\/author\/admin-federas\/"}]}},"_links":{"self":[{"href":"https:\/\/www.federassantas.org.br\/novosite\/wp-json\/wp\/v2\/posts\/22570","targetHints":{"allow":["GET"]}}],"collection":[{"href":"https:\/\/www.federassantas.org.br\/novosite\/wp-json\/wp\/v2\/posts"}],"about":[{"href":"https:\/\/www.federassantas.org.br\/novosite\/wp-json\/wp\/v2\/types\/post"}],"author":[{"embeddable":true,"href":"https:\/\/www.federassantas.org.br\/novosite\/wp-json\/wp\/v2\/users\/1"}],"replies":[{"embeddable":true,"href":"https:\/\/www.federassantas.org.br\/novosite\/wp-json\/wp\/v2\/comments?post=22570"}],"version-history":[{"count":0,"href":"https:\/\/www.federassantas.org.br\/novosite\/wp-json\/wp\/v2\/posts\/22570\/revisions"}],"wp:featuredmedia":[{"embeddable":true,"href":"https:\/\/www.federassantas.org.br\/novosite\/wp-json\/wp\/v2\/media\/22571"}],"wp:attachment":[{"href":"https:\/\/www.federassantas.org.br\/novosite\/wp-json\/wp\/v2\/media?parent=22570"}],"wp:term":[{"taxonomy":"category","embeddable":true,"href":"https:\/\/www.federassantas.org.br\/novosite\/wp-json\/wp\/v2\/categories?post=22570"},{"taxonomy":"post_tag","embeddable":true,"href":"https:\/\/www.federassantas.org.br\/novosite\/wp-json\/wp\/v2\/tags?post=22570"}],"curies":[{"name":"wp","href":"https:\/\/api.w.org\/{rel}","templated":true}]}}