{"id":22580,"date":"2021-11-05T12:51:00","date_gmt":"2021-11-05T15:51:00","guid":{"rendered":"https:\/\/federasbackup.meltcomunicacao.com.br\/?p=22580"},"modified":"2021-11-05T12:51:00","modified_gmt":"2021-11-05T15:51:00","slug":"cssjd-realiza-a-primeira-sessao-de-radioterapia-pediatrica-e-amplia-atendimentos-da-oncopediatria","status":"publish","type":"post","link":"https:\/\/www.federassantas.org.br\/novosite\/cssjd-realiza-a-primeira-sessao-de-radioterapia-pediatrica-e-amplia-atendimentos-da-oncopediatria\/","title":{"rendered":"CSSJD realiza a primeira sess\u00e3o de Radioterapia Pedi\u00e1trica e amplia atendimentos da Oncopediatria"},"content":{"rendered":"\n<p>O Complexo de Sa\u00fade S\u00e3o Jo\u00e3o de Deus \u2013 CSSJD inicia um importante cap\u00edtulo de sua hist\u00f3ria ao realizar, no dia 10 de novembro, a primeira sess\u00e3o de Radioterapia Pedi\u00e1trica no Hospital do C\u00e2ncer. Uma crian\u00e7a, de apenas dois anos, ser\u00e1 a primeira paciente a passar pelo procedimento na institui\u00e7\u00e3o, dando continuidade ao tratamento de um neuroblastoma (tumor da gl\u00e2ndula adrenal) com met\u00e1stase na calota craniana.<\/p>\n\n\n\n<p>A amplia\u00e7\u00e3o dos servi\u00e7os do Hospital do C\u00e2ncer representa a concretiza\u00e7\u00e3o de um importante sonho compartilhado entre o CSSJD e Associa\u00e7\u00e3o de Combate ao C\u00e2ncer do Centro-Oeste de Minas \u2013 ACCCOM, uma vez que os pacientes infantis, atualmente, precisam se deslocar at\u00e9 a capital para realizar esse tratamento.<\/p>\n\n\n\n<p>Para Diretora Presidente do Complexo de Sa\u00fade, Elis Regina Guimar\u00e3es, este projeto e a amplia\u00e7\u00e3o deste importante servi\u00e7o, elevam ainda mais o nome do S\u00e3o Jo\u00e3o de Deus. \u201cAo ampliar os servi\u00e7os oferecidos pelo CSSJD, colocando mais um importante atendimento \u00e0 disposi\u00e7\u00e3o da comunidade, quebramos, mais vez, os paradigmas de que s\u00f3 h\u00e1 tratamento de qualidade nas capitais. Vamos sim, assumir a postura de refer\u00eancia, com muita dignidade, compet\u00eancia, car\u00e1ter e principalmente com muito amor! Tudo isso, com o apoio incondicional da ACCCOM, que oferece sempre apoio incondicional aos nossos projetos de oncologia. Juntos, somos definitivamente apaixonados pela vida!\u201d, acrescentou Elis.<\/p>\n\n\n\n<p>Em parceria ACCCOM, a associa\u00e7\u00e3o ainda disponibilizou para a institui\u00e7\u00e3o um carrinho de anestesia, que dar\u00e1 suporte \u00e0s crian\u00e7as que passam pelas sess\u00f5es de radioterapia com ainda mais seguran\u00e7a.<\/p>\n\n\n\n<p>M\u00e1scaras personalizadas<\/p>\n\n\n\n<p>Realizado por meio de um aparelho semelhante aos de Raios-X e Tom\u00f3grafos, durante as sess\u00f5es de radioterapia, o paciente fica deitado sobre o Acelerador Linear, que \u00e9 direcionado para a \u00e1rea do corpo a ser tratada. Sendo na \u00e1rea de cabe\u00e7a e pesco\u00e7o ou cr\u00e2nio, o paciente usa uma m\u00e1scara termopl\u00e1stica que ajuda a manter a posi\u00e7\u00e3o correta durante o tratamento, o que pode causar apreens\u00e3o nas crian\u00e7as.<\/p>\n\n\n\n<p>E foi pensando em proporcionar aos pequenos pacientes, da Ala de Oncologia Pedi\u00e1trica, um ambiente mais alegre, l\u00fadico e descontra\u00eddo, que o Radio-Oncologista do CSSJD, Dr. Jonathas Torraca, inspirado em um projeto do Hospital das Cl\u00ednicas da Universidade de S\u00e3o Paulo, oferecer\u00e1 \u00e0s crian\u00e7as m\u00e1scaras para sess\u00f5es radioterapia personalizadas.<\/p>\n\n\n\n<p>De acordo com o especialista, \u201cem casos de c\u00e2nceres de cabe\u00e7a e pesco\u00e7o e sistema nervoso central para a efic\u00e1cia do procedimento e proporcionar o direcionamento adequado do feixe de f\u00f3tons que causar\u00e1 a irradia\u00e7\u00e3o e destrui\u00e7\u00e3o celular, os pacientes fazem uso de uma m\u00e1scara de imobiliza\u00e7\u00e3o, que podem causar desconforto e p\u00e2nico nas crian\u00e7as. Por isso, relacionar o momento do tratamento, com algo que elas gostem, proporciona momento mais acolhedor e humanizado\u201d, comentou o m\u00e9dico.<\/p>\n\n\n\n<p>Para concretizar este projeto, os pacientes contar\u00e3o com o carinho e dedica\u00e7\u00e3o da Enfermeira Isabela Ribeiro Gontijo, que realizou um curso especial de personaliza\u00e7\u00e3o das m\u00e1scaras. \u201dEstou muito feliz e lisonjeada em poder contribuir com um trabalho t\u00e3o especial, trazendo conforto e colorindo o tratamento destas crian\u00e7as\u201d, disse Isabela.<\/p>\n\n\n\n<p>Para a primeira sess\u00e3o, a equipe multiprofissional da radioterapia adaptou a m\u00e1scara, que ser\u00e1 utilizada, para a personagem Peppa Pig, preferida da paciente infantil, para criar um clima de brincadeira e tornar mais f\u00e1cil esse momento marcante da pequena na luta contra o tumor.<\/p>\n\n\n\n<p>Al\u00e9m de estabelecer uma rela\u00e7\u00e3o de confian\u00e7a entre equipe e paciente, a\u00e7\u00f5es como esta refletem um dos valores do Complexo de Sa\u00fade S\u00e3o Jo\u00e3o de Deus, que \u00e9 colocar o cliente como centro do cuidado, mostrando que todos os esfor\u00e7os realizados pelo CSSJD s\u00e3o em busca do bem-estar e de uma boa recupera\u00e7\u00e3o dos pacientes.<\/p>\n\n\n\n<figure class=\"wp-block-image size-medium\"><img fetchpriority=\"high\" decoding=\"async\" width=\"300\" height=\"225\" src=\"http:\/\/federasbackup.meltcomunicacao.com.br\/wp-content\/uploads\/2021\/11\/WhatsApp-Image-2021-11-05-at-11.34.35-1-300x225.jpeg\" alt=\"\" class=\"wp-image-22581\" srcset=\"https:\/\/www.federassantas.org.br\/novosite\/wp-content\/uploads\/2021\/11\/WhatsApp-Image-2021-11-05-at-11.34.35-1-300x225.jpeg 300w, https:\/\/www.federassantas.org.br\/novosite\/wp-content\/uploads\/2021\/11\/WhatsApp-Image-2021-11-05-at-11.34.35-1-1024x768.jpeg 1024w, https:\/\/www.federassantas.org.br\/novosite\/wp-content\/uploads\/2021\/11\/WhatsApp-Image-2021-11-05-at-11.34.35-1-768x576.jpeg 768w, https:\/\/www.federassantas.org.br\/novosite\/wp-content\/uploads\/2021\/11\/WhatsApp-Image-2021-11-05-at-11.34.35-1.jpeg 1280w\" sizes=\"(max-width: 300px) 100vw, 300px\" \/><\/figure>\n\n\n\n<p>Por: Comunica\u00e7\u00e3o CSSJD<\/p>\n","protected":false},"excerpt":{"rendered":"<p>O Complexo de Sa\u00fade S\u00e3o Jo\u00e3o de Deus \u2013 CSSJD inicia um importante cap\u00edtulo de sua hist\u00f3ria ao realizar, no dia 10 de novembro, a primeira sess\u00e3o de Radioterapia Pedi\u00e1trica no Hospital do C\u00e2ncer. Uma crian\u00e7a, de apenas dois anos, ser\u00e1 a primeira paciente a passar pelo procedimento na institui\u00e7\u00e3o, dando continuidade ao tratamento de [&hellip;]<\/p>\n","protected":false},"author":1,"featured_media":22586,"comment_status":"open","ping_status":"open","sticky":false,"template":"","format":"standard","meta":{"footnotes":""},"categories":[140,139],"tags":[],"class_list":["post-22580","post","type-post","status-publish","format-standard","has-post-thumbnail","hentry","category-noticias","category-noticias-filiados"],"yoast_head":"<!-- This site is optimized with the Yoast SEO plugin v26.9 - https:\/\/yoast.com\/product\/yoast-seo-wordpress\/ -->\n<title>CSSJD realiza a primeira sess\u00e3o de Radioterapia Pedi\u00e1trica e amplia atendimentos da Oncopediatria - Federassantas<\/title>\n<meta name=\"robots\" content=\"index, follow, max-snippet:-1, max-image-preview:large, max-video-preview:-1\" \/>\n<link rel=\"canonical\" href=\"https:\/\/www.federassantas.org.br\/novosite\/cssjd-realiza-a-primeira-sessao-de-radioterapia-pediatrica-e-amplia-atendimentos-da-oncopediatria\/\" \/>\n<meta property=\"og:locale\" content=\"pt_BR\" \/>\n<meta property=\"og:type\" content=\"article\" \/>\n<meta property=\"og:title\" content=\"CSSJD realiza a primeira sess\u00e3o de Radioterapia Pedi\u00e1trica e amplia atendimentos da Oncopediatria - Federassantas\" \/>\n<meta property=\"og:description\" content=\"O Complexo de Sa\u00fade S\u00e3o Jo\u00e3o de Deus \u2013 CSSJD inicia um importante cap\u00edtulo de sua hist\u00f3ria ao realizar, no dia 10 de novembro, a primeira sess\u00e3o de Radioterapia Pedi\u00e1trica no Hospital do C\u00e2ncer. Uma crian\u00e7a, de apenas dois anos, ser\u00e1 a primeira paciente a passar pelo procedimento na institui\u00e7\u00e3o, dando continuidade ao tratamento de [&hellip;]\" \/>\n<meta property=\"og:url\" content=\"https:\/\/www.federassantas.org.br\/novosite\/cssjd-realiza-a-primeira-sessao-de-radioterapia-pediatrica-e-amplia-atendimentos-da-oncopediatria\/\" \/>\n<meta property=\"og:site_name\" content=\"Federassantas\" \/>\n<meta property=\"article:published_time\" content=\"2021-11-05T15:51:00+00:00\" \/>\n<meta property=\"og:image\" content=\"https:\/\/www.federassantas.org.br\/novosite\/wp-content\/uploads\/2021\/11\/WhatsApp-Image-2021-11-05-at-11.34.35.jpeg\" \/>\n\t<meta property=\"og:image:width\" content=\"793\" \/>\n\t<meta property=\"og:image:height\" content=\"595\" \/>\n\t<meta property=\"og:image:type\" content=\"image\/jpeg\" \/>\n<meta name=\"author\" content=\"admin-federas\" \/>\n<meta name=\"twitter:card\" content=\"summary_large_image\" \/>\n<meta name=\"twitter:label1\" content=\"Escrito por\" \/>\n\t<meta name=\"twitter:data1\" content=\"admin-federas\" \/>\n\t<meta name=\"twitter:label2\" content=\"Est. tempo de leitura\" \/>\n\t<meta name=\"twitter:data2\" content=\"3 minutos\" \/>\n<script type=\"application\/ld+json\" class=\"yoast-schema-graph\">{\"@context\":\"https:\/\/schema.org\",\"@graph\":[{\"@type\":\"Article\",\"@id\":\"https:\/\/www.federassantas.org.br\/novosite\/cssjd-realiza-a-primeira-sessao-de-radioterapia-pediatrica-e-amplia-atendimentos-da-oncopediatria\/#article\",\"isPartOf\":{\"@id\":\"https:\/\/www.federassantas.org.br\/novosite\/cssjd-realiza-a-primeira-sessao-de-radioterapia-pediatrica-e-amplia-atendimentos-da-oncopediatria\/\"},\"author\":{\"name\":\"admin-federas\",\"@id\":\"https:\/\/www.federassantas.org.br\/novosite\/#\/schema\/person\/75fed98158349313fe56175f232f513c\"},\"headline\":\"CSSJD realiza a primeira sess\u00e3o de Radioterapia Pedi\u00e1trica e amplia atendimentos da Oncopediatria\",\"datePublished\":\"2021-11-05T15:51:00+00:00\",\"mainEntityOfPage\":{\"@id\":\"https:\/\/www.federassantas.org.br\/novosite\/cssjd-realiza-a-primeira-sessao-de-radioterapia-pediatrica-e-amplia-atendimentos-da-oncopediatria\/\"},\"wordCount\":684,\"commentCount\":0,\"publisher\":{\"@id\":\"https:\/\/www.federassantas.org.br\/novosite\/#organization\"},\"image\":{\"@id\":\"https:\/\/www.federassantas.org.br\/novosite\/cssjd-realiza-a-primeira-sessao-de-radioterapia-pediatrica-e-amplia-atendimentos-da-oncopediatria\/#primaryimage\"},\"thumbnailUrl\":\"https:\/\/www.federassantas.org.br\/novosite\/wp-content\/uploads\/2021\/11\/WhatsApp-Image-2021-11-05-at-11.34.35.jpeg\",\"articleSection\":[\"Not\u00edcias\",\"Not\u00edcias filiados\"],\"inLanguage\":\"pt-BR\",\"potentialAction\":[{\"@type\":\"CommentAction\",\"name\":\"Comment\",\"target\":[\"https:\/\/www.federassantas.org.br\/novosite\/cssjd-realiza-a-primeira-sessao-de-radioterapia-pediatrica-e-amplia-atendimentos-da-oncopediatria\/#respond\"]}]},{\"@type\":\"WebPage\",\"@id\":\"https:\/\/www.federassantas.org.br\/novosite\/cssjd-realiza-a-primeira-sessao-de-radioterapia-pediatrica-e-amplia-atendimentos-da-oncopediatria\/\",\"url\":\"https:\/\/www.federassantas.org.br\/novosite\/cssjd-realiza-a-primeira-sessao-de-radioterapia-pediatrica-e-amplia-atendimentos-da-oncopediatria\/\",\"name\":\"CSSJD realiza a primeira sess\u00e3o de Radioterapia Pedi\u00e1trica e amplia atendimentos da Oncopediatria - Federassantas\",\"isPartOf\":{\"@id\":\"https:\/\/www.federassantas.org.br\/novosite\/#website\"},\"primaryImageOfPage\":{\"@id\":\"https:\/\/www.federassantas.org.br\/novosite\/cssjd-realiza-a-primeira-sessao-de-radioterapia-pediatrica-e-amplia-atendimentos-da-oncopediatria\/#primaryimage\"},\"image\":{\"@id\":\"https:\/\/www.federassantas.org.br\/novosite\/cssjd-realiza-a-primeira-sessao-de-radioterapia-pediatrica-e-amplia-atendimentos-da-oncopediatria\/#primaryimage\"},\"thumbnailUrl\":\"https:\/\/www.federassantas.org.br\/novosite\/wp-content\/uploads\/2021\/11\/WhatsApp-Image-2021-11-05-at-11.34.35.jpeg\",\"datePublished\":\"2021-11-05T15:51:00+00:00\",\"breadcrumb\":{\"@id\":\"https:\/\/www.federassantas.org.br\/novosite\/cssjd-realiza-a-primeira-sessao-de-radioterapia-pediatrica-e-amplia-atendimentos-da-oncopediatria\/#breadcrumb\"},\"inLanguage\":\"pt-BR\",\"potentialAction\":[{\"@type\":\"ReadAction\",\"target\":[\"https:\/\/www.federassantas.org.br\/novosite\/cssjd-realiza-a-primeira-sessao-de-radioterapia-pediatrica-e-amplia-atendimentos-da-oncopediatria\/\"]}]},{\"@type\":\"ImageObject\",\"inLanguage\":\"pt-BR\",\"@id\":\"https:\/\/www.federassantas.org.br\/novosite\/cssjd-realiza-a-primeira-sessao-de-radioterapia-pediatrica-e-amplia-atendimentos-da-oncopediatria\/#primaryimage\",\"url\":\"https:\/\/www.federassantas.org.br\/novosite\/wp-content\/uploads\/2021\/11\/WhatsApp-Image-2021-11-05-at-11.34.35.jpeg\",\"contentUrl\":\"https:\/\/www.federassantas.org.br\/novosite\/wp-content\/uploads\/2021\/11\/WhatsApp-Image-2021-11-05-at-11.34.35.jpeg\",\"width\":793,\"height\":595},{\"@type\":\"BreadcrumbList\",\"@id\":\"https:\/\/www.federassantas.org.br\/novosite\/cssjd-realiza-a-primeira-sessao-de-radioterapia-pediatrica-e-amplia-atendimentos-da-oncopediatria\/#breadcrumb\",\"itemListElement\":[{\"@type\":\"ListItem\",\"position\":1,\"name\":\"In\u00edcio\",\"item\":\"https:\/\/www.federassantas.org.br\/novosite\/\"},{\"@type\":\"ListItem\",\"position\":2,\"name\":\"CSSJD realiza a primeira sess\u00e3o de Radioterapia Pedi\u00e1trica e amplia atendimentos da Oncopediatria\"}]},{\"@type\":\"WebSite\",\"@id\":\"https:\/\/www.federassantas.org.br\/novosite\/#website\",\"url\":\"https:\/\/www.federassantas.org.br\/novosite\/\",\"name\":\"Federassantas\",\"description\":\"Fed. das Santas Casas e Hospitais Filantr\u00f3picos de MG\",\"publisher\":{\"@id\":\"https:\/\/www.federassantas.org.br\/novosite\/#organization\"},\"potentialAction\":[{\"@type\":\"SearchAction\",\"target\":{\"@type\":\"EntryPoint\",\"urlTemplate\":\"https:\/\/www.federassantas.org.br\/novosite\/?s={search_term_string}\"},\"query-input\":{\"@type\":\"PropertyValueSpecification\",\"valueRequired\":true,\"valueName\":\"search_term_string\"}}],\"inLanguage\":\"pt-BR\"},{\"@type\":\"Organization\",\"@id\":\"https:\/\/www.federassantas.org.br\/novosite\/#organization\",\"name\":\"Federassantas\",\"url\":\"https:\/\/www.federassantas.org.br\/novosite\/\",\"logo\":{\"@type\":\"ImageObject\",\"inLanguage\":\"pt-BR\",\"@id\":\"https:\/\/www.federassantas.org.br\/novosite\/#\/schema\/logo\/image\/\",\"url\":\"https:\/\/www.federassantas.org.br\/novosite\/wp-content\/uploads\/2021\/12\/logo.png\",\"contentUrl\":\"https:\/\/www.federassantas.org.br\/novosite\/wp-content\/uploads\/2021\/12\/logo.png\",\"width\":243,\"height\":59,\"caption\":\"Federassantas\"},\"image\":{\"@id\":\"https:\/\/www.federassantas.org.br\/novosite\/#\/schema\/logo\/image\/\"}},{\"@type\":\"Person\",\"@id\":\"https:\/\/www.federassantas.org.br\/novosite\/#\/schema\/person\/75fed98158349313fe56175f232f513c\",\"name\":\"admin-federas\",\"image\":{\"@type\":\"ImageObject\",\"inLanguage\":\"pt-BR\",\"@id\":\"https:\/\/www.federassantas.org.br\/novosite\/#\/schema\/person\/image\/\",\"url\":\"https:\/\/secure.gravatar.com\/avatar\/2a02d7dda59fe8dc6b7ffd3f652e2efede5ccf0dd89dfdc8137c5517f3de8407?s=96&d=mm&r=g\",\"contentUrl\":\"https:\/\/secure.gravatar.com\/avatar\/2a02d7dda59fe8dc6b7ffd3f652e2efede5ccf0dd89dfdc8137c5517f3de8407?s=96&d=mm&r=g\",\"caption\":\"admin-federas\"},\"sameAs\":[\"https:\/\/www.federassantas.org.br\/novosite\/\"],\"url\":\"https:\/\/www.federassantas.org.br\/novosite\/author\/admin-federas\/\"}]}<\/script>\n<!-- \/ Yoast SEO plugin. -->","yoast_head_json":{"title":"CSSJD realiza a primeira sess\u00e3o de Radioterapia Pedi\u00e1trica e amplia atendimentos da Oncopediatria - Federassantas","robots":{"index":"index","follow":"follow","max-snippet":"max-snippet:-1","max-image-preview":"max-image-preview:large","max-video-preview":"max-video-preview:-1"},"canonical":"https:\/\/www.federassantas.org.br\/novosite\/cssjd-realiza-a-primeira-sessao-de-radioterapia-pediatrica-e-amplia-atendimentos-da-oncopediatria\/","og_locale":"pt_BR","og_type":"article","og_title":"CSSJD realiza a primeira sess\u00e3o de Radioterapia Pedi\u00e1trica e amplia atendimentos da Oncopediatria - Federassantas","og_description":"O Complexo de Sa\u00fade S\u00e3o Jo\u00e3o de Deus \u2013 CSSJD inicia um importante cap\u00edtulo de sua hist\u00f3ria ao realizar, no dia 10 de novembro, a primeira sess\u00e3o de Radioterapia Pedi\u00e1trica no Hospital do C\u00e2ncer. Uma crian\u00e7a, de apenas dois anos, ser\u00e1 a primeira paciente a passar pelo procedimento na institui\u00e7\u00e3o, dando continuidade ao tratamento de [&hellip;]","og_url":"https:\/\/www.federassantas.org.br\/novosite\/cssjd-realiza-a-primeira-sessao-de-radioterapia-pediatrica-e-amplia-atendimentos-da-oncopediatria\/","og_site_name":"Federassantas","article_published_time":"2021-11-05T15:51:00+00:00","og_image":[{"width":793,"height":595,"url":"https:\/\/www.federassantas.org.br\/novosite\/wp-content\/uploads\/2021\/11\/WhatsApp-Image-2021-11-05-at-11.34.35.jpeg","type":"image\/jpeg"}],"author":"admin-federas","twitter_card":"summary_large_image","twitter_misc":{"Escrito por":"admin-federas","Est. tempo de leitura":"3 minutos"},"schema":{"@context":"https:\/\/schema.org","@graph":[{"@type":"Article","@id":"https:\/\/www.federassantas.org.br\/novosite\/cssjd-realiza-a-primeira-sessao-de-radioterapia-pediatrica-e-amplia-atendimentos-da-oncopediatria\/#article","isPartOf":{"@id":"https:\/\/www.federassantas.org.br\/novosite\/cssjd-realiza-a-primeira-sessao-de-radioterapia-pediatrica-e-amplia-atendimentos-da-oncopediatria\/"},"author":{"name":"admin-federas","@id":"https:\/\/www.federassantas.org.br\/novosite\/#\/schema\/person\/75fed98158349313fe56175f232f513c"},"headline":"CSSJD realiza a primeira sess\u00e3o de Radioterapia Pedi\u00e1trica e amplia atendimentos da Oncopediatria","datePublished":"2021-11-05T15:51:00+00:00","mainEntityOfPage":{"@id":"https:\/\/www.federassantas.org.br\/novosite\/cssjd-realiza-a-primeira-sessao-de-radioterapia-pediatrica-e-amplia-atendimentos-da-oncopediatria\/"},"wordCount":684,"commentCount":0,"publisher":{"@id":"https:\/\/www.federassantas.org.br\/novosite\/#organization"},"image":{"@id":"https:\/\/www.federassantas.org.br\/novosite\/cssjd-realiza-a-primeira-sessao-de-radioterapia-pediatrica-e-amplia-atendimentos-da-oncopediatria\/#primaryimage"},"thumbnailUrl":"https:\/\/www.federassantas.org.br\/novosite\/wp-content\/uploads\/2021\/11\/WhatsApp-Image-2021-11-05-at-11.34.35.jpeg","articleSection":["Not\u00edcias","Not\u00edcias filiados"],"inLanguage":"pt-BR","potentialAction":[{"@type":"CommentAction","name":"Comment","target":["https:\/\/www.federassantas.org.br\/novosite\/cssjd-realiza-a-primeira-sessao-de-radioterapia-pediatrica-e-amplia-atendimentos-da-oncopediatria\/#respond"]}]},{"@type":"WebPage","@id":"https:\/\/www.federassantas.org.br\/novosite\/cssjd-realiza-a-primeira-sessao-de-radioterapia-pediatrica-e-amplia-atendimentos-da-oncopediatria\/","url":"https:\/\/www.federassantas.org.br\/novosite\/cssjd-realiza-a-primeira-sessao-de-radioterapia-pediatrica-e-amplia-atendimentos-da-oncopediatria\/","name":"CSSJD realiza a primeira sess\u00e3o de Radioterapia Pedi\u00e1trica e amplia atendimentos da Oncopediatria - Federassantas","isPartOf":{"@id":"https:\/\/www.federassantas.org.br\/novosite\/#website"},"primaryImageOfPage":{"@id":"https:\/\/www.federassantas.org.br\/novosite\/cssjd-realiza-a-primeira-sessao-de-radioterapia-pediatrica-e-amplia-atendimentos-da-oncopediatria\/#primaryimage"},"image":{"@id":"https:\/\/www.federassantas.org.br\/novosite\/cssjd-realiza-a-primeira-sessao-de-radioterapia-pediatrica-e-amplia-atendimentos-da-oncopediatria\/#primaryimage"},"thumbnailUrl":"https:\/\/www.federassantas.org.br\/novosite\/wp-content\/uploads\/2021\/11\/WhatsApp-Image-2021-11-05-at-11.34.35.jpeg","datePublished":"2021-11-05T15:51:00+00:00","breadcrumb":{"@id":"https:\/\/www.federassantas.org.br\/novosite\/cssjd-realiza-a-primeira-sessao-de-radioterapia-pediatrica-e-amplia-atendimentos-da-oncopediatria\/#breadcrumb"},"inLanguage":"pt-BR","potentialAction":[{"@type":"ReadAction","target":["https:\/\/www.federassantas.org.br\/novosite\/cssjd-realiza-a-primeira-sessao-de-radioterapia-pediatrica-e-amplia-atendimentos-da-oncopediatria\/"]}]},{"@type":"ImageObject","inLanguage":"pt-BR","@id":"https:\/\/www.federassantas.org.br\/novosite\/cssjd-realiza-a-primeira-sessao-de-radioterapia-pediatrica-e-amplia-atendimentos-da-oncopediatria\/#primaryimage","url":"https:\/\/www.federassantas.org.br\/novosite\/wp-content\/uploads\/2021\/11\/WhatsApp-Image-2021-11-05-at-11.34.35.jpeg","contentUrl":"https:\/\/www.federassantas.org.br\/novosite\/wp-content\/uploads\/2021\/11\/WhatsApp-Image-2021-11-05-at-11.34.35.jpeg","width":793,"height":595},{"@type":"BreadcrumbList","@id":"https:\/\/www.federassantas.org.br\/novosite\/cssjd-realiza-a-primeira-sessao-de-radioterapia-pediatrica-e-amplia-atendimentos-da-oncopediatria\/#breadcrumb","itemListElement":[{"@type":"ListItem","position":1,"name":"In\u00edcio","item":"https:\/\/www.federassantas.org.br\/novosite\/"},{"@type":"ListItem","position":2,"name":"CSSJD realiza a primeira sess\u00e3o de Radioterapia Pedi\u00e1trica e amplia atendimentos da Oncopediatria"}]},{"@type":"WebSite","@id":"https:\/\/www.federassantas.org.br\/novosite\/#website","url":"https:\/\/www.federassantas.org.br\/novosite\/","name":"Federassantas","description":"Fed. das Santas Casas e Hospitais Filantr\u00f3picos de MG","publisher":{"@id":"https:\/\/www.federassantas.org.br\/novosite\/#organization"},"potentialAction":[{"@type":"SearchAction","target":{"@type":"EntryPoint","urlTemplate":"https:\/\/www.federassantas.org.br\/novosite\/?s={search_term_string}"},"query-input":{"@type":"PropertyValueSpecification","valueRequired":true,"valueName":"search_term_string"}}],"inLanguage":"pt-BR"},{"@type":"Organization","@id":"https:\/\/www.federassantas.org.br\/novosite\/#organization","name":"Federassantas","url":"https:\/\/www.federassantas.org.br\/novosite\/","logo":{"@type":"ImageObject","inLanguage":"pt-BR","@id":"https:\/\/www.federassantas.org.br\/novosite\/#\/schema\/logo\/image\/","url":"https:\/\/www.federassantas.org.br\/novosite\/wp-content\/uploads\/2021\/12\/logo.png","contentUrl":"https:\/\/www.federassantas.org.br\/novosite\/wp-content\/uploads\/2021\/12\/logo.png","width":243,"height":59,"caption":"Federassantas"},"image":{"@id":"https:\/\/www.federassantas.org.br\/novosite\/#\/schema\/logo\/image\/"}},{"@type":"Person","@id":"https:\/\/www.federassantas.org.br\/novosite\/#\/schema\/person\/75fed98158349313fe56175f232f513c","name":"admin-federas","image":{"@type":"ImageObject","inLanguage":"pt-BR","@id":"https:\/\/www.federassantas.org.br\/novosite\/#\/schema\/person\/image\/","url":"https:\/\/secure.gravatar.com\/avatar\/2a02d7dda59fe8dc6b7ffd3f652e2efede5ccf0dd89dfdc8137c5517f3de8407?s=96&d=mm&r=g","contentUrl":"https:\/\/secure.gravatar.com\/avatar\/2a02d7dda59fe8dc6b7ffd3f652e2efede5ccf0dd89dfdc8137c5517f3de8407?s=96&d=mm&r=g","caption":"admin-federas"},"sameAs":["https:\/\/www.federassantas.org.br\/novosite\/"],"url":"https:\/\/www.federassantas.org.br\/novosite\/author\/admin-federas\/"}]}},"_links":{"self":[{"href":"https:\/\/www.federassantas.org.br\/novosite\/wp-json\/wp\/v2\/posts\/22580","targetHints":{"allow":["GET"]}}],"collection":[{"href":"https:\/\/www.federassantas.org.br\/novosite\/wp-json\/wp\/v2\/posts"}],"about":[{"href":"https:\/\/www.federassantas.org.br\/novosite\/wp-json\/wp\/v2\/types\/post"}],"author":[{"embeddable":true,"href":"https:\/\/www.federassantas.org.br\/novosite\/wp-json\/wp\/v2\/users\/1"}],"replies":[{"embeddable":true,"href":"https:\/\/www.federassantas.org.br\/novosite\/wp-json\/wp\/v2\/comments?post=22580"}],"version-history":[{"count":0,"href":"https:\/\/www.federassantas.org.br\/novosite\/wp-json\/wp\/v2\/posts\/22580\/revisions"}],"wp:featuredmedia":[{"embeddable":true,"href":"https:\/\/www.federassantas.org.br\/novosite\/wp-json\/wp\/v2\/media\/22586"}],"wp:attachment":[{"href":"https:\/\/www.federassantas.org.br\/novosite\/wp-json\/wp\/v2\/media?parent=22580"}],"wp:term":[{"taxonomy":"category","embeddable":true,"href":"https:\/\/www.federassantas.org.br\/novosite\/wp-json\/wp\/v2\/categories?post=22580"},{"taxonomy":"post_tag","embeddable":true,"href":"https:\/\/www.federassantas.org.br\/novosite\/wp-json\/wp\/v2\/tags?post=22580"}],"curies":[{"name":"wp","href":"https:\/\/api.w.org\/{rel}","templated":true}]}}